{"id":30960,"date":"2017-04-21T21:44:32","date_gmt":"2017-04-21T21:44:32","guid":{"rendered":"http:\/\/copealcoi.es\/new\/?p=30960"},"modified":"2017-09-08T10:51:19","modified_gmt":"2017-09-08T10:51:19","slug":"un-himno-centenario-da-la-bienvenida-a-la-nostra-festa","status":"publish","type":"post","link":"https:\/\/www.copealcoy.es\/es\/un-himno-centenario-da-la-bienvenida-a-la-nostra-festa\/","title":{"rendered":"Un Himno Centenario da la bienvenida a la Nostra Festa"},"content":{"rendered":"<p style=\"text-align: justify;\">Alcoy <strong>ha iniciado en la fr\u00eda tarde de este 21 de abril<\/strong> sus <strong>Fiestas de moros y cristianos<\/strong> en honor a San Jorge y lo ha hecho con<strong> una multitudinaria interpretaci\u00f3n del Himno de Fiestas<\/strong> que ha servido tambi\u00e9n para <strong>conmemorar el primer centenario<\/strong> de esta emblem\u00e1tica pieza musical.<\/p>\n<p style=\"text-align: justify;\">La m\u00fasica festera <strong>ha sido la protagonista de esta jornada<\/strong> y las primeras notas han empezado a escucharse <strong>por las calles del Centro de la ciudad<\/strong> pasadas las siete y media de la tarde. Era el <strong>inicio de la Fiesta del Pasodoble<\/strong> en la que han participado<strong> un total de 23 bandas de m\u00fasica<\/strong> y a las que <strong>se les ha otorgado un corbat\u00edn<\/strong> en recuerdo de la efem\u00e9ride del citado centenario del Himno de Fiestas. Adem\u00e1s<strong> veinte\u00a0de los directores de los \u00faltimos a\u00f1os<\/strong> han acompa\u00f1ado al del presente 2017, <strong>Jos\u00e9 Antonio Llinares<\/strong>, en el desfile desde El Parterre hasta la Plaza de Espa\u00f1a.<\/p>\n<p style=\"text-align: justify;\">En este punto neur\u00e1lgico, y ante la <strong>mirada atenta de miles de alcoyanos<\/strong> ansiosos de fiesta, el Sant Jordiet de este a\u00f1o, <strong>Tom\u00e1s Pascual Cant\u00f3<\/strong>; ha entregado <strong>la batuta<\/strong> a Jos\u00e9 Antonio Llinares acompa\u00f1ado del alcalde y del Presidente de la Diputaci\u00f3n de Alicante C\u00e9sar S\u00e1nchez y del Conseller de Econom\u00eda; Rafael Climent. Seguidamente Llinares, que actualmente es Presidente tambi\u00e9n de La Nova, <strong>se ha encaminado\u00a0al centro de la plaza<\/strong> para iniciar la direcci\u00f3n de<strong> los primeros compases del Himno de Fiestas<\/strong> que han sido recibidos de nuevo con fuertes aplausos. El Nostra Festa <strong>ha sido coreado con intensidad por la multitud<\/strong> y en la segunda interpretaci\u00f3n han comenzado a sonar <strong>las campanas de la iglesia de \u00a0Santa Mar\u00eda<\/strong> anunciando a toda la ciudad que Alcoy ya est\u00e1 en Fiestas. Esta se\u00f1al la ha corroborado despu\u00e9s<strong> un estruendoso castillo de fuegos artificiales<\/strong> que ha dado paso al encendido de la enramada festera.<\/p>\n<p style=\"text-align: justify;\">El propio <strong>Jos\u00e9 Antonio Llinares<\/strong>, que <strong>no ha podido ocultar la emoci\u00f3n<\/strong> durante toda la interpretaci\u00f3n, afirmaba en los micr\u00f3fonos de <strong>COPE ALCOY<\/strong>\u00a0nada m\u00e1s finalizar esta tarea que hab\u00eda sido para \u00e9l <strong>un momento irrepetible<\/strong> &#8220;<em>estoy muy emocionado, Cuando subes ah\u00ed y ves a todo Alcoy cantando al un\u00edsono mientras suena la m\u00fasica sientes que la plaza se te hace m\u00e1s peque\u00f1a. Me he acordado tambi\u00e9n de mi padre que hace veinte a\u00f1os estuvo en este mismo lugar dando por iniciada la fiesta. Gracias a todo Alcoy, mil gracias<\/em>&#8220;, apunt\u00f3.<\/p>\n<p style=\"text-align: justify;\">Tras la interpretaci\u00f3n del Himno<strong> los festeros han acudido\u00a0a sus respectivas filaes<\/strong> para degustar, como manda la tradici\u00f3n, \u00a0l<strong>a t\u00edpica olleta alcoyana<\/strong>. A continuaci\u00f3n <strong>las \u00faltimas Entraetes<\/strong> del ciclo festero tomar\u00e1n las calles del Centro hasta bien entrada la madrugada.<\/p>\n<p><iframe loading=\"lazy\" title=\"Himno de Fiestas de Alcoy 2017\" width=\"1200\" height=\"675\" src=\"https:\/\/www.youtube.com\/embed\/sBD13A0qrJY?feature=oembed\" frameborder=\"0\" allow=\"accelerometer; autoplay; encrypted-media; gyroscope; picture-in-picture\" allowfullscreen><\/iframe><\/p>\n<p style=\"text-align: justify;\"><strong>M\u00e1s de 11.000 personas participan en las Entradas de ma\u00f1ana<\/strong><\/p>\n<p style=\"text-align: justify;\">Las Fiestas de moros y cristianos de Alcoy<strong> ya est\u00e1n en marcha<\/strong> y la actividad ma\u00f1ana comenzar\u00e1 temprano con la <strong>Misa del Fester<\/strong> en la iglesia de Santa Mar\u00eda. A continuaci\u00f3n, a las 5:45, dar\u00e1 inicio <strong>la Diana<\/strong> que este a\u00f1o recupera su recorrido tradicional. La <strong>Entrada Cristiana<\/strong> comenzar\u00e1 en lo alto de El Partidor a las 10:30h mientras que por la tarde <strong>la Mora<\/strong> dar\u00e1 inicio a partir de las 17:00h.<\/p>\n<p style=\"text-align: justify;\">Cope Alcoy estar\u00e1 un a\u00f1o m\u00e1s en directo, <strong>a trav\u00e9s de la radio y de Internet<\/strong>, para acercar toda la actualidad de la jornada en <strong>una retransmisi\u00f3n especial<\/strong> de m\u00e1s de ocho\u00a0horas de duraci\u00f3n que <strong>contar\u00e1 con los comentarios\u00a0<\/strong>de Neus \u00dabeda, Gabriel Pascual, Carlos Tal\u00e9ns y Juan Carlos Rico.<\/p>\n<p>&nbsp;<\/p>\n<p>&nbsp;<\/p>\n","protected":false},"excerpt":{"rendered":"<p>Alcoy ha iniciado en la fr\u00eda tarde de este 21 de abril sus Fiestas de moros y cristianos en honor&#8230;<\/p>\n","protected":false},"author":1,"featured_media":31011,"comment_status":"open","ping_status":"open","sticky":false,"template":"","format":"standard","meta":{"footnotes":""},"categories":[97,78,75,125],"tags":[1494,2154,2765,3154,609],"class_list":["post-30960","post","type-post","status-publish","format-standard","has-post-thumbnail","hentry","category-alcoy","category-fiestaycultura","category-noticias","category-portada","tag-alcoy","tag-himno","tag-himno-de-fiestas","tag-jose-antonio-llinares","tag-moros-y-cristianos"],"yoast_head":"<!-- This site is optimized with the Yoast SEO plugin v27.3 - https:\/\/yoast.com\/product\/yoast-seo-wordpress\/ -->\n<title>Un Himno Centenario da la bienvenida a la Nostra Festa - COPE Alcoy<\/title>\n<meta name=\"robots\" content=\"index, follow, max-snippet:-1, max-image-preview:large, max-video-preview:-1\" \/>\n<link rel=\"canonical\" href=\"https:\/\/www.copealcoy.es\/es\/un-himno-centenario-da-la-bienvenida-a-la-nostra-festa\/\" \/>\n<meta property=\"og:locale\" content=\"es_ES\" \/>\n<meta property=\"og:type\" content=\"article\" \/>\n<meta property=\"og:title\" content=\"Un Himno Centenario da la bienvenida a la Nostra Festa - COPE Alcoy\" \/>\n<meta property=\"og:description\" content=\"Alcoy ha iniciado en la fr\u00eda tarde de este 21 de abril sus Fiestas de moros y cristianos en honor...\" \/>\n<meta property=\"og:url\" content=\"https:\/\/www.copealcoy.es\/es\/un-himno-centenario-da-la-bienvenida-a-la-nostra-festa\/\" \/>\n<meta property=\"og:site_name\" content=\"COPE Alcoy\" \/>\n<meta property=\"article:published_time\" content=\"2017-04-21T21:44:32+00:00\" \/>\n<meta property=\"article:modified_time\" content=\"2017-09-08T10:51:19+00:00\" \/>\n<meta property=\"og:image\" content=\"https:\/\/www.copealcoy.es\/wp-content\/uploads\/2017\/04\/IMG_8591-1-e1492812612900.jpg\" \/>\n\t<meta property=\"og:image:width\" content=\"1407\" \/>\n\t<meta property=\"og:image:height\" content=\"689\" \/>\n\t<meta property=\"og:image:type\" content=\"image\/jpeg\" \/>\n<meta name=\"author\" content=\"Cope Alcoy\" \/>\n<meta name=\"twitter:label1\" content=\"Escrito por\" \/>\n\t<meta name=\"twitter:data1\" content=\"Cope Alcoy\" \/>\n\t<meta name=\"twitter:label2\" content=\"Tiempo de lectura\" \/>\n\t<meta name=\"twitter:data2\" content=\"3 minutos\" \/>\n<script type=\"application\/ld+json\" class=\"yoast-schema-graph\">{\"@context\":\"https:\\\/\\\/schema.org\",\"@graph\":[{\"@type\":\"Article\",\"@id\":\"https:\\\/\\\/www.copealcoy.es\\\/es\\\/un-himno-centenario-da-la-bienvenida-a-la-nostra-festa\\\/#article\",\"isPartOf\":{\"@id\":\"https:\\\/\\\/www.copealcoy.es\\\/es\\\/un-himno-centenario-da-la-bienvenida-a-la-nostra-festa\\\/\"},\"author\":{\"name\":\"Cope Alcoy\",\"@id\":\"https:\\\/\\\/www.copealcoy.es\\\/es\\\/#\\\/schema\\\/person\\\/e777c87fa024e57d40170af9df39882c\"},\"headline\":\"Un Himno Centenario da la bienvenida a la Nostra Festa\",\"datePublished\":\"2017-04-21T21:44:32+00:00\",\"dateModified\":\"2017-09-08T10:51:19+00:00\",\"mainEntityOfPage\":{\"@id\":\"https:\\\/\\\/www.copealcoy.es\\\/es\\\/un-himno-centenario-da-la-bienvenida-a-la-nostra-festa\\\/\"},\"wordCount\":641,\"commentCount\":0,\"image\":{\"@id\":\"https:\\\/\\\/www.copealcoy.es\\\/es\\\/un-himno-centenario-da-la-bienvenida-a-la-nostra-festa\\\/#primaryimage\"},\"thumbnailUrl\":\"https:\\\/\\\/www.copealcoy.es\\\/wp-content\\\/uploads\\\/2017\\\/04\\\/IMG_8591-1-e1492812612900.jpg\",\"keywords\":[\"Alcoy\",\"Himno\",\"Himno de Fiestas\",\"Jos\u00e9 Antonio Llinares\",\"Moros Y Cristianos\"],\"articleSection\":[\"Alcoy\",\"Fiesta y Cultura\",\"Noticias\",\"Portada\"],\"inLanguage\":\"es\"},{\"@type\":\"WebPage\",\"@id\":\"https:\\\/\\\/www.copealcoy.es\\\/es\\\/un-himno-centenario-da-la-bienvenida-a-la-nostra-festa\\\/\",\"url\":\"https:\\\/\\\/www.copealcoy.es\\\/es\\\/un-himno-centenario-da-la-bienvenida-a-la-nostra-festa\\\/\",\"name\":\"Un Himno Centenario da la bienvenida a la Nostra Festa - COPE Alcoy\",\"isPartOf\":{\"@id\":\"https:\\\/\\\/www.copealcoy.es\\\/es\\\/#website\"},\"primaryImageOfPage\":{\"@id\":\"https:\\\/\\\/www.copealcoy.es\\\/es\\\/un-himno-centenario-da-la-bienvenida-a-la-nostra-festa\\\/#primaryimage\"},\"image\":{\"@id\":\"https:\\\/\\\/www.copealcoy.es\\\/es\\\/un-himno-centenario-da-la-bienvenida-a-la-nostra-festa\\\/#primaryimage\"},\"thumbnailUrl\":\"https:\\\/\\\/www.copealcoy.es\\\/wp-content\\\/uploads\\\/2017\\\/04\\\/IMG_8591-1-e1492812612900.jpg\",\"datePublished\":\"2017-04-21T21:44:32+00:00\",\"dateModified\":\"2017-09-08T10:51:19+00:00\",\"author\":{\"@id\":\"https:\\\/\\\/www.copealcoy.es\\\/es\\\/#\\\/schema\\\/person\\\/e777c87fa024e57d40170af9df39882c\"},\"breadcrumb\":{\"@id\":\"https:\\\/\\\/www.copealcoy.es\\\/es\\\/un-himno-centenario-da-la-bienvenida-a-la-nostra-festa\\\/#breadcrumb\"},\"inLanguage\":\"es\",\"potentialAction\":[{\"@type\":\"ReadAction\",\"target\":[\"https:\\\/\\\/www.copealcoy.es\\\/es\\\/un-himno-centenario-da-la-bienvenida-a-la-nostra-festa\\\/\"]}]},{\"@type\":\"ImageObject\",\"inLanguage\":\"es\",\"@id\":\"https:\\\/\\\/www.copealcoy.es\\\/es\\\/un-himno-centenario-da-la-bienvenida-a-la-nostra-festa\\\/#primaryimage\",\"url\":\"https:\\\/\\\/www.copealcoy.es\\\/wp-content\\\/uploads\\\/2017\\\/04\\\/IMG_8591-1-e1492812612900.jpg\",\"contentUrl\":\"https:\\\/\\\/www.copealcoy.es\\\/wp-content\\\/uploads\\\/2017\\\/04\\\/IMG_8591-1-e1492812612900.jpg\",\"width\":1407,\"height\":689,\"caption\":\"Jos\u00e9 Antonio Llinares ha dirigido emocionado el Himno de Fiestas \\\/ Foto: Somosmonos foto&video\"},{\"@type\":\"BreadcrumbList\",\"@id\":\"https:\\\/\\\/www.copealcoy.es\\\/es\\\/un-himno-centenario-da-la-bienvenida-a-la-nostra-festa\\\/#breadcrumb\",\"itemListElement\":[{\"@type\":\"ListItem\",\"position\":1,\"name\":\"Portada\",\"item\":\"https:\\\/\\\/www.copealcoy.es\\\/es\\\/\"},{\"@type\":\"ListItem\",\"position\":2,\"name\":\"Un Himno Centenario da la bienvenida a la Nostra Festa\"}]},{\"@type\":\"WebSite\",\"@id\":\"https:\\\/\\\/www.copealcoy.es\\\/es\\\/#website\",\"url\":\"https:\\\/\\\/www.copealcoy.es\\\/es\\\/\",\"name\":\"COPE Alcoy\",\"description\":\"Emisora COPE de radio local con emisi\u00f3n online. Pont de Sant Jordi 8-10 03803 Alcoy\",\"potentialAction\":[{\"@type\":\"SearchAction\",\"target\":{\"@type\":\"EntryPoint\",\"urlTemplate\":\"https:\\\/\\\/www.copealcoy.es\\\/es\\\/?s={search_term_string}\"},\"query-input\":{\"@type\":\"PropertyValueSpecification\",\"valueRequired\":true,\"valueName\":\"search_term_string\"}}],\"inLanguage\":\"es\"},{\"@type\":\"Person\",\"@id\":\"https:\\\/\\\/www.copealcoy.es\\\/es\\\/#\\\/schema\\\/person\\\/e777c87fa024e57d40170af9df39882c\",\"name\":\"Cope Alcoy\",\"image\":{\"@type\":\"ImageObject\",\"inLanguage\":\"es\",\"@id\":\"https:\\\/\\\/secure.gravatar.com\\\/avatar\\\/bb65d0283347e303893ba14f0692005417c1e0e690a325a4c5d8bb2b3943ee14?s=96&d=mm&r=g\",\"url\":\"https:\\\/\\\/secure.gravatar.com\\\/avatar\\\/bb65d0283347e303893ba14f0692005417c1e0e690a325a4c5d8bb2b3943ee14?s=96&d=mm&r=g\",\"contentUrl\":\"https:\\\/\\\/secure.gravatar.com\\\/avatar\\\/bb65d0283347e303893ba14f0692005417c1e0e690a325a4c5d8bb2b3943ee14?s=96&d=mm&r=g\",\"caption\":\"Cope Alcoy\"}}]}<\/script>\n<!-- \/ Yoast SEO plugin. -->","yoast_head_json":{"title":"Un Himno Centenario da la bienvenida a la Nostra Festa - COPE Alcoy","robots":{"index":"index","follow":"follow","max-snippet":"max-snippet:-1","max-image-preview":"max-image-preview:large","max-video-preview":"max-video-preview:-1"},"canonical":"https:\/\/www.copealcoy.es\/es\/un-himno-centenario-da-la-bienvenida-a-la-nostra-festa\/","og_locale":"es_ES","og_type":"article","og_title":"Un Himno Centenario da la bienvenida a la Nostra Festa - COPE Alcoy","og_description":"Alcoy ha iniciado en la fr\u00eda tarde de este 21 de abril sus Fiestas de moros y cristianos en honor...","og_url":"https:\/\/www.copealcoy.es\/es\/un-himno-centenario-da-la-bienvenida-a-la-nostra-festa\/","og_site_name":"COPE Alcoy","article_published_time":"2017-04-21T21:44:32+00:00","article_modified_time":"2017-09-08T10:51:19+00:00","og_image":[{"width":1407,"height":689,"url":"https:\/\/www.copealcoy.es\/wp-content\/uploads\/2017\/04\/IMG_8591-1-e1492812612900.jpg","type":"image\/jpeg"}],"author":"Cope Alcoy","twitter_misc":{"Escrito por":"Cope Alcoy","Tiempo de lectura":"3 minutos"},"schema":{"@context":"https:\/\/schema.org","@graph":[{"@type":"Article","@id":"https:\/\/www.copealcoy.es\/es\/un-himno-centenario-da-la-bienvenida-a-la-nostra-festa\/#article","isPartOf":{"@id":"https:\/\/www.copealcoy.es\/es\/un-himno-centenario-da-la-bienvenida-a-la-nostra-festa\/"},"author":{"name":"Cope Alcoy","@id":"https:\/\/www.copealcoy.es\/es\/#\/schema\/person\/e777c87fa024e57d40170af9df39882c"},"headline":"Un Himno Centenario da la bienvenida a la Nostra Festa","datePublished":"2017-04-21T21:44:32+00:00","dateModified":"2017-09-08T10:51:19+00:00","mainEntityOfPage":{"@id":"https:\/\/www.copealcoy.es\/es\/un-himno-centenario-da-la-bienvenida-a-la-nostra-festa\/"},"wordCount":641,"commentCount":0,"image":{"@id":"https:\/\/www.copealcoy.es\/es\/un-himno-centenario-da-la-bienvenida-a-la-nostra-festa\/#primaryimage"},"thumbnailUrl":"https:\/\/www.copealcoy.es\/wp-content\/uploads\/2017\/04\/IMG_8591-1-e1492812612900.jpg","keywords":["Alcoy","Himno","Himno de Fiestas","Jos\u00e9 Antonio Llinares","Moros Y Cristianos"],"articleSection":["Alcoy","Fiesta y Cultura","Noticias","Portada"],"inLanguage":"es"},{"@type":"WebPage","@id":"https:\/\/www.copealcoy.es\/es\/un-himno-centenario-da-la-bienvenida-a-la-nostra-festa\/","url":"https:\/\/www.copealcoy.es\/es\/un-himno-centenario-da-la-bienvenida-a-la-nostra-festa\/","name":"Un Himno Centenario da la bienvenida a la Nostra Festa - COPE Alcoy","isPartOf":{"@id":"https:\/\/www.copealcoy.es\/es\/#website"},"primaryImageOfPage":{"@id":"https:\/\/www.copealcoy.es\/es\/un-himno-centenario-da-la-bienvenida-a-la-nostra-festa\/#primaryimage"},"image":{"@id":"https:\/\/www.copealcoy.es\/es\/un-himno-centenario-da-la-bienvenida-a-la-nostra-festa\/#primaryimage"},"thumbnailUrl":"https:\/\/www.copealcoy.es\/wp-content\/uploads\/2017\/04\/IMG_8591-1-e1492812612900.jpg","datePublished":"2017-04-21T21:44:32+00:00","dateModified":"2017-09-08T10:51:19+00:00","author":{"@id":"https:\/\/www.copealcoy.es\/es\/#\/schema\/person\/e777c87fa024e57d40170af9df39882c"},"breadcrumb":{"@id":"https:\/\/www.copealcoy.es\/es\/un-himno-centenario-da-la-bienvenida-a-la-nostra-festa\/#breadcrumb"},"inLanguage":"es","potentialAction":[{"@type":"ReadAction","target":["https:\/\/www.copealcoy.es\/es\/un-himno-centenario-da-la-bienvenida-a-la-nostra-festa\/"]}]},{"@type":"ImageObject","inLanguage":"es","@id":"https:\/\/www.copealcoy.es\/es\/un-himno-centenario-da-la-bienvenida-a-la-nostra-festa\/#primaryimage","url":"https:\/\/www.copealcoy.es\/wp-content\/uploads\/2017\/04\/IMG_8591-1-e1492812612900.jpg","contentUrl":"https:\/\/www.copealcoy.es\/wp-content\/uploads\/2017\/04\/IMG_8591-1-e1492812612900.jpg","width":1407,"height":689,"caption":"Jos\u00e9 Antonio Llinares ha dirigido emocionado el Himno de Fiestas \/ Foto: Somosmonos foto&video"},{"@type":"BreadcrumbList","@id":"https:\/\/www.copealcoy.es\/es\/un-himno-centenario-da-la-bienvenida-a-la-nostra-festa\/#breadcrumb","itemListElement":[{"@type":"ListItem","position":1,"name":"Portada","item":"https:\/\/www.copealcoy.es\/es\/"},{"@type":"ListItem","position":2,"name":"Un Himno Centenario da la bienvenida a la Nostra Festa"}]},{"@type":"WebSite","@id":"https:\/\/www.copealcoy.es\/es\/#website","url":"https:\/\/www.copealcoy.es\/es\/","name":"COPE Alcoy","description":"Emisora COPE de radio local con emisi\u00f3n online. Pont de Sant Jordi 8-10 03803 Alcoy","potentialAction":[{"@type":"SearchAction","target":{"@type":"EntryPoint","urlTemplate":"https:\/\/www.copealcoy.es\/es\/?s={search_term_string}"},"query-input":{"@type":"PropertyValueSpecification","valueRequired":true,"valueName":"search_term_string"}}],"inLanguage":"es"},{"@type":"Person","@id":"https:\/\/www.copealcoy.es\/es\/#\/schema\/person\/e777c87fa024e57d40170af9df39882c","name":"Cope Alcoy","image":{"@type":"ImageObject","inLanguage":"es","@id":"https:\/\/secure.gravatar.com\/avatar\/bb65d0283347e303893ba14f0692005417c1e0e690a325a4c5d8bb2b3943ee14?s=96&d=mm&r=g","url":"https:\/\/secure.gravatar.com\/avatar\/bb65d0283347e303893ba14f0692005417c1e0e690a325a4c5d8bb2b3943ee14?s=96&d=mm&r=g","contentUrl":"https:\/\/secure.gravatar.com\/avatar\/bb65d0283347e303893ba14f0692005417c1e0e690a325a4c5d8bb2b3943ee14?s=96&d=mm&r=g","caption":"Cope Alcoy"}}]}},"_links":{"self":[{"href":"https:\/\/www.copealcoy.es\/es\/wp-json\/wp\/v2\/posts\/30960","targetHints":{"allow":["GET"]}}],"collection":[{"href":"https:\/\/www.copealcoy.es\/es\/wp-json\/wp\/v2\/posts"}],"about":[{"href":"https:\/\/www.copealcoy.es\/es\/wp-json\/wp\/v2\/types\/post"}],"author":[{"embeddable":true,"href":"https:\/\/www.copealcoy.es\/es\/wp-json\/wp\/v2\/users\/1"}],"replies":[{"embeddable":true,"href":"https:\/\/www.copealcoy.es\/es\/wp-json\/wp\/v2\/comments?post=30960"}],"version-history":[{"count":0,"href":"https:\/\/www.copealcoy.es\/es\/wp-json\/wp\/v2\/posts\/30960\/revisions"}],"wp:featuredmedia":[{"embeddable":true,"href":"https:\/\/www.copealcoy.es\/es\/wp-json\/wp\/v2\/media\/31011"}],"wp:attachment":[{"href":"https:\/\/www.copealcoy.es\/es\/wp-json\/wp\/v2\/media?parent=30960"}],"wp:term":[{"taxonomy":"category","embeddable":true,"href":"https:\/\/www.copealcoy.es\/es\/wp-json\/wp\/v2\/categories?post=30960"},{"taxonomy":"post_tag","embeddable":true,"href":"https:\/\/www.copealcoy.es\/es\/wp-json\/wp\/v2\/tags?post=30960"}],"curies":[{"name":"wp","href":"https:\/\/api.w.org\/{rel}","templated":true}]}}