{"id":30819,"date":"2017-04-17T18:32:32","date_gmt":"2017-04-17T18:32:32","guid":{"rendered":"http:\/\/copealcoi.es\/new\/?p=30819"},"modified":"2017-04-17T18:38:34","modified_gmt":"2017-04-17T18:38:34","slug":"guanyar-alcoi-propondra-que-se-habiliten-mas-zonas-para-perros","status":"publish","type":"post","link":"https:\/\/www.copealcoy.es\/es\/guanyar-alcoi-propondra-que-se-habiliten-mas-zonas-para-perros\/","title":{"rendered":"Guanyar Alcoi propondr\u00e1 que se habiliten m\u00e1s zonas para perros"},"content":{"rendered":"<p style=\"text-align: justify;\">El Grupo Municipal de <strong>Guanyar Alcoi<\/strong> ha planteado <strong>una serie de mejoras en las zonas para perros habilitadas en la ciudad<\/strong> al mismo tiempo que ha propuesto <strong>la creaci\u00f3n de nuevas<\/strong> en otros puntos.<\/p>\n<p style=\"text-align: justify;\">Desde la plataforma destacan que <strong>estos espacios han tenido buena aceptaci\u00f3n en la ciudadan\u00eda<\/strong> aunque resaltan que\u00a0estos <strong>presentan algunos problemas por<\/strong> un uso inadecuado de algunos usuarios. En este sentido la portavoz de Guanyar, <strong>Estefan\u00eda Blanes<\/strong>, pide que <strong>se reparen los desperfectos<\/strong> y lanza una propuesta para que <strong>en la zona superior del parque de La Bassa<\/strong> se cree una zona de recreo para perros &#8220;<em>se podr\u00eda as\u00ed\u00a0cerrar el acceso que se encuentra dentro del parque y abrir la puerta situada en la esquina entre Juan Gil Albert y la calle Camino Viejo de Cocentaina<\/em>&#8220;, afirma.<\/p>\n<p style=\"text-align: justify;\">Por \u00faltimo en el pleno de este martes<strong> tambi\u00e9n lanzar\u00e1n un ruego<\/strong> para que el Ayuntamiento <strong>refuerce los controles sobre la ordenanza de higiene urbana<\/strong> a la hora de mantener en perfectas condiciones estas \u00e1reas de recreo para perros.<\/p>\n<p><iframe loading=\"lazy\" title=\"Guanyar Alcoi proposa augmentar els espais per a gossos a Alcoi by Guanyar Alcoi\" width=\"1200\" height=\"400\" scrolling=\"no\" frameborder=\"no\" src=\"https:\/\/w.soundcloud.com\/player\/?visual=true&#038;url=https%3A%2F%2Fapi.soundcloud.com%2Ftracks%2F317333437&#038;show_artwork=true&#038;maxwidth=1200&#038;maxheight=1000&#038;dnt=1\"><\/iframe><\/p>\n","protected":false},"excerpt":{"rendered":"<p>El Grupo Municipal de Guanyar Alcoi ha planteado una serie de mejoras en las zonas para perros habilitadas en la&#8230;<\/p>\n","protected":false},"author":1,"featured_media":10257,"comment_status":"open","ping_status":"open","sticky":false,"template":"","format":"standard","meta":{"footnotes":""},"categories":[97,75,79],"tags":[1494,1881,1325,4007],"class_list":["post-30819","post","type-post","status-publish","format-standard","has-post-thumbnail","hentry","category-alcoy","category-noticias","category-politicayeconomia","tag-alcoy","tag-estefania-blanes","tag-guanyar-alcoi","tag-zonas-para-perros"],"yoast_head":"<!-- This site is optimized with the Yoast SEO plugin v27.3 - https:\/\/yoast.com\/product\/yoast-seo-wordpress\/ -->\n<title>Guanyar Alcoi propondr\u00e1 que se habiliten m\u00e1s zonas para perros - COPE Alcoy<\/title>\n<meta name=\"robots\" content=\"index, follow, max-snippet:-1, max-image-preview:large, max-video-preview:-1\" \/>\n<link rel=\"canonical\" href=\"https:\/\/www.copealcoy.es\/es\/guanyar-alcoi-propondra-que-se-habiliten-mas-zonas-para-perros\/\" \/>\n<meta property=\"og:locale\" content=\"es_ES\" \/>\n<meta property=\"og:type\" content=\"article\" \/>\n<meta property=\"og:title\" content=\"Guanyar Alcoi propondr\u00e1 que se habiliten m\u00e1s zonas para perros - COPE Alcoy\" \/>\n<meta property=\"og:description\" content=\"El Grupo Municipal de Guanyar Alcoi ha planteado una serie de mejoras en las zonas para perros habilitadas en la...\" \/>\n<meta property=\"og:url\" content=\"https:\/\/www.copealcoy.es\/es\/guanyar-alcoi-propondra-que-se-habiliten-mas-zonas-para-perros\/\" \/>\n<meta property=\"og:site_name\" content=\"COPE Alcoy\" \/>\n<meta property=\"article:published_time\" content=\"2017-04-17T18:32:32+00:00\" \/>\n<meta property=\"article:modified_time\" content=\"2017-04-17T18:38:34+00:00\" \/>\n<meta property=\"og:image\" content=\"https:\/\/www.copealcoy.es\/wp-content\/uploads\/2015\/02\/20150130-c3a0rea-gossos-romeral-1-1024x683.jpg\" \/>\n\t<meta property=\"og:image:width\" content=\"1024\" \/>\n\t<meta property=\"og:image:height\" content=\"683\" \/>\n\t<meta property=\"og:image:type\" content=\"image\/jpeg\" \/>\n<meta name=\"author\" content=\"Cope Alcoy\" \/>\n<meta name=\"twitter:label1\" content=\"Escrito por\" \/>\n\t<meta name=\"twitter:data1\" content=\"Cope Alcoy\" \/>\n\t<meta name=\"twitter:label2\" content=\"Tiempo de lectura\" \/>\n\t<meta name=\"twitter:data2\" content=\"1 minuto\" \/>\n<script type=\"application\/ld+json\" class=\"yoast-schema-graph\">{\"@context\":\"https:\\\/\\\/schema.org\",\"@graph\":[{\"@type\":\"Article\",\"@id\":\"https:\\\/\\\/www.copealcoy.es\\\/es\\\/guanyar-alcoi-propondra-que-se-habiliten-mas-zonas-para-perros\\\/#article\",\"isPartOf\":{\"@id\":\"https:\\\/\\\/www.copealcoy.es\\\/es\\\/guanyar-alcoi-propondra-que-se-habiliten-mas-zonas-para-perros\\\/\"},\"author\":{\"name\":\"Cope Alcoy\",\"@id\":\"https:\\\/\\\/www.copealcoy.es\\\/es\\\/#\\\/schema\\\/person\\\/e777c87fa024e57d40170af9df39882c\"},\"headline\":\"Guanyar Alcoi propondr\u00e1 que se habiliten m\u00e1s zonas para perros\",\"datePublished\":\"2017-04-17T18:32:32+00:00\",\"dateModified\":\"2017-04-17T18:38:34+00:00\",\"mainEntityOfPage\":{\"@id\":\"https:\\\/\\\/www.copealcoy.es\\\/es\\\/guanyar-alcoi-propondra-que-se-habiliten-mas-zonas-para-perros\\\/\"},\"wordCount\":194,\"commentCount\":0,\"image\":{\"@id\":\"https:\\\/\\\/www.copealcoy.es\\\/es\\\/guanyar-alcoi-propondra-que-se-habiliten-mas-zonas-para-perros\\\/#primaryimage\"},\"thumbnailUrl\":\"https:\\\/\\\/www.copealcoy.es\\\/wp-content\\\/uploads\\\/2015\\\/02\\\/20150130-c3a0rea-gossos-romeral-1.jpg\",\"keywords\":[\"Alcoy\",\"Estefan\u00eda Blanes\",\"Guanyar Alcoi\",\"zonas para perros\"],\"articleSection\":[\"Alcoy\",\"Noticias\",\"Pol\u00edtica y Econom\u00eda\"],\"inLanguage\":\"es\"},{\"@type\":\"WebPage\",\"@id\":\"https:\\\/\\\/www.copealcoy.es\\\/es\\\/guanyar-alcoi-propondra-que-se-habiliten-mas-zonas-para-perros\\\/\",\"url\":\"https:\\\/\\\/www.copealcoy.es\\\/es\\\/guanyar-alcoi-propondra-que-se-habiliten-mas-zonas-para-perros\\\/\",\"name\":\"Guanyar Alcoi propondr\u00e1 que se habiliten m\u00e1s zonas para perros - COPE Alcoy\",\"isPartOf\":{\"@id\":\"https:\\\/\\\/www.copealcoy.es\\\/es\\\/#website\"},\"primaryImageOfPage\":{\"@id\":\"https:\\\/\\\/www.copealcoy.es\\\/es\\\/guanyar-alcoi-propondra-que-se-habiliten-mas-zonas-para-perros\\\/#primaryimage\"},\"image\":{\"@id\":\"https:\\\/\\\/www.copealcoy.es\\\/es\\\/guanyar-alcoi-propondra-que-se-habiliten-mas-zonas-para-perros\\\/#primaryimage\"},\"thumbnailUrl\":\"https:\\\/\\\/www.copealcoy.es\\\/wp-content\\\/uploads\\\/2015\\\/02\\\/20150130-c3a0rea-gossos-romeral-1.jpg\",\"datePublished\":\"2017-04-17T18:32:32+00:00\",\"dateModified\":\"2017-04-17T18:38:34+00:00\",\"author\":{\"@id\":\"https:\\\/\\\/www.copealcoy.es\\\/es\\\/#\\\/schema\\\/person\\\/e777c87fa024e57d40170af9df39882c\"},\"breadcrumb\":{\"@id\":\"https:\\\/\\\/www.copealcoy.es\\\/es\\\/guanyar-alcoi-propondra-que-se-habiliten-mas-zonas-para-perros\\\/#breadcrumb\"},\"inLanguage\":\"es\",\"potentialAction\":[{\"@type\":\"ReadAction\",\"target\":[\"https:\\\/\\\/www.copealcoy.es\\\/es\\\/guanyar-alcoi-propondra-que-se-habiliten-mas-zonas-para-perros\\\/\"]}]},{\"@type\":\"ImageObject\",\"inLanguage\":\"es\",\"@id\":\"https:\\\/\\\/www.copealcoy.es\\\/es\\\/guanyar-alcoi-propondra-que-se-habiliten-mas-zonas-para-perros\\\/#primaryimage\",\"url\":\"https:\\\/\\\/www.copealcoy.es\\\/wp-content\\\/uploads\\\/2015\\\/02\\\/20150130-c3a0rea-gossos-romeral-1.jpg\",\"contentUrl\":\"https:\\\/\\\/www.copealcoy.es\\\/wp-content\\\/uploads\\\/2015\\\/02\\\/20150130-c3a0rea-gossos-romeral-1.jpg\",\"width\":1620,\"height\":1080,\"caption\":\"Zonas Delimitadas para perros en Alcoy\"},{\"@type\":\"BreadcrumbList\",\"@id\":\"https:\\\/\\\/www.copealcoy.es\\\/es\\\/guanyar-alcoi-propondra-que-se-habiliten-mas-zonas-para-perros\\\/#breadcrumb\",\"itemListElement\":[{\"@type\":\"ListItem\",\"position\":1,\"name\":\"Portada\",\"item\":\"https:\\\/\\\/www.copealcoy.es\\\/es\\\/\"},{\"@type\":\"ListItem\",\"position\":2,\"name\":\"Guanyar Alcoi propondr\u00e1 que se habiliten m\u00e1s zonas para perros\"}]},{\"@type\":\"WebSite\",\"@id\":\"https:\\\/\\\/www.copealcoy.es\\\/es\\\/#website\",\"url\":\"https:\\\/\\\/www.copealcoy.es\\\/es\\\/\",\"name\":\"COPE Alcoy\",\"description\":\"Emisora COPE de radio local con emisi\u00f3n online. Pont de Sant Jordi 8-10 03803 Alcoy\",\"potentialAction\":[{\"@type\":\"SearchAction\",\"target\":{\"@type\":\"EntryPoint\",\"urlTemplate\":\"https:\\\/\\\/www.copealcoy.es\\\/es\\\/?s={search_term_string}\"},\"query-input\":{\"@type\":\"PropertyValueSpecification\",\"valueRequired\":true,\"valueName\":\"search_term_string\"}}],\"inLanguage\":\"es\"},{\"@type\":\"Person\",\"@id\":\"https:\\\/\\\/www.copealcoy.es\\\/es\\\/#\\\/schema\\\/person\\\/e777c87fa024e57d40170af9df39882c\",\"name\":\"Cope Alcoy\",\"image\":{\"@type\":\"ImageObject\",\"inLanguage\":\"es\",\"@id\":\"https:\\\/\\\/secure.gravatar.com\\\/avatar\\\/bb65d0283347e303893ba14f0692005417c1e0e690a325a4c5d8bb2b3943ee14?s=96&d=mm&r=g\",\"url\":\"https:\\\/\\\/secure.gravatar.com\\\/avatar\\\/bb65d0283347e303893ba14f0692005417c1e0e690a325a4c5d8bb2b3943ee14?s=96&d=mm&r=g\",\"contentUrl\":\"https:\\\/\\\/secure.gravatar.com\\\/avatar\\\/bb65d0283347e303893ba14f0692005417c1e0e690a325a4c5d8bb2b3943ee14?s=96&d=mm&r=g\",\"caption\":\"Cope Alcoy\"}}]}<\/script>\n<!-- \/ Yoast SEO plugin. -->","yoast_head_json":{"title":"Guanyar Alcoi propondr\u00e1 que se habiliten m\u00e1s zonas para perros - COPE Alcoy","robots":{"index":"index","follow":"follow","max-snippet":"max-snippet:-1","max-image-preview":"max-image-preview:large","max-video-preview":"max-video-preview:-1"},"canonical":"https:\/\/www.copealcoy.es\/es\/guanyar-alcoi-propondra-que-se-habiliten-mas-zonas-para-perros\/","og_locale":"es_ES","og_type":"article","og_title":"Guanyar Alcoi propondr\u00e1 que se habiliten m\u00e1s zonas para perros - COPE Alcoy","og_description":"El Grupo Municipal de Guanyar Alcoi ha planteado una serie de mejoras en las zonas para perros habilitadas en la...","og_url":"https:\/\/www.copealcoy.es\/es\/guanyar-alcoi-propondra-que-se-habiliten-mas-zonas-para-perros\/","og_site_name":"COPE Alcoy","article_published_time":"2017-04-17T18:32:32+00:00","article_modified_time":"2017-04-17T18:38:34+00:00","og_image":[{"width":1024,"height":683,"url":"https:\/\/www.copealcoy.es\/wp-content\/uploads\/2015\/02\/20150130-c3a0rea-gossos-romeral-1-1024x683.jpg","type":"image\/jpeg"}],"author":"Cope Alcoy","twitter_misc":{"Escrito por":"Cope Alcoy","Tiempo de lectura":"1 minuto"},"schema":{"@context":"https:\/\/schema.org","@graph":[{"@type":"Article","@id":"https:\/\/www.copealcoy.es\/es\/guanyar-alcoi-propondra-que-se-habiliten-mas-zonas-para-perros\/#article","isPartOf":{"@id":"https:\/\/www.copealcoy.es\/es\/guanyar-alcoi-propondra-que-se-habiliten-mas-zonas-para-perros\/"},"author":{"name":"Cope Alcoy","@id":"https:\/\/www.copealcoy.es\/es\/#\/schema\/person\/e777c87fa024e57d40170af9df39882c"},"headline":"Guanyar Alcoi propondr\u00e1 que se habiliten m\u00e1s zonas para perros","datePublished":"2017-04-17T18:32:32+00:00","dateModified":"2017-04-17T18:38:34+00:00","mainEntityOfPage":{"@id":"https:\/\/www.copealcoy.es\/es\/guanyar-alcoi-propondra-que-se-habiliten-mas-zonas-para-perros\/"},"wordCount":194,"commentCount":0,"image":{"@id":"https:\/\/www.copealcoy.es\/es\/guanyar-alcoi-propondra-que-se-habiliten-mas-zonas-para-perros\/#primaryimage"},"thumbnailUrl":"https:\/\/www.copealcoy.es\/wp-content\/uploads\/2015\/02\/20150130-c3a0rea-gossos-romeral-1.jpg","keywords":["Alcoy","Estefan\u00eda Blanes","Guanyar Alcoi","zonas para perros"],"articleSection":["Alcoy","Noticias","Pol\u00edtica y Econom\u00eda"],"inLanguage":"es"},{"@type":"WebPage","@id":"https:\/\/www.copealcoy.es\/es\/guanyar-alcoi-propondra-que-se-habiliten-mas-zonas-para-perros\/","url":"https:\/\/www.copealcoy.es\/es\/guanyar-alcoi-propondra-que-se-habiliten-mas-zonas-para-perros\/","name":"Guanyar Alcoi propondr\u00e1 que se habiliten m\u00e1s zonas para perros - COPE Alcoy","isPartOf":{"@id":"https:\/\/www.copealcoy.es\/es\/#website"},"primaryImageOfPage":{"@id":"https:\/\/www.copealcoy.es\/es\/guanyar-alcoi-propondra-que-se-habiliten-mas-zonas-para-perros\/#primaryimage"},"image":{"@id":"https:\/\/www.copealcoy.es\/es\/guanyar-alcoi-propondra-que-se-habiliten-mas-zonas-para-perros\/#primaryimage"},"thumbnailUrl":"https:\/\/www.copealcoy.es\/wp-content\/uploads\/2015\/02\/20150130-c3a0rea-gossos-romeral-1.jpg","datePublished":"2017-04-17T18:32:32+00:00","dateModified":"2017-04-17T18:38:34+00:00","author":{"@id":"https:\/\/www.copealcoy.es\/es\/#\/schema\/person\/e777c87fa024e57d40170af9df39882c"},"breadcrumb":{"@id":"https:\/\/www.copealcoy.es\/es\/guanyar-alcoi-propondra-que-se-habiliten-mas-zonas-para-perros\/#breadcrumb"},"inLanguage":"es","potentialAction":[{"@type":"ReadAction","target":["https:\/\/www.copealcoy.es\/es\/guanyar-alcoi-propondra-que-se-habiliten-mas-zonas-para-perros\/"]}]},{"@type":"ImageObject","inLanguage":"es","@id":"https:\/\/www.copealcoy.es\/es\/guanyar-alcoi-propondra-que-se-habiliten-mas-zonas-para-perros\/#primaryimage","url":"https:\/\/www.copealcoy.es\/wp-content\/uploads\/2015\/02\/20150130-c3a0rea-gossos-romeral-1.jpg","contentUrl":"https:\/\/www.copealcoy.es\/wp-content\/uploads\/2015\/02\/20150130-c3a0rea-gossos-romeral-1.jpg","width":1620,"height":1080,"caption":"Zonas Delimitadas para perros en Alcoy"},{"@type":"BreadcrumbList","@id":"https:\/\/www.copealcoy.es\/es\/guanyar-alcoi-propondra-que-se-habiliten-mas-zonas-para-perros\/#breadcrumb","itemListElement":[{"@type":"ListItem","position":1,"name":"Portada","item":"https:\/\/www.copealcoy.es\/es\/"},{"@type":"ListItem","position":2,"name":"Guanyar Alcoi propondr\u00e1 que se habiliten m\u00e1s zonas para perros"}]},{"@type":"WebSite","@id":"https:\/\/www.copealcoy.es\/es\/#website","url":"https:\/\/www.copealcoy.es\/es\/","name":"COPE Alcoy","description":"Emisora COPE de radio local con emisi\u00f3n online. Pont de Sant Jordi 8-10 03803 Alcoy","potentialAction":[{"@type":"SearchAction","target":{"@type":"EntryPoint","urlTemplate":"https:\/\/www.copealcoy.es\/es\/?s={search_term_string}"},"query-input":{"@type":"PropertyValueSpecification","valueRequired":true,"valueName":"search_term_string"}}],"inLanguage":"es"},{"@type":"Person","@id":"https:\/\/www.copealcoy.es\/es\/#\/schema\/person\/e777c87fa024e57d40170af9df39882c","name":"Cope Alcoy","image":{"@type":"ImageObject","inLanguage":"es","@id":"https:\/\/secure.gravatar.com\/avatar\/bb65d0283347e303893ba14f0692005417c1e0e690a325a4c5d8bb2b3943ee14?s=96&d=mm&r=g","url":"https:\/\/secure.gravatar.com\/avatar\/bb65d0283347e303893ba14f0692005417c1e0e690a325a4c5d8bb2b3943ee14?s=96&d=mm&r=g","contentUrl":"https:\/\/secure.gravatar.com\/avatar\/bb65d0283347e303893ba14f0692005417c1e0e690a325a4c5d8bb2b3943ee14?s=96&d=mm&r=g","caption":"Cope Alcoy"}}]}},"_links":{"self":[{"href":"https:\/\/www.copealcoy.es\/es\/wp-json\/wp\/v2\/posts\/30819","targetHints":{"allow":["GET"]}}],"collection":[{"href":"https:\/\/www.copealcoy.es\/es\/wp-json\/wp\/v2\/posts"}],"about":[{"href":"https:\/\/www.copealcoy.es\/es\/wp-json\/wp\/v2\/types\/post"}],"author":[{"embeddable":true,"href":"https:\/\/www.copealcoy.es\/es\/wp-json\/wp\/v2\/users\/1"}],"replies":[{"embeddable":true,"href":"https:\/\/www.copealcoy.es\/es\/wp-json\/wp\/v2\/comments?post=30819"}],"version-history":[{"count":0,"href":"https:\/\/www.copealcoy.es\/es\/wp-json\/wp\/v2\/posts\/30819\/revisions"}],"wp:featuredmedia":[{"embeddable":true,"href":"https:\/\/www.copealcoy.es\/es\/wp-json\/wp\/v2\/media\/10257"}],"wp:attachment":[{"href":"https:\/\/www.copealcoy.es\/es\/wp-json\/wp\/v2\/media?parent=30819"}],"wp:term":[{"taxonomy":"category","embeddable":true,"href":"https:\/\/www.copealcoy.es\/es\/wp-json\/wp\/v2\/categories?post=30819"},{"taxonomy":"post_tag","embeddable":true,"href":"https:\/\/www.copealcoy.es\/es\/wp-json\/wp\/v2\/tags?post=30819"}],"curies":[{"name":"wp","href":"https:\/\/api.w.org\/{rel}","templated":true}]}}