{"id":30807,"date":"2017-04-18T06:00:43","date_gmt":"2017-04-18T06:00:43","guid":{"rendered":"http:\/\/copealcoi.es\/new\/?p=30807"},"modified":"2017-04-18T14:12:38","modified_gmt":"2017-04-18T14:12:38","slug":"cocentaina-se-prepara-para-venerar-a-la-mare-de-deu","status":"publish","type":"post","link":"https:\/\/www.copealcoy.es\/es\/cocentaina-se-prepara-para-venerar-a-la-mare-de-deu\/","title":{"rendered":"Cocentaina se prepara para venerar a la Mare de D\u00e9u"},"content":{"rendered":"<p style=\"text-align: justify;\">Cocentaina, tras vivir con intensidad la Semana Santa, <strong>se prepara para celebrar las fiestas patronales en honor a la Mare de D\u00e9u del Miracle<\/strong> que empezar\u00e1n esta misma noche con <strong>la \u2018Crem\u00e0\u2019 de las 27 hogueras en la plaza de El Pla<\/strong>. Este ritual, que se repite cada a\u00f1o, <strong>recuerda el Milagro de la Mareta acontecido el 19 de abril de 1.520<\/strong> en el interior de la capilla de San Antonio Abad del Palau Comtal.<\/p>\n<p style=\"text-align: justify;\">Antes de este acto <strong>el Monasterio de Las Clarisas acoger\u00e1 las solemnes v\u00edsperas<\/strong> y tambi\u00e9n el <strong>Homenaje a los Mayores<\/strong> \u201c<em>que este a\u00f1o al hacerlo a las Clarisas se realizar\u00e1 esta tarde y no en la parroquia de Santa Mar\u00eda tras la misa mayor como suele ser habitual<\/em>\u201d, explica la presidenta de la P\u00eda Uni\u00f3n, <strong>Reis Pascual<\/strong>. Una vez ardan las hogueras <strong>se efectuar\u00e1 la Serenata a la Mare de D\u00e9u<\/strong>, a las propias <strong>Clarisas<\/strong> y a una <strong>Camarera<\/strong> as\u00ed como un <strong>Mayordomo<\/strong> escogidos por sorteo.<\/p>\n<p style=\"text-align: justify;\"><strong>Un completo programa<\/strong><\/p>\n<p style=\"text-align: justify;\">La <strong>jornada de ma\u00f1ana<\/strong> empezar\u00e1 temprano, a las siete y media de la ma\u00f1ana, con el <strong>disparo de las 27 salvas<\/strong> para recordar tambi\u00e9n las l\u00e1grimas vertidas por el icono de la Mare de D\u00e9u. Sobre las ocho y media<strong> se rezar\u00e1 el \u00c1ngelus en la Capilla de San Antonio Abad<\/strong> y desde all\u00ed comenzar\u00e1 el <strong>pasacalle a cargo de la Colla de Dol\u00e7aines i Tabals Mal Passet<\/strong>. Este acto servir\u00e1 para advertir a la poblaci\u00f3n de la <strong>llegada del d\u00eda grande de la patrona<\/strong> y en el mismo participar\u00e1n los Mayordomos, Camareras, Condes, Moss\u00e9n y Suplicante.<\/p>\n<p style=\"text-align: justify;\">A las diez de la ma\u00f1ana est\u00e1 prevista <strong>la salida de la Mare de D\u00e9u desde el Monasterio de las Clarisas<\/strong> y este instante estar\u00e1 acompa\u00f1ado por el vuelo de centenares de palomas. Adem\u00e1s, como novedad, <strong>la Virgen nada m\u00e1s salir se dirigir\u00e1 hasta la puerta del Palau<\/strong> para girar hacia la capilla de San Antonio Abad en recuerdo del Milagro \u201c<em>esto se hac\u00eda hasta ahora cuando las andas pasaban por este tramo durante el traslado pero mucho p\u00fablico no lo pod\u00eda ver porque ya estaba esperando la S\u00faplica en Santa Mar\u00eda o saliendo en la procesi\u00f3n<\/em>\u201d, detalla <strong>Cristian Barrachina<\/strong>, Presidente de la P\u00eda Uni\u00f3n.<\/p>\n<p style=\"text-align: justify;\">Una vez la Mareta llegue a la iglesia de Santa Mar\u00eda <strong>Mireya Sala Rom\u00e1n recitar\u00e1 la S\u00faplica<\/strong> y seguidamente se efectuar\u00e1 <strong>la ofrenda floral as\u00ed como la misa mayor<\/strong>. El d\u00eda de la Mare de D\u00e9u continuar\u00e1 por la tarde con <strong>la solemne procesi\u00f3n a partir de las 19:00h<\/strong> y la primera jornada de las fiestas patronales<strong> acabar\u00e1 con la misa de la juventud<\/strong> que se celebrar\u00e1 a las 23 horas.<\/p>\n","protected":false},"excerpt":{"rendered":"<p>Cocentaina, tras vivir con intensidad la Semana Santa, se prepara para celebrar las fiestas patronales en honor a la Mare&#8230;<\/p>\n","protected":false},"author":1,"featured_media":30809,"comment_status":"open","ping_status":"open","sticky":false,"template":"","format":"standard","meta":{"footnotes":""},"categories":[98,75],"tags":[132,4006,1397,864,3718],"class_list":["post-30807","post","type-post","status-publish","format-standard","has-post-thumbnail","hentry","category-comarcas","category-noticias","tag-cocentaina","tag-cristian-barrachina","tag-mare-de-deu","tag-mareta","tag-reis-pascual"],"yoast_head":"<!-- This site is optimized with the Yoast SEO plugin v27.3 - https:\/\/yoast.com\/product\/yoast-seo-wordpress\/ -->\n<title>Cocentaina se prepara para venerar a la Mare de D\u00e9u - COPE Alcoy<\/title>\n<meta name=\"robots\" content=\"index, follow, max-snippet:-1, max-image-preview:large, max-video-preview:-1\" \/>\n<link rel=\"canonical\" href=\"https:\/\/www.copealcoy.es\/es\/cocentaina-se-prepara-para-venerar-a-la-mare-de-deu\/\" \/>\n<meta property=\"og:locale\" content=\"es_ES\" \/>\n<meta property=\"og:type\" content=\"article\" \/>\n<meta property=\"og:title\" content=\"Cocentaina se prepara para venerar a la Mare de D\u00e9u - COPE Alcoy\" \/>\n<meta property=\"og:description\" content=\"Cocentaina, tras vivir con intensidad la Semana Santa, se prepara para celebrar las fiestas patronales en honor a la Mare...\" \/>\n<meta property=\"og:url\" content=\"https:\/\/www.copealcoy.es\/es\/cocentaina-se-prepara-para-venerar-a-la-mare-de-deu\/\" \/>\n<meta property=\"og:site_name\" content=\"COPE Alcoy\" \/>\n<meta property=\"article:published_time\" content=\"2017-04-18T06:00:43+00:00\" \/>\n<meta property=\"article:modified_time\" content=\"2017-04-18T14:12:38+00:00\" \/>\n<meta property=\"og:image\" content=\"https:\/\/www.copealcoy.es\/wp-content\/uploads\/2017\/04\/Ayer-las-calles-contestanas-se-engalanaron-para-las-fiestas-patronales-Foto-Gabriel-Pascual-.jpg\" \/>\n\t<meta property=\"og:image:width\" content=\"960\" \/>\n\t<meta property=\"og:image:height\" content=\"720\" \/>\n\t<meta property=\"og:image:type\" content=\"image\/jpeg\" \/>\n<meta name=\"author\" content=\"Cope Alcoy\" \/>\n<meta name=\"twitter:label1\" content=\"Escrito por\" \/>\n\t<meta name=\"twitter:data1\" content=\"Cope Alcoy\" \/>\n\t<meta name=\"twitter:label2\" content=\"Tiempo de lectura\" \/>\n\t<meta name=\"twitter:data2\" content=\"2 minutos\" \/>\n<script type=\"application\/ld+json\" class=\"yoast-schema-graph\">{\"@context\":\"https:\\\/\\\/schema.org\",\"@graph\":[{\"@type\":\"Article\",\"@id\":\"https:\\\/\\\/www.copealcoy.es\\\/es\\\/cocentaina-se-prepara-para-venerar-a-la-mare-de-deu\\\/#article\",\"isPartOf\":{\"@id\":\"https:\\\/\\\/www.copealcoy.es\\\/es\\\/cocentaina-se-prepara-para-venerar-a-la-mare-de-deu\\\/\"},\"author\":{\"name\":\"Cope Alcoy\",\"@id\":\"https:\\\/\\\/www.copealcoy.es\\\/es\\\/#\\\/schema\\\/person\\\/e777c87fa024e57d40170af9df39882c\"},\"headline\":\"Cocentaina se prepara para venerar a la Mare de D\u00e9u\",\"datePublished\":\"2017-04-18T06:00:43+00:00\",\"dateModified\":\"2017-04-18T14:12:38+00:00\",\"mainEntityOfPage\":{\"@id\":\"https:\\\/\\\/www.copealcoy.es\\\/es\\\/cocentaina-se-prepara-para-venerar-a-la-mare-de-deu\\\/\"},\"wordCount\":482,\"commentCount\":0,\"image\":{\"@id\":\"https:\\\/\\\/www.copealcoy.es\\\/es\\\/cocentaina-se-prepara-para-venerar-a-la-mare-de-deu\\\/#primaryimage\"},\"thumbnailUrl\":\"https:\\\/\\\/www.copealcoy.es\\\/wp-content\\\/uploads\\\/2017\\\/04\\\/Ayer-las-calles-contestanas-se-engalanaron-para-las-fiestas-patronales-Foto-Gabriel-Pascual-.jpg\",\"keywords\":[\"Cocentaina\",\"Cristian Barrachina\",\"Mare de D\u00e9u\",\"Mareta\",\"Reis Pascual\"],\"articleSection\":[\"Comarcas\",\"Noticias\"],\"inLanguage\":\"es\"},{\"@type\":\"WebPage\",\"@id\":\"https:\\\/\\\/www.copealcoy.es\\\/es\\\/cocentaina-se-prepara-para-venerar-a-la-mare-de-deu\\\/\",\"url\":\"https:\\\/\\\/www.copealcoy.es\\\/es\\\/cocentaina-se-prepara-para-venerar-a-la-mare-de-deu\\\/\",\"name\":\"Cocentaina se prepara para venerar a la Mare de D\u00e9u - COPE Alcoy\",\"isPartOf\":{\"@id\":\"https:\\\/\\\/www.copealcoy.es\\\/es\\\/#website\"},\"primaryImageOfPage\":{\"@id\":\"https:\\\/\\\/www.copealcoy.es\\\/es\\\/cocentaina-se-prepara-para-venerar-a-la-mare-de-deu\\\/#primaryimage\"},\"image\":{\"@id\":\"https:\\\/\\\/www.copealcoy.es\\\/es\\\/cocentaina-se-prepara-para-venerar-a-la-mare-de-deu\\\/#primaryimage\"},\"thumbnailUrl\":\"https:\\\/\\\/www.copealcoy.es\\\/wp-content\\\/uploads\\\/2017\\\/04\\\/Ayer-las-calles-contestanas-se-engalanaron-para-las-fiestas-patronales-Foto-Gabriel-Pascual-.jpg\",\"datePublished\":\"2017-04-18T06:00:43+00:00\",\"dateModified\":\"2017-04-18T14:12:38+00:00\",\"author\":{\"@id\":\"https:\\\/\\\/www.copealcoy.es\\\/es\\\/#\\\/schema\\\/person\\\/e777c87fa024e57d40170af9df39882c\"},\"breadcrumb\":{\"@id\":\"https:\\\/\\\/www.copealcoy.es\\\/es\\\/cocentaina-se-prepara-para-venerar-a-la-mare-de-deu\\\/#breadcrumb\"},\"inLanguage\":\"es\",\"potentialAction\":[{\"@type\":\"ReadAction\",\"target\":[\"https:\\\/\\\/www.copealcoy.es\\\/es\\\/cocentaina-se-prepara-para-venerar-a-la-mare-de-deu\\\/\"]}]},{\"@type\":\"ImageObject\",\"inLanguage\":\"es\",\"@id\":\"https:\\\/\\\/www.copealcoy.es\\\/es\\\/cocentaina-se-prepara-para-venerar-a-la-mare-de-deu\\\/#primaryimage\",\"url\":\"https:\\\/\\\/www.copealcoy.es\\\/wp-content\\\/uploads\\\/2017\\\/04\\\/Ayer-las-calles-contestanas-se-engalanaron-para-las-fiestas-patronales-Foto-Gabriel-Pascual-.jpg\",\"contentUrl\":\"https:\\\/\\\/www.copealcoy.es\\\/wp-content\\\/uploads\\\/2017\\\/04\\\/Ayer-las-calles-contestanas-se-engalanaron-para-las-fiestas-patronales-Foto-Gabriel-Pascual-.jpg\",\"width\":960,\"height\":720,\"caption\":\"Imagen de las calles de Cocentaina engalanadas para las fiestas de la Mareta\"},{\"@type\":\"BreadcrumbList\",\"@id\":\"https:\\\/\\\/www.copealcoy.es\\\/es\\\/cocentaina-se-prepara-para-venerar-a-la-mare-de-deu\\\/#breadcrumb\",\"itemListElement\":[{\"@type\":\"ListItem\",\"position\":1,\"name\":\"Portada\",\"item\":\"https:\\\/\\\/www.copealcoy.es\\\/es\\\/\"},{\"@type\":\"ListItem\",\"position\":2,\"name\":\"Cocentaina se prepara para venerar a la Mare de D\u00e9u\"}]},{\"@type\":\"WebSite\",\"@id\":\"https:\\\/\\\/www.copealcoy.es\\\/es\\\/#website\",\"url\":\"https:\\\/\\\/www.copealcoy.es\\\/es\\\/\",\"name\":\"COPE Alcoy\",\"description\":\"Emisora COPE de radio local con emisi\u00f3n online. Pont de Sant Jordi 8-10 03803 Alcoy\",\"potentialAction\":[{\"@type\":\"SearchAction\",\"target\":{\"@type\":\"EntryPoint\",\"urlTemplate\":\"https:\\\/\\\/www.copealcoy.es\\\/es\\\/?s={search_term_string}\"},\"query-input\":{\"@type\":\"PropertyValueSpecification\",\"valueRequired\":true,\"valueName\":\"search_term_string\"}}],\"inLanguage\":\"es\"},{\"@type\":\"Person\",\"@id\":\"https:\\\/\\\/www.copealcoy.es\\\/es\\\/#\\\/schema\\\/person\\\/e777c87fa024e57d40170af9df39882c\",\"name\":\"Cope Alcoy\",\"image\":{\"@type\":\"ImageObject\",\"inLanguage\":\"es\",\"@id\":\"https:\\\/\\\/secure.gravatar.com\\\/avatar\\\/bb65d0283347e303893ba14f0692005417c1e0e690a325a4c5d8bb2b3943ee14?s=96&d=mm&r=g\",\"url\":\"https:\\\/\\\/secure.gravatar.com\\\/avatar\\\/bb65d0283347e303893ba14f0692005417c1e0e690a325a4c5d8bb2b3943ee14?s=96&d=mm&r=g\",\"contentUrl\":\"https:\\\/\\\/secure.gravatar.com\\\/avatar\\\/bb65d0283347e303893ba14f0692005417c1e0e690a325a4c5d8bb2b3943ee14?s=96&d=mm&r=g\",\"caption\":\"Cope Alcoy\"}}]}<\/script>\n<!-- \/ Yoast SEO plugin. -->","yoast_head_json":{"title":"Cocentaina se prepara para venerar a la Mare de D\u00e9u - COPE Alcoy","robots":{"index":"index","follow":"follow","max-snippet":"max-snippet:-1","max-image-preview":"max-image-preview:large","max-video-preview":"max-video-preview:-1"},"canonical":"https:\/\/www.copealcoy.es\/es\/cocentaina-se-prepara-para-venerar-a-la-mare-de-deu\/","og_locale":"es_ES","og_type":"article","og_title":"Cocentaina se prepara para venerar a la Mare de D\u00e9u - COPE Alcoy","og_description":"Cocentaina, tras vivir con intensidad la Semana Santa, se prepara para celebrar las fiestas patronales en honor a la Mare...","og_url":"https:\/\/www.copealcoy.es\/es\/cocentaina-se-prepara-para-venerar-a-la-mare-de-deu\/","og_site_name":"COPE Alcoy","article_published_time":"2017-04-18T06:00:43+00:00","article_modified_time":"2017-04-18T14:12:38+00:00","og_image":[{"width":960,"height":720,"url":"https:\/\/www.copealcoy.es\/wp-content\/uploads\/2017\/04\/Ayer-las-calles-contestanas-se-engalanaron-para-las-fiestas-patronales-Foto-Gabriel-Pascual-.jpg","type":"image\/jpeg"}],"author":"Cope Alcoy","twitter_misc":{"Escrito por":"Cope Alcoy","Tiempo de lectura":"2 minutos"},"schema":{"@context":"https:\/\/schema.org","@graph":[{"@type":"Article","@id":"https:\/\/www.copealcoy.es\/es\/cocentaina-se-prepara-para-venerar-a-la-mare-de-deu\/#article","isPartOf":{"@id":"https:\/\/www.copealcoy.es\/es\/cocentaina-se-prepara-para-venerar-a-la-mare-de-deu\/"},"author":{"name":"Cope Alcoy","@id":"https:\/\/www.copealcoy.es\/es\/#\/schema\/person\/e777c87fa024e57d40170af9df39882c"},"headline":"Cocentaina se prepara para venerar a la Mare de D\u00e9u","datePublished":"2017-04-18T06:00:43+00:00","dateModified":"2017-04-18T14:12:38+00:00","mainEntityOfPage":{"@id":"https:\/\/www.copealcoy.es\/es\/cocentaina-se-prepara-para-venerar-a-la-mare-de-deu\/"},"wordCount":482,"commentCount":0,"image":{"@id":"https:\/\/www.copealcoy.es\/es\/cocentaina-se-prepara-para-venerar-a-la-mare-de-deu\/#primaryimage"},"thumbnailUrl":"https:\/\/www.copealcoy.es\/wp-content\/uploads\/2017\/04\/Ayer-las-calles-contestanas-se-engalanaron-para-las-fiestas-patronales-Foto-Gabriel-Pascual-.jpg","keywords":["Cocentaina","Cristian Barrachina","Mare de D\u00e9u","Mareta","Reis Pascual"],"articleSection":["Comarcas","Noticias"],"inLanguage":"es"},{"@type":"WebPage","@id":"https:\/\/www.copealcoy.es\/es\/cocentaina-se-prepara-para-venerar-a-la-mare-de-deu\/","url":"https:\/\/www.copealcoy.es\/es\/cocentaina-se-prepara-para-venerar-a-la-mare-de-deu\/","name":"Cocentaina se prepara para venerar a la Mare de D\u00e9u - COPE Alcoy","isPartOf":{"@id":"https:\/\/www.copealcoy.es\/es\/#website"},"primaryImageOfPage":{"@id":"https:\/\/www.copealcoy.es\/es\/cocentaina-se-prepara-para-venerar-a-la-mare-de-deu\/#primaryimage"},"image":{"@id":"https:\/\/www.copealcoy.es\/es\/cocentaina-se-prepara-para-venerar-a-la-mare-de-deu\/#primaryimage"},"thumbnailUrl":"https:\/\/www.copealcoy.es\/wp-content\/uploads\/2017\/04\/Ayer-las-calles-contestanas-se-engalanaron-para-las-fiestas-patronales-Foto-Gabriel-Pascual-.jpg","datePublished":"2017-04-18T06:00:43+00:00","dateModified":"2017-04-18T14:12:38+00:00","author":{"@id":"https:\/\/www.copealcoy.es\/es\/#\/schema\/person\/e777c87fa024e57d40170af9df39882c"},"breadcrumb":{"@id":"https:\/\/www.copealcoy.es\/es\/cocentaina-se-prepara-para-venerar-a-la-mare-de-deu\/#breadcrumb"},"inLanguage":"es","potentialAction":[{"@type":"ReadAction","target":["https:\/\/www.copealcoy.es\/es\/cocentaina-se-prepara-para-venerar-a-la-mare-de-deu\/"]}]},{"@type":"ImageObject","inLanguage":"es","@id":"https:\/\/www.copealcoy.es\/es\/cocentaina-se-prepara-para-venerar-a-la-mare-de-deu\/#primaryimage","url":"https:\/\/www.copealcoy.es\/wp-content\/uploads\/2017\/04\/Ayer-las-calles-contestanas-se-engalanaron-para-las-fiestas-patronales-Foto-Gabriel-Pascual-.jpg","contentUrl":"https:\/\/www.copealcoy.es\/wp-content\/uploads\/2017\/04\/Ayer-las-calles-contestanas-se-engalanaron-para-las-fiestas-patronales-Foto-Gabriel-Pascual-.jpg","width":960,"height":720,"caption":"Imagen de las calles de Cocentaina engalanadas para las fiestas de la Mareta"},{"@type":"BreadcrumbList","@id":"https:\/\/www.copealcoy.es\/es\/cocentaina-se-prepara-para-venerar-a-la-mare-de-deu\/#breadcrumb","itemListElement":[{"@type":"ListItem","position":1,"name":"Portada","item":"https:\/\/www.copealcoy.es\/es\/"},{"@type":"ListItem","position":2,"name":"Cocentaina se prepara para venerar a la Mare de D\u00e9u"}]},{"@type":"WebSite","@id":"https:\/\/www.copealcoy.es\/es\/#website","url":"https:\/\/www.copealcoy.es\/es\/","name":"COPE Alcoy","description":"Emisora COPE de radio local con emisi\u00f3n online. Pont de Sant Jordi 8-10 03803 Alcoy","potentialAction":[{"@type":"SearchAction","target":{"@type":"EntryPoint","urlTemplate":"https:\/\/www.copealcoy.es\/es\/?s={search_term_string}"},"query-input":{"@type":"PropertyValueSpecification","valueRequired":true,"valueName":"search_term_string"}}],"inLanguage":"es"},{"@type":"Person","@id":"https:\/\/www.copealcoy.es\/es\/#\/schema\/person\/e777c87fa024e57d40170af9df39882c","name":"Cope Alcoy","image":{"@type":"ImageObject","inLanguage":"es","@id":"https:\/\/secure.gravatar.com\/avatar\/bb65d0283347e303893ba14f0692005417c1e0e690a325a4c5d8bb2b3943ee14?s=96&d=mm&r=g","url":"https:\/\/secure.gravatar.com\/avatar\/bb65d0283347e303893ba14f0692005417c1e0e690a325a4c5d8bb2b3943ee14?s=96&d=mm&r=g","contentUrl":"https:\/\/secure.gravatar.com\/avatar\/bb65d0283347e303893ba14f0692005417c1e0e690a325a4c5d8bb2b3943ee14?s=96&d=mm&r=g","caption":"Cope Alcoy"}}]}},"_links":{"self":[{"href":"https:\/\/www.copealcoy.es\/es\/wp-json\/wp\/v2\/posts\/30807","targetHints":{"allow":["GET"]}}],"collection":[{"href":"https:\/\/www.copealcoy.es\/es\/wp-json\/wp\/v2\/posts"}],"about":[{"href":"https:\/\/www.copealcoy.es\/es\/wp-json\/wp\/v2\/types\/post"}],"author":[{"embeddable":true,"href":"https:\/\/www.copealcoy.es\/es\/wp-json\/wp\/v2\/users\/1"}],"replies":[{"embeddable":true,"href":"https:\/\/www.copealcoy.es\/es\/wp-json\/wp\/v2\/comments?post=30807"}],"version-history":[{"count":0,"href":"https:\/\/www.copealcoy.es\/es\/wp-json\/wp\/v2\/posts\/30807\/revisions"}],"wp:featuredmedia":[{"embeddable":true,"href":"https:\/\/www.copealcoy.es\/es\/wp-json\/wp\/v2\/media\/30809"}],"wp:attachment":[{"href":"https:\/\/www.copealcoy.es\/es\/wp-json\/wp\/v2\/media?parent=30807"}],"wp:term":[{"taxonomy":"category","embeddable":true,"href":"https:\/\/www.copealcoy.es\/es\/wp-json\/wp\/v2\/categories?post=30807"},{"taxonomy":"post_tag","embeddable":true,"href":"https:\/\/www.copealcoy.es\/es\/wp-json\/wp\/v2\/tags?post=30807"}],"curies":[{"name":"wp","href":"https:\/\/api.w.org\/{rel}","templated":true}]}}