{"id":30799,"date":"2017-04-17T16:32:18","date_gmt":"2017-04-17T16:32:18","guid":{"rendered":"http:\/\/copealcoi.es\/new\/?p=30799"},"modified":"2017-04-17T16:34:20","modified_gmt":"2017-04-17T16:34:20","slug":"las-primeras-entraetes-sacan-la-musica-la-fiesta-la-calle","status":"publish","type":"post","link":"https:\/\/www.copealcoy.es\/es\/las-primeras-entraetes-sacan-la-musica-la-fiesta-la-calle\/","title":{"rendered":"Las primeras &#8216;Entraetes&#8217; sacan la m\u00fasica y la fiesta a la calle"},"content":{"rendered":"<p style=\"text-align: justify;\">El <strong>breve calendario existente<\/strong> en este 2017 entre el d\u00eda de La Gloria y el inicio de las fiestas de moros y cristianos de Alcoy, debido a la tard\u00eda Semana Santa,\u00a0hizo que en la noche de ayer<strong> saliesen a la calle las primeras &#8216;Entraetes&#8217;<\/strong> del ciclo festero.<\/p>\n<p style=\"text-align: justify;\">En\u00a0el primer desfile nocturno participaron <strong>las Escuadras Especiales de les filaes Navarros, Andaluces, Chano y Verdes<\/strong> al mismo tiempo que destac\u00f3 tambi\u00e9n la presencia de numeroso p\u00fablico en las aceras aplaudiendo a los festeros y a los m\u00fasicos. De igual forma hay que se\u00f1alar que <strong>la fil\u00e0 Guzmanes fue la primera en desfilar<\/strong> antes de las citadas Escuadras Especiales mientras que <strong>el paso de los Cides<\/strong> cerr\u00f3 esta primera noche de &#8216;Entraetes&#8217; pasada la medianoche.<\/p>\n<p style=\"text-align: justify;\">El ritual <strong>se repetir\u00e1 hoy por la calle San Nicol\u00e1s\u00a0<\/strong>a partir de las diez y media de la noche con la participaci\u00f3n de las filae<strong>s Abencerrajes, Realistas, Asturianos, Berberiscos, Mud\u00e9jares, Domingo Miques y els Primers Trons<\/strong>. Por <strong>Pa\u00eds Valenci\u00e0<\/strong> se han reservado varios horarios para compromisos del Ayuntamiento de Alcoy.<\/p>\n<p><iframe loading=\"lazy\" title=\"Primera Noche de Entraetes Fiestas Alcoy 2017\" width=\"1200\" height=\"675\" src=\"https:\/\/www.youtube.com\/embed\/3DBIP5dqn5w?feature=oembed\" frameborder=\"0\" allow=\"accelerometer; autoplay; encrypted-media; gyroscope; picture-in-picture\" allowfullscreen><\/iframe><\/p>\n<p>&nbsp;<\/p>\n","protected":false},"excerpt":{"rendered":"<p>El breve calendario existente en este 2017 entre el d\u00eda de La Gloria y el inicio de las fiestas de&#8230;<\/p>\n","protected":false},"author":1,"featured_media":30802,"comment_status":"open","ping_status":"open","sticky":false,"template":"","format":"standard","meta":{"footnotes":""},"categories":[97,78,75],"tags":[1494,1755,609,700],"class_list":["post-30799","post","type-post","status-publish","format-standard","has-post-thumbnail","hentry","category-alcoy","category-fiestaycultura","category-noticias","tag-alcoy","tag-entraetes","tag-moros-y-cristianos","tag-musica-festera"],"yoast_head":"<!-- This site is optimized with the Yoast SEO plugin v27.3 - https:\/\/yoast.com\/product\/yoast-seo-wordpress\/ -->\n<title>Las primeras &#039;Entraetes&#039; sacan la m\u00fasica y la fiesta a la calle - COPE Alcoy<\/title>\n<meta name=\"robots\" content=\"index, follow, max-snippet:-1, max-image-preview:large, max-video-preview:-1\" \/>\n<link rel=\"canonical\" href=\"https:\/\/www.copealcoy.es\/es\/las-primeras-entraetes-sacan-la-musica-la-fiesta-la-calle\/\" \/>\n<meta property=\"og:locale\" content=\"es_ES\" \/>\n<meta property=\"og:type\" content=\"article\" \/>\n<meta property=\"og:title\" content=\"Las primeras &#039;Entraetes&#039; sacan la m\u00fasica y la fiesta a la calle - COPE Alcoy\" \/>\n<meta property=\"og:description\" content=\"El breve calendario existente en este 2017 entre el d\u00eda de La Gloria y el inicio de las fiestas de...\" \/>\n<meta property=\"og:url\" content=\"https:\/\/www.copealcoy.es\/es\/las-primeras-entraetes-sacan-la-musica-la-fiesta-la-calle\/\" \/>\n<meta property=\"og:site_name\" content=\"COPE Alcoy\" \/>\n<meta property=\"article:published_time\" content=\"2017-04-17T16:32:18+00:00\" \/>\n<meta property=\"article:modified_time\" content=\"2017-04-17T16:34:20+00:00\" \/>\n<meta property=\"og:image\" content=\"https:\/\/www.copealcoy.es\/wp-content\/uploads\/2017\/04\/IMG_8491.jpg\" \/>\n\t<meta property=\"og:image:width\" content=\"1600\" \/>\n\t<meta property=\"og:image:height\" content=\"1200\" \/>\n\t<meta property=\"og:image:type\" content=\"image\/jpeg\" \/>\n<meta name=\"author\" content=\"Cope Alcoy\" \/>\n<meta name=\"twitter:label1\" content=\"Escrito por\" \/>\n\t<meta name=\"twitter:data1\" content=\"Cope Alcoy\" \/>\n\t<meta name=\"twitter:label2\" content=\"Tiempo de lectura\" \/>\n\t<meta name=\"twitter:data2\" content=\"1 minuto\" \/>\n<script type=\"application\/ld+json\" class=\"yoast-schema-graph\">{\"@context\":\"https:\\\/\\\/schema.org\",\"@graph\":[{\"@type\":\"Article\",\"@id\":\"https:\\\/\\\/www.copealcoy.es\\\/es\\\/las-primeras-entraetes-sacan-la-musica-la-fiesta-la-calle\\\/#article\",\"isPartOf\":{\"@id\":\"https:\\\/\\\/www.copealcoy.es\\\/es\\\/las-primeras-entraetes-sacan-la-musica-la-fiesta-la-calle\\\/\"},\"author\":{\"name\":\"Cope Alcoy\",\"@id\":\"https:\\\/\\\/www.copealcoy.es\\\/es\\\/#\\\/schema\\\/person\\\/e777c87fa024e57d40170af9df39882c\"},\"headline\":\"Las primeras &#8216;Entraetes&#8217; sacan la m\u00fasica y la fiesta a la calle\",\"datePublished\":\"2017-04-17T16:32:18+00:00\",\"dateModified\":\"2017-04-17T16:34:20+00:00\",\"mainEntityOfPage\":{\"@id\":\"https:\\\/\\\/www.copealcoy.es\\\/es\\\/las-primeras-entraetes-sacan-la-musica-la-fiesta-la-calle\\\/\"},\"wordCount\":210,\"commentCount\":0,\"image\":{\"@id\":\"https:\\\/\\\/www.copealcoy.es\\\/es\\\/las-primeras-entraetes-sacan-la-musica-la-fiesta-la-calle\\\/#primaryimage\"},\"thumbnailUrl\":\"https:\\\/\\\/www.copealcoy.es\\\/wp-content\\\/uploads\\\/2017\\\/04\\\/IMG_8491.jpg\",\"keywords\":[\"Alcoy\",\"Entraetes\",\"Moros Y Cristianos\",\"M\u00fasica Festera\"],\"articleSection\":[\"Alcoy\",\"Fiesta y Cultura\",\"Noticias\"],\"inLanguage\":\"es\"},{\"@type\":\"WebPage\",\"@id\":\"https:\\\/\\\/www.copealcoy.es\\\/es\\\/las-primeras-entraetes-sacan-la-musica-la-fiesta-la-calle\\\/\",\"url\":\"https:\\\/\\\/www.copealcoy.es\\\/es\\\/las-primeras-entraetes-sacan-la-musica-la-fiesta-la-calle\\\/\",\"name\":\"Las primeras 'Entraetes' sacan la m\u00fasica y la fiesta a la calle - COPE Alcoy\",\"isPartOf\":{\"@id\":\"https:\\\/\\\/www.copealcoy.es\\\/es\\\/#website\"},\"primaryImageOfPage\":{\"@id\":\"https:\\\/\\\/www.copealcoy.es\\\/es\\\/las-primeras-entraetes-sacan-la-musica-la-fiesta-la-calle\\\/#primaryimage\"},\"image\":{\"@id\":\"https:\\\/\\\/www.copealcoy.es\\\/es\\\/las-primeras-entraetes-sacan-la-musica-la-fiesta-la-calle\\\/#primaryimage\"},\"thumbnailUrl\":\"https:\\\/\\\/www.copealcoy.es\\\/wp-content\\\/uploads\\\/2017\\\/04\\\/IMG_8491.jpg\",\"datePublished\":\"2017-04-17T16:32:18+00:00\",\"dateModified\":\"2017-04-17T16:34:20+00:00\",\"author\":{\"@id\":\"https:\\\/\\\/www.copealcoy.es\\\/es\\\/#\\\/schema\\\/person\\\/e777c87fa024e57d40170af9df39882c\"},\"breadcrumb\":{\"@id\":\"https:\\\/\\\/www.copealcoy.es\\\/es\\\/las-primeras-entraetes-sacan-la-musica-la-fiesta-la-calle\\\/#breadcrumb\"},\"inLanguage\":\"es\",\"potentialAction\":[{\"@type\":\"ReadAction\",\"target\":[\"https:\\\/\\\/www.copealcoy.es\\\/es\\\/las-primeras-entraetes-sacan-la-musica-la-fiesta-la-calle\\\/\"]}]},{\"@type\":\"ImageObject\",\"inLanguage\":\"es\",\"@id\":\"https:\\\/\\\/www.copealcoy.es\\\/es\\\/las-primeras-entraetes-sacan-la-musica-la-fiesta-la-calle\\\/#primaryimage\",\"url\":\"https:\\\/\\\/www.copealcoy.es\\\/wp-content\\\/uploads\\\/2017\\\/04\\\/IMG_8491.jpg\",\"contentUrl\":\"https:\\\/\\\/www.copealcoy.es\\\/wp-content\\\/uploads\\\/2017\\\/04\\\/IMG_8491.jpg\",\"width\":1600,\"height\":1200,\"caption\":\"Los primeros desfiles nocturnos salieron ayer a la calle \\\/ Foto: M. Aracil\"},{\"@type\":\"BreadcrumbList\",\"@id\":\"https:\\\/\\\/www.copealcoy.es\\\/es\\\/las-primeras-entraetes-sacan-la-musica-la-fiesta-la-calle\\\/#breadcrumb\",\"itemListElement\":[{\"@type\":\"ListItem\",\"position\":1,\"name\":\"Portada\",\"item\":\"https:\\\/\\\/www.copealcoy.es\\\/es\\\/\"},{\"@type\":\"ListItem\",\"position\":2,\"name\":\"Las primeras &#8216;Entraetes&#8217; sacan la m\u00fasica y la fiesta a la calle\"}]},{\"@type\":\"WebSite\",\"@id\":\"https:\\\/\\\/www.copealcoy.es\\\/es\\\/#website\",\"url\":\"https:\\\/\\\/www.copealcoy.es\\\/es\\\/\",\"name\":\"COPE Alcoy\",\"description\":\"Emisora COPE de radio local con emisi\u00f3n online. Pont de Sant Jordi 8-10 03803 Alcoy\",\"potentialAction\":[{\"@type\":\"SearchAction\",\"target\":{\"@type\":\"EntryPoint\",\"urlTemplate\":\"https:\\\/\\\/www.copealcoy.es\\\/es\\\/?s={search_term_string}\"},\"query-input\":{\"@type\":\"PropertyValueSpecification\",\"valueRequired\":true,\"valueName\":\"search_term_string\"}}],\"inLanguage\":\"es\"},{\"@type\":\"Person\",\"@id\":\"https:\\\/\\\/www.copealcoy.es\\\/es\\\/#\\\/schema\\\/person\\\/e777c87fa024e57d40170af9df39882c\",\"name\":\"Cope Alcoy\",\"image\":{\"@type\":\"ImageObject\",\"inLanguage\":\"es\",\"@id\":\"https:\\\/\\\/secure.gravatar.com\\\/avatar\\\/bb65d0283347e303893ba14f0692005417c1e0e690a325a4c5d8bb2b3943ee14?s=96&d=mm&r=g\",\"url\":\"https:\\\/\\\/secure.gravatar.com\\\/avatar\\\/bb65d0283347e303893ba14f0692005417c1e0e690a325a4c5d8bb2b3943ee14?s=96&d=mm&r=g\",\"contentUrl\":\"https:\\\/\\\/secure.gravatar.com\\\/avatar\\\/bb65d0283347e303893ba14f0692005417c1e0e690a325a4c5d8bb2b3943ee14?s=96&d=mm&r=g\",\"caption\":\"Cope Alcoy\"}}]}<\/script>\n<!-- \/ Yoast SEO plugin. -->","yoast_head_json":{"title":"Las primeras 'Entraetes' sacan la m\u00fasica y la fiesta a la calle - COPE Alcoy","robots":{"index":"index","follow":"follow","max-snippet":"max-snippet:-1","max-image-preview":"max-image-preview:large","max-video-preview":"max-video-preview:-1"},"canonical":"https:\/\/www.copealcoy.es\/es\/las-primeras-entraetes-sacan-la-musica-la-fiesta-la-calle\/","og_locale":"es_ES","og_type":"article","og_title":"Las primeras 'Entraetes' sacan la m\u00fasica y la fiesta a la calle - COPE Alcoy","og_description":"El breve calendario existente en este 2017 entre el d\u00eda de La Gloria y el inicio de las fiestas de...","og_url":"https:\/\/www.copealcoy.es\/es\/las-primeras-entraetes-sacan-la-musica-la-fiesta-la-calle\/","og_site_name":"COPE Alcoy","article_published_time":"2017-04-17T16:32:18+00:00","article_modified_time":"2017-04-17T16:34:20+00:00","og_image":[{"width":1600,"height":1200,"url":"https:\/\/www.copealcoy.es\/wp-content\/uploads\/2017\/04\/IMG_8491.jpg","type":"image\/jpeg"}],"author":"Cope Alcoy","twitter_misc":{"Escrito por":"Cope Alcoy","Tiempo de lectura":"1 minuto"},"schema":{"@context":"https:\/\/schema.org","@graph":[{"@type":"Article","@id":"https:\/\/www.copealcoy.es\/es\/las-primeras-entraetes-sacan-la-musica-la-fiesta-la-calle\/#article","isPartOf":{"@id":"https:\/\/www.copealcoy.es\/es\/las-primeras-entraetes-sacan-la-musica-la-fiesta-la-calle\/"},"author":{"name":"Cope Alcoy","@id":"https:\/\/www.copealcoy.es\/es\/#\/schema\/person\/e777c87fa024e57d40170af9df39882c"},"headline":"Las primeras &#8216;Entraetes&#8217; sacan la m\u00fasica y la fiesta a la calle","datePublished":"2017-04-17T16:32:18+00:00","dateModified":"2017-04-17T16:34:20+00:00","mainEntityOfPage":{"@id":"https:\/\/www.copealcoy.es\/es\/las-primeras-entraetes-sacan-la-musica-la-fiesta-la-calle\/"},"wordCount":210,"commentCount":0,"image":{"@id":"https:\/\/www.copealcoy.es\/es\/las-primeras-entraetes-sacan-la-musica-la-fiesta-la-calle\/#primaryimage"},"thumbnailUrl":"https:\/\/www.copealcoy.es\/wp-content\/uploads\/2017\/04\/IMG_8491.jpg","keywords":["Alcoy","Entraetes","Moros Y Cristianos","M\u00fasica Festera"],"articleSection":["Alcoy","Fiesta y Cultura","Noticias"],"inLanguage":"es"},{"@type":"WebPage","@id":"https:\/\/www.copealcoy.es\/es\/las-primeras-entraetes-sacan-la-musica-la-fiesta-la-calle\/","url":"https:\/\/www.copealcoy.es\/es\/las-primeras-entraetes-sacan-la-musica-la-fiesta-la-calle\/","name":"Las primeras 'Entraetes' sacan la m\u00fasica y la fiesta a la calle - COPE Alcoy","isPartOf":{"@id":"https:\/\/www.copealcoy.es\/es\/#website"},"primaryImageOfPage":{"@id":"https:\/\/www.copealcoy.es\/es\/las-primeras-entraetes-sacan-la-musica-la-fiesta-la-calle\/#primaryimage"},"image":{"@id":"https:\/\/www.copealcoy.es\/es\/las-primeras-entraetes-sacan-la-musica-la-fiesta-la-calle\/#primaryimage"},"thumbnailUrl":"https:\/\/www.copealcoy.es\/wp-content\/uploads\/2017\/04\/IMG_8491.jpg","datePublished":"2017-04-17T16:32:18+00:00","dateModified":"2017-04-17T16:34:20+00:00","author":{"@id":"https:\/\/www.copealcoy.es\/es\/#\/schema\/person\/e777c87fa024e57d40170af9df39882c"},"breadcrumb":{"@id":"https:\/\/www.copealcoy.es\/es\/las-primeras-entraetes-sacan-la-musica-la-fiesta-la-calle\/#breadcrumb"},"inLanguage":"es","potentialAction":[{"@type":"ReadAction","target":["https:\/\/www.copealcoy.es\/es\/las-primeras-entraetes-sacan-la-musica-la-fiesta-la-calle\/"]}]},{"@type":"ImageObject","inLanguage":"es","@id":"https:\/\/www.copealcoy.es\/es\/las-primeras-entraetes-sacan-la-musica-la-fiesta-la-calle\/#primaryimage","url":"https:\/\/www.copealcoy.es\/wp-content\/uploads\/2017\/04\/IMG_8491.jpg","contentUrl":"https:\/\/www.copealcoy.es\/wp-content\/uploads\/2017\/04\/IMG_8491.jpg","width":1600,"height":1200,"caption":"Los primeros desfiles nocturnos salieron ayer a la calle \/ Foto: M. Aracil"},{"@type":"BreadcrumbList","@id":"https:\/\/www.copealcoy.es\/es\/las-primeras-entraetes-sacan-la-musica-la-fiesta-la-calle\/#breadcrumb","itemListElement":[{"@type":"ListItem","position":1,"name":"Portada","item":"https:\/\/www.copealcoy.es\/es\/"},{"@type":"ListItem","position":2,"name":"Las primeras &#8216;Entraetes&#8217; sacan la m\u00fasica y la fiesta a la calle"}]},{"@type":"WebSite","@id":"https:\/\/www.copealcoy.es\/es\/#website","url":"https:\/\/www.copealcoy.es\/es\/","name":"COPE Alcoy","description":"Emisora COPE de radio local con emisi\u00f3n online. Pont de Sant Jordi 8-10 03803 Alcoy","potentialAction":[{"@type":"SearchAction","target":{"@type":"EntryPoint","urlTemplate":"https:\/\/www.copealcoy.es\/es\/?s={search_term_string}"},"query-input":{"@type":"PropertyValueSpecification","valueRequired":true,"valueName":"search_term_string"}}],"inLanguage":"es"},{"@type":"Person","@id":"https:\/\/www.copealcoy.es\/es\/#\/schema\/person\/e777c87fa024e57d40170af9df39882c","name":"Cope Alcoy","image":{"@type":"ImageObject","inLanguage":"es","@id":"https:\/\/secure.gravatar.com\/avatar\/bb65d0283347e303893ba14f0692005417c1e0e690a325a4c5d8bb2b3943ee14?s=96&d=mm&r=g","url":"https:\/\/secure.gravatar.com\/avatar\/bb65d0283347e303893ba14f0692005417c1e0e690a325a4c5d8bb2b3943ee14?s=96&d=mm&r=g","contentUrl":"https:\/\/secure.gravatar.com\/avatar\/bb65d0283347e303893ba14f0692005417c1e0e690a325a4c5d8bb2b3943ee14?s=96&d=mm&r=g","caption":"Cope Alcoy"}}]}},"_links":{"self":[{"href":"https:\/\/www.copealcoy.es\/es\/wp-json\/wp\/v2\/posts\/30799","targetHints":{"allow":["GET"]}}],"collection":[{"href":"https:\/\/www.copealcoy.es\/es\/wp-json\/wp\/v2\/posts"}],"about":[{"href":"https:\/\/www.copealcoy.es\/es\/wp-json\/wp\/v2\/types\/post"}],"author":[{"embeddable":true,"href":"https:\/\/www.copealcoy.es\/es\/wp-json\/wp\/v2\/users\/1"}],"replies":[{"embeddable":true,"href":"https:\/\/www.copealcoy.es\/es\/wp-json\/wp\/v2\/comments?post=30799"}],"version-history":[{"count":0,"href":"https:\/\/www.copealcoy.es\/es\/wp-json\/wp\/v2\/posts\/30799\/revisions"}],"wp:featuredmedia":[{"embeddable":true,"href":"https:\/\/www.copealcoy.es\/es\/wp-json\/wp\/v2\/media\/30802"}],"wp:attachment":[{"href":"https:\/\/www.copealcoy.es\/es\/wp-json\/wp\/v2\/media?parent=30799"}],"wp:term":[{"taxonomy":"category","embeddable":true,"href":"https:\/\/www.copealcoy.es\/es\/wp-json\/wp\/v2\/categories?post=30799"},{"taxonomy":"post_tag","embeddable":true,"href":"https:\/\/www.copealcoy.es\/es\/wp-json\/wp\/v2\/tags?post=30799"}],"curies":[{"name":"wp","href":"https:\/\/api.w.org\/{rel}","templated":true}]}}