{"id":30577,"date":"2017-04-10T21:06:40","date_gmt":"2017-04-10T21:06:40","guid":{"rendered":"http:\/\/copealcoi.es\/new\/?p=30577"},"modified":"2017-04-10T21:10:14","modified_gmt":"2017-04-10T21:10:14","slug":"la-feria-tapa-i-festa-abrira-puertas-20-abril-la-glorieta","status":"publish","type":"post","link":"https:\/\/www.copealcoy.es\/es\/la-feria-tapa-i-festa-abrira-puertas-20-abril-la-glorieta\/","title":{"rendered":"La Feria &#8216;Tapa i Festa&#8217; abrir\u00e1 sus puertas el 20 de abril en la Glorieta"},"content":{"rendered":"<p style=\"text-align: justify;\">La Feria <strong>&#8216;Tapa i Festa&#8217;<\/strong>, que <strong>se ubicar\u00e1 en La Glorieta<\/strong> durante las pr\u00f3ximas fiestas de moros y cristianos,<strong> abrir\u00e1 sus puertas en la tarde del pr\u00f3ximo 20 de abril<\/strong> a partir de las 20 horas. El evento gastron\u00f3mico<strong> reunir\u00e1 este a\u00f1o a un total de quince restaurantes<\/strong> que se ubicar\u00e1n en <strong>diferentes carpas<\/strong> para ofrecer la posibilidad de comer y cenar tanto a alcoyanos como visitantes.<\/p>\n<p style=\"text-align: justify;\">El responsable de la Empresa SEA EVENTOS, encargada de la organizaci\u00f3n, explica que la Feria cuenta con <strong>el patrocinio de Mahou junto a la colaboraci\u00f3n del Ayuntamiento de Alcoy y la firma alcoyana Licores Sinc<\/strong> &#8220;<em>la idea es cubrir una necesidad existente en la gente que nos visita que muchas veces no encuentra donde comer y para nada afecta a los hosteleros del Centro ya que las reservas en los locales de esta zona de la ciudad est\u00e1n hechas desde hace mucho tiempo<\/em>&#8220;, destaca Tom\u00e1s Tom\u00e1s. Adem\u00e1s explica que este a\u00f1o, a diferencia del pasado,<strong> no habr\u00e1 actuaciones musicales en el recinto<\/strong> &#8220;<em>la ambientaci\u00f3n se centrar\u00e1 en las fiestas de moros y cristianos en su totalidad e incluso contaremos con la presencia de varias charangas<\/em>&#8220;, afirma.<\/p>\n<p style=\"text-align: justify;\">La edil de Consumo, <strong>Mar\u00eda Baca<\/strong>, conf\u00eda en que &#8216;Tapa i Festa&#8217; <strong>sea de nuevo un \u00e9xito tras aterrizar como novedad el pasado a\u00f1o<\/strong> a la oferta que la ciudad ofrece en fiestas &#8220;q<em>ueremos promocionar la gastronom\u00eda alcoyana, diversificar el sector hostelero de la ciudad y dar un buen servicio en un espacio c\u00e9ntrico<\/em>&#8220;, detalla.<\/p>\n<p style=\"text-align: justify;\">Los diferentes puestos de alimentaci\u00f3n <strong>mostrar\u00e1n\u00a0su oferta en cada jornada de las fiestas de moros y cristianos<\/strong> y estar\u00e1n funcionando a pleno rendimiento hasta la noche del mismo d\u00eda 24.<\/p>\n<p><iframe loading=\"lazy\" title=\"RP Tapa i Festa 2017\" width=\"1200\" height=\"675\" src=\"https:\/\/www.youtube.com\/embed\/-7sYpeHWVdo?feature=oembed\" frameborder=\"0\" allow=\"accelerometer; autoplay; encrypted-media; gyroscope; picture-in-picture\" allowfullscreen><\/iframe><\/p>\n<p>&nbsp;<\/p>\n","protected":false},"excerpt":{"rendered":"<p>La Feria &#8216;Tapa i Festa&#8217;, que se ubicar\u00e1 en La Glorieta durante las pr\u00f3ximas fiestas de moros y cristianos, abrir\u00e1&#8230;<\/p>\n","protected":false},"author":1,"featured_media":30578,"comment_status":"open","ping_status":"open","sticky":false,"template":"","format":"standard","meta":{"footnotes":""},"categories":[97,78,75],"tags":[1494,3996,2297,3481,2197,3480],"class_list":["post-30577","post","type-post","status-publish","format-standard","has-post-thumbnail","hentry","category-alcoy","category-fiestaycultura","category-noticias","tag-alcoy","tag-alimentacion","tag-maria-baca","tag-sea-eventos","tag-tapa-i-festa","tag-tomas-tomas"],"yoast_head":"<!-- This site is optimized with the Yoast SEO plugin v27.3 - https:\/\/yoast.com\/product\/yoast-seo-wordpress\/ -->\n<title>La Feria &#039;Tapa i Festa&#039; abrir\u00e1 sus puertas el 20 de abril en la Glorieta - COPE Alcoy<\/title>\n<meta name=\"robots\" content=\"index, follow, max-snippet:-1, max-image-preview:large, max-video-preview:-1\" \/>\n<link rel=\"canonical\" href=\"https:\/\/www.copealcoy.es\/es\/la-feria-tapa-i-festa-abrira-puertas-20-abril-la-glorieta\/\" \/>\n<meta property=\"og:locale\" content=\"es_ES\" \/>\n<meta property=\"og:type\" content=\"article\" \/>\n<meta property=\"og:title\" content=\"La Feria &#039;Tapa i Festa&#039; abrir\u00e1 sus puertas el 20 de abril en la Glorieta - COPE Alcoy\" \/>\n<meta property=\"og:description\" content=\"La Feria &#8216;Tapa i Festa&#8217;, que se ubicar\u00e1 en La Glorieta durante las pr\u00f3ximas fiestas de moros y cristianos, abrir\u00e1...\" \/>\n<meta property=\"og:url\" content=\"https:\/\/www.copealcoy.es\/es\/la-feria-tapa-i-festa-abrira-puertas-20-abril-la-glorieta\/\" \/>\n<meta property=\"og:site_name\" content=\"COPE Alcoy\" \/>\n<meta property=\"article:published_time\" content=\"2017-04-10T21:06:40+00:00\" \/>\n<meta property=\"article:modified_time\" content=\"2017-04-10T21:10:14+00:00\" \/>\n<meta property=\"og:image\" content=\"https:\/\/www.copealcoy.es\/wp-content\/uploads\/2017\/04\/IMG_1348-1024x683.jpg\" \/>\n\t<meta property=\"og:image:width\" content=\"1024\" \/>\n\t<meta property=\"og:image:height\" content=\"683\" \/>\n\t<meta property=\"og:image:type\" content=\"image\/jpeg\" \/>\n<meta name=\"author\" content=\"Cope Alcoy\" \/>\n<meta name=\"twitter:label1\" content=\"Escrito por\" \/>\n\t<meta name=\"twitter:data1\" content=\"Cope Alcoy\" \/>\n\t<meta name=\"twitter:label2\" content=\"Tiempo de lectura\" \/>\n\t<meta name=\"twitter:data2\" content=\"2 minutos\" \/>\n<script type=\"application\/ld+json\" class=\"yoast-schema-graph\">{\"@context\":\"https:\\\/\\\/schema.org\",\"@graph\":[{\"@type\":\"Article\",\"@id\":\"https:\\\/\\\/www.copealcoy.es\\\/es\\\/la-feria-tapa-i-festa-abrira-puertas-20-abril-la-glorieta\\\/#article\",\"isPartOf\":{\"@id\":\"https:\\\/\\\/www.copealcoy.es\\\/es\\\/la-feria-tapa-i-festa-abrira-puertas-20-abril-la-glorieta\\\/\"},\"author\":{\"name\":\"Cope Alcoy\",\"@id\":\"https:\\\/\\\/www.copealcoy.es\\\/es\\\/#\\\/schema\\\/person\\\/e777c87fa024e57d40170af9df39882c\"},\"headline\":\"La Feria &#8216;Tapa i Festa&#8217; abrir\u00e1 sus puertas el 20 de abril en la Glorieta\",\"datePublished\":\"2017-04-10T21:06:40+00:00\",\"dateModified\":\"2017-04-10T21:10:14+00:00\",\"mainEntityOfPage\":{\"@id\":\"https:\\\/\\\/www.copealcoy.es\\\/es\\\/la-feria-tapa-i-festa-abrira-puertas-20-abril-la-glorieta\\\/\"},\"wordCount\":321,\"commentCount\":0,\"image\":{\"@id\":\"https:\\\/\\\/www.copealcoy.es\\\/es\\\/la-feria-tapa-i-festa-abrira-puertas-20-abril-la-glorieta\\\/#primaryimage\"},\"thumbnailUrl\":\"https:\\\/\\\/www.copealcoy.es\\\/wp-content\\\/uploads\\\/2017\\\/04\\\/IMG_1348.jpg\",\"keywords\":[\"Alcoy\",\"alimentaci\u00f3n\",\"Mar\u00eda Baca\",\"SEA Eventos\",\"Tapa i Festa\",\"Tom\u00e1s Tom\u00e1s\"],\"articleSection\":[\"Alcoy\",\"Fiesta y Cultura\",\"Noticias\"],\"inLanguage\":\"es\"},{\"@type\":\"WebPage\",\"@id\":\"https:\\\/\\\/www.copealcoy.es\\\/es\\\/la-feria-tapa-i-festa-abrira-puertas-20-abril-la-glorieta\\\/\",\"url\":\"https:\\\/\\\/www.copealcoy.es\\\/es\\\/la-feria-tapa-i-festa-abrira-puertas-20-abril-la-glorieta\\\/\",\"name\":\"La Feria 'Tapa i Festa' abrir\u00e1 sus puertas el 20 de abril en la Glorieta - COPE Alcoy\",\"isPartOf\":{\"@id\":\"https:\\\/\\\/www.copealcoy.es\\\/es\\\/#website\"},\"primaryImageOfPage\":{\"@id\":\"https:\\\/\\\/www.copealcoy.es\\\/es\\\/la-feria-tapa-i-festa-abrira-puertas-20-abril-la-glorieta\\\/#primaryimage\"},\"image\":{\"@id\":\"https:\\\/\\\/www.copealcoy.es\\\/es\\\/la-feria-tapa-i-festa-abrira-puertas-20-abril-la-glorieta\\\/#primaryimage\"},\"thumbnailUrl\":\"https:\\\/\\\/www.copealcoy.es\\\/wp-content\\\/uploads\\\/2017\\\/04\\\/IMG_1348.jpg\",\"datePublished\":\"2017-04-10T21:06:40+00:00\",\"dateModified\":\"2017-04-10T21:10:14+00:00\",\"author\":{\"@id\":\"https:\\\/\\\/www.copealcoy.es\\\/es\\\/#\\\/schema\\\/person\\\/e777c87fa024e57d40170af9df39882c\"},\"breadcrumb\":{\"@id\":\"https:\\\/\\\/www.copealcoy.es\\\/es\\\/la-feria-tapa-i-festa-abrira-puertas-20-abril-la-glorieta\\\/#breadcrumb\"},\"inLanguage\":\"es\",\"potentialAction\":[{\"@type\":\"ReadAction\",\"target\":[\"https:\\\/\\\/www.copealcoy.es\\\/es\\\/la-feria-tapa-i-festa-abrira-puertas-20-abril-la-glorieta\\\/\"]}]},{\"@type\":\"ImageObject\",\"inLanguage\":\"es\",\"@id\":\"https:\\\/\\\/www.copealcoy.es\\\/es\\\/la-feria-tapa-i-festa-abrira-puertas-20-abril-la-glorieta\\\/#primaryimage\",\"url\":\"https:\\\/\\\/www.copealcoy.es\\\/wp-content\\\/uploads\\\/2017\\\/04\\\/IMG_1348.jpg\",\"contentUrl\":\"https:\\\/\\\/www.copealcoy.es\\\/wp-content\\\/uploads\\\/2017\\\/04\\\/IMG_1348.jpg\",\"width\":4272,\"height\":2848,\"caption\":\"Mar\u00eda Baca y Tom\u00e1s Tom\u00e1s han presentado las novedades de este edici\u00f3n\"},{\"@type\":\"BreadcrumbList\",\"@id\":\"https:\\\/\\\/www.copealcoy.es\\\/es\\\/la-feria-tapa-i-festa-abrira-puertas-20-abril-la-glorieta\\\/#breadcrumb\",\"itemListElement\":[{\"@type\":\"ListItem\",\"position\":1,\"name\":\"Portada\",\"item\":\"https:\\\/\\\/www.copealcoy.es\\\/es\\\/\"},{\"@type\":\"ListItem\",\"position\":2,\"name\":\"La Feria &#8216;Tapa i Festa&#8217; abrir\u00e1 sus puertas el 20 de abril en la Glorieta\"}]},{\"@type\":\"WebSite\",\"@id\":\"https:\\\/\\\/www.copealcoy.es\\\/es\\\/#website\",\"url\":\"https:\\\/\\\/www.copealcoy.es\\\/es\\\/\",\"name\":\"COPE Alcoy\",\"description\":\"Emisora COPE de radio local con emisi\u00f3n online. Pont de Sant Jordi 8-10 03803 Alcoy\",\"potentialAction\":[{\"@type\":\"SearchAction\",\"target\":{\"@type\":\"EntryPoint\",\"urlTemplate\":\"https:\\\/\\\/www.copealcoy.es\\\/es\\\/?s={search_term_string}\"},\"query-input\":{\"@type\":\"PropertyValueSpecification\",\"valueRequired\":true,\"valueName\":\"search_term_string\"}}],\"inLanguage\":\"es\"},{\"@type\":\"Person\",\"@id\":\"https:\\\/\\\/www.copealcoy.es\\\/es\\\/#\\\/schema\\\/person\\\/e777c87fa024e57d40170af9df39882c\",\"name\":\"Cope Alcoy\",\"image\":{\"@type\":\"ImageObject\",\"inLanguage\":\"es\",\"@id\":\"https:\\\/\\\/secure.gravatar.com\\\/avatar\\\/bb65d0283347e303893ba14f0692005417c1e0e690a325a4c5d8bb2b3943ee14?s=96&d=mm&r=g\",\"url\":\"https:\\\/\\\/secure.gravatar.com\\\/avatar\\\/bb65d0283347e303893ba14f0692005417c1e0e690a325a4c5d8bb2b3943ee14?s=96&d=mm&r=g\",\"contentUrl\":\"https:\\\/\\\/secure.gravatar.com\\\/avatar\\\/bb65d0283347e303893ba14f0692005417c1e0e690a325a4c5d8bb2b3943ee14?s=96&d=mm&r=g\",\"caption\":\"Cope Alcoy\"}}]}<\/script>\n<!-- \/ Yoast SEO plugin. -->","yoast_head_json":{"title":"La Feria 'Tapa i Festa' abrir\u00e1 sus puertas el 20 de abril en la Glorieta - COPE Alcoy","robots":{"index":"index","follow":"follow","max-snippet":"max-snippet:-1","max-image-preview":"max-image-preview:large","max-video-preview":"max-video-preview:-1"},"canonical":"https:\/\/www.copealcoy.es\/es\/la-feria-tapa-i-festa-abrira-puertas-20-abril-la-glorieta\/","og_locale":"es_ES","og_type":"article","og_title":"La Feria 'Tapa i Festa' abrir\u00e1 sus puertas el 20 de abril en la Glorieta - COPE Alcoy","og_description":"La Feria &#8216;Tapa i Festa&#8217;, que se ubicar\u00e1 en La Glorieta durante las pr\u00f3ximas fiestas de moros y cristianos, abrir\u00e1...","og_url":"https:\/\/www.copealcoy.es\/es\/la-feria-tapa-i-festa-abrira-puertas-20-abril-la-glorieta\/","og_site_name":"COPE Alcoy","article_published_time":"2017-04-10T21:06:40+00:00","article_modified_time":"2017-04-10T21:10:14+00:00","og_image":[{"width":1024,"height":683,"url":"https:\/\/www.copealcoy.es\/wp-content\/uploads\/2017\/04\/IMG_1348-1024x683.jpg","type":"image\/jpeg"}],"author":"Cope Alcoy","twitter_misc":{"Escrito por":"Cope Alcoy","Tiempo de lectura":"2 minutos"},"schema":{"@context":"https:\/\/schema.org","@graph":[{"@type":"Article","@id":"https:\/\/www.copealcoy.es\/es\/la-feria-tapa-i-festa-abrira-puertas-20-abril-la-glorieta\/#article","isPartOf":{"@id":"https:\/\/www.copealcoy.es\/es\/la-feria-tapa-i-festa-abrira-puertas-20-abril-la-glorieta\/"},"author":{"name":"Cope Alcoy","@id":"https:\/\/www.copealcoy.es\/es\/#\/schema\/person\/e777c87fa024e57d40170af9df39882c"},"headline":"La Feria &#8216;Tapa i Festa&#8217; abrir\u00e1 sus puertas el 20 de abril en la Glorieta","datePublished":"2017-04-10T21:06:40+00:00","dateModified":"2017-04-10T21:10:14+00:00","mainEntityOfPage":{"@id":"https:\/\/www.copealcoy.es\/es\/la-feria-tapa-i-festa-abrira-puertas-20-abril-la-glorieta\/"},"wordCount":321,"commentCount":0,"image":{"@id":"https:\/\/www.copealcoy.es\/es\/la-feria-tapa-i-festa-abrira-puertas-20-abril-la-glorieta\/#primaryimage"},"thumbnailUrl":"https:\/\/www.copealcoy.es\/wp-content\/uploads\/2017\/04\/IMG_1348.jpg","keywords":["Alcoy","alimentaci\u00f3n","Mar\u00eda Baca","SEA Eventos","Tapa i Festa","Tom\u00e1s Tom\u00e1s"],"articleSection":["Alcoy","Fiesta y Cultura","Noticias"],"inLanguage":"es"},{"@type":"WebPage","@id":"https:\/\/www.copealcoy.es\/es\/la-feria-tapa-i-festa-abrira-puertas-20-abril-la-glorieta\/","url":"https:\/\/www.copealcoy.es\/es\/la-feria-tapa-i-festa-abrira-puertas-20-abril-la-glorieta\/","name":"La Feria 'Tapa i Festa' abrir\u00e1 sus puertas el 20 de abril en la Glorieta - COPE Alcoy","isPartOf":{"@id":"https:\/\/www.copealcoy.es\/es\/#website"},"primaryImageOfPage":{"@id":"https:\/\/www.copealcoy.es\/es\/la-feria-tapa-i-festa-abrira-puertas-20-abril-la-glorieta\/#primaryimage"},"image":{"@id":"https:\/\/www.copealcoy.es\/es\/la-feria-tapa-i-festa-abrira-puertas-20-abril-la-glorieta\/#primaryimage"},"thumbnailUrl":"https:\/\/www.copealcoy.es\/wp-content\/uploads\/2017\/04\/IMG_1348.jpg","datePublished":"2017-04-10T21:06:40+00:00","dateModified":"2017-04-10T21:10:14+00:00","author":{"@id":"https:\/\/www.copealcoy.es\/es\/#\/schema\/person\/e777c87fa024e57d40170af9df39882c"},"breadcrumb":{"@id":"https:\/\/www.copealcoy.es\/es\/la-feria-tapa-i-festa-abrira-puertas-20-abril-la-glorieta\/#breadcrumb"},"inLanguage":"es","potentialAction":[{"@type":"ReadAction","target":["https:\/\/www.copealcoy.es\/es\/la-feria-tapa-i-festa-abrira-puertas-20-abril-la-glorieta\/"]}]},{"@type":"ImageObject","inLanguage":"es","@id":"https:\/\/www.copealcoy.es\/es\/la-feria-tapa-i-festa-abrira-puertas-20-abril-la-glorieta\/#primaryimage","url":"https:\/\/www.copealcoy.es\/wp-content\/uploads\/2017\/04\/IMG_1348.jpg","contentUrl":"https:\/\/www.copealcoy.es\/wp-content\/uploads\/2017\/04\/IMG_1348.jpg","width":4272,"height":2848,"caption":"Mar\u00eda Baca y Tom\u00e1s Tom\u00e1s han presentado las novedades de este edici\u00f3n"},{"@type":"BreadcrumbList","@id":"https:\/\/www.copealcoy.es\/es\/la-feria-tapa-i-festa-abrira-puertas-20-abril-la-glorieta\/#breadcrumb","itemListElement":[{"@type":"ListItem","position":1,"name":"Portada","item":"https:\/\/www.copealcoy.es\/es\/"},{"@type":"ListItem","position":2,"name":"La Feria &#8216;Tapa i Festa&#8217; abrir\u00e1 sus puertas el 20 de abril en la Glorieta"}]},{"@type":"WebSite","@id":"https:\/\/www.copealcoy.es\/es\/#website","url":"https:\/\/www.copealcoy.es\/es\/","name":"COPE Alcoy","description":"Emisora COPE de radio local con emisi\u00f3n online. Pont de Sant Jordi 8-10 03803 Alcoy","potentialAction":[{"@type":"SearchAction","target":{"@type":"EntryPoint","urlTemplate":"https:\/\/www.copealcoy.es\/es\/?s={search_term_string}"},"query-input":{"@type":"PropertyValueSpecification","valueRequired":true,"valueName":"search_term_string"}}],"inLanguage":"es"},{"@type":"Person","@id":"https:\/\/www.copealcoy.es\/es\/#\/schema\/person\/e777c87fa024e57d40170af9df39882c","name":"Cope Alcoy","image":{"@type":"ImageObject","inLanguage":"es","@id":"https:\/\/secure.gravatar.com\/avatar\/bb65d0283347e303893ba14f0692005417c1e0e690a325a4c5d8bb2b3943ee14?s=96&d=mm&r=g","url":"https:\/\/secure.gravatar.com\/avatar\/bb65d0283347e303893ba14f0692005417c1e0e690a325a4c5d8bb2b3943ee14?s=96&d=mm&r=g","contentUrl":"https:\/\/secure.gravatar.com\/avatar\/bb65d0283347e303893ba14f0692005417c1e0e690a325a4c5d8bb2b3943ee14?s=96&d=mm&r=g","caption":"Cope Alcoy"}}]}},"_links":{"self":[{"href":"https:\/\/www.copealcoy.es\/es\/wp-json\/wp\/v2\/posts\/30577","targetHints":{"allow":["GET"]}}],"collection":[{"href":"https:\/\/www.copealcoy.es\/es\/wp-json\/wp\/v2\/posts"}],"about":[{"href":"https:\/\/www.copealcoy.es\/es\/wp-json\/wp\/v2\/types\/post"}],"author":[{"embeddable":true,"href":"https:\/\/www.copealcoy.es\/es\/wp-json\/wp\/v2\/users\/1"}],"replies":[{"embeddable":true,"href":"https:\/\/www.copealcoy.es\/es\/wp-json\/wp\/v2\/comments?post=30577"}],"version-history":[{"count":0,"href":"https:\/\/www.copealcoy.es\/es\/wp-json\/wp\/v2\/posts\/30577\/revisions"}],"wp:featuredmedia":[{"embeddable":true,"href":"https:\/\/www.copealcoy.es\/es\/wp-json\/wp\/v2\/media\/30578"}],"wp:attachment":[{"href":"https:\/\/www.copealcoy.es\/es\/wp-json\/wp\/v2\/media?parent=30577"}],"wp:term":[{"taxonomy":"category","embeddable":true,"href":"https:\/\/www.copealcoy.es\/es\/wp-json\/wp\/v2\/categories?post=30577"},{"taxonomy":"post_tag","embeddable":true,"href":"https:\/\/www.copealcoy.es\/es\/wp-json\/wp\/v2\/tags?post=30577"}],"curies":[{"name":"wp","href":"https:\/\/api.w.org\/{rel}","templated":true}]}}