{"id":30520,"date":"2017-04-16T08:25:08","date_gmt":"2017-04-16T08:25:08","guid":{"rendered":"http:\/\/copealcoi.es\/new\/?p=30520"},"modified":"2017-09-08T10:37:26","modified_gmt":"2017-09-08T10:37:26","slug":"encuentro-glorioso-que-da-paso-a-la-festa","status":"publish","type":"post","link":"https:\/\/www.copealcoy.es\/es\/encuentro-glorioso-que-da-paso-a-la-festa\/","title":{"rendered":"Encuentro Glorioso que da paso a la Festa"},"content":{"rendered":"<p style=\"text-align: justify;\">Alcoy ha comenzado este domingo 16 de abril con el <strong>volteo general de las campanas<\/strong>, que anunciaban el inicio del d\u00eda de Pascua de Resurrecci\u00f3n, y <strong>la cl\u00e1sica \u2018Despert\u00e0\u2019<\/strong> que ha recorrido <strong>las principales calles del Centro de la ciudad<\/strong> con las primeras luces del d\u00eda.<\/p>\n<p style=\"text-align: justify;\">Poco antes de las siete y media de la ma\u00f1ana <strong>han salido desde la parroquia de San Mauro y San Francisco las im\u00e1genes de la Virgen Mar\u00eda y El Salvador<\/strong> para discurrir por varias calles antes de protagonizar el cl\u00e1sico <strong>Encuentro Glorioso que cierra la Semana Santa<\/strong> y da paso a las fiestas de moros y cristianos. El <strong>Resucitado<\/strong> ha recorrido un tramo de la Plaza Ram\u00f3n y Cajal, hasta situarse delante de La Glorieta, mientras que <strong>la Virgen Mar\u00eda ha emprendido una veloz carrera desde mediados de la calle de San Nicol\u00e1s<\/strong> para reunirse con Jesucristo. En esos instantes <strong>centenares de alcoyanos han hecho sonar los cerca de 2.000 Xiulitets de barro que ha repartido el Ayuntamiento<\/strong> de Alcoy para este acto y que han sido decorados en el Centro Ocupacional de Gormaget.<\/p>\n<p style=\"text-align: justify;\">Tras el Encuentro <strong>Don Jos\u00e9 Lu\u00eds Llopis<\/strong>, que desempe\u00f1a su ministerio sacerdotal en las parroquias del Centro de la ciudad, <strong>ha pronunciado una oraci\u00f3n<\/strong> en la que nos ha recordado que <strong>en Alcoy la Resurrecci\u00f3n de Cristo cierra los d\u00edas de pasi\u00f3n y recogimiento de la Semana Santa<\/strong> para dar paso al bullicio de las <strong>fiestas de moros y cristianos<\/strong>. Su alocuci\u00f3n ha finalizado con un sonoro \u2018Visca Sant Jordi\u2019.<\/p>\n<p style=\"text-align: justify;\">La procesi\u00f3n dels Xiulitets<strong> ha seguido despu\u00e9s por el Centro<\/strong> hasta finalizar de nuevo en el templo de San Mauro y San Francisco.<\/p>\n<p><iframe loading=\"lazy\" title=\"Procesio\u0301n Xiulitets Alcoy 2017\" width=\"1200\" height=\"675\" src=\"https:\/\/www.youtube.com\/embed\/F0WXjopABE8?feature=oembed\" frameborder=\"0\" allow=\"accelerometer; autoplay; encrypted-media; gyroscope; picture-in-picture\" allowfullscreen><\/iframe><\/p>\n","protected":false},"excerpt":{"rendered":"<p>Alcoy ha comenzado este domingo 16 de abril con el volteo general de las campanas, que anunciaban el inicio del&#8230;<\/p>\n","protected":false},"author":1,"featured_media":30763,"comment_status":"open","ping_status":"open","sticky":false,"template":"","format":"standard","meta":{"footnotes":""},"categories":[97,78,75,125],"tags":[1494,3988,609,917,745,918],"class_list":["post-30520","post","type-post","status-publish","format-standard","has-post-thumbnail","hentry","category-alcoy","category-fiestaycultura","category-noticias","category-portada","tag-alcoy","tag-encuentro-glorioso","tag-moros-y-cristianos","tag-procesion","tag-semana-santa","tag-xiulitets"],"yoast_head":"<!-- This site is optimized with the Yoast SEO plugin v27.3 - https:\/\/yoast.com\/product\/yoast-seo-wordpress\/ -->\n<title>Encuentro Glorioso que da paso a la Festa - COPE Alcoy<\/title>\n<meta name=\"robots\" content=\"index, follow, max-snippet:-1, max-image-preview:large, max-video-preview:-1\" \/>\n<link rel=\"canonical\" href=\"https:\/\/www.copealcoy.es\/es\/encuentro-glorioso-que-da-paso-a-la-festa\/\" \/>\n<meta property=\"og:locale\" content=\"es_ES\" \/>\n<meta property=\"og:type\" content=\"article\" \/>\n<meta property=\"og:title\" content=\"Encuentro Glorioso que da paso a la Festa - COPE Alcoy\" \/>\n<meta property=\"og:description\" content=\"Alcoy ha comenzado este domingo 16 de abril con el volteo general de las campanas, que anunciaban el inicio del...\" \/>\n<meta property=\"og:url\" content=\"https:\/\/www.copealcoy.es\/es\/encuentro-glorioso-que-da-paso-a-la-festa\/\" \/>\n<meta property=\"og:site_name\" content=\"COPE Alcoy\" \/>\n<meta property=\"article:published_time\" content=\"2017-04-16T08:25:08+00:00\" \/>\n<meta property=\"article:modified_time\" content=\"2017-09-08T10:37:26+00:00\" \/>\n<meta property=\"og:image\" content=\"https:\/\/www.copealcoy.es\/wp-content\/uploads\/2017\/04\/17798976_10213106250719032_7870358687219869387_n-e1492331057689.jpg\" \/>\n\t<meta property=\"og:image:width\" content=\"960\" \/>\n\t<meta property=\"og:image:height\" content=\"520\" \/>\n\t<meta property=\"og:image:type\" content=\"image\/jpeg\" \/>\n<meta name=\"author\" content=\"Cope Alcoy\" \/>\n<meta name=\"twitter:label1\" content=\"Escrito por\" \/>\n\t<meta name=\"twitter:data1\" content=\"Cope Alcoy\" \/>\n\t<meta name=\"twitter:label2\" content=\"Tiempo de lectura\" \/>\n\t<meta name=\"twitter:data2\" content=\"1 minuto\" \/>\n<script type=\"application\/ld+json\" class=\"yoast-schema-graph\">{\"@context\":\"https:\\\/\\\/schema.org\",\"@graph\":[{\"@type\":\"Article\",\"@id\":\"https:\\\/\\\/www.copealcoy.es\\\/es\\\/encuentro-glorioso-que-da-paso-a-la-festa\\\/#article\",\"isPartOf\":{\"@id\":\"https:\\\/\\\/www.copealcoy.es\\\/es\\\/encuentro-glorioso-que-da-paso-a-la-festa\\\/\"},\"author\":{\"name\":\"Cope Alcoy\",\"@id\":\"https:\\\/\\\/www.copealcoy.es\\\/es\\\/#\\\/schema\\\/person\\\/e777c87fa024e57d40170af9df39882c\"},\"headline\":\"Encuentro Glorioso que da paso a la Festa\",\"datePublished\":\"2017-04-16T08:25:08+00:00\",\"dateModified\":\"2017-09-08T10:37:26+00:00\",\"mainEntityOfPage\":{\"@id\":\"https:\\\/\\\/www.copealcoy.es\\\/es\\\/encuentro-glorioso-que-da-paso-a-la-festa\\\/\"},\"wordCount\":304,\"commentCount\":0,\"image\":{\"@id\":\"https:\\\/\\\/www.copealcoy.es\\\/es\\\/encuentro-glorioso-que-da-paso-a-la-festa\\\/#primaryimage\"},\"thumbnailUrl\":\"https:\\\/\\\/www.copealcoy.es\\\/wp-content\\\/uploads\\\/2017\\\/04\\\/17798976_10213106250719032_7870358687219869387_n-e1492331057689.jpg\",\"keywords\":[\"Alcoy\",\"Encuentro Glorioso\",\"Moros Y Cristianos\",\"Procesi\u00f3n\",\"Semana Santa\",\"Xiulitets\"],\"articleSection\":[\"Alcoy\",\"Fiesta y Cultura\",\"Noticias\",\"Portada\"],\"inLanguage\":\"es\"},{\"@type\":\"WebPage\",\"@id\":\"https:\\\/\\\/www.copealcoy.es\\\/es\\\/encuentro-glorioso-que-da-paso-a-la-festa\\\/\",\"url\":\"https:\\\/\\\/www.copealcoy.es\\\/es\\\/encuentro-glorioso-que-da-paso-a-la-festa\\\/\",\"name\":\"Encuentro Glorioso que da paso a la Festa - COPE Alcoy\",\"isPartOf\":{\"@id\":\"https:\\\/\\\/www.copealcoy.es\\\/es\\\/#website\"},\"primaryImageOfPage\":{\"@id\":\"https:\\\/\\\/www.copealcoy.es\\\/es\\\/encuentro-glorioso-que-da-paso-a-la-festa\\\/#primaryimage\"},\"image\":{\"@id\":\"https:\\\/\\\/www.copealcoy.es\\\/es\\\/encuentro-glorioso-que-da-paso-a-la-festa\\\/#primaryimage\"},\"thumbnailUrl\":\"https:\\\/\\\/www.copealcoy.es\\\/wp-content\\\/uploads\\\/2017\\\/04\\\/17798976_10213106250719032_7870358687219869387_n-e1492331057689.jpg\",\"datePublished\":\"2017-04-16T08:25:08+00:00\",\"dateModified\":\"2017-09-08T10:37:26+00:00\",\"author\":{\"@id\":\"https:\\\/\\\/www.copealcoy.es\\\/es\\\/#\\\/schema\\\/person\\\/e777c87fa024e57d40170af9df39882c\"},\"breadcrumb\":{\"@id\":\"https:\\\/\\\/www.copealcoy.es\\\/es\\\/encuentro-glorioso-que-da-paso-a-la-festa\\\/#breadcrumb\"},\"inLanguage\":\"es\",\"potentialAction\":[{\"@type\":\"ReadAction\",\"target\":[\"https:\\\/\\\/www.copealcoy.es\\\/es\\\/encuentro-glorioso-que-da-paso-a-la-festa\\\/\"]}]},{\"@type\":\"ImageObject\",\"inLanguage\":\"es\",\"@id\":\"https:\\\/\\\/www.copealcoy.es\\\/es\\\/encuentro-glorioso-que-da-paso-a-la-festa\\\/#primaryimage\",\"url\":\"https:\\\/\\\/www.copealcoy.es\\\/wp-content\\\/uploads\\\/2017\\\/04\\\/17798976_10213106250719032_7870358687219869387_n-e1492331057689.jpg\",\"contentUrl\":\"https:\\\/\\\/www.copealcoy.es\\\/wp-content\\\/uploads\\\/2017\\\/04\\\/17798976_10213106250719032_7870358687219869387_n-e1492331057689.jpg\",\"width\":960,\"height\":520,\"caption\":\"Las im\u00e1genes de Cristo Resucitado y la Virgen Mar\u00eda han recorrido las calles del Centro de Alcoy \\\/ Foto: R. Llopis\"},{\"@type\":\"BreadcrumbList\",\"@id\":\"https:\\\/\\\/www.copealcoy.es\\\/es\\\/encuentro-glorioso-que-da-paso-a-la-festa\\\/#breadcrumb\",\"itemListElement\":[{\"@type\":\"ListItem\",\"position\":1,\"name\":\"Portada\",\"item\":\"https:\\\/\\\/www.copealcoy.es\\\/es\\\/\"},{\"@type\":\"ListItem\",\"position\":2,\"name\":\"Encuentro Glorioso que da paso a la Festa\"}]},{\"@type\":\"WebSite\",\"@id\":\"https:\\\/\\\/www.copealcoy.es\\\/es\\\/#website\",\"url\":\"https:\\\/\\\/www.copealcoy.es\\\/es\\\/\",\"name\":\"COPE Alcoy\",\"description\":\"Emisora COPE de radio local con emisi\u00f3n online. Pont de Sant Jordi 8-10 03803 Alcoy\",\"potentialAction\":[{\"@type\":\"SearchAction\",\"target\":{\"@type\":\"EntryPoint\",\"urlTemplate\":\"https:\\\/\\\/www.copealcoy.es\\\/es\\\/?s={search_term_string}\"},\"query-input\":{\"@type\":\"PropertyValueSpecification\",\"valueRequired\":true,\"valueName\":\"search_term_string\"}}],\"inLanguage\":\"es\"},{\"@type\":\"Person\",\"@id\":\"https:\\\/\\\/www.copealcoy.es\\\/es\\\/#\\\/schema\\\/person\\\/e777c87fa024e57d40170af9df39882c\",\"name\":\"Cope Alcoy\",\"image\":{\"@type\":\"ImageObject\",\"inLanguage\":\"es\",\"@id\":\"https:\\\/\\\/secure.gravatar.com\\\/avatar\\\/bb65d0283347e303893ba14f0692005417c1e0e690a325a4c5d8bb2b3943ee14?s=96&d=mm&r=g\",\"url\":\"https:\\\/\\\/secure.gravatar.com\\\/avatar\\\/bb65d0283347e303893ba14f0692005417c1e0e690a325a4c5d8bb2b3943ee14?s=96&d=mm&r=g\",\"contentUrl\":\"https:\\\/\\\/secure.gravatar.com\\\/avatar\\\/bb65d0283347e303893ba14f0692005417c1e0e690a325a4c5d8bb2b3943ee14?s=96&d=mm&r=g\",\"caption\":\"Cope Alcoy\"}}]}<\/script>\n<!-- \/ Yoast SEO plugin. -->","yoast_head_json":{"title":"Encuentro Glorioso que da paso a la Festa - COPE Alcoy","robots":{"index":"index","follow":"follow","max-snippet":"max-snippet:-1","max-image-preview":"max-image-preview:large","max-video-preview":"max-video-preview:-1"},"canonical":"https:\/\/www.copealcoy.es\/es\/encuentro-glorioso-que-da-paso-a-la-festa\/","og_locale":"es_ES","og_type":"article","og_title":"Encuentro Glorioso que da paso a la Festa - COPE Alcoy","og_description":"Alcoy ha comenzado este domingo 16 de abril con el volteo general de las campanas, que anunciaban el inicio del...","og_url":"https:\/\/www.copealcoy.es\/es\/encuentro-glorioso-que-da-paso-a-la-festa\/","og_site_name":"COPE Alcoy","article_published_time":"2017-04-16T08:25:08+00:00","article_modified_time":"2017-09-08T10:37:26+00:00","og_image":[{"width":960,"height":520,"url":"https:\/\/www.copealcoy.es\/wp-content\/uploads\/2017\/04\/17798976_10213106250719032_7870358687219869387_n-e1492331057689.jpg","type":"image\/jpeg"}],"author":"Cope Alcoy","twitter_misc":{"Escrito por":"Cope Alcoy","Tiempo de lectura":"1 minuto"},"schema":{"@context":"https:\/\/schema.org","@graph":[{"@type":"Article","@id":"https:\/\/www.copealcoy.es\/es\/encuentro-glorioso-que-da-paso-a-la-festa\/#article","isPartOf":{"@id":"https:\/\/www.copealcoy.es\/es\/encuentro-glorioso-que-da-paso-a-la-festa\/"},"author":{"name":"Cope Alcoy","@id":"https:\/\/www.copealcoy.es\/es\/#\/schema\/person\/e777c87fa024e57d40170af9df39882c"},"headline":"Encuentro Glorioso que da paso a la Festa","datePublished":"2017-04-16T08:25:08+00:00","dateModified":"2017-09-08T10:37:26+00:00","mainEntityOfPage":{"@id":"https:\/\/www.copealcoy.es\/es\/encuentro-glorioso-que-da-paso-a-la-festa\/"},"wordCount":304,"commentCount":0,"image":{"@id":"https:\/\/www.copealcoy.es\/es\/encuentro-glorioso-que-da-paso-a-la-festa\/#primaryimage"},"thumbnailUrl":"https:\/\/www.copealcoy.es\/wp-content\/uploads\/2017\/04\/17798976_10213106250719032_7870358687219869387_n-e1492331057689.jpg","keywords":["Alcoy","Encuentro Glorioso","Moros Y Cristianos","Procesi\u00f3n","Semana Santa","Xiulitets"],"articleSection":["Alcoy","Fiesta y Cultura","Noticias","Portada"],"inLanguage":"es"},{"@type":"WebPage","@id":"https:\/\/www.copealcoy.es\/es\/encuentro-glorioso-que-da-paso-a-la-festa\/","url":"https:\/\/www.copealcoy.es\/es\/encuentro-glorioso-que-da-paso-a-la-festa\/","name":"Encuentro Glorioso que da paso a la Festa - COPE Alcoy","isPartOf":{"@id":"https:\/\/www.copealcoy.es\/es\/#website"},"primaryImageOfPage":{"@id":"https:\/\/www.copealcoy.es\/es\/encuentro-glorioso-que-da-paso-a-la-festa\/#primaryimage"},"image":{"@id":"https:\/\/www.copealcoy.es\/es\/encuentro-glorioso-que-da-paso-a-la-festa\/#primaryimage"},"thumbnailUrl":"https:\/\/www.copealcoy.es\/wp-content\/uploads\/2017\/04\/17798976_10213106250719032_7870358687219869387_n-e1492331057689.jpg","datePublished":"2017-04-16T08:25:08+00:00","dateModified":"2017-09-08T10:37:26+00:00","author":{"@id":"https:\/\/www.copealcoy.es\/es\/#\/schema\/person\/e777c87fa024e57d40170af9df39882c"},"breadcrumb":{"@id":"https:\/\/www.copealcoy.es\/es\/encuentro-glorioso-que-da-paso-a-la-festa\/#breadcrumb"},"inLanguage":"es","potentialAction":[{"@type":"ReadAction","target":["https:\/\/www.copealcoy.es\/es\/encuentro-glorioso-que-da-paso-a-la-festa\/"]}]},{"@type":"ImageObject","inLanguage":"es","@id":"https:\/\/www.copealcoy.es\/es\/encuentro-glorioso-que-da-paso-a-la-festa\/#primaryimage","url":"https:\/\/www.copealcoy.es\/wp-content\/uploads\/2017\/04\/17798976_10213106250719032_7870358687219869387_n-e1492331057689.jpg","contentUrl":"https:\/\/www.copealcoy.es\/wp-content\/uploads\/2017\/04\/17798976_10213106250719032_7870358687219869387_n-e1492331057689.jpg","width":960,"height":520,"caption":"Las im\u00e1genes de Cristo Resucitado y la Virgen Mar\u00eda han recorrido las calles del Centro de Alcoy \/ Foto: R. Llopis"},{"@type":"BreadcrumbList","@id":"https:\/\/www.copealcoy.es\/es\/encuentro-glorioso-que-da-paso-a-la-festa\/#breadcrumb","itemListElement":[{"@type":"ListItem","position":1,"name":"Portada","item":"https:\/\/www.copealcoy.es\/es\/"},{"@type":"ListItem","position":2,"name":"Encuentro Glorioso que da paso a la Festa"}]},{"@type":"WebSite","@id":"https:\/\/www.copealcoy.es\/es\/#website","url":"https:\/\/www.copealcoy.es\/es\/","name":"COPE Alcoy","description":"Emisora COPE de radio local con emisi\u00f3n online. Pont de Sant Jordi 8-10 03803 Alcoy","potentialAction":[{"@type":"SearchAction","target":{"@type":"EntryPoint","urlTemplate":"https:\/\/www.copealcoy.es\/es\/?s={search_term_string}"},"query-input":{"@type":"PropertyValueSpecification","valueRequired":true,"valueName":"search_term_string"}}],"inLanguage":"es"},{"@type":"Person","@id":"https:\/\/www.copealcoy.es\/es\/#\/schema\/person\/e777c87fa024e57d40170af9df39882c","name":"Cope Alcoy","image":{"@type":"ImageObject","inLanguage":"es","@id":"https:\/\/secure.gravatar.com\/avatar\/bb65d0283347e303893ba14f0692005417c1e0e690a325a4c5d8bb2b3943ee14?s=96&d=mm&r=g","url":"https:\/\/secure.gravatar.com\/avatar\/bb65d0283347e303893ba14f0692005417c1e0e690a325a4c5d8bb2b3943ee14?s=96&d=mm&r=g","contentUrl":"https:\/\/secure.gravatar.com\/avatar\/bb65d0283347e303893ba14f0692005417c1e0e690a325a4c5d8bb2b3943ee14?s=96&d=mm&r=g","caption":"Cope Alcoy"}}]}},"_links":{"self":[{"href":"https:\/\/www.copealcoy.es\/es\/wp-json\/wp\/v2\/posts\/30520","targetHints":{"allow":["GET"]}}],"collection":[{"href":"https:\/\/www.copealcoy.es\/es\/wp-json\/wp\/v2\/posts"}],"about":[{"href":"https:\/\/www.copealcoy.es\/es\/wp-json\/wp\/v2\/types\/post"}],"author":[{"embeddable":true,"href":"https:\/\/www.copealcoy.es\/es\/wp-json\/wp\/v2\/users\/1"}],"replies":[{"embeddable":true,"href":"https:\/\/www.copealcoy.es\/es\/wp-json\/wp\/v2\/comments?post=30520"}],"version-history":[{"count":0,"href":"https:\/\/www.copealcoy.es\/es\/wp-json\/wp\/v2\/posts\/30520\/revisions"}],"wp:featuredmedia":[{"embeddable":true,"href":"https:\/\/www.copealcoy.es\/es\/wp-json\/wp\/v2\/media\/30763"}],"wp:attachment":[{"href":"https:\/\/www.copealcoy.es\/es\/wp-json\/wp\/v2\/media?parent=30520"}],"wp:term":[{"taxonomy":"category","embeddable":true,"href":"https:\/\/www.copealcoy.es\/es\/wp-json\/wp\/v2\/categories?post=30520"},{"taxonomy":"post_tag","embeddable":true,"href":"https:\/\/www.copealcoy.es\/es\/wp-json\/wp\/v2\/tags?post=30520"}],"curies":[{"name":"wp","href":"https:\/\/api.w.org\/{rel}","templated":true}]}}