{"id":30505,"date":"2017-04-13T22:40:02","date_gmt":"2017-04-13T22:40:02","guid":{"rendered":"http:\/\/copealcoi.es\/new\/?p=30505"},"modified":"2017-09-08T10:35:40","modified_gmt":"2017-09-08T10:35:40","slug":"el-silencio-se-rompe-el-jueves-santo-en-la-zona-alta-de-alcoy","status":"publish","type":"post","link":"https:\/\/www.copealcoy.es\/es\/el-silencio-se-rompe-el-jueves-santo-en-la-zona-alta-de-alcoy\/","title":{"rendered":"El Silencio se rompe el Jueves Santo en la zona alta de Alcoy"},"content":{"rendered":"<p style=\"text-align: justify;\">Alcoy ha vuelto a vivir con fervor y recogimiento<strong> la Procesi\u00f3n del Silencio<\/strong> que un Jueves Santo m\u00e1s <strong>ha recorrido las calles de la Zona Alta de la ciudad<\/strong> tras partir de la parroquia de San Vicente y San Antonio.<\/p>\n<p style=\"text-align: justify;\">La comitiva <strong>la han encabezado numerosos fieles<\/strong>, algunos de ellos portando la cl\u00e1sica vestimenta de Penitente, y <strong>m\u00e1s de sesenta costaleros han unido su esfuerzo<\/strong> para portar los pasos del <strong>Cristo Agonizante y de la Virgen de la Soledad<\/strong>. Tambi\u00e9n destac\u00f3 la presencia de damas de mantilla y nazarenos portando la cruz al hombro mientras que <strong>los tambores y las cornetas han aportado el toque musical<\/strong> a este solemne acto. De igual forma <strong>no faltaron las Saetas que rompieron el silencio<\/strong> de la noche del Jueves Santo bajo la luna llena del mes de abril.<\/p>\n<p style=\"text-align: justify;\">El desfile procesional transcurri\u00f3 por <strong>las calles Sant Nicolauet, El Cam\u00ed, La Sardina y placeta Les Eres<\/strong> hasta finalizar en la citada parroquia de San Vicente y de San Antonio.<\/p>\n<p style=\"text-align: justify;\"><strong>Todas las cofrad\u00edas participan en la Procesi\u00f3n del Santo Entierro<\/strong><\/p>\n<p style=\"text-align: justify;\">Los actos de la Semana Santa Alcoyana <strong>continuar\u00e1n el Viernes Santo con el V\u00eda Crucis y los Oficios Solemnes<\/strong> que se celebrar\u00e1n en cada templo. A partir de las seis de la tarde <strong>se podr\u00e1 adorar la cruz en la iglesia de Santa Mar\u00eda<\/strong> y sobre las ocho partir\u00e1 desde este \u00faltimo templo <strong>la Procesi\u00f3n del Santo Entierro<\/strong> en la que participar\u00e1n todos los pasos de Alcoy. Por \u00faltimo se llevar\u00e1 a cabo <strong>una oraci\u00f3n conjunta<\/strong> en la Placeta del Fossar.<\/p>\n<p><iframe loading=\"lazy\" title=\"Procesio\u0301n del Silencio Alcoy\" width=\"1200\" height=\"675\" src=\"https:\/\/www.youtube.com\/embed\/2JymiZSDUCM?feature=oembed\" frameborder=\"0\" allow=\"accelerometer; autoplay; encrypted-media; gyroscope; picture-in-picture\" allowfullscreen><\/iframe><\/p>\n","protected":false},"excerpt":{"rendered":"<p>Alcoy ha vuelto a vivir con fervor y recogimiento la Procesi\u00f3n del Silencio que un Jueves Santo m\u00e1s ha recorrido&#8230;<\/p>\n","protected":false},"author":1,"featured_media":30699,"comment_status":"open","ping_status":"open","sticky":false,"template":"","format":"standard","meta":{"footnotes":""},"categories":[97,78,75,125],"tags":[1494,3982,3983,745],"class_list":["post-30505","post","type-post","status-publish","format-standard","has-post-thumbnail","hentry","category-alcoy","category-fiestaycultura","category-noticias","category-portada","tag-alcoy","tag-jueves-santo","tag-procesion-del-silencio","tag-semana-santa"],"yoast_head":"<!-- This site is optimized with the Yoast SEO plugin v27.3 - https:\/\/yoast.com\/product\/yoast-seo-wordpress\/ -->\n<title>El Silencio se rompe el Jueves Santo en la zona alta de Alcoy - COPE Alcoy<\/title>\n<meta name=\"robots\" content=\"index, follow, max-snippet:-1, max-image-preview:large, max-video-preview:-1\" \/>\n<link rel=\"canonical\" href=\"https:\/\/www.copealcoy.es\/es\/el-silencio-se-rompe-el-jueves-santo-en-la-zona-alta-de-alcoy\/\" \/>\n<meta property=\"og:locale\" content=\"es_ES\" \/>\n<meta property=\"og:type\" content=\"article\" \/>\n<meta property=\"og:title\" content=\"El Silencio se rompe el Jueves Santo en la zona alta de Alcoy - COPE Alcoy\" \/>\n<meta property=\"og:description\" content=\"Alcoy ha vuelto a vivir con fervor y recogimiento la Procesi\u00f3n del Silencio que un Jueves Santo m\u00e1s ha recorrido...\" \/>\n<meta property=\"og:url\" content=\"https:\/\/www.copealcoy.es\/es\/el-silencio-se-rompe-el-jueves-santo-en-la-zona-alta-de-alcoy\/\" \/>\n<meta property=\"og:site_name\" content=\"COPE Alcoy\" \/>\n<meta property=\"article:published_time\" content=\"2017-04-13T22:40:02+00:00\" \/>\n<meta property=\"article:modified_time\" content=\"2017-09-08T10:35:40+00:00\" \/>\n<meta property=\"og:image\" content=\"https:\/\/www.copealcoy.es\/wp-content\/uploads\/2017\/04\/IMG_7943-1024x640.jpg\" \/>\n\t<meta property=\"og:image:width\" content=\"1024\" \/>\n\t<meta property=\"og:image:height\" content=\"640\" \/>\n\t<meta property=\"og:image:type\" content=\"image\/jpeg\" \/>\n<meta name=\"author\" content=\"Cope Alcoy\" \/>\n<meta name=\"twitter:label1\" content=\"Escrito por\" \/>\n\t<meta name=\"twitter:data1\" content=\"Cope Alcoy\" \/>\n\t<meta name=\"twitter:label2\" content=\"Tiempo de lectura\" \/>\n\t<meta name=\"twitter:data2\" content=\"1 minuto\" \/>\n<script type=\"application\/ld+json\" class=\"yoast-schema-graph\">{\"@context\":\"https:\\\/\\\/schema.org\",\"@graph\":[{\"@type\":\"Article\",\"@id\":\"https:\\\/\\\/www.copealcoy.es\\\/es\\\/el-silencio-se-rompe-el-jueves-santo-en-la-zona-alta-de-alcoy\\\/#article\",\"isPartOf\":{\"@id\":\"https:\\\/\\\/www.copealcoy.es\\\/es\\\/el-silencio-se-rompe-el-jueves-santo-en-la-zona-alta-de-alcoy\\\/\"},\"author\":{\"name\":\"Cope Alcoy\",\"@id\":\"https:\\\/\\\/www.copealcoy.es\\\/es\\\/#\\\/schema\\\/person\\\/e777c87fa024e57d40170af9df39882c\"},\"headline\":\"El Silencio se rompe el Jueves Santo en la zona alta de Alcoy\",\"datePublished\":\"2017-04-13T22:40:02+00:00\",\"dateModified\":\"2017-09-08T10:35:40+00:00\",\"mainEntityOfPage\":{\"@id\":\"https:\\\/\\\/www.copealcoy.es\\\/es\\\/el-silencio-se-rompe-el-jueves-santo-en-la-zona-alta-de-alcoy\\\/\"},\"wordCount\":287,\"commentCount\":0,\"image\":{\"@id\":\"https:\\\/\\\/www.copealcoy.es\\\/es\\\/el-silencio-se-rompe-el-jueves-santo-en-la-zona-alta-de-alcoy\\\/#primaryimage\"},\"thumbnailUrl\":\"https:\\\/\\\/www.copealcoy.es\\\/wp-content\\\/uploads\\\/2017\\\/04\\\/IMG_7943.jpg\",\"keywords\":[\"Alcoy\",\"Jueves Santo\",\"Procesi\u00f3n del Silencio\",\"Semana Santa\"],\"articleSection\":[\"Alcoy\",\"Fiesta y Cultura\",\"Noticias\",\"Portada\"],\"inLanguage\":\"es\"},{\"@type\":\"WebPage\",\"@id\":\"https:\\\/\\\/www.copealcoy.es\\\/es\\\/el-silencio-se-rompe-el-jueves-santo-en-la-zona-alta-de-alcoy\\\/\",\"url\":\"https:\\\/\\\/www.copealcoy.es\\\/es\\\/el-silencio-se-rompe-el-jueves-santo-en-la-zona-alta-de-alcoy\\\/\",\"name\":\"El Silencio se rompe el Jueves Santo en la zona alta de Alcoy - COPE Alcoy\",\"isPartOf\":{\"@id\":\"https:\\\/\\\/www.copealcoy.es\\\/es\\\/#website\"},\"primaryImageOfPage\":{\"@id\":\"https:\\\/\\\/www.copealcoy.es\\\/es\\\/el-silencio-se-rompe-el-jueves-santo-en-la-zona-alta-de-alcoy\\\/#primaryimage\"},\"image\":{\"@id\":\"https:\\\/\\\/www.copealcoy.es\\\/es\\\/el-silencio-se-rompe-el-jueves-santo-en-la-zona-alta-de-alcoy\\\/#primaryimage\"},\"thumbnailUrl\":\"https:\\\/\\\/www.copealcoy.es\\\/wp-content\\\/uploads\\\/2017\\\/04\\\/IMG_7943.jpg\",\"datePublished\":\"2017-04-13T22:40:02+00:00\",\"dateModified\":\"2017-09-08T10:35:40+00:00\",\"author\":{\"@id\":\"https:\\\/\\\/www.copealcoy.es\\\/es\\\/#\\\/schema\\\/person\\\/e777c87fa024e57d40170af9df39882c\"},\"breadcrumb\":{\"@id\":\"https:\\\/\\\/www.copealcoy.es\\\/es\\\/el-silencio-se-rompe-el-jueves-santo-en-la-zona-alta-de-alcoy\\\/#breadcrumb\"},\"inLanguage\":\"es\",\"potentialAction\":[{\"@type\":\"ReadAction\",\"target\":[\"https:\\\/\\\/www.copealcoy.es\\\/es\\\/el-silencio-se-rompe-el-jueves-santo-en-la-zona-alta-de-alcoy\\\/\"]}]},{\"@type\":\"ImageObject\",\"inLanguage\":\"es\",\"@id\":\"https:\\\/\\\/www.copealcoy.es\\\/es\\\/el-silencio-se-rompe-el-jueves-santo-en-la-zona-alta-de-alcoy\\\/#primaryimage\",\"url\":\"https:\\\/\\\/www.copealcoy.es\\\/wp-content\\\/uploads\\\/2017\\\/04\\\/IMG_7943.jpg\",\"contentUrl\":\"https:\\\/\\\/www.copealcoy.es\\\/wp-content\\\/uploads\\\/2017\\\/04\\\/IMG_7943.jpg\",\"width\":3667,\"height\":2292},{\"@type\":\"BreadcrumbList\",\"@id\":\"https:\\\/\\\/www.copealcoy.es\\\/es\\\/el-silencio-se-rompe-el-jueves-santo-en-la-zona-alta-de-alcoy\\\/#breadcrumb\",\"itemListElement\":[{\"@type\":\"ListItem\",\"position\":1,\"name\":\"Portada\",\"item\":\"https:\\\/\\\/www.copealcoy.es\\\/es\\\/\"},{\"@type\":\"ListItem\",\"position\":2,\"name\":\"El Silencio se rompe el Jueves Santo en la zona alta de Alcoy\"}]},{\"@type\":\"WebSite\",\"@id\":\"https:\\\/\\\/www.copealcoy.es\\\/es\\\/#website\",\"url\":\"https:\\\/\\\/www.copealcoy.es\\\/es\\\/\",\"name\":\"COPE Alcoy\",\"description\":\"Emisora COPE de radio local con emisi\u00f3n online. Pont de Sant Jordi 8-10 03803 Alcoy\",\"potentialAction\":[{\"@type\":\"SearchAction\",\"target\":{\"@type\":\"EntryPoint\",\"urlTemplate\":\"https:\\\/\\\/www.copealcoy.es\\\/es\\\/?s={search_term_string}\"},\"query-input\":{\"@type\":\"PropertyValueSpecification\",\"valueRequired\":true,\"valueName\":\"search_term_string\"}}],\"inLanguage\":\"es\"},{\"@type\":\"Person\",\"@id\":\"https:\\\/\\\/www.copealcoy.es\\\/es\\\/#\\\/schema\\\/person\\\/e777c87fa024e57d40170af9df39882c\",\"name\":\"Cope Alcoy\",\"image\":{\"@type\":\"ImageObject\",\"inLanguage\":\"es\",\"@id\":\"https:\\\/\\\/secure.gravatar.com\\\/avatar\\\/bb65d0283347e303893ba14f0692005417c1e0e690a325a4c5d8bb2b3943ee14?s=96&d=mm&r=g\",\"url\":\"https:\\\/\\\/secure.gravatar.com\\\/avatar\\\/bb65d0283347e303893ba14f0692005417c1e0e690a325a4c5d8bb2b3943ee14?s=96&d=mm&r=g\",\"contentUrl\":\"https:\\\/\\\/secure.gravatar.com\\\/avatar\\\/bb65d0283347e303893ba14f0692005417c1e0e690a325a4c5d8bb2b3943ee14?s=96&d=mm&r=g\",\"caption\":\"Cope Alcoy\"}}]}<\/script>\n<!-- \/ Yoast SEO plugin. -->","yoast_head_json":{"title":"El Silencio se rompe el Jueves Santo en la zona alta de Alcoy - COPE Alcoy","robots":{"index":"index","follow":"follow","max-snippet":"max-snippet:-1","max-image-preview":"max-image-preview:large","max-video-preview":"max-video-preview:-1"},"canonical":"https:\/\/www.copealcoy.es\/es\/el-silencio-se-rompe-el-jueves-santo-en-la-zona-alta-de-alcoy\/","og_locale":"es_ES","og_type":"article","og_title":"El Silencio se rompe el Jueves Santo en la zona alta de Alcoy - COPE Alcoy","og_description":"Alcoy ha vuelto a vivir con fervor y recogimiento la Procesi\u00f3n del Silencio que un Jueves Santo m\u00e1s ha recorrido...","og_url":"https:\/\/www.copealcoy.es\/es\/el-silencio-se-rompe-el-jueves-santo-en-la-zona-alta-de-alcoy\/","og_site_name":"COPE Alcoy","article_published_time":"2017-04-13T22:40:02+00:00","article_modified_time":"2017-09-08T10:35:40+00:00","og_image":[{"width":1024,"height":640,"url":"https:\/\/www.copealcoy.es\/wp-content\/uploads\/2017\/04\/IMG_7943-1024x640.jpg","type":"image\/jpeg"}],"author":"Cope Alcoy","twitter_misc":{"Escrito por":"Cope Alcoy","Tiempo de lectura":"1 minuto"},"schema":{"@context":"https:\/\/schema.org","@graph":[{"@type":"Article","@id":"https:\/\/www.copealcoy.es\/es\/el-silencio-se-rompe-el-jueves-santo-en-la-zona-alta-de-alcoy\/#article","isPartOf":{"@id":"https:\/\/www.copealcoy.es\/es\/el-silencio-se-rompe-el-jueves-santo-en-la-zona-alta-de-alcoy\/"},"author":{"name":"Cope Alcoy","@id":"https:\/\/www.copealcoy.es\/es\/#\/schema\/person\/e777c87fa024e57d40170af9df39882c"},"headline":"El Silencio se rompe el Jueves Santo en la zona alta de Alcoy","datePublished":"2017-04-13T22:40:02+00:00","dateModified":"2017-09-08T10:35:40+00:00","mainEntityOfPage":{"@id":"https:\/\/www.copealcoy.es\/es\/el-silencio-se-rompe-el-jueves-santo-en-la-zona-alta-de-alcoy\/"},"wordCount":287,"commentCount":0,"image":{"@id":"https:\/\/www.copealcoy.es\/es\/el-silencio-se-rompe-el-jueves-santo-en-la-zona-alta-de-alcoy\/#primaryimage"},"thumbnailUrl":"https:\/\/www.copealcoy.es\/wp-content\/uploads\/2017\/04\/IMG_7943.jpg","keywords":["Alcoy","Jueves Santo","Procesi\u00f3n del Silencio","Semana Santa"],"articleSection":["Alcoy","Fiesta y Cultura","Noticias","Portada"],"inLanguage":"es"},{"@type":"WebPage","@id":"https:\/\/www.copealcoy.es\/es\/el-silencio-se-rompe-el-jueves-santo-en-la-zona-alta-de-alcoy\/","url":"https:\/\/www.copealcoy.es\/es\/el-silencio-se-rompe-el-jueves-santo-en-la-zona-alta-de-alcoy\/","name":"El Silencio se rompe el Jueves Santo en la zona alta de Alcoy - COPE Alcoy","isPartOf":{"@id":"https:\/\/www.copealcoy.es\/es\/#website"},"primaryImageOfPage":{"@id":"https:\/\/www.copealcoy.es\/es\/el-silencio-se-rompe-el-jueves-santo-en-la-zona-alta-de-alcoy\/#primaryimage"},"image":{"@id":"https:\/\/www.copealcoy.es\/es\/el-silencio-se-rompe-el-jueves-santo-en-la-zona-alta-de-alcoy\/#primaryimage"},"thumbnailUrl":"https:\/\/www.copealcoy.es\/wp-content\/uploads\/2017\/04\/IMG_7943.jpg","datePublished":"2017-04-13T22:40:02+00:00","dateModified":"2017-09-08T10:35:40+00:00","author":{"@id":"https:\/\/www.copealcoy.es\/es\/#\/schema\/person\/e777c87fa024e57d40170af9df39882c"},"breadcrumb":{"@id":"https:\/\/www.copealcoy.es\/es\/el-silencio-se-rompe-el-jueves-santo-en-la-zona-alta-de-alcoy\/#breadcrumb"},"inLanguage":"es","potentialAction":[{"@type":"ReadAction","target":["https:\/\/www.copealcoy.es\/es\/el-silencio-se-rompe-el-jueves-santo-en-la-zona-alta-de-alcoy\/"]}]},{"@type":"ImageObject","inLanguage":"es","@id":"https:\/\/www.copealcoy.es\/es\/el-silencio-se-rompe-el-jueves-santo-en-la-zona-alta-de-alcoy\/#primaryimage","url":"https:\/\/www.copealcoy.es\/wp-content\/uploads\/2017\/04\/IMG_7943.jpg","contentUrl":"https:\/\/www.copealcoy.es\/wp-content\/uploads\/2017\/04\/IMG_7943.jpg","width":3667,"height":2292},{"@type":"BreadcrumbList","@id":"https:\/\/www.copealcoy.es\/es\/el-silencio-se-rompe-el-jueves-santo-en-la-zona-alta-de-alcoy\/#breadcrumb","itemListElement":[{"@type":"ListItem","position":1,"name":"Portada","item":"https:\/\/www.copealcoy.es\/es\/"},{"@type":"ListItem","position":2,"name":"El Silencio se rompe el Jueves Santo en la zona alta de Alcoy"}]},{"@type":"WebSite","@id":"https:\/\/www.copealcoy.es\/es\/#website","url":"https:\/\/www.copealcoy.es\/es\/","name":"COPE Alcoy","description":"Emisora COPE de radio local con emisi\u00f3n online. Pont de Sant Jordi 8-10 03803 Alcoy","potentialAction":[{"@type":"SearchAction","target":{"@type":"EntryPoint","urlTemplate":"https:\/\/www.copealcoy.es\/es\/?s={search_term_string}"},"query-input":{"@type":"PropertyValueSpecification","valueRequired":true,"valueName":"search_term_string"}}],"inLanguage":"es"},{"@type":"Person","@id":"https:\/\/www.copealcoy.es\/es\/#\/schema\/person\/e777c87fa024e57d40170af9df39882c","name":"Cope Alcoy","image":{"@type":"ImageObject","inLanguage":"es","@id":"https:\/\/secure.gravatar.com\/avatar\/bb65d0283347e303893ba14f0692005417c1e0e690a325a4c5d8bb2b3943ee14?s=96&d=mm&r=g","url":"https:\/\/secure.gravatar.com\/avatar\/bb65d0283347e303893ba14f0692005417c1e0e690a325a4c5d8bb2b3943ee14?s=96&d=mm&r=g","contentUrl":"https:\/\/secure.gravatar.com\/avatar\/bb65d0283347e303893ba14f0692005417c1e0e690a325a4c5d8bb2b3943ee14?s=96&d=mm&r=g","caption":"Cope Alcoy"}}]}},"_links":{"self":[{"href":"https:\/\/www.copealcoy.es\/es\/wp-json\/wp\/v2\/posts\/30505","targetHints":{"allow":["GET"]}}],"collection":[{"href":"https:\/\/www.copealcoy.es\/es\/wp-json\/wp\/v2\/posts"}],"about":[{"href":"https:\/\/www.copealcoy.es\/es\/wp-json\/wp\/v2\/types\/post"}],"author":[{"embeddable":true,"href":"https:\/\/www.copealcoy.es\/es\/wp-json\/wp\/v2\/users\/1"}],"replies":[{"embeddable":true,"href":"https:\/\/www.copealcoy.es\/es\/wp-json\/wp\/v2\/comments?post=30505"}],"version-history":[{"count":0,"href":"https:\/\/www.copealcoy.es\/es\/wp-json\/wp\/v2\/posts\/30505\/revisions"}],"wp:featuredmedia":[{"embeddable":true,"href":"https:\/\/www.copealcoy.es\/es\/wp-json\/wp\/v2\/media\/30699"}],"wp:attachment":[{"href":"https:\/\/www.copealcoy.es\/es\/wp-json\/wp\/v2\/media?parent=30505"}],"wp:term":[{"taxonomy":"category","embeddable":true,"href":"https:\/\/www.copealcoy.es\/es\/wp-json\/wp\/v2\/categories?post=30505"},{"taxonomy":"post_tag","embeddable":true,"href":"https:\/\/www.copealcoy.es\/es\/wp-json\/wp\/v2\/tags?post=30505"}],"curies":[{"name":"wp","href":"https:\/\/api.w.org\/{rel}","templated":true}]}}