{"id":30503,"date":"2017-04-13T08:38:40","date_gmt":"2017-04-13T08:38:40","guid":{"rendered":"http:\/\/copealcoi.es\/new\/?p=30503"},"modified":"2017-04-13T08:38:40","modified_gmt":"2017-04-13T08:38:40","slug":"la-semana-santa-se-vive-con-fervor-en-la-comarca","status":"publish","type":"post","link":"https:\/\/www.copealcoy.es\/es\/la-semana-santa-se-vive-con-fervor-en-la-comarca\/","title":{"rendered":"La Semana Santa se vive con fervor en la comarca"},"content":{"rendered":"<p style=\"text-align: justify;\">La <strong>Semana Santa<\/strong> llega a sus d\u00edas centrales con <strong>numerosos actos religiosos<\/strong> que llenan de fervor y devoci\u00f3n las calles as\u00ed como los templos de<strong> los diferentes municipios<\/strong> del conjunto de las comarcas del Comtat y de l\u00b4Alcoi\u00e0.<\/p>\n<p style=\"text-align: justify;\">En <strong>Cocentaina<\/strong> procesion\u00f3 anoche <strong>la imagen del Nazareno desde el Monasterio de la Mare de D\u00e9u del Miracle<\/strong> y de nuevo numerosos fieles participaron en este acto en el que tambi\u00e9n <strong>se pudieron escuchar varias saetas<\/strong>. Hoy, <strong>Jueves Santo<\/strong>, tendr\u00e1n lugar las habituales celebraciones de la <strong>misa Vespertina de la Cena del Se\u00f1or<\/strong> en cada iglesia mientras que durante la noche <strong>se cumplir\u00e1 con la tradici\u00f3n de Visitar los Monumentos<\/strong>. Ya <strong>a medianoche<\/strong> arrancar\u00e1 desde el interior de la parroquia de Santa Mar\u00eda <strong>la Procesi\u00f3n del Silencio<\/strong> en la que participa <strong>la imagen del \u2018Crist dels Llauradors\u2019<\/strong>, una talla que data del a\u00f1o 1.596.<\/p>\n<p style=\"text-align: justify;\">El <strong>Jueves Santo<\/strong> tambi\u00e9n<strong> se celebra hoy en Muro<\/strong> y por este motivo a las seis y media de la tarde <strong>tendr\u00e1 lugar en la parroquia de San Juan Bautista la misa de la Cena del Se\u00f1or<\/strong> mientras que a partir de las once de la noche comenzar\u00e1 desde la Plaza de la Iglesia el <strong>V\u00eda Crucis<\/strong> con las oportunas <strong>paradas en los Taulellets repartidos por el casco hist\u00f3rico<\/strong> y que representan la Pasi\u00f3n de Cristo. Ayer por la noche <strong>numerosos fieles participaron tambi\u00e9n en la Procesi\u00f3n del Silencio<\/strong> que recorri\u00f3 las calles m\u00e1s c\u00e9ntricas del municipio.<\/p>\n<p style=\"text-align: justify;\">Finalmente indicar que <strong>en Banyeres de Mariola<\/strong> se celebrar\u00e1n tambi\u00e9n los oficios de Jueves Santo en cada iglesia mientras que <strong>en Ibi<\/strong> destaca esta noche la <strong>procesi\u00f3n del Cristo de la Columna, la Santa Cruz y la Virgen de los Dolores<\/strong>.<\/p>\n<p>&nbsp;<\/p>\n","protected":false},"excerpt":{"rendered":"<p>La Semana Santa llega a sus d\u00edas centrales con numerosos actos religiosos que llenan de fervor y devoci\u00f3n las calles&#8230;<\/p>\n","protected":false},"author":1,"featured_media":30647,"comment_status":"open","ping_status":"open","sticky":false,"template":"","format":"standard","meta":{"footnotes":""},"categories":[98,75],"tags":[482,425,132,237,474,3982,135,745],"class_list":["post-30503","post","type-post","status-publish","format-standard","has-post-thumbnail","hentry","category-comarcas","category-noticias","tag-alcoia","tag-banyeres","tag-cocentaina","tag-comtat","tag-ibi","tag-jueves-santo","tag-muro","tag-semana-santa"],"yoast_head":"<!-- This site is optimized with the Yoast SEO plugin v27.3 - https:\/\/yoast.com\/product\/yoast-seo-wordpress\/ -->\n<title>La Semana Santa se vive con fervor en la comarca - COPE Alcoy<\/title>\n<meta name=\"robots\" content=\"index, follow, max-snippet:-1, max-image-preview:large, max-video-preview:-1\" \/>\n<link rel=\"canonical\" href=\"https:\/\/www.copealcoy.es\/es\/la-semana-santa-se-vive-con-fervor-en-la-comarca\/\" \/>\n<meta property=\"og:locale\" content=\"es_ES\" \/>\n<meta property=\"og:type\" content=\"article\" \/>\n<meta property=\"og:title\" content=\"La Semana Santa se vive con fervor en la comarca - COPE Alcoy\" \/>\n<meta property=\"og:description\" content=\"La Semana Santa llega a sus d\u00edas centrales con numerosos actos religiosos que llenan de fervor y devoci\u00f3n las calles...\" \/>\n<meta property=\"og:url\" content=\"https:\/\/www.copealcoy.es\/es\/la-semana-santa-se-vive-con-fervor-en-la-comarca\/\" \/>\n<meta property=\"og:site_name\" content=\"COPE Alcoy\" \/>\n<meta property=\"article:published_time\" content=\"2017-04-13T08:38:40+00:00\" \/>\n<meta property=\"og:image\" content=\"https:\/\/www.copealcoy.es\/wp-content\/uploads\/2017\/04\/17522545_190600808121635_8064907980089012340_n.jpg\" \/>\n\t<meta property=\"og:image:width\" content=\"720\" \/>\n\t<meta property=\"og:image:height\" content=\"450\" \/>\n\t<meta property=\"og:image:type\" content=\"image\/jpeg\" \/>\n<meta name=\"author\" content=\"Cope Alcoy\" \/>\n<meta name=\"twitter:label1\" content=\"Escrito por\" \/>\n\t<meta name=\"twitter:data1\" content=\"Cope Alcoy\" \/>\n\t<meta name=\"twitter:label2\" content=\"Tiempo de lectura\" \/>\n\t<meta name=\"twitter:data2\" content=\"2 minutos\" \/>\n<script type=\"application\/ld+json\" class=\"yoast-schema-graph\">{\"@context\":\"https:\\\/\\\/schema.org\",\"@graph\":[{\"@type\":\"Article\",\"@id\":\"https:\\\/\\\/www.copealcoy.es\\\/es\\\/la-semana-santa-se-vive-con-fervor-en-la-comarca\\\/#article\",\"isPartOf\":{\"@id\":\"https:\\\/\\\/www.copealcoy.es\\\/es\\\/la-semana-santa-se-vive-con-fervor-en-la-comarca\\\/\"},\"author\":{\"name\":\"Cope Alcoy\",\"@id\":\"https:\\\/\\\/www.copealcoy.es\\\/es\\\/#\\\/schema\\\/person\\\/e777c87fa024e57d40170af9df39882c\"},\"headline\":\"La Semana Santa se vive con fervor en la comarca\",\"datePublished\":\"2017-04-13T08:38:40+00:00\",\"mainEntityOfPage\":{\"@id\":\"https:\\\/\\\/www.copealcoy.es\\\/es\\\/la-semana-santa-se-vive-con-fervor-en-la-comarca\\\/\"},\"wordCount\":313,\"commentCount\":0,\"image\":{\"@id\":\"https:\\\/\\\/www.copealcoy.es\\\/es\\\/la-semana-santa-se-vive-con-fervor-en-la-comarca\\\/#primaryimage\"},\"thumbnailUrl\":\"https:\\\/\\\/www.copealcoy.es\\\/wp-content\\\/uploads\\\/2017\\\/04\\\/17522545_190600808121635_8064907980089012340_n.jpg\",\"keywords\":[\"Alcoi\u00e0\",\"Banyeres\",\"Cocentaina\",\"Comtat\",\"Ibi\",\"Jueves Santo\",\"Muro\",\"Semana Santa\"],\"articleSection\":[\"Comarcas\",\"Noticias\"],\"inLanguage\":\"es\"},{\"@type\":\"WebPage\",\"@id\":\"https:\\\/\\\/www.copealcoy.es\\\/es\\\/la-semana-santa-se-vive-con-fervor-en-la-comarca\\\/\",\"url\":\"https:\\\/\\\/www.copealcoy.es\\\/es\\\/la-semana-santa-se-vive-con-fervor-en-la-comarca\\\/\",\"name\":\"La Semana Santa se vive con fervor en la comarca - COPE Alcoy\",\"isPartOf\":{\"@id\":\"https:\\\/\\\/www.copealcoy.es\\\/es\\\/#website\"},\"primaryImageOfPage\":{\"@id\":\"https:\\\/\\\/www.copealcoy.es\\\/es\\\/la-semana-santa-se-vive-con-fervor-en-la-comarca\\\/#primaryimage\"},\"image\":{\"@id\":\"https:\\\/\\\/www.copealcoy.es\\\/es\\\/la-semana-santa-se-vive-con-fervor-en-la-comarca\\\/#primaryimage\"},\"thumbnailUrl\":\"https:\\\/\\\/www.copealcoy.es\\\/wp-content\\\/uploads\\\/2017\\\/04\\\/17522545_190600808121635_8064907980089012340_n.jpg\",\"datePublished\":\"2017-04-13T08:38:40+00:00\",\"author\":{\"@id\":\"https:\\\/\\\/www.copealcoy.es\\\/es\\\/#\\\/schema\\\/person\\\/e777c87fa024e57d40170af9df39882c\"},\"breadcrumb\":{\"@id\":\"https:\\\/\\\/www.copealcoy.es\\\/es\\\/la-semana-santa-se-vive-con-fervor-en-la-comarca\\\/#breadcrumb\"},\"inLanguage\":\"es\",\"potentialAction\":[{\"@type\":\"ReadAction\",\"target\":[\"https:\\\/\\\/www.copealcoy.es\\\/es\\\/la-semana-santa-se-vive-con-fervor-en-la-comarca\\\/\"]}]},{\"@type\":\"ImageObject\",\"inLanguage\":\"es\",\"@id\":\"https:\\\/\\\/www.copealcoy.es\\\/es\\\/la-semana-santa-se-vive-con-fervor-en-la-comarca\\\/#primaryimage\",\"url\":\"https:\\\/\\\/www.copealcoy.es\\\/wp-content\\\/uploads\\\/2017\\\/04\\\/17522545_190600808121635_8064907980089012340_n.jpg\",\"contentUrl\":\"https:\\\/\\\/www.copealcoy.es\\\/wp-content\\\/uploads\\\/2017\\\/04\\\/17522545_190600808121635_8064907980089012340_n.jpg\",\"width\":720,\"height\":450,\"caption\":\"El Nazareno recorri\u00f3 anoche las calles de Cocentaina\"},{\"@type\":\"BreadcrumbList\",\"@id\":\"https:\\\/\\\/www.copealcoy.es\\\/es\\\/la-semana-santa-se-vive-con-fervor-en-la-comarca\\\/#breadcrumb\",\"itemListElement\":[{\"@type\":\"ListItem\",\"position\":1,\"name\":\"Portada\",\"item\":\"https:\\\/\\\/www.copealcoy.es\\\/es\\\/\"},{\"@type\":\"ListItem\",\"position\":2,\"name\":\"La Semana Santa se vive con fervor en la comarca\"}]},{\"@type\":\"WebSite\",\"@id\":\"https:\\\/\\\/www.copealcoy.es\\\/es\\\/#website\",\"url\":\"https:\\\/\\\/www.copealcoy.es\\\/es\\\/\",\"name\":\"COPE Alcoy\",\"description\":\"Emisora COPE de radio local con emisi\u00f3n online. Pont de Sant Jordi 8-10 03803 Alcoy\",\"potentialAction\":[{\"@type\":\"SearchAction\",\"target\":{\"@type\":\"EntryPoint\",\"urlTemplate\":\"https:\\\/\\\/www.copealcoy.es\\\/es\\\/?s={search_term_string}\"},\"query-input\":{\"@type\":\"PropertyValueSpecification\",\"valueRequired\":true,\"valueName\":\"search_term_string\"}}],\"inLanguage\":\"es\"},{\"@type\":\"Person\",\"@id\":\"https:\\\/\\\/www.copealcoy.es\\\/es\\\/#\\\/schema\\\/person\\\/e777c87fa024e57d40170af9df39882c\",\"name\":\"Cope Alcoy\",\"image\":{\"@type\":\"ImageObject\",\"inLanguage\":\"es\",\"@id\":\"https:\\\/\\\/secure.gravatar.com\\\/avatar\\\/bb65d0283347e303893ba14f0692005417c1e0e690a325a4c5d8bb2b3943ee14?s=96&d=mm&r=g\",\"url\":\"https:\\\/\\\/secure.gravatar.com\\\/avatar\\\/bb65d0283347e303893ba14f0692005417c1e0e690a325a4c5d8bb2b3943ee14?s=96&d=mm&r=g\",\"contentUrl\":\"https:\\\/\\\/secure.gravatar.com\\\/avatar\\\/bb65d0283347e303893ba14f0692005417c1e0e690a325a4c5d8bb2b3943ee14?s=96&d=mm&r=g\",\"caption\":\"Cope Alcoy\"}}]}<\/script>\n<!-- \/ Yoast SEO plugin. -->","yoast_head_json":{"title":"La Semana Santa se vive con fervor en la comarca - COPE Alcoy","robots":{"index":"index","follow":"follow","max-snippet":"max-snippet:-1","max-image-preview":"max-image-preview:large","max-video-preview":"max-video-preview:-1"},"canonical":"https:\/\/www.copealcoy.es\/es\/la-semana-santa-se-vive-con-fervor-en-la-comarca\/","og_locale":"es_ES","og_type":"article","og_title":"La Semana Santa se vive con fervor en la comarca - COPE Alcoy","og_description":"La Semana Santa llega a sus d\u00edas centrales con numerosos actos religiosos que llenan de fervor y devoci\u00f3n las calles...","og_url":"https:\/\/www.copealcoy.es\/es\/la-semana-santa-se-vive-con-fervor-en-la-comarca\/","og_site_name":"COPE Alcoy","article_published_time":"2017-04-13T08:38:40+00:00","og_image":[{"width":720,"height":450,"url":"https:\/\/www.copealcoy.es\/wp-content\/uploads\/2017\/04\/17522545_190600808121635_8064907980089012340_n.jpg","type":"image\/jpeg"}],"author":"Cope Alcoy","twitter_misc":{"Escrito por":"Cope Alcoy","Tiempo de lectura":"2 minutos"},"schema":{"@context":"https:\/\/schema.org","@graph":[{"@type":"Article","@id":"https:\/\/www.copealcoy.es\/es\/la-semana-santa-se-vive-con-fervor-en-la-comarca\/#article","isPartOf":{"@id":"https:\/\/www.copealcoy.es\/es\/la-semana-santa-se-vive-con-fervor-en-la-comarca\/"},"author":{"name":"Cope Alcoy","@id":"https:\/\/www.copealcoy.es\/es\/#\/schema\/person\/e777c87fa024e57d40170af9df39882c"},"headline":"La Semana Santa se vive con fervor en la comarca","datePublished":"2017-04-13T08:38:40+00:00","mainEntityOfPage":{"@id":"https:\/\/www.copealcoy.es\/es\/la-semana-santa-se-vive-con-fervor-en-la-comarca\/"},"wordCount":313,"commentCount":0,"image":{"@id":"https:\/\/www.copealcoy.es\/es\/la-semana-santa-se-vive-con-fervor-en-la-comarca\/#primaryimage"},"thumbnailUrl":"https:\/\/www.copealcoy.es\/wp-content\/uploads\/2017\/04\/17522545_190600808121635_8064907980089012340_n.jpg","keywords":["Alcoi\u00e0","Banyeres","Cocentaina","Comtat","Ibi","Jueves Santo","Muro","Semana Santa"],"articleSection":["Comarcas","Noticias"],"inLanguage":"es"},{"@type":"WebPage","@id":"https:\/\/www.copealcoy.es\/es\/la-semana-santa-se-vive-con-fervor-en-la-comarca\/","url":"https:\/\/www.copealcoy.es\/es\/la-semana-santa-se-vive-con-fervor-en-la-comarca\/","name":"La Semana Santa se vive con fervor en la comarca - COPE Alcoy","isPartOf":{"@id":"https:\/\/www.copealcoy.es\/es\/#website"},"primaryImageOfPage":{"@id":"https:\/\/www.copealcoy.es\/es\/la-semana-santa-se-vive-con-fervor-en-la-comarca\/#primaryimage"},"image":{"@id":"https:\/\/www.copealcoy.es\/es\/la-semana-santa-se-vive-con-fervor-en-la-comarca\/#primaryimage"},"thumbnailUrl":"https:\/\/www.copealcoy.es\/wp-content\/uploads\/2017\/04\/17522545_190600808121635_8064907980089012340_n.jpg","datePublished":"2017-04-13T08:38:40+00:00","author":{"@id":"https:\/\/www.copealcoy.es\/es\/#\/schema\/person\/e777c87fa024e57d40170af9df39882c"},"breadcrumb":{"@id":"https:\/\/www.copealcoy.es\/es\/la-semana-santa-se-vive-con-fervor-en-la-comarca\/#breadcrumb"},"inLanguage":"es","potentialAction":[{"@type":"ReadAction","target":["https:\/\/www.copealcoy.es\/es\/la-semana-santa-se-vive-con-fervor-en-la-comarca\/"]}]},{"@type":"ImageObject","inLanguage":"es","@id":"https:\/\/www.copealcoy.es\/es\/la-semana-santa-se-vive-con-fervor-en-la-comarca\/#primaryimage","url":"https:\/\/www.copealcoy.es\/wp-content\/uploads\/2017\/04\/17522545_190600808121635_8064907980089012340_n.jpg","contentUrl":"https:\/\/www.copealcoy.es\/wp-content\/uploads\/2017\/04\/17522545_190600808121635_8064907980089012340_n.jpg","width":720,"height":450,"caption":"El Nazareno recorri\u00f3 anoche las calles de Cocentaina"},{"@type":"BreadcrumbList","@id":"https:\/\/www.copealcoy.es\/es\/la-semana-santa-se-vive-con-fervor-en-la-comarca\/#breadcrumb","itemListElement":[{"@type":"ListItem","position":1,"name":"Portada","item":"https:\/\/www.copealcoy.es\/es\/"},{"@type":"ListItem","position":2,"name":"La Semana Santa se vive con fervor en la comarca"}]},{"@type":"WebSite","@id":"https:\/\/www.copealcoy.es\/es\/#website","url":"https:\/\/www.copealcoy.es\/es\/","name":"COPE Alcoy","description":"Emisora COPE de radio local con emisi\u00f3n online. Pont de Sant Jordi 8-10 03803 Alcoy","potentialAction":[{"@type":"SearchAction","target":{"@type":"EntryPoint","urlTemplate":"https:\/\/www.copealcoy.es\/es\/?s={search_term_string}"},"query-input":{"@type":"PropertyValueSpecification","valueRequired":true,"valueName":"search_term_string"}}],"inLanguage":"es"},{"@type":"Person","@id":"https:\/\/www.copealcoy.es\/es\/#\/schema\/person\/e777c87fa024e57d40170af9df39882c","name":"Cope Alcoy","image":{"@type":"ImageObject","inLanguage":"es","@id":"https:\/\/secure.gravatar.com\/avatar\/bb65d0283347e303893ba14f0692005417c1e0e690a325a4c5d8bb2b3943ee14?s=96&d=mm&r=g","url":"https:\/\/secure.gravatar.com\/avatar\/bb65d0283347e303893ba14f0692005417c1e0e690a325a4c5d8bb2b3943ee14?s=96&d=mm&r=g","contentUrl":"https:\/\/secure.gravatar.com\/avatar\/bb65d0283347e303893ba14f0692005417c1e0e690a325a4c5d8bb2b3943ee14?s=96&d=mm&r=g","caption":"Cope Alcoy"}}]}},"_links":{"self":[{"href":"https:\/\/www.copealcoy.es\/es\/wp-json\/wp\/v2\/posts\/30503","targetHints":{"allow":["GET"]}}],"collection":[{"href":"https:\/\/www.copealcoy.es\/es\/wp-json\/wp\/v2\/posts"}],"about":[{"href":"https:\/\/www.copealcoy.es\/es\/wp-json\/wp\/v2\/types\/post"}],"author":[{"embeddable":true,"href":"https:\/\/www.copealcoy.es\/es\/wp-json\/wp\/v2\/users\/1"}],"replies":[{"embeddable":true,"href":"https:\/\/www.copealcoy.es\/es\/wp-json\/wp\/v2\/comments?post=30503"}],"version-history":[{"count":0,"href":"https:\/\/www.copealcoy.es\/es\/wp-json\/wp\/v2\/posts\/30503\/revisions"}],"wp:featuredmedia":[{"embeddable":true,"href":"https:\/\/www.copealcoy.es\/es\/wp-json\/wp\/v2\/media\/30647"}],"wp:attachment":[{"href":"https:\/\/www.copealcoy.es\/es\/wp-json\/wp\/v2\/media?parent=30503"}],"wp:term":[{"taxonomy":"category","embeddable":true,"href":"https:\/\/www.copealcoy.es\/es\/wp-json\/wp\/v2\/categories?post=30503"},{"taxonomy":"post_tag","embeddable":true,"href":"https:\/\/www.copealcoy.es\/es\/wp-json\/wp\/v2\/tags?post=30503"}],"curies":[{"name":"wp","href":"https:\/\/api.w.org\/{rel}","templated":true}]}}