{"id":30455,"date":"2017-04-08T22:12:14","date_gmt":"2017-04-08T22:12:14","guid":{"rendered":"http:\/\/copealcoi.es\/new\/?p=30455"},"modified":"2017-04-08T22:33:43","modified_gmt":"2017-04-08T22:33:43","slug":"la-pasion-vuelve-a-salir-a-escena-en-cocentaina","status":"publish","type":"post","link":"https:\/\/www.copealcoy.es\/es\/la-pasion-vuelve-a-salir-a-escena-en-cocentaina\/","title":{"rendered":"La Pasi\u00f3n vuelve a salir a escena en Cocentaina"},"content":{"rendered":"<p style=\"text-align: justify;\">Un centenar de actores <strong>del Grup de Teatre del Patronat<\/strong> han representado esta tarde en Cocentaina <strong>la Pasi\u00f3n de Cristo por diferentes puntos del casco hist\u00f3rico<\/strong> de la poblaci\u00f3n.<\/p>\n<p style=\"text-align: justify;\">La representaci\u00f3n, que ha sido seguida por numerosos vecinos, ha comenzado pasadas las ocho y media de la tarde en <strong>El Pla de la Font<\/strong> con la puesta en escena de <strong>la Entrada Triunfal en Jerusal\u00e9n<\/strong> en la que mayores y peque\u00f1os, han acompa\u00f1ado con cantos a Jes\u00fas montado en un asno mientras portaban en sus manos ramos de olivo y palmas. A continuaci\u00f3n <strong>a las puertas de la iglesia de Santa Mar\u00eda<\/strong> se ha escenificado <strong>la \u00daltima Cena as\u00ed como el lavatorio de los pies a los Ap\u00f3stoles<\/strong> y seguidamente en la <strong>plaza de El Pla<\/strong> ha tenido lugar <strong>la oraci\u00f3n en el Huerto de Getseman\u00ed<\/strong>. Tras estos instantes la comitiva se ha trasladado al <strong>interior del Patio del Palau<\/strong>, un escenario que ha servido de marco para <strong>recordar el Juicio de Jes\u00fas ante Pilatos, la flagelaci\u00f3n y la coronaci\u00f3n de espinas<\/strong>.<\/p>\n<p style=\"text-align: justify;\">Los momentos\u00a0culminantes de esta representaci\u00f3n se han llevado a cabo en <strong>la empinada calle Sant\u00edsima Trinidad<\/strong> con la recreaci\u00f3n de <strong>la subida al Calvario<\/strong>. En este tramo los espectadores han podido ver <strong>el encuentro de Cristo con la Ver\u00f3nica y las tres ca\u00eddas de Jes\u00fas<\/strong> antes de llegar a la cruz. Ha sido en lo alto de esta calle contestana, a los pies de la Serra de Mariola, donde <strong>se ha vuelto a escenificar la Crucifixi\u00f3n<\/strong> en una escena en la que se ha combinado la interpretaci\u00f3n de los actores con la m\u00fasica y los efectos de luz.<\/p>\n<p style=\"text-align: justify;\">La Pasi\u00f3n <strong>ha concluido\u00a0con la Resurrecci\u00f3n<\/strong> y de esta forma se ha puesto el punto y final a un acto que <strong>se celebra dentro de la programaci\u00f3n de la Semana Santa Contestana<\/strong> por cuarto a\u00f1o consecutivo.<\/p>\n<p>https:\/\/www.facebook.com\/copealcoy\/videos\/1059641167512701\/<\/p>\n<p>&nbsp;<\/p>\n<p>&nbsp;<\/p>\n","protected":false},"excerpt":{"rendered":"<p>Un centenar de actores del Grup de Teatre del Patronat han representado esta tarde en Cocentaina la Pasi\u00f3n de Cristo&#8230;<\/p>\n","protected":false},"author":1,"featured_media":30460,"comment_status":"open","ping_status":"open","sticky":false,"template":"","format":"standard","meta":{"footnotes":""},"categories":[98,75],"tags":[132,3968,3976,3967,745],"class_list":["post-30455","post","type-post","status-publish","format-standard","has-post-thumbnail","hentry","category-comarcas","category-noticias","tag-cocentaina","tag-el-patronat","tag-grup-de-teatre","tag-la-pasion","tag-semana-santa"],"yoast_head":"<!-- This site is optimized with the Yoast SEO plugin v27.3 - https:\/\/yoast.com\/product\/yoast-seo-wordpress\/ -->\n<title>La Pasi\u00f3n vuelve a salir a escena en Cocentaina - COPE Alcoy<\/title>\n<meta name=\"robots\" content=\"index, follow, max-snippet:-1, max-image-preview:large, max-video-preview:-1\" \/>\n<link rel=\"canonical\" href=\"https:\/\/www.copealcoy.es\/es\/la-pasion-vuelve-a-salir-a-escena-en-cocentaina\/\" \/>\n<meta property=\"og:locale\" content=\"es_ES\" \/>\n<meta property=\"og:type\" content=\"article\" \/>\n<meta property=\"og:title\" content=\"La Pasi\u00f3n vuelve a salir a escena en Cocentaina - COPE Alcoy\" \/>\n<meta property=\"og:description\" content=\"Un centenar de actores del Grup de Teatre del Patronat han representado esta tarde en Cocentaina la Pasi\u00f3n de Cristo...\" \/>\n<meta property=\"og:url\" content=\"https:\/\/www.copealcoy.es\/es\/la-pasion-vuelve-a-salir-a-escena-en-cocentaina\/\" \/>\n<meta property=\"og:site_name\" content=\"COPE Alcoy\" \/>\n<meta property=\"article:published_time\" content=\"2017-04-08T22:12:14+00:00\" \/>\n<meta property=\"article:modified_time\" content=\"2017-04-08T22:33:43+00:00\" \/>\n<meta property=\"og:image\" content=\"https:\/\/www.copealcoy.es\/wp-content\/uploads\/2017\/04\/IMG_6986.jpg\" \/>\n\t<meta property=\"og:image:width\" content=\"4032\" \/>\n\t<meta property=\"og:image:height\" content=\"3024\" \/>\n\t<meta property=\"og:image:type\" content=\"image\/jpeg\" \/>\n<meta name=\"author\" content=\"Cope Alcoy\" \/>\n<meta name=\"twitter:label1\" content=\"Escrito por\" \/>\n\t<meta name=\"twitter:data1\" content=\"Cope Alcoy\" \/>\n\t<meta name=\"twitter:label2\" content=\"Tiempo de lectura\" \/>\n\t<meta name=\"twitter:data2\" content=\"2 minutos\" \/>\n<script type=\"application\/ld+json\" class=\"yoast-schema-graph\">{\"@context\":\"https:\\\/\\\/schema.org\",\"@graph\":[{\"@type\":\"Article\",\"@id\":\"https:\\\/\\\/www.copealcoy.es\\\/es\\\/la-pasion-vuelve-a-salir-a-escena-en-cocentaina\\\/#article\",\"isPartOf\":{\"@id\":\"https:\\\/\\\/www.copealcoy.es\\\/es\\\/la-pasion-vuelve-a-salir-a-escena-en-cocentaina\\\/\"},\"author\":{\"name\":\"Cope Alcoy\",\"@id\":\"https:\\\/\\\/www.copealcoy.es\\\/es\\\/#\\\/schema\\\/person\\\/e777c87fa024e57d40170af9df39882c\"},\"headline\":\"La Pasi\u00f3n vuelve a salir a escena en Cocentaina\",\"datePublished\":\"2017-04-08T22:12:14+00:00\",\"dateModified\":\"2017-04-08T22:33:43+00:00\",\"mainEntityOfPage\":{\"@id\":\"https:\\\/\\\/www.copealcoy.es\\\/es\\\/la-pasion-vuelve-a-salir-a-escena-en-cocentaina\\\/\"},\"wordCount\":354,\"commentCount\":0,\"image\":{\"@id\":\"https:\\\/\\\/www.copealcoy.es\\\/es\\\/la-pasion-vuelve-a-salir-a-escena-en-cocentaina\\\/#primaryimage\"},\"thumbnailUrl\":\"https:\\\/\\\/www.copealcoy.es\\\/wp-content\\\/uploads\\\/2017\\\/04\\\/IMG_6986.jpg\",\"keywords\":[\"Cocentaina\",\"El Patronat\",\"Grup de Teatre\",\"La Pasi\u00f3n\",\"Semana Santa\"],\"articleSection\":[\"Comarcas\",\"Noticias\"],\"inLanguage\":\"es\"},{\"@type\":\"WebPage\",\"@id\":\"https:\\\/\\\/www.copealcoy.es\\\/es\\\/la-pasion-vuelve-a-salir-a-escena-en-cocentaina\\\/\",\"url\":\"https:\\\/\\\/www.copealcoy.es\\\/es\\\/la-pasion-vuelve-a-salir-a-escena-en-cocentaina\\\/\",\"name\":\"La Pasi\u00f3n vuelve a salir a escena en Cocentaina - COPE Alcoy\",\"isPartOf\":{\"@id\":\"https:\\\/\\\/www.copealcoy.es\\\/es\\\/#website\"},\"primaryImageOfPage\":{\"@id\":\"https:\\\/\\\/www.copealcoy.es\\\/es\\\/la-pasion-vuelve-a-salir-a-escena-en-cocentaina\\\/#primaryimage\"},\"image\":{\"@id\":\"https:\\\/\\\/www.copealcoy.es\\\/es\\\/la-pasion-vuelve-a-salir-a-escena-en-cocentaina\\\/#primaryimage\"},\"thumbnailUrl\":\"https:\\\/\\\/www.copealcoy.es\\\/wp-content\\\/uploads\\\/2017\\\/04\\\/IMG_6986.jpg\",\"datePublished\":\"2017-04-08T22:12:14+00:00\",\"dateModified\":\"2017-04-08T22:33:43+00:00\",\"author\":{\"@id\":\"https:\\\/\\\/www.copealcoy.es\\\/es\\\/#\\\/schema\\\/person\\\/e777c87fa024e57d40170af9df39882c\"},\"breadcrumb\":{\"@id\":\"https:\\\/\\\/www.copealcoy.es\\\/es\\\/la-pasion-vuelve-a-salir-a-escena-en-cocentaina\\\/#breadcrumb\"},\"inLanguage\":\"es\",\"potentialAction\":[{\"@type\":\"ReadAction\",\"target\":[\"https:\\\/\\\/www.copealcoy.es\\\/es\\\/la-pasion-vuelve-a-salir-a-escena-en-cocentaina\\\/\"]}]},{\"@type\":\"ImageObject\",\"inLanguage\":\"es\",\"@id\":\"https:\\\/\\\/www.copealcoy.es\\\/es\\\/la-pasion-vuelve-a-salir-a-escena-en-cocentaina\\\/#primaryimage\",\"url\":\"https:\\\/\\\/www.copealcoy.es\\\/wp-content\\\/uploads\\\/2017\\\/04\\\/IMG_6986.jpg\",\"contentUrl\":\"https:\\\/\\\/www.copealcoy.es\\\/wp-content\\\/uploads\\\/2017\\\/04\\\/IMG_6986.jpg\",\"width\":4032,\"height\":3024,\"caption\":\"La Crucifixi\u00f3n ha sido el punto culminante de la representaci\u00f3n \\\/ Foto: G. Pascual\"},{\"@type\":\"BreadcrumbList\",\"@id\":\"https:\\\/\\\/www.copealcoy.es\\\/es\\\/la-pasion-vuelve-a-salir-a-escena-en-cocentaina\\\/#breadcrumb\",\"itemListElement\":[{\"@type\":\"ListItem\",\"position\":1,\"name\":\"Portada\",\"item\":\"https:\\\/\\\/www.copealcoy.es\\\/es\\\/\"},{\"@type\":\"ListItem\",\"position\":2,\"name\":\"La Pasi\u00f3n vuelve a salir a escena en Cocentaina\"}]},{\"@type\":\"WebSite\",\"@id\":\"https:\\\/\\\/www.copealcoy.es\\\/es\\\/#website\",\"url\":\"https:\\\/\\\/www.copealcoy.es\\\/es\\\/\",\"name\":\"COPE Alcoy\",\"description\":\"Emisora COPE de radio local con emisi\u00f3n online. Pont de Sant Jordi 8-10 03803 Alcoy\",\"potentialAction\":[{\"@type\":\"SearchAction\",\"target\":{\"@type\":\"EntryPoint\",\"urlTemplate\":\"https:\\\/\\\/www.copealcoy.es\\\/es\\\/?s={search_term_string}\"},\"query-input\":{\"@type\":\"PropertyValueSpecification\",\"valueRequired\":true,\"valueName\":\"search_term_string\"}}],\"inLanguage\":\"es\"},{\"@type\":\"Person\",\"@id\":\"https:\\\/\\\/www.copealcoy.es\\\/es\\\/#\\\/schema\\\/person\\\/e777c87fa024e57d40170af9df39882c\",\"name\":\"Cope Alcoy\",\"image\":{\"@type\":\"ImageObject\",\"inLanguage\":\"es\",\"@id\":\"https:\\\/\\\/secure.gravatar.com\\\/avatar\\\/bb65d0283347e303893ba14f0692005417c1e0e690a325a4c5d8bb2b3943ee14?s=96&d=mm&r=g\",\"url\":\"https:\\\/\\\/secure.gravatar.com\\\/avatar\\\/bb65d0283347e303893ba14f0692005417c1e0e690a325a4c5d8bb2b3943ee14?s=96&d=mm&r=g\",\"contentUrl\":\"https:\\\/\\\/secure.gravatar.com\\\/avatar\\\/bb65d0283347e303893ba14f0692005417c1e0e690a325a4c5d8bb2b3943ee14?s=96&d=mm&r=g\",\"caption\":\"Cope Alcoy\"}}]}<\/script>\n<!-- \/ Yoast SEO plugin. -->","yoast_head_json":{"title":"La Pasi\u00f3n vuelve a salir a escena en Cocentaina - COPE Alcoy","robots":{"index":"index","follow":"follow","max-snippet":"max-snippet:-1","max-image-preview":"max-image-preview:large","max-video-preview":"max-video-preview:-1"},"canonical":"https:\/\/www.copealcoy.es\/es\/la-pasion-vuelve-a-salir-a-escena-en-cocentaina\/","og_locale":"es_ES","og_type":"article","og_title":"La Pasi\u00f3n vuelve a salir a escena en Cocentaina - COPE Alcoy","og_description":"Un centenar de actores del Grup de Teatre del Patronat han representado esta tarde en Cocentaina la Pasi\u00f3n de Cristo...","og_url":"https:\/\/www.copealcoy.es\/es\/la-pasion-vuelve-a-salir-a-escena-en-cocentaina\/","og_site_name":"COPE Alcoy","article_published_time":"2017-04-08T22:12:14+00:00","article_modified_time":"2017-04-08T22:33:43+00:00","og_image":[{"width":4032,"height":3024,"url":"https:\/\/www.copealcoy.es\/wp-content\/uploads\/2017\/04\/IMG_6986.jpg","type":"image\/jpeg"}],"author":"Cope Alcoy","twitter_misc":{"Escrito por":"Cope Alcoy","Tiempo de lectura":"2 minutos"},"schema":{"@context":"https:\/\/schema.org","@graph":[{"@type":"Article","@id":"https:\/\/www.copealcoy.es\/es\/la-pasion-vuelve-a-salir-a-escena-en-cocentaina\/#article","isPartOf":{"@id":"https:\/\/www.copealcoy.es\/es\/la-pasion-vuelve-a-salir-a-escena-en-cocentaina\/"},"author":{"name":"Cope Alcoy","@id":"https:\/\/www.copealcoy.es\/es\/#\/schema\/person\/e777c87fa024e57d40170af9df39882c"},"headline":"La Pasi\u00f3n vuelve a salir a escena en Cocentaina","datePublished":"2017-04-08T22:12:14+00:00","dateModified":"2017-04-08T22:33:43+00:00","mainEntityOfPage":{"@id":"https:\/\/www.copealcoy.es\/es\/la-pasion-vuelve-a-salir-a-escena-en-cocentaina\/"},"wordCount":354,"commentCount":0,"image":{"@id":"https:\/\/www.copealcoy.es\/es\/la-pasion-vuelve-a-salir-a-escena-en-cocentaina\/#primaryimage"},"thumbnailUrl":"https:\/\/www.copealcoy.es\/wp-content\/uploads\/2017\/04\/IMG_6986.jpg","keywords":["Cocentaina","El Patronat","Grup de Teatre","La Pasi\u00f3n","Semana Santa"],"articleSection":["Comarcas","Noticias"],"inLanguage":"es"},{"@type":"WebPage","@id":"https:\/\/www.copealcoy.es\/es\/la-pasion-vuelve-a-salir-a-escena-en-cocentaina\/","url":"https:\/\/www.copealcoy.es\/es\/la-pasion-vuelve-a-salir-a-escena-en-cocentaina\/","name":"La Pasi\u00f3n vuelve a salir a escena en Cocentaina - COPE Alcoy","isPartOf":{"@id":"https:\/\/www.copealcoy.es\/es\/#website"},"primaryImageOfPage":{"@id":"https:\/\/www.copealcoy.es\/es\/la-pasion-vuelve-a-salir-a-escena-en-cocentaina\/#primaryimage"},"image":{"@id":"https:\/\/www.copealcoy.es\/es\/la-pasion-vuelve-a-salir-a-escena-en-cocentaina\/#primaryimage"},"thumbnailUrl":"https:\/\/www.copealcoy.es\/wp-content\/uploads\/2017\/04\/IMG_6986.jpg","datePublished":"2017-04-08T22:12:14+00:00","dateModified":"2017-04-08T22:33:43+00:00","author":{"@id":"https:\/\/www.copealcoy.es\/es\/#\/schema\/person\/e777c87fa024e57d40170af9df39882c"},"breadcrumb":{"@id":"https:\/\/www.copealcoy.es\/es\/la-pasion-vuelve-a-salir-a-escena-en-cocentaina\/#breadcrumb"},"inLanguage":"es","potentialAction":[{"@type":"ReadAction","target":["https:\/\/www.copealcoy.es\/es\/la-pasion-vuelve-a-salir-a-escena-en-cocentaina\/"]}]},{"@type":"ImageObject","inLanguage":"es","@id":"https:\/\/www.copealcoy.es\/es\/la-pasion-vuelve-a-salir-a-escena-en-cocentaina\/#primaryimage","url":"https:\/\/www.copealcoy.es\/wp-content\/uploads\/2017\/04\/IMG_6986.jpg","contentUrl":"https:\/\/www.copealcoy.es\/wp-content\/uploads\/2017\/04\/IMG_6986.jpg","width":4032,"height":3024,"caption":"La Crucifixi\u00f3n ha sido el punto culminante de la representaci\u00f3n \/ Foto: G. Pascual"},{"@type":"BreadcrumbList","@id":"https:\/\/www.copealcoy.es\/es\/la-pasion-vuelve-a-salir-a-escena-en-cocentaina\/#breadcrumb","itemListElement":[{"@type":"ListItem","position":1,"name":"Portada","item":"https:\/\/www.copealcoy.es\/es\/"},{"@type":"ListItem","position":2,"name":"La Pasi\u00f3n vuelve a salir a escena en Cocentaina"}]},{"@type":"WebSite","@id":"https:\/\/www.copealcoy.es\/es\/#website","url":"https:\/\/www.copealcoy.es\/es\/","name":"COPE Alcoy","description":"Emisora COPE de radio local con emisi\u00f3n online. Pont de Sant Jordi 8-10 03803 Alcoy","potentialAction":[{"@type":"SearchAction","target":{"@type":"EntryPoint","urlTemplate":"https:\/\/www.copealcoy.es\/es\/?s={search_term_string}"},"query-input":{"@type":"PropertyValueSpecification","valueRequired":true,"valueName":"search_term_string"}}],"inLanguage":"es"},{"@type":"Person","@id":"https:\/\/www.copealcoy.es\/es\/#\/schema\/person\/e777c87fa024e57d40170af9df39882c","name":"Cope Alcoy","image":{"@type":"ImageObject","inLanguage":"es","@id":"https:\/\/secure.gravatar.com\/avatar\/bb65d0283347e303893ba14f0692005417c1e0e690a325a4c5d8bb2b3943ee14?s=96&d=mm&r=g","url":"https:\/\/secure.gravatar.com\/avatar\/bb65d0283347e303893ba14f0692005417c1e0e690a325a4c5d8bb2b3943ee14?s=96&d=mm&r=g","contentUrl":"https:\/\/secure.gravatar.com\/avatar\/bb65d0283347e303893ba14f0692005417c1e0e690a325a4c5d8bb2b3943ee14?s=96&d=mm&r=g","caption":"Cope Alcoy"}}]}},"_links":{"self":[{"href":"https:\/\/www.copealcoy.es\/es\/wp-json\/wp\/v2\/posts\/30455","targetHints":{"allow":["GET"]}}],"collection":[{"href":"https:\/\/www.copealcoy.es\/es\/wp-json\/wp\/v2\/posts"}],"about":[{"href":"https:\/\/www.copealcoy.es\/es\/wp-json\/wp\/v2\/types\/post"}],"author":[{"embeddable":true,"href":"https:\/\/www.copealcoy.es\/es\/wp-json\/wp\/v2\/users\/1"}],"replies":[{"embeddable":true,"href":"https:\/\/www.copealcoy.es\/es\/wp-json\/wp\/v2\/comments?post=30455"}],"version-history":[{"count":0,"href":"https:\/\/www.copealcoy.es\/es\/wp-json\/wp\/v2\/posts\/30455\/revisions"}],"wp:featuredmedia":[{"embeddable":true,"href":"https:\/\/www.copealcoy.es\/es\/wp-json\/wp\/v2\/media\/30460"}],"wp:attachment":[{"href":"https:\/\/www.copealcoy.es\/es\/wp-json\/wp\/v2\/media?parent=30455"}],"wp:term":[{"taxonomy":"category","embeddable":true,"href":"https:\/\/www.copealcoy.es\/es\/wp-json\/wp\/v2\/categories?post=30455"},{"taxonomy":"post_tag","embeddable":true,"href":"https:\/\/www.copealcoy.es\/es\/wp-json\/wp\/v2\/tags?post=30455"}],"curies":[{"name":"wp","href":"https:\/\/api.w.org\/{rel}","templated":true}]}}