{"id":30442,"date":"2017-04-07T22:44:00","date_gmt":"2017-04-07T22:44:00","guid":{"rendered":"http:\/\/copealcoi.es\/new\/?p=30442"},"modified":"2017-04-07T22:46:15","modified_gmt":"2017-04-07T22:46:15","slug":"la-comarca-se-adentra-en-la-semana-santa-2","status":"publish","type":"post","link":"https:\/\/www.copealcoy.es\/es\/la-comarca-se-adentra-en-la-semana-santa-2\/","title":{"rendered":"La comarca se adentra en la Semana Santa"},"content":{"rendered":"<p style=\"text-align: justify;\">Las habituales <strong>celebraciones del Domingo de Ramos<\/strong> marcar\u00e1n en la jornada de ma\u00f1ana el<strong> inicio oficial de la Semana Santa<\/strong> en los diferentes municipios de las comarcas del Comtat y de l\u00b4Alcoi\u00e0.<\/p>\n<p style=\"text-align: justify;\">En <strong>Cocentaina<\/strong> a partir de las once de la ma\u00f1ana <strong>se efectuar\u00e1 la bendici\u00f3n de ramos en la placita del Convento de los Padres Franciscanos<\/strong> y posteriormente se iniciar\u00e1 la procesi\u00f3n \u201c<em>recorreremos todo el Passeig del Comtat hasta llegar al Pla y aqu\u00ed, como se viene haciendo en los \u00faltimos a\u00f1os, se celebrar\u00e1 la misa con car\u00e1cter interparroquial<\/em>\u201d, explica <strong>Juan Jover<\/strong>, responsable de la <strong>Junta Central de Cofrad\u00edas<\/strong> que este a\u00f1o coordina la Cofrad\u00eda del Cristo de La Columna. Por la tarde se celebrar\u00e1<strong> un V\u00eda Crucis<\/strong> en el Calvario de los Franciscanos y a las ocho de la noche <strong>procesionar\u00e1 La Dolorosa<\/strong> desde la parroquia de El Salvador.<\/p>\n<p style=\"text-align: justify;\">El Domingo de Ramos tambi\u00e9n se celebrar\u00e1 en <strong>Muro<\/strong> y en esta localidad del Comtat<strong> la bendici\u00f3n de las palmas se realizar\u00e1 a las once y media de la ma\u00f1ana<\/strong> a las puertas de la ermita de la Virgen de los Desamparados. Posteriormente <strong>tendr\u00e1 lugar la procesi\u00f3n hasta la parroquia de San Juan Bautista<\/strong> para dar paso a la misa \u201c<em>los ni\u00f1os de Primera Comuni\u00f3n siempre tienen un protagonismo destacado en esta celebraci\u00f3n porque portar\u00e1n la Cruz hasta la iglesia<\/em>\u201d, explica <strong>Fran Catal\u00e0<\/strong>, presidente de las Cofrad\u00edas mureras.<\/p>\n<div class=\"page\" style=\"text-align: justify;\" title=\"Page 1\">\n<div class=\"layoutArea\">\n<div class=\"column\">\n<p>En\u00a0<strong>Banyeres<\/strong> se bendecir\u00e1n los ramos en la ermita de la Malena con la posterior procesi\u00f3n mientras que <strong>en Ibi\u00a0la bendici\u00f3n de las palmas ser\u00e1 a las 11:30 horas\u00a0<\/strong>seguida de la procesi\u00f3n desde el Patronato y la Santa Misa. Por la tarde, a las 18:00h, se realizar\u00e1 el <strong>traslado del Cristo Yacente a Santiago Ap\u00f3stol<\/strong> y a las 19:30h se celebrar\u00e1 la santa misa.<\/p>\n<\/div>\n<\/div>\n<\/div>\n<p style=\"text-align: justify;\">Los actos de la Semana Santa <strong>seguir\u00e1n celebr\u00e1ndose en cada poblaci\u00f3n durante los pr\u00f3ximos d\u00edas<\/strong> y cobrar\u00e1n m\u00e1s intensidad a partir del Mi\u00e9rcoles Santo.<\/p>\n<p>&nbsp;<\/p>\n","protected":false},"excerpt":{"rendered":"<p>Las habituales celebraciones del Domingo de Ramos marcar\u00e1n en la jornada de ma\u00f1ana el inicio oficial de la Semana Santa&#8230;<\/p>\n","protected":false},"author":1,"featured_media":11842,"comment_status":"open","ping_status":"open","sticky":false,"template":"","format":"standard","meta":{"footnotes":""},"categories":[98,75],"tags":[482,425,132,237,889,135,745],"class_list":["post-30442","post","type-post","status-publish","format-standard","has-post-thumbnail","hentry","category-comarcas","category-noticias","tag-alcoia","tag-banyeres","tag-cocentaina","tag-comtat","tag-domingo-de-ramos","tag-muro","tag-semana-santa"],"yoast_head":"<!-- This site is optimized with the Yoast SEO plugin v27.3 - https:\/\/yoast.com\/product\/yoast-seo-wordpress\/ -->\n<title>La comarca se adentra en la Semana Santa - COPE Alcoy<\/title>\n<meta name=\"robots\" content=\"index, follow, max-snippet:-1, max-image-preview:large, max-video-preview:-1\" \/>\n<link rel=\"canonical\" href=\"https:\/\/www.copealcoy.es\/es\/la-comarca-se-adentra-en-la-semana-santa-2\/\" \/>\n<meta property=\"og:locale\" content=\"es_ES\" \/>\n<meta property=\"og:type\" content=\"article\" \/>\n<meta property=\"og:title\" content=\"La comarca se adentra en la Semana Santa - COPE Alcoy\" \/>\n<meta property=\"og:description\" content=\"Las habituales celebraciones del Domingo de Ramos marcar\u00e1n en la jornada de ma\u00f1ana el inicio oficial de la Semana Santa...\" \/>\n<meta property=\"og:url\" content=\"https:\/\/www.copealcoy.es\/es\/la-comarca-se-adentra-en-la-semana-santa-2\/\" \/>\n<meta property=\"og:site_name\" content=\"COPE Alcoy\" \/>\n<meta property=\"article:published_time\" content=\"2017-04-07T22:44:00+00:00\" \/>\n<meta property=\"article:modified_time\" content=\"2017-04-07T22:46:15+00:00\" \/>\n<meta property=\"og:image\" content=\"https:\/\/www.copealcoy.es\/wp-content\/uploads\/2015\/04\/11082491_10200484923201128_337472544017543227_o.jpg\" \/>\n\t<meta property=\"og:image:width\" content=\"629\" \/>\n\t<meta property=\"og:image:height\" content=\"399\" \/>\n\t<meta property=\"og:image:type\" content=\"image\/jpeg\" \/>\n<meta name=\"author\" content=\"Cope Alcoy\" \/>\n<meta name=\"twitter:label1\" content=\"Escrito por\" \/>\n\t<meta name=\"twitter:data1\" content=\"Cope Alcoy\" \/>\n\t<meta name=\"twitter:label2\" content=\"Tiempo de lectura\" \/>\n\t<meta name=\"twitter:data2\" content=\"2 minutos\" \/>\n<script type=\"application\/ld+json\" class=\"yoast-schema-graph\">{\"@context\":\"https:\\\/\\\/schema.org\",\"@graph\":[{\"@type\":\"Article\",\"@id\":\"https:\\\/\\\/www.copealcoy.es\\\/es\\\/la-comarca-se-adentra-en-la-semana-santa-2\\\/#article\",\"isPartOf\":{\"@id\":\"https:\\\/\\\/www.copealcoy.es\\\/es\\\/la-comarca-se-adentra-en-la-semana-santa-2\\\/\"},\"author\":{\"name\":\"Cope Alcoy\",\"@id\":\"https:\\\/\\\/www.copealcoy.es\\\/es\\\/#\\\/schema\\\/person\\\/e777c87fa024e57d40170af9df39882c\"},\"headline\":\"La comarca se adentra en la Semana Santa\",\"datePublished\":\"2017-04-07T22:44:00+00:00\",\"dateModified\":\"2017-04-07T22:46:15+00:00\",\"mainEntityOfPage\":{\"@id\":\"https:\\\/\\\/www.copealcoy.es\\\/es\\\/la-comarca-se-adentra-en-la-semana-santa-2\\\/\"},\"wordCount\":361,\"commentCount\":0,\"image\":{\"@id\":\"https:\\\/\\\/www.copealcoy.es\\\/es\\\/la-comarca-se-adentra-en-la-semana-santa-2\\\/#primaryimage\"},\"thumbnailUrl\":\"https:\\\/\\\/www.copealcoy.es\\\/wp-content\\\/uploads\\\/2015\\\/04\\\/11082491_10200484923201128_337472544017543227_o.jpg\",\"keywords\":[\"Alcoi\u00e0\",\"Banyeres\",\"Cocentaina\",\"Comtat\",\"Domingo de Ramos\",\"Muro\",\"Semana Santa\"],\"articleSection\":[\"Comarcas\",\"Noticias\"],\"inLanguage\":\"es\"},{\"@type\":\"WebPage\",\"@id\":\"https:\\\/\\\/www.copealcoy.es\\\/es\\\/la-comarca-se-adentra-en-la-semana-santa-2\\\/\",\"url\":\"https:\\\/\\\/www.copealcoy.es\\\/es\\\/la-comarca-se-adentra-en-la-semana-santa-2\\\/\",\"name\":\"La comarca se adentra en la Semana Santa - COPE Alcoy\",\"isPartOf\":{\"@id\":\"https:\\\/\\\/www.copealcoy.es\\\/es\\\/#website\"},\"primaryImageOfPage\":{\"@id\":\"https:\\\/\\\/www.copealcoy.es\\\/es\\\/la-comarca-se-adentra-en-la-semana-santa-2\\\/#primaryimage\"},\"image\":{\"@id\":\"https:\\\/\\\/www.copealcoy.es\\\/es\\\/la-comarca-se-adentra-en-la-semana-santa-2\\\/#primaryimage\"},\"thumbnailUrl\":\"https:\\\/\\\/www.copealcoy.es\\\/wp-content\\\/uploads\\\/2015\\\/04\\\/11082491_10200484923201128_337472544017543227_o.jpg\",\"datePublished\":\"2017-04-07T22:44:00+00:00\",\"dateModified\":\"2017-04-07T22:46:15+00:00\",\"author\":{\"@id\":\"https:\\\/\\\/www.copealcoy.es\\\/es\\\/#\\\/schema\\\/person\\\/e777c87fa024e57d40170af9df39882c\"},\"breadcrumb\":{\"@id\":\"https:\\\/\\\/www.copealcoy.es\\\/es\\\/la-comarca-se-adentra-en-la-semana-santa-2\\\/#breadcrumb\"},\"inLanguage\":\"es\",\"potentialAction\":[{\"@type\":\"ReadAction\",\"target\":[\"https:\\\/\\\/www.copealcoy.es\\\/es\\\/la-comarca-se-adentra-en-la-semana-santa-2\\\/\"]}]},{\"@type\":\"ImageObject\",\"inLanguage\":\"es\",\"@id\":\"https:\\\/\\\/www.copealcoy.es\\\/es\\\/la-comarca-se-adentra-en-la-semana-santa-2\\\/#primaryimage\",\"url\":\"https:\\\/\\\/www.copealcoy.es\\\/wp-content\\\/uploads\\\/2015\\\/04\\\/11082491_10200484923201128_337472544017543227_o.jpg\",\"contentUrl\":\"https:\\\/\\\/www.copealcoy.es\\\/wp-content\\\/uploads\\\/2015\\\/04\\\/11082491_10200484923201128_337472544017543227_o.jpg\",\"width\":629,\"height\":399,\"caption\":\"Procesi\u00f3n de La Dolorosa el domingo en Cocentaina. Foto: Paco Sempere\"},{\"@type\":\"BreadcrumbList\",\"@id\":\"https:\\\/\\\/www.copealcoy.es\\\/es\\\/la-comarca-se-adentra-en-la-semana-santa-2\\\/#breadcrumb\",\"itemListElement\":[{\"@type\":\"ListItem\",\"position\":1,\"name\":\"Portada\",\"item\":\"https:\\\/\\\/www.copealcoy.es\\\/es\\\/\"},{\"@type\":\"ListItem\",\"position\":2,\"name\":\"La comarca se adentra en la Semana Santa\"}]},{\"@type\":\"WebSite\",\"@id\":\"https:\\\/\\\/www.copealcoy.es\\\/es\\\/#website\",\"url\":\"https:\\\/\\\/www.copealcoy.es\\\/es\\\/\",\"name\":\"COPE Alcoy\",\"description\":\"Emisora COPE de radio local con emisi\u00f3n online. Pont de Sant Jordi 8-10 03803 Alcoy\",\"potentialAction\":[{\"@type\":\"SearchAction\",\"target\":{\"@type\":\"EntryPoint\",\"urlTemplate\":\"https:\\\/\\\/www.copealcoy.es\\\/es\\\/?s={search_term_string}\"},\"query-input\":{\"@type\":\"PropertyValueSpecification\",\"valueRequired\":true,\"valueName\":\"search_term_string\"}}],\"inLanguage\":\"es\"},{\"@type\":\"Person\",\"@id\":\"https:\\\/\\\/www.copealcoy.es\\\/es\\\/#\\\/schema\\\/person\\\/e777c87fa024e57d40170af9df39882c\",\"name\":\"Cope Alcoy\",\"image\":{\"@type\":\"ImageObject\",\"inLanguage\":\"es\",\"@id\":\"https:\\\/\\\/secure.gravatar.com\\\/avatar\\\/bb65d0283347e303893ba14f0692005417c1e0e690a325a4c5d8bb2b3943ee14?s=96&d=mm&r=g\",\"url\":\"https:\\\/\\\/secure.gravatar.com\\\/avatar\\\/bb65d0283347e303893ba14f0692005417c1e0e690a325a4c5d8bb2b3943ee14?s=96&d=mm&r=g\",\"contentUrl\":\"https:\\\/\\\/secure.gravatar.com\\\/avatar\\\/bb65d0283347e303893ba14f0692005417c1e0e690a325a4c5d8bb2b3943ee14?s=96&d=mm&r=g\",\"caption\":\"Cope Alcoy\"}}]}<\/script>\n<!-- \/ Yoast SEO plugin. -->","yoast_head_json":{"title":"La comarca se adentra en la Semana Santa - COPE Alcoy","robots":{"index":"index","follow":"follow","max-snippet":"max-snippet:-1","max-image-preview":"max-image-preview:large","max-video-preview":"max-video-preview:-1"},"canonical":"https:\/\/www.copealcoy.es\/es\/la-comarca-se-adentra-en-la-semana-santa-2\/","og_locale":"es_ES","og_type":"article","og_title":"La comarca se adentra en la Semana Santa - COPE Alcoy","og_description":"Las habituales celebraciones del Domingo de Ramos marcar\u00e1n en la jornada de ma\u00f1ana el inicio oficial de la Semana Santa...","og_url":"https:\/\/www.copealcoy.es\/es\/la-comarca-se-adentra-en-la-semana-santa-2\/","og_site_name":"COPE Alcoy","article_published_time":"2017-04-07T22:44:00+00:00","article_modified_time":"2017-04-07T22:46:15+00:00","og_image":[{"width":629,"height":399,"url":"https:\/\/www.copealcoy.es\/wp-content\/uploads\/2015\/04\/11082491_10200484923201128_337472544017543227_o.jpg","type":"image\/jpeg"}],"author":"Cope Alcoy","twitter_misc":{"Escrito por":"Cope Alcoy","Tiempo de lectura":"2 minutos"},"schema":{"@context":"https:\/\/schema.org","@graph":[{"@type":"Article","@id":"https:\/\/www.copealcoy.es\/es\/la-comarca-se-adentra-en-la-semana-santa-2\/#article","isPartOf":{"@id":"https:\/\/www.copealcoy.es\/es\/la-comarca-se-adentra-en-la-semana-santa-2\/"},"author":{"name":"Cope Alcoy","@id":"https:\/\/www.copealcoy.es\/es\/#\/schema\/person\/e777c87fa024e57d40170af9df39882c"},"headline":"La comarca se adentra en la Semana Santa","datePublished":"2017-04-07T22:44:00+00:00","dateModified":"2017-04-07T22:46:15+00:00","mainEntityOfPage":{"@id":"https:\/\/www.copealcoy.es\/es\/la-comarca-se-adentra-en-la-semana-santa-2\/"},"wordCount":361,"commentCount":0,"image":{"@id":"https:\/\/www.copealcoy.es\/es\/la-comarca-se-adentra-en-la-semana-santa-2\/#primaryimage"},"thumbnailUrl":"https:\/\/www.copealcoy.es\/wp-content\/uploads\/2015\/04\/11082491_10200484923201128_337472544017543227_o.jpg","keywords":["Alcoi\u00e0","Banyeres","Cocentaina","Comtat","Domingo de Ramos","Muro","Semana Santa"],"articleSection":["Comarcas","Noticias"],"inLanguage":"es"},{"@type":"WebPage","@id":"https:\/\/www.copealcoy.es\/es\/la-comarca-se-adentra-en-la-semana-santa-2\/","url":"https:\/\/www.copealcoy.es\/es\/la-comarca-se-adentra-en-la-semana-santa-2\/","name":"La comarca se adentra en la Semana Santa - COPE Alcoy","isPartOf":{"@id":"https:\/\/www.copealcoy.es\/es\/#website"},"primaryImageOfPage":{"@id":"https:\/\/www.copealcoy.es\/es\/la-comarca-se-adentra-en-la-semana-santa-2\/#primaryimage"},"image":{"@id":"https:\/\/www.copealcoy.es\/es\/la-comarca-se-adentra-en-la-semana-santa-2\/#primaryimage"},"thumbnailUrl":"https:\/\/www.copealcoy.es\/wp-content\/uploads\/2015\/04\/11082491_10200484923201128_337472544017543227_o.jpg","datePublished":"2017-04-07T22:44:00+00:00","dateModified":"2017-04-07T22:46:15+00:00","author":{"@id":"https:\/\/www.copealcoy.es\/es\/#\/schema\/person\/e777c87fa024e57d40170af9df39882c"},"breadcrumb":{"@id":"https:\/\/www.copealcoy.es\/es\/la-comarca-se-adentra-en-la-semana-santa-2\/#breadcrumb"},"inLanguage":"es","potentialAction":[{"@type":"ReadAction","target":["https:\/\/www.copealcoy.es\/es\/la-comarca-se-adentra-en-la-semana-santa-2\/"]}]},{"@type":"ImageObject","inLanguage":"es","@id":"https:\/\/www.copealcoy.es\/es\/la-comarca-se-adentra-en-la-semana-santa-2\/#primaryimage","url":"https:\/\/www.copealcoy.es\/wp-content\/uploads\/2015\/04\/11082491_10200484923201128_337472544017543227_o.jpg","contentUrl":"https:\/\/www.copealcoy.es\/wp-content\/uploads\/2015\/04\/11082491_10200484923201128_337472544017543227_o.jpg","width":629,"height":399,"caption":"Procesi\u00f3n de La Dolorosa el domingo en Cocentaina. Foto: Paco Sempere"},{"@type":"BreadcrumbList","@id":"https:\/\/www.copealcoy.es\/es\/la-comarca-se-adentra-en-la-semana-santa-2\/#breadcrumb","itemListElement":[{"@type":"ListItem","position":1,"name":"Portada","item":"https:\/\/www.copealcoy.es\/es\/"},{"@type":"ListItem","position":2,"name":"La comarca se adentra en la Semana Santa"}]},{"@type":"WebSite","@id":"https:\/\/www.copealcoy.es\/es\/#website","url":"https:\/\/www.copealcoy.es\/es\/","name":"COPE Alcoy","description":"Emisora COPE de radio local con emisi\u00f3n online. Pont de Sant Jordi 8-10 03803 Alcoy","potentialAction":[{"@type":"SearchAction","target":{"@type":"EntryPoint","urlTemplate":"https:\/\/www.copealcoy.es\/es\/?s={search_term_string}"},"query-input":{"@type":"PropertyValueSpecification","valueRequired":true,"valueName":"search_term_string"}}],"inLanguage":"es"},{"@type":"Person","@id":"https:\/\/www.copealcoy.es\/es\/#\/schema\/person\/e777c87fa024e57d40170af9df39882c","name":"Cope Alcoy","image":{"@type":"ImageObject","inLanguage":"es","@id":"https:\/\/secure.gravatar.com\/avatar\/bb65d0283347e303893ba14f0692005417c1e0e690a325a4c5d8bb2b3943ee14?s=96&d=mm&r=g","url":"https:\/\/secure.gravatar.com\/avatar\/bb65d0283347e303893ba14f0692005417c1e0e690a325a4c5d8bb2b3943ee14?s=96&d=mm&r=g","contentUrl":"https:\/\/secure.gravatar.com\/avatar\/bb65d0283347e303893ba14f0692005417c1e0e690a325a4c5d8bb2b3943ee14?s=96&d=mm&r=g","caption":"Cope Alcoy"}}]}},"_links":{"self":[{"href":"https:\/\/www.copealcoy.es\/es\/wp-json\/wp\/v2\/posts\/30442","targetHints":{"allow":["GET"]}}],"collection":[{"href":"https:\/\/www.copealcoy.es\/es\/wp-json\/wp\/v2\/posts"}],"about":[{"href":"https:\/\/www.copealcoy.es\/es\/wp-json\/wp\/v2\/types\/post"}],"author":[{"embeddable":true,"href":"https:\/\/www.copealcoy.es\/es\/wp-json\/wp\/v2\/users\/1"}],"replies":[{"embeddable":true,"href":"https:\/\/www.copealcoy.es\/es\/wp-json\/wp\/v2\/comments?post=30442"}],"version-history":[{"count":0,"href":"https:\/\/www.copealcoy.es\/es\/wp-json\/wp\/v2\/posts\/30442\/revisions"}],"wp:featuredmedia":[{"embeddable":true,"href":"https:\/\/www.copealcoy.es\/es\/wp-json\/wp\/v2\/media\/11842"}],"wp:attachment":[{"href":"https:\/\/www.copealcoy.es\/es\/wp-json\/wp\/v2\/media?parent=30442"}],"wp:term":[{"taxonomy":"category","embeddable":true,"href":"https:\/\/www.copealcoy.es\/es\/wp-json\/wp\/v2\/categories?post=30442"},{"taxonomy":"post_tag","embeddable":true,"href":"https:\/\/www.copealcoy.es\/es\/wp-json\/wp\/v2\/tags?post=30442"}],"curies":[{"name":"wp","href":"https:\/\/api.w.org\/{rel}","templated":true}]}}