{"id":30405,"date":"2017-04-07T14:44:40","date_gmt":"2017-04-07T14:44:40","guid":{"rendered":"http:\/\/copealcoi.es\/new\/?p=30405"},"modified":"2017-04-07T14:45:53","modified_gmt":"2017-04-07T14:45:53","slug":"un-centenar-de-actores-escenifica-manana-la-pasion-en-las-calles-de-cocentaina","status":"publish","type":"post","link":"https:\/\/www.copealcoy.es\/es\/un-centenar-de-actores-escenifica-manana-la-pasion-en-las-calles-de-cocentaina\/","title":{"rendered":"Un centenar de actores escenifica ma\u00f1ana La Pasi\u00f3n en las calles de Cocentaina"},"content":{"rendered":"<p style=\"text-align: justify;\">Cocentaina se adentra ma\u00f1ana en <strong>los actos centrales de la Semana Santa<\/strong> y a partir de las 20:30h se llevar\u00e1 a cabo, por cuarto a\u00f1o consecutivo, <strong>la representaci\u00f3n de La Pasi\u00f3n Viviente<\/strong> por las diferentes calles del casco antiguo del municipio.<\/p>\n<p style=\"text-align: justify;\">La puesta en escena dar\u00e1 inicio a las ocho y media de la tarde en El Pla de la Font con <strong>la Entrada Triunfal de Jes\u00fas en Jerusal\u00e9n<\/strong> y seguidamente se har\u00e1n paradas en la plaza de la iglesia de Santa Mar\u00eda, El Pla y el Patio del Palau Comtal para representar los pasajes de <strong>la \u00daltima Cena, la Oraci\u00f3n en el Huerto y el Juicio ante Pilatos<\/strong>. Posteriormente <strong>se recrear\u00e1 la subida al Monte Calvario<\/strong> y en lo alto de la calle Sant\u00edsima Trinidad<strong> se podr\u00e1 ver la Crucifixi\u00f3n<\/strong> a los pies de la Serra de Mariola &#8220;<em>podemos decir que Cocentaina tiene un trayecto dise\u00f1ado para este acto<\/em>&#8220;, se\u00f1alaba Juan Jover, presidente de la Cofrad\u00eda del Cristo de La Columna, en La Ma\u00f1ana de COPE ALCOY.<\/p>\n<p style=\"text-align: justify;\">El <strong>Grupo de Teatro del Patronato<\/strong> ser\u00e1 el encargado de llevar adelante esta representaci\u00f3n y en la misma participar\u00e1n <strong>un centenar de\u00a0actores<\/strong>.<\/p>\n<p>&nbsp;<\/p>\n","protected":false},"excerpt":{"rendered":"<p>Cocentaina se adentra ma\u00f1ana en los actos centrales de la Semana Santa y a partir de las 20:30h se llevar\u00e1&#8230;<\/p>\n","protected":false},"author":1,"featured_media":20010,"comment_status":"open","ping_status":"open","sticky":false,"template":"","format":"standard","meta":{"footnotes":""},"categories":[98,75],"tags":[132,3968,3969,3967,745],"class_list":["post-30405","post","type-post","status-publish","format-standard","has-post-thumbnail","hentry","category-comarcas","category-noticias","tag-cocentaina","tag-el-patronat","tag-juan-jover","tag-la-pasion","tag-semana-santa"],"yoast_head":"<!-- This site is optimized with the Yoast SEO plugin v27.3 - https:\/\/yoast.com\/product\/yoast-seo-wordpress\/ -->\n<title>Un centenar de actores escenifica ma\u00f1ana La Pasi\u00f3n en las calles de Cocentaina - COPE Alcoy<\/title>\n<meta name=\"robots\" content=\"index, follow, max-snippet:-1, max-image-preview:large, max-video-preview:-1\" \/>\n<link rel=\"canonical\" href=\"https:\/\/www.copealcoy.es\/es\/un-centenar-de-actores-escenifica-manana-la-pasion-en-las-calles-de-cocentaina\/\" \/>\n<meta property=\"og:locale\" content=\"es_ES\" \/>\n<meta property=\"og:type\" content=\"article\" \/>\n<meta property=\"og:title\" content=\"Un centenar de actores escenifica ma\u00f1ana La Pasi\u00f3n en las calles de Cocentaina - COPE Alcoy\" \/>\n<meta property=\"og:description\" content=\"Cocentaina se adentra ma\u00f1ana en los actos centrales de la Semana Santa y a partir de las 20:30h se llevar\u00e1...\" \/>\n<meta property=\"og:url\" content=\"https:\/\/www.copealcoy.es\/es\/un-centenar-de-actores-escenifica-manana-la-pasion-en-las-calles-de-cocentaina\/\" \/>\n<meta property=\"og:site_name\" content=\"COPE Alcoy\" \/>\n<meta property=\"article:published_time\" content=\"2017-04-07T14:44:40+00:00\" \/>\n<meta property=\"article:modified_time\" content=\"2017-04-07T14:45:53+00:00\" \/>\n<meta property=\"og:image\" content=\"https:\/\/www.copealcoy.es\/wp-content\/uploads\/2016\/03\/10329109_806525456157608_2601390184739974014_n.jpg\" \/>\n\t<meta property=\"og:image:width\" content=\"960\" \/>\n\t<meta property=\"og:image:height\" content=\"720\" \/>\n\t<meta property=\"og:image:type\" content=\"image\/jpeg\" \/>\n<meta name=\"author\" content=\"Cope Alcoy\" \/>\n<meta name=\"twitter:label1\" content=\"Escrito por\" \/>\n\t<meta name=\"twitter:data1\" content=\"Cope Alcoy\" \/>\n\t<meta name=\"twitter:label2\" content=\"Tiempo de lectura\" \/>\n\t<meta name=\"twitter:data2\" content=\"1 minuto\" \/>\n<script type=\"application\/ld+json\" class=\"yoast-schema-graph\">{\"@context\":\"https:\\\/\\\/schema.org\",\"@graph\":[{\"@type\":\"Article\",\"@id\":\"https:\\\/\\\/www.copealcoy.es\\\/es\\\/un-centenar-de-actores-escenifica-manana-la-pasion-en-las-calles-de-cocentaina\\\/#article\",\"isPartOf\":{\"@id\":\"https:\\\/\\\/www.copealcoy.es\\\/es\\\/un-centenar-de-actores-escenifica-manana-la-pasion-en-las-calles-de-cocentaina\\\/\"},\"author\":{\"name\":\"Cope Alcoy\",\"@id\":\"https:\\\/\\\/www.copealcoy.es\\\/es\\\/#\\\/schema\\\/person\\\/e777c87fa024e57d40170af9df39882c\"},\"headline\":\"Un centenar de actores escenifica ma\u00f1ana La Pasi\u00f3n en las calles de Cocentaina\",\"datePublished\":\"2017-04-07T14:44:40+00:00\",\"dateModified\":\"2017-04-07T14:45:53+00:00\",\"mainEntityOfPage\":{\"@id\":\"https:\\\/\\\/www.copealcoy.es\\\/es\\\/un-centenar-de-actores-escenifica-manana-la-pasion-en-las-calles-de-cocentaina\\\/\"},\"wordCount\":224,\"commentCount\":0,\"image\":{\"@id\":\"https:\\\/\\\/www.copealcoy.es\\\/es\\\/un-centenar-de-actores-escenifica-manana-la-pasion-en-las-calles-de-cocentaina\\\/#primaryimage\"},\"thumbnailUrl\":\"https:\\\/\\\/www.copealcoy.es\\\/wp-content\\\/uploads\\\/2016\\\/03\\\/10329109_806525456157608_2601390184739974014_n.jpg\",\"keywords\":[\"Cocentaina\",\"El Patronat\",\"Juan Jover\",\"La Pasi\u00f3n\",\"Semana Santa\"],\"articleSection\":[\"Comarcas\",\"Noticias\"],\"inLanguage\":\"es\"},{\"@type\":\"WebPage\",\"@id\":\"https:\\\/\\\/www.copealcoy.es\\\/es\\\/un-centenar-de-actores-escenifica-manana-la-pasion-en-las-calles-de-cocentaina\\\/\",\"url\":\"https:\\\/\\\/www.copealcoy.es\\\/es\\\/un-centenar-de-actores-escenifica-manana-la-pasion-en-las-calles-de-cocentaina\\\/\",\"name\":\"Un centenar de actores escenifica ma\u00f1ana La Pasi\u00f3n en las calles de Cocentaina - COPE Alcoy\",\"isPartOf\":{\"@id\":\"https:\\\/\\\/www.copealcoy.es\\\/es\\\/#website\"},\"primaryImageOfPage\":{\"@id\":\"https:\\\/\\\/www.copealcoy.es\\\/es\\\/un-centenar-de-actores-escenifica-manana-la-pasion-en-las-calles-de-cocentaina\\\/#primaryimage\"},\"image\":{\"@id\":\"https:\\\/\\\/www.copealcoy.es\\\/es\\\/un-centenar-de-actores-escenifica-manana-la-pasion-en-las-calles-de-cocentaina\\\/#primaryimage\"},\"thumbnailUrl\":\"https:\\\/\\\/www.copealcoy.es\\\/wp-content\\\/uploads\\\/2016\\\/03\\\/10329109_806525456157608_2601390184739974014_n.jpg\",\"datePublished\":\"2017-04-07T14:44:40+00:00\",\"dateModified\":\"2017-04-07T14:45:53+00:00\",\"author\":{\"@id\":\"https:\\\/\\\/www.copealcoy.es\\\/es\\\/#\\\/schema\\\/person\\\/e777c87fa024e57d40170af9df39882c\"},\"breadcrumb\":{\"@id\":\"https:\\\/\\\/www.copealcoy.es\\\/es\\\/un-centenar-de-actores-escenifica-manana-la-pasion-en-las-calles-de-cocentaina\\\/#breadcrumb\"},\"inLanguage\":\"es\",\"potentialAction\":[{\"@type\":\"ReadAction\",\"target\":[\"https:\\\/\\\/www.copealcoy.es\\\/es\\\/un-centenar-de-actores-escenifica-manana-la-pasion-en-las-calles-de-cocentaina\\\/\"]}]},{\"@type\":\"ImageObject\",\"inLanguage\":\"es\",\"@id\":\"https:\\\/\\\/www.copealcoy.es\\\/es\\\/un-centenar-de-actores-escenifica-manana-la-pasion-en-las-calles-de-cocentaina\\\/#primaryimage\",\"url\":\"https:\\\/\\\/www.copealcoy.es\\\/wp-content\\\/uploads\\\/2016\\\/03\\\/10329109_806525456157608_2601390184739974014_n.jpg\",\"contentUrl\":\"https:\\\/\\\/www.copealcoy.es\\\/wp-content\\\/uploads\\\/2016\\\/03\\\/10329109_806525456157608_2601390184739974014_n.jpg\",\"width\":960,\"height\":720,\"caption\":\"Una de las escenas de La Pasi\u00f3n que se represent\u00f3 en Cocentaina durante 2016\\\/ Foto: G. Pascual\"},{\"@type\":\"BreadcrumbList\",\"@id\":\"https:\\\/\\\/www.copealcoy.es\\\/es\\\/un-centenar-de-actores-escenifica-manana-la-pasion-en-las-calles-de-cocentaina\\\/#breadcrumb\",\"itemListElement\":[{\"@type\":\"ListItem\",\"position\":1,\"name\":\"Portada\",\"item\":\"https:\\\/\\\/www.copealcoy.es\\\/es\\\/\"},{\"@type\":\"ListItem\",\"position\":2,\"name\":\"Un centenar de actores escenifica ma\u00f1ana La Pasi\u00f3n en las calles de Cocentaina\"}]},{\"@type\":\"WebSite\",\"@id\":\"https:\\\/\\\/www.copealcoy.es\\\/es\\\/#website\",\"url\":\"https:\\\/\\\/www.copealcoy.es\\\/es\\\/\",\"name\":\"COPE Alcoy\",\"description\":\"Emisora COPE de radio local con emisi\u00f3n online. Pont de Sant Jordi 8-10 03803 Alcoy\",\"potentialAction\":[{\"@type\":\"SearchAction\",\"target\":{\"@type\":\"EntryPoint\",\"urlTemplate\":\"https:\\\/\\\/www.copealcoy.es\\\/es\\\/?s={search_term_string}\"},\"query-input\":{\"@type\":\"PropertyValueSpecification\",\"valueRequired\":true,\"valueName\":\"search_term_string\"}}],\"inLanguage\":\"es\"},{\"@type\":\"Person\",\"@id\":\"https:\\\/\\\/www.copealcoy.es\\\/es\\\/#\\\/schema\\\/person\\\/e777c87fa024e57d40170af9df39882c\",\"name\":\"Cope Alcoy\",\"image\":{\"@type\":\"ImageObject\",\"inLanguage\":\"es\",\"@id\":\"https:\\\/\\\/secure.gravatar.com\\\/avatar\\\/bb65d0283347e303893ba14f0692005417c1e0e690a325a4c5d8bb2b3943ee14?s=96&d=mm&r=g\",\"url\":\"https:\\\/\\\/secure.gravatar.com\\\/avatar\\\/bb65d0283347e303893ba14f0692005417c1e0e690a325a4c5d8bb2b3943ee14?s=96&d=mm&r=g\",\"contentUrl\":\"https:\\\/\\\/secure.gravatar.com\\\/avatar\\\/bb65d0283347e303893ba14f0692005417c1e0e690a325a4c5d8bb2b3943ee14?s=96&d=mm&r=g\",\"caption\":\"Cope Alcoy\"}}]}<\/script>\n<!-- \/ Yoast SEO plugin. -->","yoast_head_json":{"title":"Un centenar de actores escenifica ma\u00f1ana La Pasi\u00f3n en las calles de Cocentaina - COPE Alcoy","robots":{"index":"index","follow":"follow","max-snippet":"max-snippet:-1","max-image-preview":"max-image-preview:large","max-video-preview":"max-video-preview:-1"},"canonical":"https:\/\/www.copealcoy.es\/es\/un-centenar-de-actores-escenifica-manana-la-pasion-en-las-calles-de-cocentaina\/","og_locale":"es_ES","og_type":"article","og_title":"Un centenar de actores escenifica ma\u00f1ana La Pasi\u00f3n en las calles de Cocentaina - COPE Alcoy","og_description":"Cocentaina se adentra ma\u00f1ana en los actos centrales de la Semana Santa y a partir de las 20:30h se llevar\u00e1...","og_url":"https:\/\/www.copealcoy.es\/es\/un-centenar-de-actores-escenifica-manana-la-pasion-en-las-calles-de-cocentaina\/","og_site_name":"COPE Alcoy","article_published_time":"2017-04-07T14:44:40+00:00","article_modified_time":"2017-04-07T14:45:53+00:00","og_image":[{"width":960,"height":720,"url":"https:\/\/www.copealcoy.es\/wp-content\/uploads\/2016\/03\/10329109_806525456157608_2601390184739974014_n.jpg","type":"image\/jpeg"}],"author":"Cope Alcoy","twitter_misc":{"Escrito por":"Cope Alcoy","Tiempo de lectura":"1 minuto"},"schema":{"@context":"https:\/\/schema.org","@graph":[{"@type":"Article","@id":"https:\/\/www.copealcoy.es\/es\/un-centenar-de-actores-escenifica-manana-la-pasion-en-las-calles-de-cocentaina\/#article","isPartOf":{"@id":"https:\/\/www.copealcoy.es\/es\/un-centenar-de-actores-escenifica-manana-la-pasion-en-las-calles-de-cocentaina\/"},"author":{"name":"Cope Alcoy","@id":"https:\/\/www.copealcoy.es\/es\/#\/schema\/person\/e777c87fa024e57d40170af9df39882c"},"headline":"Un centenar de actores escenifica ma\u00f1ana La Pasi\u00f3n en las calles de Cocentaina","datePublished":"2017-04-07T14:44:40+00:00","dateModified":"2017-04-07T14:45:53+00:00","mainEntityOfPage":{"@id":"https:\/\/www.copealcoy.es\/es\/un-centenar-de-actores-escenifica-manana-la-pasion-en-las-calles-de-cocentaina\/"},"wordCount":224,"commentCount":0,"image":{"@id":"https:\/\/www.copealcoy.es\/es\/un-centenar-de-actores-escenifica-manana-la-pasion-en-las-calles-de-cocentaina\/#primaryimage"},"thumbnailUrl":"https:\/\/www.copealcoy.es\/wp-content\/uploads\/2016\/03\/10329109_806525456157608_2601390184739974014_n.jpg","keywords":["Cocentaina","El Patronat","Juan Jover","La Pasi\u00f3n","Semana Santa"],"articleSection":["Comarcas","Noticias"],"inLanguage":"es"},{"@type":"WebPage","@id":"https:\/\/www.copealcoy.es\/es\/un-centenar-de-actores-escenifica-manana-la-pasion-en-las-calles-de-cocentaina\/","url":"https:\/\/www.copealcoy.es\/es\/un-centenar-de-actores-escenifica-manana-la-pasion-en-las-calles-de-cocentaina\/","name":"Un centenar de actores escenifica ma\u00f1ana La Pasi\u00f3n en las calles de Cocentaina - COPE Alcoy","isPartOf":{"@id":"https:\/\/www.copealcoy.es\/es\/#website"},"primaryImageOfPage":{"@id":"https:\/\/www.copealcoy.es\/es\/un-centenar-de-actores-escenifica-manana-la-pasion-en-las-calles-de-cocentaina\/#primaryimage"},"image":{"@id":"https:\/\/www.copealcoy.es\/es\/un-centenar-de-actores-escenifica-manana-la-pasion-en-las-calles-de-cocentaina\/#primaryimage"},"thumbnailUrl":"https:\/\/www.copealcoy.es\/wp-content\/uploads\/2016\/03\/10329109_806525456157608_2601390184739974014_n.jpg","datePublished":"2017-04-07T14:44:40+00:00","dateModified":"2017-04-07T14:45:53+00:00","author":{"@id":"https:\/\/www.copealcoy.es\/es\/#\/schema\/person\/e777c87fa024e57d40170af9df39882c"},"breadcrumb":{"@id":"https:\/\/www.copealcoy.es\/es\/un-centenar-de-actores-escenifica-manana-la-pasion-en-las-calles-de-cocentaina\/#breadcrumb"},"inLanguage":"es","potentialAction":[{"@type":"ReadAction","target":["https:\/\/www.copealcoy.es\/es\/un-centenar-de-actores-escenifica-manana-la-pasion-en-las-calles-de-cocentaina\/"]}]},{"@type":"ImageObject","inLanguage":"es","@id":"https:\/\/www.copealcoy.es\/es\/un-centenar-de-actores-escenifica-manana-la-pasion-en-las-calles-de-cocentaina\/#primaryimage","url":"https:\/\/www.copealcoy.es\/wp-content\/uploads\/2016\/03\/10329109_806525456157608_2601390184739974014_n.jpg","contentUrl":"https:\/\/www.copealcoy.es\/wp-content\/uploads\/2016\/03\/10329109_806525456157608_2601390184739974014_n.jpg","width":960,"height":720,"caption":"Una de las escenas de La Pasi\u00f3n que se represent\u00f3 en Cocentaina durante 2016\/ Foto: G. Pascual"},{"@type":"BreadcrumbList","@id":"https:\/\/www.copealcoy.es\/es\/un-centenar-de-actores-escenifica-manana-la-pasion-en-las-calles-de-cocentaina\/#breadcrumb","itemListElement":[{"@type":"ListItem","position":1,"name":"Portada","item":"https:\/\/www.copealcoy.es\/es\/"},{"@type":"ListItem","position":2,"name":"Un centenar de actores escenifica ma\u00f1ana La Pasi\u00f3n en las calles de Cocentaina"}]},{"@type":"WebSite","@id":"https:\/\/www.copealcoy.es\/es\/#website","url":"https:\/\/www.copealcoy.es\/es\/","name":"COPE Alcoy","description":"Emisora COPE de radio local con emisi\u00f3n online. Pont de Sant Jordi 8-10 03803 Alcoy","potentialAction":[{"@type":"SearchAction","target":{"@type":"EntryPoint","urlTemplate":"https:\/\/www.copealcoy.es\/es\/?s={search_term_string}"},"query-input":{"@type":"PropertyValueSpecification","valueRequired":true,"valueName":"search_term_string"}}],"inLanguage":"es"},{"@type":"Person","@id":"https:\/\/www.copealcoy.es\/es\/#\/schema\/person\/e777c87fa024e57d40170af9df39882c","name":"Cope Alcoy","image":{"@type":"ImageObject","inLanguage":"es","@id":"https:\/\/secure.gravatar.com\/avatar\/bb65d0283347e303893ba14f0692005417c1e0e690a325a4c5d8bb2b3943ee14?s=96&d=mm&r=g","url":"https:\/\/secure.gravatar.com\/avatar\/bb65d0283347e303893ba14f0692005417c1e0e690a325a4c5d8bb2b3943ee14?s=96&d=mm&r=g","contentUrl":"https:\/\/secure.gravatar.com\/avatar\/bb65d0283347e303893ba14f0692005417c1e0e690a325a4c5d8bb2b3943ee14?s=96&d=mm&r=g","caption":"Cope Alcoy"}}]}},"_links":{"self":[{"href":"https:\/\/www.copealcoy.es\/es\/wp-json\/wp\/v2\/posts\/30405","targetHints":{"allow":["GET"]}}],"collection":[{"href":"https:\/\/www.copealcoy.es\/es\/wp-json\/wp\/v2\/posts"}],"about":[{"href":"https:\/\/www.copealcoy.es\/es\/wp-json\/wp\/v2\/types\/post"}],"author":[{"embeddable":true,"href":"https:\/\/www.copealcoy.es\/es\/wp-json\/wp\/v2\/users\/1"}],"replies":[{"embeddable":true,"href":"https:\/\/www.copealcoy.es\/es\/wp-json\/wp\/v2\/comments?post=30405"}],"version-history":[{"count":0,"href":"https:\/\/www.copealcoy.es\/es\/wp-json\/wp\/v2\/posts\/30405\/revisions"}],"wp:featuredmedia":[{"embeddable":true,"href":"https:\/\/www.copealcoy.es\/es\/wp-json\/wp\/v2\/media\/20010"}],"wp:attachment":[{"href":"https:\/\/www.copealcoy.es\/es\/wp-json\/wp\/v2\/media?parent=30405"}],"wp:term":[{"taxonomy":"category","embeddable":true,"href":"https:\/\/www.copealcoy.es\/es\/wp-json\/wp\/v2\/categories?post=30405"},{"taxonomy":"post_tag","embeddable":true,"href":"https:\/\/www.copealcoy.es\/es\/wp-json\/wp\/v2\/tags?post=30405"}],"curies":[{"name":"wp","href":"https:\/\/api.w.org\/{rel}","templated":true}]}}