{"id":30304,"date":"2017-04-04T18:35:08","date_gmt":"2017-04-04T18:35:08","guid":{"rendered":"http:\/\/copealcoi.es\/new\/?p=30304"},"modified":"2017-04-04T18:35:08","modified_gmt":"2017-04-04T18:35:08","slug":"una-ruta-de-435-kilometros-une-a-todas-las-comarcas-de-la-provincia-de-alicante","status":"publish","type":"post","link":"https:\/\/www.copealcoy.es\/es\/una-ruta-de-435-kilometros-une-a-todas-las-comarcas-de-la-provincia-de-alicante\/","title":{"rendered":"Una ruta de 435 kil\u00f3metros une a todas las comarcas de la provincia de Alicante"},"content":{"rendered":"<p style=\"text-align: justify;\">La <strong>Diputaci\u00f3n de Alicante<\/strong> present\u00f3 ayer en la Font Roja<strong> una ruta pionera<\/strong>, con <strong>un trayecto de 435 kil\u00f3metros<\/strong>, que<strong> unir\u00e1 a todas las comarcas de la provincia<\/strong> a trav\u00e9s de <strong>veinte etapas<\/strong> que se extienden entre <strong>Denia y Orihuela<\/strong>.<\/p>\n<p style=\"text-align: justify;\">El ente provincial <strong>destinar\u00e1 un total de 75.000 euros para se\u00f1alizar este sendero<\/strong> que bajo el nombre de <strong>GR-330<\/strong> recorrer\u00e1 <strong>un trazado que atraviesa parajes de alto valor paisaj\u00edstico<\/strong> as\u00ed como <strong>espacios \u00a0culturales<\/strong> en los que se pueden ver fortalezas, castillos, casas se\u00f1oriales o neveros. El proyecto ha sido posible gracias a la <strong>colaboraci\u00f3n del Patronato de Turismo Costa Blanca<\/strong> as\u00ed como de los diferentes municipios, el sector tur\u00edstico y el \u00e1rea de Medio Ambiente de la propia Diputaci\u00f3n de Alicante.<\/p>\n<p style=\"text-align: justify;\"><strong>Eduardo Dol\u00f3n<\/strong>, Diputado de Turismo, destacaba en la jornada de ayer la importancia de esta iniciativa y remarcaba que <strong>la ruta es apta para todos los niveles<\/strong> &#8220;<em>el GR-330 no es s\u00f3lo un sendero para hacer senderismo, sino tambi\u00e9n una novedosa iniciativa tur\u00edstica que permitir\u00e1 al visitante conocer nuestro patrimonio, nuestras costumbres, nuestra gastronom\u00eda, nuestra historia y, en definitiva, nuestra identidad<\/em>&#8220;, remarc\u00f3. Tambi\u00e9n <strong>Javier Sendra<\/strong>, Diputado de Medio Ambiente, agradeci\u00f3 <strong>la implicaci\u00f3n de todos<\/strong> los que han hecho posible que este proyecto sea una realidad &#8220;<em>este es uno de los proyectos m\u00e1s ambiciosos del Gobierno Provincial para esta legislatura, una propuesta din\u00e1mica y sostenible que hoy ve la luz gracias a las aportaciones, el esfuerzo y el trabajo conjunto del Patronato Costa Blanca, los municipios, el sector y el \u00c1rea de Medio Ambiente de la Diputaci\u00f3n<\/em>&#8220;, asever\u00f3.<\/p>\n<p style=\"text-align: justify;\">Apuntar que <strong>se ha editado una gu\u00eda profesional<\/strong>, otra m\u00e1s reducida para <strong>uso tur\u00edstico<\/strong> y un <strong>mapa con informaci\u00f3n<\/strong> de cada una de las etapas y localidades que componen la ruta. Estos materiales <strong>ser\u00e1n difundidos en las diferentes ferias y eventos tur\u00edsticos<\/strong> que se celebren durante los pr\u00f3ximos meses.<\/p>\n","protected":false},"excerpt":{"rendered":"<p>La Diputaci\u00f3n de Alicante present\u00f3 ayer en la Font Roja una ruta pionera, con un trayecto de 435 kil\u00f3metros, que&#8230;<\/p>\n","protected":false},"author":1,"featured_media":30305,"comment_status":"open","ping_status":"open","sticky":false,"template":"","format":"standard","meta":{"footnotes":""},"categories":[98,75],"tags":[1494,1495,237,234,2815,1509],"class_list":["post-30304","post","type-post","status-publish","format-standard","has-post-thumbnail","hentry","category-comarcas","category-noticias","tag-alcoy","tag-comarcas","tag-comtat","tag-diputacion","tag-provincia-de-alicante","tag-ruta"],"yoast_head":"<!-- This site is optimized with the Yoast SEO plugin v27.3 - https:\/\/yoast.com\/product\/yoast-seo-wordpress\/ -->\n<title>Una ruta de 435 kil\u00f3metros une a todas las comarcas de la provincia de Alicante - COPE Alcoy<\/title>\n<meta name=\"robots\" content=\"index, follow, max-snippet:-1, max-image-preview:large, max-video-preview:-1\" \/>\n<link rel=\"canonical\" href=\"https:\/\/www.copealcoy.es\/es\/una-ruta-de-435-kilometros-une-a-todas-las-comarcas-de-la-provincia-de-alicante\/\" \/>\n<meta property=\"og:locale\" content=\"es_ES\" \/>\n<meta property=\"og:type\" content=\"article\" \/>\n<meta property=\"og:title\" content=\"Una ruta de 435 kil\u00f3metros une a todas las comarcas de la provincia de Alicante - COPE Alcoy\" \/>\n<meta property=\"og:description\" content=\"La Diputaci\u00f3n de Alicante present\u00f3 ayer en la Font Roja una ruta pionera, con un trayecto de 435 kil\u00f3metros, que...\" \/>\n<meta property=\"og:url\" content=\"https:\/\/www.copealcoy.es\/es\/una-ruta-de-435-kilometros-une-a-todas-las-comarcas-de-la-provincia-de-alicante\/\" \/>\n<meta property=\"og:site_name\" content=\"COPE Alcoy\" \/>\n<meta property=\"article:published_time\" content=\"2017-04-04T18:35:08+00:00\" \/>\n<meta property=\"og:image\" content=\"https:\/\/www.copealcoy.es\/wp-content\/uploads\/2017\/04\/040317-Presentacion-Ruta-Costa-Blanca-Interior-1-e1491330699449.jpg\" \/>\n\t<meta property=\"og:image:width\" content=\"2356\" \/>\n\t<meta property=\"og:image:height\" content=\"1195\" \/>\n\t<meta property=\"og:image:type\" content=\"image\/jpeg\" \/>\n<meta name=\"author\" content=\"Cope Alcoy\" \/>\n<meta name=\"twitter:label1\" content=\"Escrito por\" \/>\n\t<meta name=\"twitter:data1\" content=\"Cope Alcoy\" \/>\n\t<meta name=\"twitter:label2\" content=\"Tiempo de lectura\" \/>\n\t<meta name=\"twitter:data2\" content=\"2 minutos\" \/>\n<script type=\"application\/ld+json\" class=\"yoast-schema-graph\">{\"@context\":\"https:\\\/\\\/schema.org\",\"@graph\":[{\"@type\":\"Article\",\"@id\":\"https:\\\/\\\/www.copealcoy.es\\\/es\\\/una-ruta-de-435-kilometros-une-a-todas-las-comarcas-de-la-provincia-de-alicante\\\/#article\",\"isPartOf\":{\"@id\":\"https:\\\/\\\/www.copealcoy.es\\\/es\\\/una-ruta-de-435-kilometros-une-a-todas-las-comarcas-de-la-provincia-de-alicante\\\/\"},\"author\":{\"name\":\"Cope Alcoy\",\"@id\":\"https:\\\/\\\/www.copealcoy.es\\\/es\\\/#\\\/schema\\\/person\\\/e777c87fa024e57d40170af9df39882c\"},\"headline\":\"Una ruta de 435 kil\u00f3metros une a todas las comarcas de la provincia de Alicante\",\"datePublished\":\"2017-04-04T18:35:08+00:00\",\"mainEntityOfPage\":{\"@id\":\"https:\\\/\\\/www.copealcoy.es\\\/es\\\/una-ruta-de-435-kilometros-une-a-todas-las-comarcas-de-la-provincia-de-alicante\\\/\"},\"wordCount\":346,\"commentCount\":0,\"image\":{\"@id\":\"https:\\\/\\\/www.copealcoy.es\\\/es\\\/una-ruta-de-435-kilometros-une-a-todas-las-comarcas-de-la-provincia-de-alicante\\\/#primaryimage\"},\"thumbnailUrl\":\"https:\\\/\\\/www.copealcoy.es\\\/wp-content\\\/uploads\\\/2017\\\/04\\\/040317-Presentacion-Ruta-Costa-Blanca-Interior-1-e1491330699449.jpg\",\"keywords\":[\"Alcoy\",\"Comarcas\",\"Comtat\",\"Diputaci\u00f3n\",\"provincia de Alicante\",\"Ruta\"],\"articleSection\":[\"Comarcas\",\"Noticias\"],\"inLanguage\":\"es\"},{\"@type\":\"WebPage\",\"@id\":\"https:\\\/\\\/www.copealcoy.es\\\/es\\\/una-ruta-de-435-kilometros-une-a-todas-las-comarcas-de-la-provincia-de-alicante\\\/\",\"url\":\"https:\\\/\\\/www.copealcoy.es\\\/es\\\/una-ruta-de-435-kilometros-une-a-todas-las-comarcas-de-la-provincia-de-alicante\\\/\",\"name\":\"Una ruta de 435 kil\u00f3metros une a todas las comarcas de la provincia de Alicante - COPE Alcoy\",\"isPartOf\":{\"@id\":\"https:\\\/\\\/www.copealcoy.es\\\/es\\\/#website\"},\"primaryImageOfPage\":{\"@id\":\"https:\\\/\\\/www.copealcoy.es\\\/es\\\/una-ruta-de-435-kilometros-une-a-todas-las-comarcas-de-la-provincia-de-alicante\\\/#primaryimage\"},\"image\":{\"@id\":\"https:\\\/\\\/www.copealcoy.es\\\/es\\\/una-ruta-de-435-kilometros-une-a-todas-las-comarcas-de-la-provincia-de-alicante\\\/#primaryimage\"},\"thumbnailUrl\":\"https:\\\/\\\/www.copealcoy.es\\\/wp-content\\\/uploads\\\/2017\\\/04\\\/040317-Presentacion-Ruta-Costa-Blanca-Interior-1-e1491330699449.jpg\",\"datePublished\":\"2017-04-04T18:35:08+00:00\",\"author\":{\"@id\":\"https:\\\/\\\/www.copealcoy.es\\\/es\\\/#\\\/schema\\\/person\\\/e777c87fa024e57d40170af9df39882c\"},\"breadcrumb\":{\"@id\":\"https:\\\/\\\/www.copealcoy.es\\\/es\\\/una-ruta-de-435-kilometros-une-a-todas-las-comarcas-de-la-provincia-de-alicante\\\/#breadcrumb\"},\"inLanguage\":\"es\",\"potentialAction\":[{\"@type\":\"ReadAction\",\"target\":[\"https:\\\/\\\/www.copealcoy.es\\\/es\\\/una-ruta-de-435-kilometros-une-a-todas-las-comarcas-de-la-provincia-de-alicante\\\/\"]}]},{\"@type\":\"ImageObject\",\"inLanguage\":\"es\",\"@id\":\"https:\\\/\\\/www.copealcoy.es\\\/es\\\/una-ruta-de-435-kilometros-une-a-todas-las-comarcas-de-la-provincia-de-alicante\\\/#primaryimage\",\"url\":\"https:\\\/\\\/www.copealcoy.es\\\/wp-content\\\/uploads\\\/2017\\\/04\\\/040317-Presentacion-Ruta-Costa-Blanca-Interior-1-e1491330699449.jpg\",\"contentUrl\":\"https:\\\/\\\/www.copealcoy.es\\\/wp-content\\\/uploads\\\/2017\\\/04\\\/040317-Presentacion-Ruta-Costa-Blanca-Interior-1-e1491330699449.jpg\",\"width\":2356,\"height\":1195,\"caption\":\"La presentaci\u00f3n tuvo lugar ayer en la Font Roja \\\/ Foto: Diputaci\u00f3n de Alicante\"},{\"@type\":\"BreadcrumbList\",\"@id\":\"https:\\\/\\\/www.copealcoy.es\\\/es\\\/una-ruta-de-435-kilometros-une-a-todas-las-comarcas-de-la-provincia-de-alicante\\\/#breadcrumb\",\"itemListElement\":[{\"@type\":\"ListItem\",\"position\":1,\"name\":\"Portada\",\"item\":\"https:\\\/\\\/www.copealcoy.es\\\/es\\\/\"},{\"@type\":\"ListItem\",\"position\":2,\"name\":\"Una ruta de 435 kil\u00f3metros une a todas las comarcas de la provincia de Alicante\"}]},{\"@type\":\"WebSite\",\"@id\":\"https:\\\/\\\/www.copealcoy.es\\\/es\\\/#website\",\"url\":\"https:\\\/\\\/www.copealcoy.es\\\/es\\\/\",\"name\":\"COPE Alcoy\",\"description\":\"Emisora COPE de radio local con emisi\u00f3n online. Pont de Sant Jordi 8-10 03803 Alcoy\",\"potentialAction\":[{\"@type\":\"SearchAction\",\"target\":{\"@type\":\"EntryPoint\",\"urlTemplate\":\"https:\\\/\\\/www.copealcoy.es\\\/es\\\/?s={search_term_string}\"},\"query-input\":{\"@type\":\"PropertyValueSpecification\",\"valueRequired\":true,\"valueName\":\"search_term_string\"}}],\"inLanguage\":\"es\"},{\"@type\":\"Person\",\"@id\":\"https:\\\/\\\/www.copealcoy.es\\\/es\\\/#\\\/schema\\\/person\\\/e777c87fa024e57d40170af9df39882c\",\"name\":\"Cope Alcoy\",\"image\":{\"@type\":\"ImageObject\",\"inLanguage\":\"es\",\"@id\":\"https:\\\/\\\/secure.gravatar.com\\\/avatar\\\/bb65d0283347e303893ba14f0692005417c1e0e690a325a4c5d8bb2b3943ee14?s=96&d=mm&r=g\",\"url\":\"https:\\\/\\\/secure.gravatar.com\\\/avatar\\\/bb65d0283347e303893ba14f0692005417c1e0e690a325a4c5d8bb2b3943ee14?s=96&d=mm&r=g\",\"contentUrl\":\"https:\\\/\\\/secure.gravatar.com\\\/avatar\\\/bb65d0283347e303893ba14f0692005417c1e0e690a325a4c5d8bb2b3943ee14?s=96&d=mm&r=g\",\"caption\":\"Cope Alcoy\"}}]}<\/script>\n<!-- \/ Yoast SEO plugin. -->","yoast_head_json":{"title":"Una ruta de 435 kil\u00f3metros une a todas las comarcas de la provincia de Alicante - COPE Alcoy","robots":{"index":"index","follow":"follow","max-snippet":"max-snippet:-1","max-image-preview":"max-image-preview:large","max-video-preview":"max-video-preview:-1"},"canonical":"https:\/\/www.copealcoy.es\/es\/una-ruta-de-435-kilometros-une-a-todas-las-comarcas-de-la-provincia-de-alicante\/","og_locale":"es_ES","og_type":"article","og_title":"Una ruta de 435 kil\u00f3metros une a todas las comarcas de la provincia de Alicante - COPE Alcoy","og_description":"La Diputaci\u00f3n de Alicante present\u00f3 ayer en la Font Roja una ruta pionera, con un trayecto de 435 kil\u00f3metros, que...","og_url":"https:\/\/www.copealcoy.es\/es\/una-ruta-de-435-kilometros-une-a-todas-las-comarcas-de-la-provincia-de-alicante\/","og_site_name":"COPE Alcoy","article_published_time":"2017-04-04T18:35:08+00:00","og_image":[{"width":2356,"height":1195,"url":"https:\/\/www.copealcoy.es\/wp-content\/uploads\/2017\/04\/040317-Presentacion-Ruta-Costa-Blanca-Interior-1-e1491330699449.jpg","type":"image\/jpeg"}],"author":"Cope Alcoy","twitter_misc":{"Escrito por":"Cope Alcoy","Tiempo de lectura":"2 minutos"},"schema":{"@context":"https:\/\/schema.org","@graph":[{"@type":"Article","@id":"https:\/\/www.copealcoy.es\/es\/una-ruta-de-435-kilometros-une-a-todas-las-comarcas-de-la-provincia-de-alicante\/#article","isPartOf":{"@id":"https:\/\/www.copealcoy.es\/es\/una-ruta-de-435-kilometros-une-a-todas-las-comarcas-de-la-provincia-de-alicante\/"},"author":{"name":"Cope Alcoy","@id":"https:\/\/www.copealcoy.es\/es\/#\/schema\/person\/e777c87fa024e57d40170af9df39882c"},"headline":"Una ruta de 435 kil\u00f3metros une a todas las comarcas de la provincia de Alicante","datePublished":"2017-04-04T18:35:08+00:00","mainEntityOfPage":{"@id":"https:\/\/www.copealcoy.es\/es\/una-ruta-de-435-kilometros-une-a-todas-las-comarcas-de-la-provincia-de-alicante\/"},"wordCount":346,"commentCount":0,"image":{"@id":"https:\/\/www.copealcoy.es\/es\/una-ruta-de-435-kilometros-une-a-todas-las-comarcas-de-la-provincia-de-alicante\/#primaryimage"},"thumbnailUrl":"https:\/\/www.copealcoy.es\/wp-content\/uploads\/2017\/04\/040317-Presentacion-Ruta-Costa-Blanca-Interior-1-e1491330699449.jpg","keywords":["Alcoy","Comarcas","Comtat","Diputaci\u00f3n","provincia de Alicante","Ruta"],"articleSection":["Comarcas","Noticias"],"inLanguage":"es"},{"@type":"WebPage","@id":"https:\/\/www.copealcoy.es\/es\/una-ruta-de-435-kilometros-une-a-todas-las-comarcas-de-la-provincia-de-alicante\/","url":"https:\/\/www.copealcoy.es\/es\/una-ruta-de-435-kilometros-une-a-todas-las-comarcas-de-la-provincia-de-alicante\/","name":"Una ruta de 435 kil\u00f3metros une a todas las comarcas de la provincia de Alicante - COPE Alcoy","isPartOf":{"@id":"https:\/\/www.copealcoy.es\/es\/#website"},"primaryImageOfPage":{"@id":"https:\/\/www.copealcoy.es\/es\/una-ruta-de-435-kilometros-une-a-todas-las-comarcas-de-la-provincia-de-alicante\/#primaryimage"},"image":{"@id":"https:\/\/www.copealcoy.es\/es\/una-ruta-de-435-kilometros-une-a-todas-las-comarcas-de-la-provincia-de-alicante\/#primaryimage"},"thumbnailUrl":"https:\/\/www.copealcoy.es\/wp-content\/uploads\/2017\/04\/040317-Presentacion-Ruta-Costa-Blanca-Interior-1-e1491330699449.jpg","datePublished":"2017-04-04T18:35:08+00:00","author":{"@id":"https:\/\/www.copealcoy.es\/es\/#\/schema\/person\/e777c87fa024e57d40170af9df39882c"},"breadcrumb":{"@id":"https:\/\/www.copealcoy.es\/es\/una-ruta-de-435-kilometros-une-a-todas-las-comarcas-de-la-provincia-de-alicante\/#breadcrumb"},"inLanguage":"es","potentialAction":[{"@type":"ReadAction","target":["https:\/\/www.copealcoy.es\/es\/una-ruta-de-435-kilometros-une-a-todas-las-comarcas-de-la-provincia-de-alicante\/"]}]},{"@type":"ImageObject","inLanguage":"es","@id":"https:\/\/www.copealcoy.es\/es\/una-ruta-de-435-kilometros-une-a-todas-las-comarcas-de-la-provincia-de-alicante\/#primaryimage","url":"https:\/\/www.copealcoy.es\/wp-content\/uploads\/2017\/04\/040317-Presentacion-Ruta-Costa-Blanca-Interior-1-e1491330699449.jpg","contentUrl":"https:\/\/www.copealcoy.es\/wp-content\/uploads\/2017\/04\/040317-Presentacion-Ruta-Costa-Blanca-Interior-1-e1491330699449.jpg","width":2356,"height":1195,"caption":"La presentaci\u00f3n tuvo lugar ayer en la Font Roja \/ Foto: Diputaci\u00f3n de Alicante"},{"@type":"BreadcrumbList","@id":"https:\/\/www.copealcoy.es\/es\/una-ruta-de-435-kilometros-une-a-todas-las-comarcas-de-la-provincia-de-alicante\/#breadcrumb","itemListElement":[{"@type":"ListItem","position":1,"name":"Portada","item":"https:\/\/www.copealcoy.es\/es\/"},{"@type":"ListItem","position":2,"name":"Una ruta de 435 kil\u00f3metros une a todas las comarcas de la provincia de Alicante"}]},{"@type":"WebSite","@id":"https:\/\/www.copealcoy.es\/es\/#website","url":"https:\/\/www.copealcoy.es\/es\/","name":"COPE Alcoy","description":"Emisora COPE de radio local con emisi\u00f3n online. Pont de Sant Jordi 8-10 03803 Alcoy","potentialAction":[{"@type":"SearchAction","target":{"@type":"EntryPoint","urlTemplate":"https:\/\/www.copealcoy.es\/es\/?s={search_term_string}"},"query-input":{"@type":"PropertyValueSpecification","valueRequired":true,"valueName":"search_term_string"}}],"inLanguage":"es"},{"@type":"Person","@id":"https:\/\/www.copealcoy.es\/es\/#\/schema\/person\/e777c87fa024e57d40170af9df39882c","name":"Cope Alcoy","image":{"@type":"ImageObject","inLanguage":"es","@id":"https:\/\/secure.gravatar.com\/avatar\/bb65d0283347e303893ba14f0692005417c1e0e690a325a4c5d8bb2b3943ee14?s=96&d=mm&r=g","url":"https:\/\/secure.gravatar.com\/avatar\/bb65d0283347e303893ba14f0692005417c1e0e690a325a4c5d8bb2b3943ee14?s=96&d=mm&r=g","contentUrl":"https:\/\/secure.gravatar.com\/avatar\/bb65d0283347e303893ba14f0692005417c1e0e690a325a4c5d8bb2b3943ee14?s=96&d=mm&r=g","caption":"Cope Alcoy"}}]}},"_links":{"self":[{"href":"https:\/\/www.copealcoy.es\/es\/wp-json\/wp\/v2\/posts\/30304","targetHints":{"allow":["GET"]}}],"collection":[{"href":"https:\/\/www.copealcoy.es\/es\/wp-json\/wp\/v2\/posts"}],"about":[{"href":"https:\/\/www.copealcoy.es\/es\/wp-json\/wp\/v2\/types\/post"}],"author":[{"embeddable":true,"href":"https:\/\/www.copealcoy.es\/es\/wp-json\/wp\/v2\/users\/1"}],"replies":[{"embeddable":true,"href":"https:\/\/www.copealcoy.es\/es\/wp-json\/wp\/v2\/comments?post=30304"}],"version-history":[{"count":0,"href":"https:\/\/www.copealcoy.es\/es\/wp-json\/wp\/v2\/posts\/30304\/revisions"}],"wp:featuredmedia":[{"embeddable":true,"href":"https:\/\/www.copealcoy.es\/es\/wp-json\/wp\/v2\/media\/30305"}],"wp:attachment":[{"href":"https:\/\/www.copealcoy.es\/es\/wp-json\/wp\/v2\/media?parent=30304"}],"wp:term":[{"taxonomy":"category","embeddable":true,"href":"https:\/\/www.copealcoy.es\/es\/wp-json\/wp\/v2\/categories?post=30304"},{"taxonomy":"post_tag","embeddable":true,"href":"https:\/\/www.copealcoy.es\/es\/wp-json\/wp\/v2\/tags?post=30304"}],"curies":[{"name":"wp","href":"https:\/\/api.w.org\/{rel}","templated":true}]}}