{"id":30227,"date":"2017-03-31T19:12:48","date_gmt":"2017-03-31T19:12:48","guid":{"rendered":"http:\/\/copealcoi.es\/new\/?p=30227"},"modified":"2017-04-01T15:02:52","modified_gmt":"2017-04-01T15:02:52","slug":"la-junta-de-fiestas-de-muro-y-la-cofradia-llegan-a-un-acuerdo-de-consenso","status":"publish","type":"post","link":"https:\/\/www.copealcoy.es\/es\/la-junta-de-fiestas-de-muro-y-la-cofradia-llegan-a-un-acuerdo-de-consenso\/","title":{"rendered":"La Junta de Fiestas de Muro y la Cofrad\u00eda llegan a un acuerdo de consenso"},"content":{"rendered":"<p style=\"text-align: justify;\">La <strong>Junta de Fiestas de Muro y la Cofrad\u00eda de la Virgen de los Desamparados<\/strong> han alcanzado este viernes<strong> un acuerdo de consenso<\/strong> sobre los <strong>horarios de las procesiones<\/strong> de la patrona tras varias semanas de desencuentros entre ambas entidades.<\/p>\n<p style=\"text-align: justify;\">Los dos colectivos, y a trav\u00e9s de una comisi\u00f3n mediadora creada a tal efecto y en la que estaban representados <strong>Ayuntamiento, Iglesia, Fil\u00e0 Mare de D\u00e9u, Juez de Paz y Festeros<\/strong>; han aprobado\u00a0una serie de <strong>modificaciones que afectar\u00e1n a los desfiles procesionales<\/strong> que tendr\u00e1n lugar en el municipio dentro de los festejos de moros y cristianos\u00a0del mes de mayo. De esta forma se ha decidido, con el visto bueno de las dos entidades y el p\u00e1rroco Juan Crespo, que <strong>la procesi\u00f3n de &#8216;La Baix\u00e0&#8217; de la Mare de D\u00e9u<\/strong> se adelante del s\u00e1bado de fiestas tras la Entrada<strong> al mismo d\u00eda de la semana anterior a partir de las ocho y cuarto<\/strong> de la tarde. Esta variaci\u00f3n implicar\u00e1 que el s\u00e1bado\u00a06 de mayo <strong>la Uni\u00f3n Musical de Muro<\/strong>, que habitualmente ofrece su concierto de fiestas el primer s\u00e1bado de mayo, adelante el acto a las 18 horas.<\/p>\n<p style=\"text-align: justify;\">Por su parte <strong>la procesi\u00f3n general del domingo comenzar\u00e1 a las 22 horas y cambiar\u00e1 su trayecto<\/strong> pasando a recorrer la Plaza de la Iglesia, calle Mayor, Pla\u00e7a La Vila, calles \u00c0ngel, Palacio, Dr. Fleming, Era, Sant Josep, Sants, Placeta Molina, Sant Blai y de nuevo Plaza Iglesia para finalizar en la parroquia. Finalmente <strong>las Entradas<\/strong>, tanto el s\u00e1bado como el domingo, dar\u00e1n comiendo a las 17:30h de la tarde.<\/p>\n<p style=\"text-align: justify;\">El concejal de Fiestas, <strong>Sergi Silvestre<\/strong>, ha dado lectura esta tarde en el Sal\u00f3n de Plenos del Consistorio al acuerdo alcanzado entre los dos colectivos y<strong> ha resaltado que el mismo se adopta con car\u00e1cter provisional<\/strong> <em>\u201cno crear\u00e1 un precedente y finalizadas las fiestas de 2017 la Comisi\u00f3n de Conciliaci\u00f3n y Valoraci\u00f3n se sentar\u00e1 de nuevo para valorar el desarrollo de los actos y las posibles propuestas de cara al 2018\u201d,<\/em> reza el documento.<\/p>\n<p style=\"text-align: justify;\">Para finalizar\u00a0los presidentes de la Junta de Fiestas, <strong>Francisco Vicedo<\/strong>, y de la Cofrad\u00eda de la Mare de D\u00e9u, <strong>Amparo Santamaria<\/strong>, han firmado\u00a0este acuerdo de consenso mientras todos los presentes en el Ayuntamiento\u00a0han lanzado\u00a0un peque\u00f1o aplauso.<\/p>\n<audio class=\"wp-audio-shortcode\" id=\"audio-30227-1\" preload=\"none\" style=\"width: 100%;\" controls=\"controls\"><source type=\"audio\/mpeg\" src=\"https:\/\/www.copealcoy.es\/wp-content\/uploads\/2017\/03\/Acuerdo-entre-Junta-de-Fiestas-y-Cofrad\u00eda-Virgen-de-los-Desamparados.mp3?_=1\" \/><a href=\"https:\/\/www.copealcoy.es\/wp-content\/uploads\/2017\/03\/Acuerdo-entre-Junta-de-Fiestas-y-Cofrad\u00eda-Virgen-de-los-Desamparados.mp3\">https:\/\/www.copealcoy.es\/wp-content\/uploads\/2017\/03\/Acuerdo-entre-Junta-de-Fiestas-y-Cofrad\u00eda-Virgen-de-los-Desamparados.mp3<\/a><\/audio>\n","protected":false},"excerpt":{"rendered":"<p>La Junta de Fiestas de Muro y la Cofrad\u00eda de la Virgen de los Desamparados han alcanzado este viernes un&#8230;<\/p>\n","protected":false},"author":1,"featured_media":30232,"comment_status":"open","ping_status":"open","sticky":false,"template":"","format":"standard","meta":{"footnotes":""},"categories":[98,75,125],"tags":[1494,3939,2192,915,1919,2230],"class_list":["post-30227","post","type-post","status-publish","format-standard","has-post-thumbnail","hentry","category-comarcas","category-noticias","category-portada","tag-alcoy","tag-cofradia","tag-junta-de-fiestas","tag-procesiones","tag-sergi-silvestre","tag-virgen-de-los-desamparados"],"yoast_head":"<!-- This site is optimized with the Yoast SEO plugin v27.3 - https:\/\/yoast.com\/product\/yoast-seo-wordpress\/ -->\n<title>La Junta de Fiestas de Muro y la Cofrad\u00eda llegan a un acuerdo de consenso - COPE Alcoy<\/title>\n<meta name=\"robots\" content=\"index, follow, max-snippet:-1, max-image-preview:large, max-video-preview:-1\" \/>\n<link rel=\"canonical\" href=\"https:\/\/www.copealcoy.es\/es\/la-junta-de-fiestas-de-muro-y-la-cofradia-llegan-a-un-acuerdo-de-consenso\/\" \/>\n<meta property=\"og:locale\" content=\"es_ES\" \/>\n<meta property=\"og:type\" content=\"article\" \/>\n<meta property=\"og:title\" content=\"La Junta de Fiestas de Muro y la Cofrad\u00eda llegan a un acuerdo de consenso - COPE Alcoy\" \/>\n<meta property=\"og:description\" content=\"La Junta de Fiestas de Muro y la Cofrad\u00eda de la Virgen de los Desamparados han alcanzado este viernes un...\" \/>\n<meta property=\"og:url\" content=\"https:\/\/www.copealcoy.es\/es\/la-junta-de-fiestas-de-muro-y-la-cofradia-llegan-a-un-acuerdo-de-consenso\/\" \/>\n<meta property=\"og:site_name\" content=\"COPE Alcoy\" \/>\n<meta property=\"article:published_time\" content=\"2017-03-31T19:12:48+00:00\" \/>\n<meta property=\"article:modified_time\" content=\"2017-04-01T15:02:52+00:00\" \/>\n<meta property=\"og:image\" content=\"https:\/\/www.copealcoy.es\/wp-content\/uploads\/2017\/03\/La-presidenta-de-la-Cofrad\u00eda-firmando-el-acuerdo-Foto-Gabriel-Pascual-e1490987621937-660x330.jpg\" \/>\n\t<meta property=\"og:image:width\" content=\"660\" \/>\n\t<meta property=\"og:image:height\" content=\"330\" \/>\n\t<meta property=\"og:image:type\" content=\"image\/jpeg\" \/>\n<meta name=\"author\" content=\"Cope Alcoy\" \/>\n<meta name=\"twitter:label1\" content=\"Escrito por\" \/>\n\t<meta name=\"twitter:data1\" content=\"Cope Alcoy\" \/>\n\t<meta name=\"twitter:label2\" content=\"Tiempo de lectura\" \/>\n\t<meta name=\"twitter:data2\" content=\"2 minutos\" \/>\n<script type=\"application\/ld+json\" class=\"yoast-schema-graph\">{\"@context\":\"https:\\\/\\\/schema.org\",\"@graph\":[{\"@type\":\"Article\",\"@id\":\"https:\\\/\\\/www.copealcoy.es\\\/es\\\/la-junta-de-fiestas-de-muro-y-la-cofradia-llegan-a-un-acuerdo-de-consenso\\\/#article\",\"isPartOf\":{\"@id\":\"https:\\\/\\\/www.copealcoy.es\\\/es\\\/la-junta-de-fiestas-de-muro-y-la-cofradia-llegan-a-un-acuerdo-de-consenso\\\/\"},\"author\":{\"name\":\"Cope Alcoy\",\"@id\":\"https:\\\/\\\/www.copealcoy.es\\\/es\\\/#\\\/schema\\\/person\\\/e777c87fa024e57d40170af9df39882c\"},\"headline\":\"La Junta de Fiestas de Muro y la Cofrad\u00eda llegan a un acuerdo de consenso\",\"datePublished\":\"2017-03-31T19:12:48+00:00\",\"dateModified\":\"2017-04-01T15:02:52+00:00\",\"mainEntityOfPage\":{\"@id\":\"https:\\\/\\\/www.copealcoy.es\\\/es\\\/la-junta-de-fiestas-de-muro-y-la-cofradia-llegan-a-un-acuerdo-de-consenso\\\/\"},\"wordCount\":424,\"commentCount\":0,\"image\":{\"@id\":\"https:\\\/\\\/www.copealcoy.es\\\/es\\\/la-junta-de-fiestas-de-muro-y-la-cofradia-llegan-a-un-acuerdo-de-consenso\\\/#primaryimage\"},\"thumbnailUrl\":\"https:\\\/\\\/www.copealcoy.es\\\/wp-content\\\/uploads\\\/2017\\\/03\\\/La-presidenta-de-la-Cofrad\u00eda-firmando-el-acuerdo-Foto-Gabriel-Pascual-e1490987621937-660x330.jpg\",\"keywords\":[\"Alcoy\",\"Cofrad\u00eda\",\"Junta de Fiestas\",\"Procesiones\",\"Sergi Silvestre\",\"Virgen de los Desamparados\"],\"articleSection\":[\"Comarcas\",\"Noticias\",\"Portada\"],\"inLanguage\":\"es\"},{\"@type\":\"WebPage\",\"@id\":\"https:\\\/\\\/www.copealcoy.es\\\/es\\\/la-junta-de-fiestas-de-muro-y-la-cofradia-llegan-a-un-acuerdo-de-consenso\\\/\",\"url\":\"https:\\\/\\\/www.copealcoy.es\\\/es\\\/la-junta-de-fiestas-de-muro-y-la-cofradia-llegan-a-un-acuerdo-de-consenso\\\/\",\"name\":\"La Junta de Fiestas de Muro y la Cofrad\u00eda llegan a un acuerdo de consenso - COPE Alcoy\",\"isPartOf\":{\"@id\":\"https:\\\/\\\/www.copealcoy.es\\\/es\\\/#website\"},\"primaryImageOfPage\":{\"@id\":\"https:\\\/\\\/www.copealcoy.es\\\/es\\\/la-junta-de-fiestas-de-muro-y-la-cofradia-llegan-a-un-acuerdo-de-consenso\\\/#primaryimage\"},\"image\":{\"@id\":\"https:\\\/\\\/www.copealcoy.es\\\/es\\\/la-junta-de-fiestas-de-muro-y-la-cofradia-llegan-a-un-acuerdo-de-consenso\\\/#primaryimage\"},\"thumbnailUrl\":\"https:\\\/\\\/www.copealcoy.es\\\/wp-content\\\/uploads\\\/2017\\\/03\\\/La-presidenta-de-la-Cofrad\u00eda-firmando-el-acuerdo-Foto-Gabriel-Pascual-e1490987621937-660x330.jpg\",\"datePublished\":\"2017-03-31T19:12:48+00:00\",\"dateModified\":\"2017-04-01T15:02:52+00:00\",\"author\":{\"@id\":\"https:\\\/\\\/www.copealcoy.es\\\/es\\\/#\\\/schema\\\/person\\\/e777c87fa024e57d40170af9df39882c\"},\"breadcrumb\":{\"@id\":\"https:\\\/\\\/www.copealcoy.es\\\/es\\\/la-junta-de-fiestas-de-muro-y-la-cofradia-llegan-a-un-acuerdo-de-consenso\\\/#breadcrumb\"},\"inLanguage\":\"es\",\"potentialAction\":[{\"@type\":\"ReadAction\",\"target\":[\"https:\\\/\\\/www.copealcoy.es\\\/es\\\/la-junta-de-fiestas-de-muro-y-la-cofradia-llegan-a-un-acuerdo-de-consenso\\\/\"]}]},{\"@type\":\"ImageObject\",\"inLanguage\":\"es\",\"@id\":\"https:\\\/\\\/www.copealcoy.es\\\/es\\\/la-junta-de-fiestas-de-muro-y-la-cofradia-llegan-a-un-acuerdo-de-consenso\\\/#primaryimage\",\"url\":\"https:\\\/\\\/www.copealcoy.es\\\/wp-content\\\/uploads\\\/2017\\\/03\\\/La-presidenta-de-la-Cofrad\u00eda-firmando-el-acuerdo-Foto-Gabriel-Pascual-e1490987621937-660x330.jpg\",\"contentUrl\":\"https:\\\/\\\/www.copealcoy.es\\\/wp-content\\\/uploads\\\/2017\\\/03\\\/La-presidenta-de-la-Cofrad\u00eda-firmando-el-acuerdo-Foto-Gabriel-Pascual-e1490987621937-660x330.jpg\",\"width\":660,\"height\":330,\"caption\":\"Los presidentes de la Cofrad\u00eda y de la Junta de Fiestas han firmado el acuerdo \\\/ Foto: G. Pascual\"},{\"@type\":\"BreadcrumbList\",\"@id\":\"https:\\\/\\\/www.copealcoy.es\\\/es\\\/la-junta-de-fiestas-de-muro-y-la-cofradia-llegan-a-un-acuerdo-de-consenso\\\/#breadcrumb\",\"itemListElement\":[{\"@type\":\"ListItem\",\"position\":1,\"name\":\"Portada\",\"item\":\"https:\\\/\\\/www.copealcoy.es\\\/es\\\/\"},{\"@type\":\"ListItem\",\"position\":2,\"name\":\"La Junta de Fiestas de Muro y la Cofrad\u00eda llegan a un acuerdo de consenso\"}]},{\"@type\":\"WebSite\",\"@id\":\"https:\\\/\\\/www.copealcoy.es\\\/es\\\/#website\",\"url\":\"https:\\\/\\\/www.copealcoy.es\\\/es\\\/\",\"name\":\"COPE Alcoy\",\"description\":\"Emisora COPE de radio local con emisi\u00f3n online. Pont de Sant Jordi 8-10 03803 Alcoy\",\"potentialAction\":[{\"@type\":\"SearchAction\",\"target\":{\"@type\":\"EntryPoint\",\"urlTemplate\":\"https:\\\/\\\/www.copealcoy.es\\\/es\\\/?s={search_term_string}\"},\"query-input\":{\"@type\":\"PropertyValueSpecification\",\"valueRequired\":true,\"valueName\":\"search_term_string\"}}],\"inLanguage\":\"es\"},{\"@type\":\"Person\",\"@id\":\"https:\\\/\\\/www.copealcoy.es\\\/es\\\/#\\\/schema\\\/person\\\/e777c87fa024e57d40170af9df39882c\",\"name\":\"Cope Alcoy\",\"image\":{\"@type\":\"ImageObject\",\"inLanguage\":\"es\",\"@id\":\"https:\\\/\\\/secure.gravatar.com\\\/avatar\\\/bb65d0283347e303893ba14f0692005417c1e0e690a325a4c5d8bb2b3943ee14?s=96&d=mm&r=g\",\"url\":\"https:\\\/\\\/secure.gravatar.com\\\/avatar\\\/bb65d0283347e303893ba14f0692005417c1e0e690a325a4c5d8bb2b3943ee14?s=96&d=mm&r=g\",\"contentUrl\":\"https:\\\/\\\/secure.gravatar.com\\\/avatar\\\/bb65d0283347e303893ba14f0692005417c1e0e690a325a4c5d8bb2b3943ee14?s=96&d=mm&r=g\",\"caption\":\"Cope Alcoy\"}}]}<\/script>\n<!-- \/ Yoast SEO plugin. -->","yoast_head_json":{"title":"La Junta de Fiestas de Muro y la Cofrad\u00eda llegan a un acuerdo de consenso - COPE Alcoy","robots":{"index":"index","follow":"follow","max-snippet":"max-snippet:-1","max-image-preview":"max-image-preview:large","max-video-preview":"max-video-preview:-1"},"canonical":"https:\/\/www.copealcoy.es\/es\/la-junta-de-fiestas-de-muro-y-la-cofradia-llegan-a-un-acuerdo-de-consenso\/","og_locale":"es_ES","og_type":"article","og_title":"La Junta de Fiestas de Muro y la Cofrad\u00eda llegan a un acuerdo de consenso - COPE Alcoy","og_description":"La Junta de Fiestas de Muro y la Cofrad\u00eda de la Virgen de los Desamparados han alcanzado este viernes un...","og_url":"https:\/\/www.copealcoy.es\/es\/la-junta-de-fiestas-de-muro-y-la-cofradia-llegan-a-un-acuerdo-de-consenso\/","og_site_name":"COPE Alcoy","article_published_time":"2017-03-31T19:12:48+00:00","article_modified_time":"2017-04-01T15:02:52+00:00","og_image":[{"width":660,"height":330,"url":"https:\/\/www.copealcoy.es\/wp-content\/uploads\/2017\/03\/La-presidenta-de-la-Cofrad\u00eda-firmando-el-acuerdo-Foto-Gabriel-Pascual-e1490987621937-660x330.jpg","type":"image\/jpeg"}],"author":"Cope Alcoy","twitter_misc":{"Escrito por":"Cope Alcoy","Tiempo de lectura":"2 minutos"},"schema":{"@context":"https:\/\/schema.org","@graph":[{"@type":"Article","@id":"https:\/\/www.copealcoy.es\/es\/la-junta-de-fiestas-de-muro-y-la-cofradia-llegan-a-un-acuerdo-de-consenso\/#article","isPartOf":{"@id":"https:\/\/www.copealcoy.es\/es\/la-junta-de-fiestas-de-muro-y-la-cofradia-llegan-a-un-acuerdo-de-consenso\/"},"author":{"name":"Cope Alcoy","@id":"https:\/\/www.copealcoy.es\/es\/#\/schema\/person\/e777c87fa024e57d40170af9df39882c"},"headline":"La Junta de Fiestas de Muro y la Cofrad\u00eda llegan a un acuerdo de consenso","datePublished":"2017-03-31T19:12:48+00:00","dateModified":"2017-04-01T15:02:52+00:00","mainEntityOfPage":{"@id":"https:\/\/www.copealcoy.es\/es\/la-junta-de-fiestas-de-muro-y-la-cofradia-llegan-a-un-acuerdo-de-consenso\/"},"wordCount":424,"commentCount":0,"image":{"@id":"https:\/\/www.copealcoy.es\/es\/la-junta-de-fiestas-de-muro-y-la-cofradia-llegan-a-un-acuerdo-de-consenso\/#primaryimage"},"thumbnailUrl":"https:\/\/www.copealcoy.es\/wp-content\/uploads\/2017\/03\/La-presidenta-de-la-Cofrad\u00eda-firmando-el-acuerdo-Foto-Gabriel-Pascual-e1490987621937-660x330.jpg","keywords":["Alcoy","Cofrad\u00eda","Junta de Fiestas","Procesiones","Sergi Silvestre","Virgen de los Desamparados"],"articleSection":["Comarcas","Noticias","Portada"],"inLanguage":"es"},{"@type":"WebPage","@id":"https:\/\/www.copealcoy.es\/es\/la-junta-de-fiestas-de-muro-y-la-cofradia-llegan-a-un-acuerdo-de-consenso\/","url":"https:\/\/www.copealcoy.es\/es\/la-junta-de-fiestas-de-muro-y-la-cofradia-llegan-a-un-acuerdo-de-consenso\/","name":"La Junta de Fiestas de Muro y la Cofrad\u00eda llegan a un acuerdo de consenso - COPE Alcoy","isPartOf":{"@id":"https:\/\/www.copealcoy.es\/es\/#website"},"primaryImageOfPage":{"@id":"https:\/\/www.copealcoy.es\/es\/la-junta-de-fiestas-de-muro-y-la-cofradia-llegan-a-un-acuerdo-de-consenso\/#primaryimage"},"image":{"@id":"https:\/\/www.copealcoy.es\/es\/la-junta-de-fiestas-de-muro-y-la-cofradia-llegan-a-un-acuerdo-de-consenso\/#primaryimage"},"thumbnailUrl":"https:\/\/www.copealcoy.es\/wp-content\/uploads\/2017\/03\/La-presidenta-de-la-Cofrad\u00eda-firmando-el-acuerdo-Foto-Gabriel-Pascual-e1490987621937-660x330.jpg","datePublished":"2017-03-31T19:12:48+00:00","dateModified":"2017-04-01T15:02:52+00:00","author":{"@id":"https:\/\/www.copealcoy.es\/es\/#\/schema\/person\/e777c87fa024e57d40170af9df39882c"},"breadcrumb":{"@id":"https:\/\/www.copealcoy.es\/es\/la-junta-de-fiestas-de-muro-y-la-cofradia-llegan-a-un-acuerdo-de-consenso\/#breadcrumb"},"inLanguage":"es","potentialAction":[{"@type":"ReadAction","target":["https:\/\/www.copealcoy.es\/es\/la-junta-de-fiestas-de-muro-y-la-cofradia-llegan-a-un-acuerdo-de-consenso\/"]}]},{"@type":"ImageObject","inLanguage":"es","@id":"https:\/\/www.copealcoy.es\/es\/la-junta-de-fiestas-de-muro-y-la-cofradia-llegan-a-un-acuerdo-de-consenso\/#primaryimage","url":"https:\/\/www.copealcoy.es\/wp-content\/uploads\/2017\/03\/La-presidenta-de-la-Cofrad\u00eda-firmando-el-acuerdo-Foto-Gabriel-Pascual-e1490987621937-660x330.jpg","contentUrl":"https:\/\/www.copealcoy.es\/wp-content\/uploads\/2017\/03\/La-presidenta-de-la-Cofrad\u00eda-firmando-el-acuerdo-Foto-Gabriel-Pascual-e1490987621937-660x330.jpg","width":660,"height":330,"caption":"Los presidentes de la Cofrad\u00eda y de la Junta de Fiestas han firmado el acuerdo \/ Foto: G. Pascual"},{"@type":"BreadcrumbList","@id":"https:\/\/www.copealcoy.es\/es\/la-junta-de-fiestas-de-muro-y-la-cofradia-llegan-a-un-acuerdo-de-consenso\/#breadcrumb","itemListElement":[{"@type":"ListItem","position":1,"name":"Portada","item":"https:\/\/www.copealcoy.es\/es\/"},{"@type":"ListItem","position":2,"name":"La Junta de Fiestas de Muro y la Cofrad\u00eda llegan a un acuerdo de consenso"}]},{"@type":"WebSite","@id":"https:\/\/www.copealcoy.es\/es\/#website","url":"https:\/\/www.copealcoy.es\/es\/","name":"COPE Alcoy","description":"Emisora COPE de radio local con emisi\u00f3n online. Pont de Sant Jordi 8-10 03803 Alcoy","potentialAction":[{"@type":"SearchAction","target":{"@type":"EntryPoint","urlTemplate":"https:\/\/www.copealcoy.es\/es\/?s={search_term_string}"},"query-input":{"@type":"PropertyValueSpecification","valueRequired":true,"valueName":"search_term_string"}}],"inLanguage":"es"},{"@type":"Person","@id":"https:\/\/www.copealcoy.es\/es\/#\/schema\/person\/e777c87fa024e57d40170af9df39882c","name":"Cope Alcoy","image":{"@type":"ImageObject","inLanguage":"es","@id":"https:\/\/secure.gravatar.com\/avatar\/bb65d0283347e303893ba14f0692005417c1e0e690a325a4c5d8bb2b3943ee14?s=96&d=mm&r=g","url":"https:\/\/secure.gravatar.com\/avatar\/bb65d0283347e303893ba14f0692005417c1e0e690a325a4c5d8bb2b3943ee14?s=96&d=mm&r=g","contentUrl":"https:\/\/secure.gravatar.com\/avatar\/bb65d0283347e303893ba14f0692005417c1e0e690a325a4c5d8bb2b3943ee14?s=96&d=mm&r=g","caption":"Cope Alcoy"}}]}},"_links":{"self":[{"href":"https:\/\/www.copealcoy.es\/es\/wp-json\/wp\/v2\/posts\/30227","targetHints":{"allow":["GET"]}}],"collection":[{"href":"https:\/\/www.copealcoy.es\/es\/wp-json\/wp\/v2\/posts"}],"about":[{"href":"https:\/\/www.copealcoy.es\/es\/wp-json\/wp\/v2\/types\/post"}],"author":[{"embeddable":true,"href":"https:\/\/www.copealcoy.es\/es\/wp-json\/wp\/v2\/users\/1"}],"replies":[{"embeddable":true,"href":"https:\/\/www.copealcoy.es\/es\/wp-json\/wp\/v2\/comments?post=30227"}],"version-history":[{"count":0,"href":"https:\/\/www.copealcoy.es\/es\/wp-json\/wp\/v2\/posts\/30227\/revisions"}],"wp:featuredmedia":[{"embeddable":true,"href":"https:\/\/www.copealcoy.es\/es\/wp-json\/wp\/v2\/media\/30232"}],"wp:attachment":[{"href":"https:\/\/www.copealcoy.es\/es\/wp-json\/wp\/v2\/media?parent=30227"}],"wp:term":[{"taxonomy":"category","embeddable":true,"href":"https:\/\/www.copealcoy.es\/es\/wp-json\/wp\/v2\/categories?post=30227"},{"taxonomy":"post_tag","embeddable":true,"href":"https:\/\/www.copealcoy.es\/es\/wp-json\/wp\/v2\/tags?post=30227"}],"curies":[{"name":"wp","href":"https:\/\/api.w.org\/{rel}","templated":true}]}}