{"id":30091,"date":"2017-03-28T14:00:19","date_gmt":"2017-03-28T14:00:19","guid":{"rendered":"http:\/\/copealcoi.es\/new\/?p=30091"},"modified":"2017-03-28T16:20:12","modified_gmt":"2017-03-28T16:20:12","slug":"el-pregon-anuncia-la-semana-santa-contestana","status":"publish","type":"post","link":"https:\/\/www.copealcoy.es\/es\/el-pregon-anuncia-la-semana-santa-contestana\/","title":{"rendered":"El preg\u00f3n anuncia la Semana Santa Contestana"},"content":{"rendered":"<p style=\"text-align: justify;\">La <strong>parroquia de Santa Mar\u00eda de Cocentaina<\/strong> acogi\u00f3 el pasado s\u00e1bado por la tarde la <strong>presentaci\u00f3n del cartel anunciador de la Semana Santa Contestana<\/strong> as\u00ed como tambi\u00e9n el <strong>preg\u00f3n<\/strong> de las celebraciones que tendr\u00e1n lugar en la Villa Condal entre el 9 y el 16 de abril.<\/p>\n<p style=\"text-align: justify;\">Tras la misa, y con la asistencia de los representantes de todas las Cofrad\u00edas de la poblaci\u00f3n, arranc\u00f3 el acto y en primer lugar <strong>se procedi\u00f3 al descubrimiento del cartel que este a\u00f1o ha creado Pepa Va\u00f1\u00f3<\/strong>. Su autora, que fue presentada por sus dos hijos, destac\u00f3 en su intervenci\u00f3n <strong>la vinculaci\u00f3n que siempre ha tenido con la Semana Santa y especialmente con los cofrades del Cristo de La Columna<\/strong> que este a\u00f1o se encargan de coordinar a la Junta Central de Cofrad\u00edas. Adem\u00e1s explic\u00f3 que en su obra ha plasmado por medio de la t\u00e9cnica jacquard y la uni\u00f3n de hilos <strong>una parte del Palau as\u00ed como la silueta del Crist dels Llauradors<\/strong> <em>\u201ces el p\u00f3rtico del Palau Comtal que nos abre las puertas de la Semana Santa 2017 para comprender profundamente la Pasi\u00f3n del Se\u00f1or\u201d, <\/em>dijo.<\/p>\n<p style=\"text-align: justify;\">Seguidamente lleg\u00f3 el turno del preg\u00f3n que este a\u00f1o corri\u00f3 a cargo de <strong>Samuel Botella Palacios<\/strong>, gran conocedor de esta tradici\u00f3n contestana, y que adem\u00e1s cursa actualmente sus estudios de Teolog\u00eda. En sus palabras <strong>anim\u00f3 a todos los presentes a vivir con profundidad los d\u00edas de la Semana Santa<\/strong>, hizo referencia a los Sacramentos y recorri\u00f3, desde el punto de vista teol\u00f3gico, l<strong>as diferentes im\u00e1genes<\/strong> que procesionan en el municipio.<\/p>\n<p style=\"text-align: justify;\">Indicar que el cartel <strong>ha sido colocado en el exterior del templo de Santa Mar\u00eda<\/strong> mientras que el Passeig del Comtat as\u00ed como la Plaza del Pla <strong>han sido engalanados<\/strong> en los \u00faltimos d\u00edas con banderas que reproducen el logotipo de la Semana Santa y los diferentes pasos.<\/p>\n<p><iframe loading=\"lazy\" title=\"Presentaci\u00f3 cartell i preg\u00f3 de Setmana Santa 2.017\" width=\"1200\" height=\"675\" src=\"https:\/\/www.youtube.com\/embed\/S5cqDu391Ng?feature=oembed\" frameborder=\"0\" allow=\"accelerometer; autoplay; encrypted-media; gyroscope; picture-in-picture\" allowfullscreen><\/iframe><\/p>\n<p>&nbsp;<\/p>\n<p>&nbsp;<\/p>\n","protected":false},"excerpt":{"rendered":"<p>La parroquia de Santa Mar\u00eda de Cocentaina acogi\u00f3 el pasado s\u00e1bado por la tarde la presentaci\u00f3n del cartel anunciador de&#8230;<\/p>\n","protected":false},"author":1,"featured_media":30092,"comment_status":"open","ping_status":"open","sticky":false,"template":"","format":"standard","meta":{"footnotes":""},"categories":[98,75],"tags":[132,237,3776,3913,1426,3912,745],"class_list":["post-30091","post","type-post","status-publish","format-standard","has-post-thumbnail","hentry","category-comarcas","category-noticias","tag-cocentaina","tag-comtat","tag-cristo-de-la-columna","tag-pepa-vano","tag-pregon","tag-samu-botella","tag-semana-santa"],"yoast_head":"<!-- This site is optimized with the Yoast SEO plugin v27.3 - https:\/\/yoast.com\/product\/yoast-seo-wordpress\/ -->\n<title>El preg\u00f3n anuncia la Semana Santa Contestana - COPE Alcoy<\/title>\n<meta name=\"robots\" content=\"index, follow, max-snippet:-1, max-image-preview:large, max-video-preview:-1\" \/>\n<link rel=\"canonical\" href=\"https:\/\/www.copealcoy.es\/es\/el-pregon-anuncia-la-semana-santa-contestana\/\" \/>\n<meta property=\"og:locale\" content=\"es_ES\" \/>\n<meta property=\"og:type\" content=\"article\" \/>\n<meta property=\"og:title\" content=\"El preg\u00f3n anuncia la Semana Santa Contestana - COPE Alcoy\" \/>\n<meta property=\"og:description\" content=\"La parroquia de Santa Mar\u00eda de Cocentaina acogi\u00f3 el pasado s\u00e1bado por la tarde la presentaci\u00f3n del cartel anunciador de...\" \/>\n<meta property=\"og:url\" content=\"https:\/\/www.copealcoy.es\/es\/el-pregon-anuncia-la-semana-santa-contestana\/\" \/>\n<meta property=\"og:site_name\" content=\"COPE Alcoy\" \/>\n<meta property=\"article:published_time\" content=\"2017-03-28T14:00:19+00:00\" \/>\n<meta property=\"article:modified_time\" content=\"2017-03-28T16:20:12+00:00\" \/>\n<meta property=\"og:image\" content=\"https:\/\/www.copealcoy.es\/wp-content\/uploads\/2017\/03\/Preg\u00f3n-Semana-Santa-Foto-Silvia-Botella-e1490718001824.jpg\" \/>\n\t<meta property=\"og:image:width\" content=\"950\" \/>\n\t<meta property=\"og:image:height\" content=\"465\" \/>\n\t<meta property=\"og:image:type\" content=\"image\/jpeg\" \/>\n<meta name=\"author\" content=\"Cope Alcoy\" \/>\n<meta name=\"twitter:label1\" content=\"Escrito por\" \/>\n\t<meta name=\"twitter:data1\" content=\"Cope Alcoy\" \/>\n\t<meta name=\"twitter:label2\" content=\"Tiempo de lectura\" \/>\n\t<meta name=\"twitter:data2\" content=\"2 minutos\" \/>\n<script type=\"application\/ld+json\" class=\"yoast-schema-graph\">{\"@context\":\"https:\\\/\\\/schema.org\",\"@graph\":[{\"@type\":\"Article\",\"@id\":\"https:\\\/\\\/www.copealcoy.es\\\/es\\\/el-pregon-anuncia-la-semana-santa-contestana\\\/#article\",\"isPartOf\":{\"@id\":\"https:\\\/\\\/www.copealcoy.es\\\/es\\\/el-pregon-anuncia-la-semana-santa-contestana\\\/\"},\"author\":{\"name\":\"Cope Alcoy\",\"@id\":\"https:\\\/\\\/www.copealcoy.es\\\/es\\\/#\\\/schema\\\/person\\\/e777c87fa024e57d40170af9df39882c\"},\"headline\":\"El preg\u00f3n anuncia la Semana Santa Contestana\",\"datePublished\":\"2017-03-28T14:00:19+00:00\",\"dateModified\":\"2017-03-28T16:20:12+00:00\",\"mainEntityOfPage\":{\"@id\":\"https:\\\/\\\/www.copealcoy.es\\\/es\\\/el-pregon-anuncia-la-semana-santa-contestana\\\/\"},\"wordCount\":348,\"commentCount\":0,\"image\":{\"@id\":\"https:\\\/\\\/www.copealcoy.es\\\/es\\\/el-pregon-anuncia-la-semana-santa-contestana\\\/#primaryimage\"},\"thumbnailUrl\":\"https:\\\/\\\/www.copealcoy.es\\\/wp-content\\\/uploads\\\/2017\\\/03\\\/Preg\u00f3n-Semana-Santa-Foto-Silvia-Botella-e1490718001824.jpg\",\"keywords\":[\"Cocentaina\",\"Comtat\",\"Cristo de la Columna\",\"Pepa Va\u00f1\u00f3\",\"preg\u00f3n\",\"Samu Botella\",\"Semana Santa\"],\"articleSection\":[\"Comarcas\",\"Noticias\"],\"inLanguage\":\"es\"},{\"@type\":\"WebPage\",\"@id\":\"https:\\\/\\\/www.copealcoy.es\\\/es\\\/el-pregon-anuncia-la-semana-santa-contestana\\\/\",\"url\":\"https:\\\/\\\/www.copealcoy.es\\\/es\\\/el-pregon-anuncia-la-semana-santa-contestana\\\/\",\"name\":\"El preg\u00f3n anuncia la Semana Santa Contestana - COPE Alcoy\",\"isPartOf\":{\"@id\":\"https:\\\/\\\/www.copealcoy.es\\\/es\\\/#website\"},\"primaryImageOfPage\":{\"@id\":\"https:\\\/\\\/www.copealcoy.es\\\/es\\\/el-pregon-anuncia-la-semana-santa-contestana\\\/#primaryimage\"},\"image\":{\"@id\":\"https:\\\/\\\/www.copealcoy.es\\\/es\\\/el-pregon-anuncia-la-semana-santa-contestana\\\/#primaryimage\"},\"thumbnailUrl\":\"https:\\\/\\\/www.copealcoy.es\\\/wp-content\\\/uploads\\\/2017\\\/03\\\/Preg\u00f3n-Semana-Santa-Foto-Silvia-Botella-e1490718001824.jpg\",\"datePublished\":\"2017-03-28T14:00:19+00:00\",\"dateModified\":\"2017-03-28T16:20:12+00:00\",\"author\":{\"@id\":\"https:\\\/\\\/www.copealcoy.es\\\/es\\\/#\\\/schema\\\/person\\\/e777c87fa024e57d40170af9df39882c\"},\"breadcrumb\":{\"@id\":\"https:\\\/\\\/www.copealcoy.es\\\/es\\\/el-pregon-anuncia-la-semana-santa-contestana\\\/#breadcrumb\"},\"inLanguage\":\"es\",\"potentialAction\":[{\"@type\":\"ReadAction\",\"target\":[\"https:\\\/\\\/www.copealcoy.es\\\/es\\\/el-pregon-anuncia-la-semana-santa-contestana\\\/\"]}]},{\"@type\":\"ImageObject\",\"inLanguage\":\"es\",\"@id\":\"https:\\\/\\\/www.copealcoy.es\\\/es\\\/el-pregon-anuncia-la-semana-santa-contestana\\\/#primaryimage\",\"url\":\"https:\\\/\\\/www.copealcoy.es\\\/wp-content\\\/uploads\\\/2017\\\/03\\\/Preg\u00f3n-Semana-Santa-Foto-Silvia-Botella-e1490718001824.jpg\",\"contentUrl\":\"https:\\\/\\\/www.copealcoy.es\\\/wp-content\\\/uploads\\\/2017\\\/03\\\/Preg\u00f3n-Semana-Santa-Foto-Silvia-Botella-e1490718001824.jpg\",\"width\":950,\"height\":465,\"caption\":\"Samu Botella fue el encargado de pronunciar el preg\u00f3n \\\/ Foto: Samu Botella\"},{\"@type\":\"BreadcrumbList\",\"@id\":\"https:\\\/\\\/www.copealcoy.es\\\/es\\\/el-pregon-anuncia-la-semana-santa-contestana\\\/#breadcrumb\",\"itemListElement\":[{\"@type\":\"ListItem\",\"position\":1,\"name\":\"Portada\",\"item\":\"https:\\\/\\\/www.copealcoy.es\\\/es\\\/\"},{\"@type\":\"ListItem\",\"position\":2,\"name\":\"El preg\u00f3n anuncia la Semana Santa Contestana\"}]},{\"@type\":\"WebSite\",\"@id\":\"https:\\\/\\\/www.copealcoy.es\\\/es\\\/#website\",\"url\":\"https:\\\/\\\/www.copealcoy.es\\\/es\\\/\",\"name\":\"COPE Alcoy\",\"description\":\"Emisora COPE de radio local con emisi\u00f3n online. Pont de Sant Jordi 8-10 03803 Alcoy\",\"potentialAction\":[{\"@type\":\"SearchAction\",\"target\":{\"@type\":\"EntryPoint\",\"urlTemplate\":\"https:\\\/\\\/www.copealcoy.es\\\/es\\\/?s={search_term_string}\"},\"query-input\":{\"@type\":\"PropertyValueSpecification\",\"valueRequired\":true,\"valueName\":\"search_term_string\"}}],\"inLanguage\":\"es\"},{\"@type\":\"Person\",\"@id\":\"https:\\\/\\\/www.copealcoy.es\\\/es\\\/#\\\/schema\\\/person\\\/e777c87fa024e57d40170af9df39882c\",\"name\":\"Cope Alcoy\",\"image\":{\"@type\":\"ImageObject\",\"inLanguage\":\"es\",\"@id\":\"https:\\\/\\\/secure.gravatar.com\\\/avatar\\\/bb65d0283347e303893ba14f0692005417c1e0e690a325a4c5d8bb2b3943ee14?s=96&d=mm&r=g\",\"url\":\"https:\\\/\\\/secure.gravatar.com\\\/avatar\\\/bb65d0283347e303893ba14f0692005417c1e0e690a325a4c5d8bb2b3943ee14?s=96&d=mm&r=g\",\"contentUrl\":\"https:\\\/\\\/secure.gravatar.com\\\/avatar\\\/bb65d0283347e303893ba14f0692005417c1e0e690a325a4c5d8bb2b3943ee14?s=96&d=mm&r=g\",\"caption\":\"Cope Alcoy\"}}]}<\/script>\n<!-- \/ Yoast SEO plugin. -->","yoast_head_json":{"title":"El preg\u00f3n anuncia la Semana Santa Contestana - COPE Alcoy","robots":{"index":"index","follow":"follow","max-snippet":"max-snippet:-1","max-image-preview":"max-image-preview:large","max-video-preview":"max-video-preview:-1"},"canonical":"https:\/\/www.copealcoy.es\/es\/el-pregon-anuncia-la-semana-santa-contestana\/","og_locale":"es_ES","og_type":"article","og_title":"El preg\u00f3n anuncia la Semana Santa Contestana - COPE Alcoy","og_description":"La parroquia de Santa Mar\u00eda de Cocentaina acogi\u00f3 el pasado s\u00e1bado por la tarde la presentaci\u00f3n del cartel anunciador de...","og_url":"https:\/\/www.copealcoy.es\/es\/el-pregon-anuncia-la-semana-santa-contestana\/","og_site_name":"COPE Alcoy","article_published_time":"2017-03-28T14:00:19+00:00","article_modified_time":"2017-03-28T16:20:12+00:00","og_image":[{"width":950,"height":465,"url":"https:\/\/www.copealcoy.es\/wp-content\/uploads\/2017\/03\/Preg\u00f3n-Semana-Santa-Foto-Silvia-Botella-e1490718001824.jpg","type":"image\/jpeg"}],"author":"Cope Alcoy","twitter_misc":{"Escrito por":"Cope Alcoy","Tiempo de lectura":"2 minutos"},"schema":{"@context":"https:\/\/schema.org","@graph":[{"@type":"Article","@id":"https:\/\/www.copealcoy.es\/es\/el-pregon-anuncia-la-semana-santa-contestana\/#article","isPartOf":{"@id":"https:\/\/www.copealcoy.es\/es\/el-pregon-anuncia-la-semana-santa-contestana\/"},"author":{"name":"Cope Alcoy","@id":"https:\/\/www.copealcoy.es\/es\/#\/schema\/person\/e777c87fa024e57d40170af9df39882c"},"headline":"El preg\u00f3n anuncia la Semana Santa Contestana","datePublished":"2017-03-28T14:00:19+00:00","dateModified":"2017-03-28T16:20:12+00:00","mainEntityOfPage":{"@id":"https:\/\/www.copealcoy.es\/es\/el-pregon-anuncia-la-semana-santa-contestana\/"},"wordCount":348,"commentCount":0,"image":{"@id":"https:\/\/www.copealcoy.es\/es\/el-pregon-anuncia-la-semana-santa-contestana\/#primaryimage"},"thumbnailUrl":"https:\/\/www.copealcoy.es\/wp-content\/uploads\/2017\/03\/Preg\u00f3n-Semana-Santa-Foto-Silvia-Botella-e1490718001824.jpg","keywords":["Cocentaina","Comtat","Cristo de la Columna","Pepa Va\u00f1\u00f3","preg\u00f3n","Samu Botella","Semana Santa"],"articleSection":["Comarcas","Noticias"],"inLanguage":"es"},{"@type":"WebPage","@id":"https:\/\/www.copealcoy.es\/es\/el-pregon-anuncia-la-semana-santa-contestana\/","url":"https:\/\/www.copealcoy.es\/es\/el-pregon-anuncia-la-semana-santa-contestana\/","name":"El preg\u00f3n anuncia la Semana Santa Contestana - COPE Alcoy","isPartOf":{"@id":"https:\/\/www.copealcoy.es\/es\/#website"},"primaryImageOfPage":{"@id":"https:\/\/www.copealcoy.es\/es\/el-pregon-anuncia-la-semana-santa-contestana\/#primaryimage"},"image":{"@id":"https:\/\/www.copealcoy.es\/es\/el-pregon-anuncia-la-semana-santa-contestana\/#primaryimage"},"thumbnailUrl":"https:\/\/www.copealcoy.es\/wp-content\/uploads\/2017\/03\/Preg\u00f3n-Semana-Santa-Foto-Silvia-Botella-e1490718001824.jpg","datePublished":"2017-03-28T14:00:19+00:00","dateModified":"2017-03-28T16:20:12+00:00","author":{"@id":"https:\/\/www.copealcoy.es\/es\/#\/schema\/person\/e777c87fa024e57d40170af9df39882c"},"breadcrumb":{"@id":"https:\/\/www.copealcoy.es\/es\/el-pregon-anuncia-la-semana-santa-contestana\/#breadcrumb"},"inLanguage":"es","potentialAction":[{"@type":"ReadAction","target":["https:\/\/www.copealcoy.es\/es\/el-pregon-anuncia-la-semana-santa-contestana\/"]}]},{"@type":"ImageObject","inLanguage":"es","@id":"https:\/\/www.copealcoy.es\/es\/el-pregon-anuncia-la-semana-santa-contestana\/#primaryimage","url":"https:\/\/www.copealcoy.es\/wp-content\/uploads\/2017\/03\/Preg\u00f3n-Semana-Santa-Foto-Silvia-Botella-e1490718001824.jpg","contentUrl":"https:\/\/www.copealcoy.es\/wp-content\/uploads\/2017\/03\/Preg\u00f3n-Semana-Santa-Foto-Silvia-Botella-e1490718001824.jpg","width":950,"height":465,"caption":"Samu Botella fue el encargado de pronunciar el preg\u00f3n \/ Foto: Samu Botella"},{"@type":"BreadcrumbList","@id":"https:\/\/www.copealcoy.es\/es\/el-pregon-anuncia-la-semana-santa-contestana\/#breadcrumb","itemListElement":[{"@type":"ListItem","position":1,"name":"Portada","item":"https:\/\/www.copealcoy.es\/es\/"},{"@type":"ListItem","position":2,"name":"El preg\u00f3n anuncia la Semana Santa Contestana"}]},{"@type":"WebSite","@id":"https:\/\/www.copealcoy.es\/es\/#website","url":"https:\/\/www.copealcoy.es\/es\/","name":"COPE Alcoy","description":"Emisora COPE de radio local con emisi\u00f3n online. Pont de Sant Jordi 8-10 03803 Alcoy","potentialAction":[{"@type":"SearchAction","target":{"@type":"EntryPoint","urlTemplate":"https:\/\/www.copealcoy.es\/es\/?s={search_term_string}"},"query-input":{"@type":"PropertyValueSpecification","valueRequired":true,"valueName":"search_term_string"}}],"inLanguage":"es"},{"@type":"Person","@id":"https:\/\/www.copealcoy.es\/es\/#\/schema\/person\/e777c87fa024e57d40170af9df39882c","name":"Cope Alcoy","image":{"@type":"ImageObject","inLanguage":"es","@id":"https:\/\/secure.gravatar.com\/avatar\/bb65d0283347e303893ba14f0692005417c1e0e690a325a4c5d8bb2b3943ee14?s=96&d=mm&r=g","url":"https:\/\/secure.gravatar.com\/avatar\/bb65d0283347e303893ba14f0692005417c1e0e690a325a4c5d8bb2b3943ee14?s=96&d=mm&r=g","contentUrl":"https:\/\/secure.gravatar.com\/avatar\/bb65d0283347e303893ba14f0692005417c1e0e690a325a4c5d8bb2b3943ee14?s=96&d=mm&r=g","caption":"Cope Alcoy"}}]}},"_links":{"self":[{"href":"https:\/\/www.copealcoy.es\/es\/wp-json\/wp\/v2\/posts\/30091","targetHints":{"allow":["GET"]}}],"collection":[{"href":"https:\/\/www.copealcoy.es\/es\/wp-json\/wp\/v2\/posts"}],"about":[{"href":"https:\/\/www.copealcoy.es\/es\/wp-json\/wp\/v2\/types\/post"}],"author":[{"embeddable":true,"href":"https:\/\/www.copealcoy.es\/es\/wp-json\/wp\/v2\/users\/1"}],"replies":[{"embeddable":true,"href":"https:\/\/www.copealcoy.es\/es\/wp-json\/wp\/v2\/comments?post=30091"}],"version-history":[{"count":0,"href":"https:\/\/www.copealcoy.es\/es\/wp-json\/wp\/v2\/posts\/30091\/revisions"}],"wp:featuredmedia":[{"embeddable":true,"href":"https:\/\/www.copealcoy.es\/es\/wp-json\/wp\/v2\/media\/30092"}],"wp:attachment":[{"href":"https:\/\/www.copealcoy.es\/es\/wp-json\/wp\/v2\/media?parent=30091"}],"wp:term":[{"taxonomy":"category","embeddable":true,"href":"https:\/\/www.copealcoy.es\/es\/wp-json\/wp\/v2\/categories?post=30091"},{"taxonomy":"post_tag","embeddable":true,"href":"https:\/\/www.copealcoy.es\/es\/wp-json\/wp\/v2\/tags?post=30091"}],"curies":[{"name":"wp","href":"https:\/\/api.w.org\/{rel}","templated":true}]}}