{"id":30020,"date":"2017-03-24T17:38:40","date_gmt":"2017-03-24T17:38:40","guid":{"rendered":"http:\/\/copealcoi.es\/new\/?p=30020"},"modified":"2017-03-24T17:42:23","modified_gmt":"2017-03-24T17:42:23","slug":"cruz-roja-alcoy-aumento-la-atencion-familias-pasado-ano","status":"publish","type":"post","link":"https:\/\/www.copealcoy.es\/es\/cruz-roja-alcoy-aumento-la-atencion-familias-pasado-ano\/","title":{"rendered":"Cruz Roja Alcoy aument\u00f3 la atenci\u00f3n a familias durante el pasado a\u00f1o"},"content":{"rendered":"<p style=\"text-align: justify;\">La <strong>Cruz Roja<\/strong> atendi\u00f3 en Alcoy durante el pasado a\u00f1o 2016, en materia de <strong>entrega de alimentos<\/strong>, a un total de <strong>876 familias<\/strong> lo que supone <strong>un incremento de 237 con respecto a 2015<\/strong>. As\u00ed se desprende de la <strong>memoria anual<\/strong> del colectivo,\u00a0presentada ayer jueves, y en la que tambi\u00e9n se refleja que <strong>se realizaron 3.295 intervenciones<\/strong> para luchar contra la pobreza a trav\u00e9s de diferentes programas. De esta forma<strong> se destinaron 943 ayudas de emergencia<\/strong> para cubrir necesidades b\u00e1sicas y <strong>se atendieron 434 casos de personas sin hogar<\/strong>.\u00a0Por su parte <strong>se atendieron 67 v\u00edctimas de malos tratos<\/strong> de las que 65 cuentan ahora con un <strong>sistema de teleasistencia m\u00f3vil<\/strong> para alertar en caso de violencia de g\u00e9nero.<\/p>\n<p style=\"text-align: justify;\">Desde Cruz Roja tambi\u00e9n destacan la importancia del <strong>primer Plan de Empleo para familias<\/strong> en las que todos los componentes est\u00e1n en paro &#8220;<em>ha sido una iniciativa muy positiva porque nos ha permitido conseguir que se realizaran 60 contratos y que en 46 familias todos los miembros pasaran a tener empleo<\/em>&#8220;, explicaba en La Ma\u00f1ana de COPE ALCOY <strong>Pablo Granados<\/strong>, coordinador de Cruz Roja Alcoy.<\/p>\n<p style=\"text-align: justify;\">Recordar que <strong>Cruz Roja Alcoy cuenta desde el pasado mes de noviembre con nuevas instalaciones<\/strong> en la calle Ro\u00eds de Corella. All\u00ed en el barrio de la Zona Norte prestan <strong>atenci\u00f3n a inmigrantes<\/strong> y disponen de un <strong>almac\u00e9n<\/strong> para guardar comida. Adem\u00e1s cuentan con un <strong>departamento de Socorros y Emergencias, aulas de formaci\u00f3n y oficinas<\/strong>. Tambi\u00e9n\u00a0atienden a los usuarios del Centro de Rehabilitaci\u00f3n e Integraci\u00f3n Social de enfermos mentales cr\u00f3nicos <strong>(CRIS)<\/strong>.<\/p>\n","protected":false},"excerpt":{"rendered":"<p>La Cruz Roja atendi\u00f3 en Alcoy durante el pasado a\u00f1o 2016, en materia de entrega de alimentos, a un total&#8230;<\/p>\n","protected":false},"author":1,"featured_media":30021,"comment_status":"open","ping_status":"open","sticky":false,"template":"","format":"standard","meta":{"footnotes":""},"categories":[97,75,125],"tags":[1494,1425,444,2180,3905],"class_list":["post-30020","post","type-post","status-publish","format-standard","has-post-thumbnail","hentry","category-alcoy","category-noticias","category-portada","tag-alcoy","tag-atencion","tag-cruz-roja","tag-familias","tag-pablo-granados"],"yoast_head":"<!-- This site is optimized with the Yoast SEO plugin v27.3 - https:\/\/yoast.com\/product\/yoast-seo-wordpress\/ -->\n<title>Cruz Roja Alcoy aument\u00f3 la atenci\u00f3n a familias durante el pasado a\u00f1o - COPE Alcoy<\/title>\n<meta name=\"robots\" content=\"index, follow, max-snippet:-1, max-image-preview:large, max-video-preview:-1\" \/>\n<link rel=\"canonical\" href=\"https:\/\/www.copealcoy.es\/es\/cruz-roja-alcoy-aumento-la-atencion-familias-pasado-ano\/\" \/>\n<meta property=\"og:locale\" content=\"es_ES\" \/>\n<meta property=\"og:type\" content=\"article\" \/>\n<meta property=\"og:title\" content=\"Cruz Roja Alcoy aument\u00f3 la atenci\u00f3n a familias durante el pasado a\u00f1o - COPE Alcoy\" \/>\n<meta property=\"og:description\" content=\"La Cruz Roja atendi\u00f3 en Alcoy durante el pasado a\u00f1o 2016, en materia de entrega de alimentos, a un total...\" \/>\n<meta property=\"og:url\" content=\"https:\/\/www.copealcoy.es\/es\/cruz-roja-alcoy-aumento-la-atencion-familias-pasado-ano\/\" \/>\n<meta property=\"og:site_name\" content=\"COPE Alcoy\" \/>\n<meta property=\"article:published_time\" content=\"2017-03-24T17:38:40+00:00\" \/>\n<meta property=\"article:modified_time\" content=\"2017-03-24T17:42:23+00:00\" \/>\n<meta property=\"og:image\" content=\"https:\/\/www.copealcoy.es\/wp-content\/uploads\/2017\/03\/IMG_3570-e1490377097854.jpg\" \/>\n\t<meta property=\"og:image:width\" content=\"3749\" \/>\n\t<meta property=\"og:image:height\" content=\"2318\" \/>\n\t<meta property=\"og:image:type\" content=\"image\/jpeg\" \/>\n<meta name=\"author\" content=\"Cope Alcoy\" \/>\n<meta name=\"twitter:label1\" content=\"Escrito por\" \/>\n\t<meta name=\"twitter:data1\" content=\"Cope Alcoy\" \/>\n\t<meta name=\"twitter:label2\" content=\"Tiempo de lectura\" \/>\n\t<meta name=\"twitter:data2\" content=\"1 minuto\" \/>\n<script type=\"application\/ld+json\" class=\"yoast-schema-graph\">{\"@context\":\"https:\\\/\\\/schema.org\",\"@graph\":[{\"@type\":\"Article\",\"@id\":\"https:\\\/\\\/www.copealcoy.es\\\/es\\\/cruz-roja-alcoy-aumento-la-atencion-familias-pasado-ano\\\/#article\",\"isPartOf\":{\"@id\":\"https:\\\/\\\/www.copealcoy.es\\\/es\\\/cruz-roja-alcoy-aumento-la-atencion-familias-pasado-ano\\\/\"},\"author\":{\"name\":\"Cope Alcoy\",\"@id\":\"https:\\\/\\\/www.copealcoy.es\\\/es\\\/#\\\/schema\\\/person\\\/e777c87fa024e57d40170af9df39882c\"},\"headline\":\"Cruz Roja Alcoy aument\u00f3 la atenci\u00f3n a familias durante el pasado a\u00f1o\",\"datePublished\":\"2017-03-24T17:38:40+00:00\",\"dateModified\":\"2017-03-24T17:42:23+00:00\",\"mainEntityOfPage\":{\"@id\":\"https:\\\/\\\/www.copealcoy.es\\\/es\\\/cruz-roja-alcoy-aumento-la-atencion-familias-pasado-ano\\\/\"},\"wordCount\":279,\"commentCount\":0,\"image\":{\"@id\":\"https:\\\/\\\/www.copealcoy.es\\\/es\\\/cruz-roja-alcoy-aumento-la-atencion-familias-pasado-ano\\\/#primaryimage\"},\"thumbnailUrl\":\"https:\\\/\\\/www.copealcoy.es\\\/wp-content\\\/uploads\\\/2017\\\/03\\\/IMG_3570-e1490377097854.jpg\",\"keywords\":[\"Alcoy\",\"atenci\u00f3n\",\"Cruz Roja\",\"familias\",\"Pablo Granados\"],\"articleSection\":[\"Alcoy\",\"Noticias\",\"Portada\"],\"inLanguage\":\"es\"},{\"@type\":\"WebPage\",\"@id\":\"https:\\\/\\\/www.copealcoy.es\\\/es\\\/cruz-roja-alcoy-aumento-la-atencion-familias-pasado-ano\\\/\",\"url\":\"https:\\\/\\\/www.copealcoy.es\\\/es\\\/cruz-roja-alcoy-aumento-la-atencion-familias-pasado-ano\\\/\",\"name\":\"Cruz Roja Alcoy aument\u00f3 la atenci\u00f3n a familias durante el pasado a\u00f1o - COPE Alcoy\",\"isPartOf\":{\"@id\":\"https:\\\/\\\/www.copealcoy.es\\\/es\\\/#website\"},\"primaryImageOfPage\":{\"@id\":\"https:\\\/\\\/www.copealcoy.es\\\/es\\\/cruz-roja-alcoy-aumento-la-atencion-familias-pasado-ano\\\/#primaryimage\"},\"image\":{\"@id\":\"https:\\\/\\\/www.copealcoy.es\\\/es\\\/cruz-roja-alcoy-aumento-la-atencion-familias-pasado-ano\\\/#primaryimage\"},\"thumbnailUrl\":\"https:\\\/\\\/www.copealcoy.es\\\/wp-content\\\/uploads\\\/2017\\\/03\\\/IMG_3570-e1490377097854.jpg\",\"datePublished\":\"2017-03-24T17:38:40+00:00\",\"dateModified\":\"2017-03-24T17:42:23+00:00\",\"author\":{\"@id\":\"https:\\\/\\\/www.copealcoy.es\\\/es\\\/#\\\/schema\\\/person\\\/e777c87fa024e57d40170af9df39882c\"},\"breadcrumb\":{\"@id\":\"https:\\\/\\\/www.copealcoy.es\\\/es\\\/cruz-roja-alcoy-aumento-la-atencion-familias-pasado-ano\\\/#breadcrumb\"},\"inLanguage\":\"es\",\"potentialAction\":[{\"@type\":\"ReadAction\",\"target\":[\"https:\\\/\\\/www.copealcoy.es\\\/es\\\/cruz-roja-alcoy-aumento-la-atencion-familias-pasado-ano\\\/\"]}]},{\"@type\":\"ImageObject\",\"inLanguage\":\"es\",\"@id\":\"https:\\\/\\\/www.copealcoy.es\\\/es\\\/cruz-roja-alcoy-aumento-la-atencion-familias-pasado-ano\\\/#primaryimage\",\"url\":\"https:\\\/\\\/www.copealcoy.es\\\/wp-content\\\/uploads\\\/2017\\\/03\\\/IMG_3570-e1490377097854.jpg\",\"contentUrl\":\"https:\\\/\\\/www.copealcoy.es\\\/wp-content\\\/uploads\\\/2017\\\/03\\\/IMG_3570-e1490377097854.jpg\",\"width\":3749,\"height\":2318},{\"@type\":\"BreadcrumbList\",\"@id\":\"https:\\\/\\\/www.copealcoy.es\\\/es\\\/cruz-roja-alcoy-aumento-la-atencion-familias-pasado-ano\\\/#breadcrumb\",\"itemListElement\":[{\"@type\":\"ListItem\",\"position\":1,\"name\":\"Portada\",\"item\":\"https:\\\/\\\/www.copealcoy.es\\\/es\\\/\"},{\"@type\":\"ListItem\",\"position\":2,\"name\":\"Cruz Roja Alcoy aument\u00f3 la atenci\u00f3n a familias durante el pasado a\u00f1o\"}]},{\"@type\":\"WebSite\",\"@id\":\"https:\\\/\\\/www.copealcoy.es\\\/es\\\/#website\",\"url\":\"https:\\\/\\\/www.copealcoy.es\\\/es\\\/\",\"name\":\"COPE Alcoy\",\"description\":\"Emisora COPE de radio local con emisi\u00f3n online. Pont de Sant Jordi 8-10 03803 Alcoy\",\"potentialAction\":[{\"@type\":\"SearchAction\",\"target\":{\"@type\":\"EntryPoint\",\"urlTemplate\":\"https:\\\/\\\/www.copealcoy.es\\\/es\\\/?s={search_term_string}\"},\"query-input\":{\"@type\":\"PropertyValueSpecification\",\"valueRequired\":true,\"valueName\":\"search_term_string\"}}],\"inLanguage\":\"es\"},{\"@type\":\"Person\",\"@id\":\"https:\\\/\\\/www.copealcoy.es\\\/es\\\/#\\\/schema\\\/person\\\/e777c87fa024e57d40170af9df39882c\",\"name\":\"Cope Alcoy\",\"image\":{\"@type\":\"ImageObject\",\"inLanguage\":\"es\",\"@id\":\"https:\\\/\\\/secure.gravatar.com\\\/avatar\\\/bb65d0283347e303893ba14f0692005417c1e0e690a325a4c5d8bb2b3943ee14?s=96&d=mm&r=g\",\"url\":\"https:\\\/\\\/secure.gravatar.com\\\/avatar\\\/bb65d0283347e303893ba14f0692005417c1e0e690a325a4c5d8bb2b3943ee14?s=96&d=mm&r=g\",\"contentUrl\":\"https:\\\/\\\/secure.gravatar.com\\\/avatar\\\/bb65d0283347e303893ba14f0692005417c1e0e690a325a4c5d8bb2b3943ee14?s=96&d=mm&r=g\",\"caption\":\"Cope Alcoy\"}}]}<\/script>\n<!-- \/ Yoast SEO plugin. -->","yoast_head_json":{"title":"Cruz Roja Alcoy aument\u00f3 la atenci\u00f3n a familias durante el pasado a\u00f1o - COPE Alcoy","robots":{"index":"index","follow":"follow","max-snippet":"max-snippet:-1","max-image-preview":"max-image-preview:large","max-video-preview":"max-video-preview:-1"},"canonical":"https:\/\/www.copealcoy.es\/es\/cruz-roja-alcoy-aumento-la-atencion-familias-pasado-ano\/","og_locale":"es_ES","og_type":"article","og_title":"Cruz Roja Alcoy aument\u00f3 la atenci\u00f3n a familias durante el pasado a\u00f1o - COPE Alcoy","og_description":"La Cruz Roja atendi\u00f3 en Alcoy durante el pasado a\u00f1o 2016, en materia de entrega de alimentos, a un total...","og_url":"https:\/\/www.copealcoy.es\/es\/cruz-roja-alcoy-aumento-la-atencion-familias-pasado-ano\/","og_site_name":"COPE Alcoy","article_published_time":"2017-03-24T17:38:40+00:00","article_modified_time":"2017-03-24T17:42:23+00:00","og_image":[{"width":3749,"height":2318,"url":"https:\/\/www.copealcoy.es\/wp-content\/uploads\/2017\/03\/IMG_3570-e1490377097854.jpg","type":"image\/jpeg"}],"author":"Cope Alcoy","twitter_misc":{"Escrito por":"Cope Alcoy","Tiempo de lectura":"1 minuto"},"schema":{"@context":"https:\/\/schema.org","@graph":[{"@type":"Article","@id":"https:\/\/www.copealcoy.es\/es\/cruz-roja-alcoy-aumento-la-atencion-familias-pasado-ano\/#article","isPartOf":{"@id":"https:\/\/www.copealcoy.es\/es\/cruz-roja-alcoy-aumento-la-atencion-familias-pasado-ano\/"},"author":{"name":"Cope Alcoy","@id":"https:\/\/www.copealcoy.es\/es\/#\/schema\/person\/e777c87fa024e57d40170af9df39882c"},"headline":"Cruz Roja Alcoy aument\u00f3 la atenci\u00f3n a familias durante el pasado a\u00f1o","datePublished":"2017-03-24T17:38:40+00:00","dateModified":"2017-03-24T17:42:23+00:00","mainEntityOfPage":{"@id":"https:\/\/www.copealcoy.es\/es\/cruz-roja-alcoy-aumento-la-atencion-familias-pasado-ano\/"},"wordCount":279,"commentCount":0,"image":{"@id":"https:\/\/www.copealcoy.es\/es\/cruz-roja-alcoy-aumento-la-atencion-familias-pasado-ano\/#primaryimage"},"thumbnailUrl":"https:\/\/www.copealcoy.es\/wp-content\/uploads\/2017\/03\/IMG_3570-e1490377097854.jpg","keywords":["Alcoy","atenci\u00f3n","Cruz Roja","familias","Pablo Granados"],"articleSection":["Alcoy","Noticias","Portada"],"inLanguage":"es"},{"@type":"WebPage","@id":"https:\/\/www.copealcoy.es\/es\/cruz-roja-alcoy-aumento-la-atencion-familias-pasado-ano\/","url":"https:\/\/www.copealcoy.es\/es\/cruz-roja-alcoy-aumento-la-atencion-familias-pasado-ano\/","name":"Cruz Roja Alcoy aument\u00f3 la atenci\u00f3n a familias durante el pasado a\u00f1o - COPE Alcoy","isPartOf":{"@id":"https:\/\/www.copealcoy.es\/es\/#website"},"primaryImageOfPage":{"@id":"https:\/\/www.copealcoy.es\/es\/cruz-roja-alcoy-aumento-la-atencion-familias-pasado-ano\/#primaryimage"},"image":{"@id":"https:\/\/www.copealcoy.es\/es\/cruz-roja-alcoy-aumento-la-atencion-familias-pasado-ano\/#primaryimage"},"thumbnailUrl":"https:\/\/www.copealcoy.es\/wp-content\/uploads\/2017\/03\/IMG_3570-e1490377097854.jpg","datePublished":"2017-03-24T17:38:40+00:00","dateModified":"2017-03-24T17:42:23+00:00","author":{"@id":"https:\/\/www.copealcoy.es\/es\/#\/schema\/person\/e777c87fa024e57d40170af9df39882c"},"breadcrumb":{"@id":"https:\/\/www.copealcoy.es\/es\/cruz-roja-alcoy-aumento-la-atencion-familias-pasado-ano\/#breadcrumb"},"inLanguage":"es","potentialAction":[{"@type":"ReadAction","target":["https:\/\/www.copealcoy.es\/es\/cruz-roja-alcoy-aumento-la-atencion-familias-pasado-ano\/"]}]},{"@type":"ImageObject","inLanguage":"es","@id":"https:\/\/www.copealcoy.es\/es\/cruz-roja-alcoy-aumento-la-atencion-familias-pasado-ano\/#primaryimage","url":"https:\/\/www.copealcoy.es\/wp-content\/uploads\/2017\/03\/IMG_3570-e1490377097854.jpg","contentUrl":"https:\/\/www.copealcoy.es\/wp-content\/uploads\/2017\/03\/IMG_3570-e1490377097854.jpg","width":3749,"height":2318},{"@type":"BreadcrumbList","@id":"https:\/\/www.copealcoy.es\/es\/cruz-roja-alcoy-aumento-la-atencion-familias-pasado-ano\/#breadcrumb","itemListElement":[{"@type":"ListItem","position":1,"name":"Portada","item":"https:\/\/www.copealcoy.es\/es\/"},{"@type":"ListItem","position":2,"name":"Cruz Roja Alcoy aument\u00f3 la atenci\u00f3n a familias durante el pasado a\u00f1o"}]},{"@type":"WebSite","@id":"https:\/\/www.copealcoy.es\/es\/#website","url":"https:\/\/www.copealcoy.es\/es\/","name":"COPE Alcoy","description":"Emisora COPE de radio local con emisi\u00f3n online. Pont de Sant Jordi 8-10 03803 Alcoy","potentialAction":[{"@type":"SearchAction","target":{"@type":"EntryPoint","urlTemplate":"https:\/\/www.copealcoy.es\/es\/?s={search_term_string}"},"query-input":{"@type":"PropertyValueSpecification","valueRequired":true,"valueName":"search_term_string"}}],"inLanguage":"es"},{"@type":"Person","@id":"https:\/\/www.copealcoy.es\/es\/#\/schema\/person\/e777c87fa024e57d40170af9df39882c","name":"Cope Alcoy","image":{"@type":"ImageObject","inLanguage":"es","@id":"https:\/\/secure.gravatar.com\/avatar\/bb65d0283347e303893ba14f0692005417c1e0e690a325a4c5d8bb2b3943ee14?s=96&d=mm&r=g","url":"https:\/\/secure.gravatar.com\/avatar\/bb65d0283347e303893ba14f0692005417c1e0e690a325a4c5d8bb2b3943ee14?s=96&d=mm&r=g","contentUrl":"https:\/\/secure.gravatar.com\/avatar\/bb65d0283347e303893ba14f0692005417c1e0e690a325a4c5d8bb2b3943ee14?s=96&d=mm&r=g","caption":"Cope Alcoy"}}]}},"_links":{"self":[{"href":"https:\/\/www.copealcoy.es\/es\/wp-json\/wp\/v2\/posts\/30020","targetHints":{"allow":["GET"]}}],"collection":[{"href":"https:\/\/www.copealcoy.es\/es\/wp-json\/wp\/v2\/posts"}],"about":[{"href":"https:\/\/www.copealcoy.es\/es\/wp-json\/wp\/v2\/types\/post"}],"author":[{"embeddable":true,"href":"https:\/\/www.copealcoy.es\/es\/wp-json\/wp\/v2\/users\/1"}],"replies":[{"embeddable":true,"href":"https:\/\/www.copealcoy.es\/es\/wp-json\/wp\/v2\/comments?post=30020"}],"version-history":[{"count":0,"href":"https:\/\/www.copealcoy.es\/es\/wp-json\/wp\/v2\/posts\/30020\/revisions"}],"wp:featuredmedia":[{"embeddable":true,"href":"https:\/\/www.copealcoy.es\/es\/wp-json\/wp\/v2\/media\/30021"}],"wp:attachment":[{"href":"https:\/\/www.copealcoy.es\/es\/wp-json\/wp\/v2\/media?parent=30020"}],"wp:term":[{"taxonomy":"category","embeddable":true,"href":"https:\/\/www.copealcoy.es\/es\/wp-json\/wp\/v2\/categories?post=30020"},{"taxonomy":"post_tag","embeddable":true,"href":"https:\/\/www.copealcoy.es\/es\/wp-json\/wp\/v2\/tags?post=30020"}],"curies":[{"name":"wp","href":"https:\/\/api.w.org\/{rel}","templated":true}]}}