{"id":29970,"date":"2017-03-23T15:42:45","date_gmt":"2017-03-23T15:42:45","guid":{"rendered":"http:\/\/copealcoi.es\/new\/?p=29970"},"modified":"2017-03-23T15:44:30","modified_gmt":"2017-03-23T15:44:30","slug":"la-diputacion-de-alicante-edita-una-guia-sobre-los-neveros-de-la-serra-de-mariola","status":"publish","type":"post","link":"https:\/\/www.copealcoy.es\/es\/la-diputacion-de-alicante-edita-una-guia-sobre-los-neveros-de-la-serra-de-mariola\/","title":{"rendered":"La Diputaci\u00f3n de Alicante edita una gu\u00eda sobre los neveros de la Serra de Mariola"},"content":{"rendered":"<p style=\"text-align: justify;\">La <strong>Diputaci\u00f3n Provincial de Alicante<\/strong> ha editado <strong>la primera gu\u00eda sobre los neveros de la Serra de Mariola<\/strong>, una publicaci\u00f3n que surge justo <strong>un a\u00f1o despu\u00e9s de la apertura de la Cava Gran de Agres<\/strong> tras concluir las obras de su restauraci\u00f3n.<\/p>\n<p style=\"text-align: justify;\">El mapa <strong>recoge una ruta de senderismo de unos nueve kil\u00f3metros en anillo<\/strong>, con partida y llegada en el n\u00facleo urbano de <strong>Agres<\/strong>. El recorrido lleva hasta <strong>la Cava Gran<\/strong> y desde all\u00ed parte hacia otros neveros de la zona de la Mariola como <strong>el Clot de la Vila, la Cava d\u2019en Miquel, la Cava de Joan Despuig o la Gran Cava de X\u00e0tiva<\/strong> &#8220;<em>se ha trazado un itinerario de dificultad baja, buscando la sinergia con la faceta cultural y visitando el mayor n\u00famero de neveros posibles. Adem\u00e1s, todo el recorrido ser\u00e1 debidamente se\u00f1alizado para facilitar el camino sin equivocaci\u00f3n posible<\/em>&#8220;, destaca el diputado de Medio Ambiente, <strong>Javier Sendra<\/strong>.<\/p>\n<p style=\"text-align: justify;\">Esta publicaci\u00f3n est\u00e1 <strong>dise\u00f1ada en formato DIN A3 a dos caras<\/strong>, aunque una vez plegada\u00a0<strong>se transforma en DIN A6<\/strong>, y en el anverso de la misma <strong>se ofrece informaci\u00f3n sobre la Cava Gran de Agres<\/strong> y los procesos de recogida de la nieve. Por su parte en el reverso aparece un mapa con los\u00a0<strong>itinerarios y recorridos<\/strong> existentes e <strong>im\u00e1genes de algunos de los neveros<\/strong> &#8220;<em>la finalidad es promover la visita a este enclave natural, recientemente recuperado, fomentar el conocimiento del patrimonio cultural que suponen los neveros de la provincia de Alicante y recuperar as\u00ed la memoria de la industria del hielo procedente del almacenamiento de nieve que tuvo su etapa de mayor apogeo entre los siglos XVII y XIX<\/em>&#8221; matiza el diputado de Arquitectura, <strong>Jaime Lloret<\/strong>.<\/p>\n<p style=\"text-align: justify;\">La presentaci\u00f3n de la gu\u00eda tuvo lugar d\u00edas atr\u00e1s y a la misma, adem\u00e1s de los diputados mencionados anteriormente, asistieron el alcalde de Agres, <strong>Josep Manel Franc\u00e9s<\/strong>, el director t\u00e9cnico del MARQ, <strong>Manuel Olcina<\/strong>, el director gerente del museo, <strong>Jos\u00e9 Alberto Cort\u00e9s<\/strong>, y el responsable del \u00e1rea de Arquitectura de la Diputaci\u00f3n, <strong>Rafael P\u00e9rez.\u00a0<\/strong><\/p>\n<p>&nbsp;<\/p>\n","protected":false},"excerpt":{"rendered":"<p>La Diputaci\u00f3n Provincial de Alicante ha editado la primera gu\u00eda sobre los neveros de la Serra de Mariola, una publicaci\u00f3n&#8230;<\/p>\n","protected":false},"author":1,"featured_media":29972,"comment_status":"open","ping_status":"open","sticky":false,"template":"","format":"standard","meta":{"footnotes":""},"categories":[98,75],"tags":[237,1615,3893,1612],"class_list":["post-29970","post","type-post","status-publish","format-standard","has-post-thumbnail","hentry","category-comarcas","category-noticias","tag-comtat","tag-guia","tag-neveros","tag-serra-de-mariola"],"yoast_head":"<!-- This site is optimized with the Yoast SEO plugin v27.3 - https:\/\/yoast.com\/product\/yoast-seo-wordpress\/ -->\n<title>La Diputaci\u00f3n de Alicante edita una gu\u00eda sobre los neveros de la Serra de Mariola - COPE Alcoy<\/title>\n<meta name=\"robots\" content=\"index, follow, max-snippet:-1, max-image-preview:large, max-video-preview:-1\" \/>\n<link rel=\"canonical\" href=\"https:\/\/www.copealcoy.es\/es\/la-diputacion-de-alicante-edita-una-guia-sobre-los-neveros-de-la-serra-de-mariola\/\" \/>\n<meta property=\"og:locale\" content=\"es_ES\" \/>\n<meta property=\"og:type\" content=\"article\" \/>\n<meta property=\"og:title\" content=\"La Diputaci\u00f3n de Alicante edita una gu\u00eda sobre los neveros de la Serra de Mariola - COPE Alcoy\" \/>\n<meta property=\"og:description\" content=\"La Diputaci\u00f3n Provincial de Alicante ha editado la primera gu\u00eda sobre los neveros de la Serra de Mariola, una publicaci\u00f3n...\" \/>\n<meta property=\"og:url\" content=\"https:\/\/www.copealcoy.es\/es\/la-diputacion-de-alicante-edita-una-guia-sobre-los-neveros-de-la-serra-de-mariola\/\" \/>\n<meta property=\"og:site_name\" content=\"COPE Alcoy\" \/>\n<meta property=\"article:published_time\" content=\"2017-03-23T15:42:45+00:00\" \/>\n<meta property=\"article:modified_time\" content=\"2017-03-23T15:44:30+00:00\" \/>\n<meta property=\"og:image\" content=\"https:\/\/www.copealcoy.es\/wp-content\/uploads\/2017\/03\/031017-Mapa-guia-neveros.jpg\" \/>\n\t<meta property=\"og:image:width\" content=\"2500\" \/>\n\t<meta property=\"og:image:height\" content=\"1607\" \/>\n\t<meta property=\"og:image:type\" content=\"image\/jpeg\" \/>\n<meta name=\"author\" content=\"Cope Alcoy\" \/>\n<meta name=\"twitter:label1\" content=\"Escrito por\" \/>\n\t<meta name=\"twitter:data1\" content=\"Cope Alcoy\" \/>\n\t<meta name=\"twitter:label2\" content=\"Tiempo de lectura\" \/>\n\t<meta name=\"twitter:data2\" content=\"2 minutos\" \/>\n<script type=\"application\/ld+json\" class=\"yoast-schema-graph\">{\"@context\":\"https:\\\/\\\/schema.org\",\"@graph\":[{\"@type\":\"Article\",\"@id\":\"https:\\\/\\\/www.copealcoy.es\\\/es\\\/la-diputacion-de-alicante-edita-una-guia-sobre-los-neveros-de-la-serra-de-mariola\\\/#article\",\"isPartOf\":{\"@id\":\"https:\\\/\\\/www.copealcoy.es\\\/es\\\/la-diputacion-de-alicante-edita-una-guia-sobre-los-neveros-de-la-serra-de-mariola\\\/\"},\"author\":{\"name\":\"Cope Alcoy\",\"@id\":\"https:\\\/\\\/www.copealcoy.es\\\/es\\\/#\\\/schema\\\/person\\\/e777c87fa024e57d40170af9df39882c\"},\"headline\":\"La Diputaci\u00f3n de Alicante edita una gu\u00eda sobre los neveros de la Serra de Mariola\",\"datePublished\":\"2017-03-23T15:42:45+00:00\",\"dateModified\":\"2017-03-23T15:44:30+00:00\",\"mainEntityOfPage\":{\"@id\":\"https:\\\/\\\/www.copealcoy.es\\\/es\\\/la-diputacion-de-alicante-edita-una-guia-sobre-los-neveros-de-la-serra-de-mariola\\\/\"},\"wordCount\":379,\"commentCount\":0,\"image\":{\"@id\":\"https:\\\/\\\/www.copealcoy.es\\\/es\\\/la-diputacion-de-alicante-edita-una-guia-sobre-los-neveros-de-la-serra-de-mariola\\\/#primaryimage\"},\"thumbnailUrl\":\"https:\\\/\\\/www.copealcoy.es\\\/wp-content\\\/uploads\\\/2017\\\/03\\\/031017-Mapa-guia-neveros.jpg\",\"keywords\":[\"Comtat\",\"Gu\u00eda\",\"neveros\",\"Serra de Mariola\"],\"articleSection\":[\"Comarcas\",\"Noticias\"],\"inLanguage\":\"es\"},{\"@type\":\"WebPage\",\"@id\":\"https:\\\/\\\/www.copealcoy.es\\\/es\\\/la-diputacion-de-alicante-edita-una-guia-sobre-los-neveros-de-la-serra-de-mariola\\\/\",\"url\":\"https:\\\/\\\/www.copealcoy.es\\\/es\\\/la-diputacion-de-alicante-edita-una-guia-sobre-los-neveros-de-la-serra-de-mariola\\\/\",\"name\":\"La Diputaci\u00f3n de Alicante edita una gu\u00eda sobre los neveros de la Serra de Mariola - COPE Alcoy\",\"isPartOf\":{\"@id\":\"https:\\\/\\\/www.copealcoy.es\\\/es\\\/#website\"},\"primaryImageOfPage\":{\"@id\":\"https:\\\/\\\/www.copealcoy.es\\\/es\\\/la-diputacion-de-alicante-edita-una-guia-sobre-los-neveros-de-la-serra-de-mariola\\\/#primaryimage\"},\"image\":{\"@id\":\"https:\\\/\\\/www.copealcoy.es\\\/es\\\/la-diputacion-de-alicante-edita-una-guia-sobre-los-neveros-de-la-serra-de-mariola\\\/#primaryimage\"},\"thumbnailUrl\":\"https:\\\/\\\/www.copealcoy.es\\\/wp-content\\\/uploads\\\/2017\\\/03\\\/031017-Mapa-guia-neveros.jpg\",\"datePublished\":\"2017-03-23T15:42:45+00:00\",\"dateModified\":\"2017-03-23T15:44:30+00:00\",\"author\":{\"@id\":\"https:\\\/\\\/www.copealcoy.es\\\/es\\\/#\\\/schema\\\/person\\\/e777c87fa024e57d40170af9df39882c\"},\"breadcrumb\":{\"@id\":\"https:\\\/\\\/www.copealcoy.es\\\/es\\\/la-diputacion-de-alicante-edita-una-guia-sobre-los-neveros-de-la-serra-de-mariola\\\/#breadcrumb\"},\"inLanguage\":\"es\",\"potentialAction\":[{\"@type\":\"ReadAction\",\"target\":[\"https:\\\/\\\/www.copealcoy.es\\\/es\\\/la-diputacion-de-alicante-edita-una-guia-sobre-los-neveros-de-la-serra-de-mariola\\\/\"]}]},{\"@type\":\"ImageObject\",\"inLanguage\":\"es\",\"@id\":\"https:\\\/\\\/www.copealcoy.es\\\/es\\\/la-diputacion-de-alicante-edita-una-guia-sobre-los-neveros-de-la-serra-de-mariola\\\/#primaryimage\",\"url\":\"https:\\\/\\\/www.copealcoy.es\\\/wp-content\\\/uploads\\\/2017\\\/03\\\/031017-Mapa-guia-neveros.jpg\",\"contentUrl\":\"https:\\\/\\\/www.copealcoy.es\\\/wp-content\\\/uploads\\\/2017\\\/03\\\/031017-Mapa-guia-neveros.jpg\",\"width\":2500,\"height\":1607,\"caption\":\"La nueva gu\u00eda fue presentada d\u00edas atr\u00e1s \\\/ Foto: Diputaci\u00f3n de Alicante\"},{\"@type\":\"BreadcrumbList\",\"@id\":\"https:\\\/\\\/www.copealcoy.es\\\/es\\\/la-diputacion-de-alicante-edita-una-guia-sobre-los-neveros-de-la-serra-de-mariola\\\/#breadcrumb\",\"itemListElement\":[{\"@type\":\"ListItem\",\"position\":1,\"name\":\"Portada\",\"item\":\"https:\\\/\\\/www.copealcoy.es\\\/es\\\/\"},{\"@type\":\"ListItem\",\"position\":2,\"name\":\"La Diputaci\u00f3n de Alicante edita una gu\u00eda sobre los neveros de la Serra de Mariola\"}]},{\"@type\":\"WebSite\",\"@id\":\"https:\\\/\\\/www.copealcoy.es\\\/es\\\/#website\",\"url\":\"https:\\\/\\\/www.copealcoy.es\\\/es\\\/\",\"name\":\"COPE Alcoy\",\"description\":\"Emisora COPE de radio local con emisi\u00f3n online. Pont de Sant Jordi 8-10 03803 Alcoy\",\"potentialAction\":[{\"@type\":\"SearchAction\",\"target\":{\"@type\":\"EntryPoint\",\"urlTemplate\":\"https:\\\/\\\/www.copealcoy.es\\\/es\\\/?s={search_term_string}\"},\"query-input\":{\"@type\":\"PropertyValueSpecification\",\"valueRequired\":true,\"valueName\":\"search_term_string\"}}],\"inLanguage\":\"es\"},{\"@type\":\"Person\",\"@id\":\"https:\\\/\\\/www.copealcoy.es\\\/es\\\/#\\\/schema\\\/person\\\/e777c87fa024e57d40170af9df39882c\",\"name\":\"Cope Alcoy\",\"image\":{\"@type\":\"ImageObject\",\"inLanguage\":\"es\",\"@id\":\"https:\\\/\\\/secure.gravatar.com\\\/avatar\\\/bb65d0283347e303893ba14f0692005417c1e0e690a325a4c5d8bb2b3943ee14?s=96&d=mm&r=g\",\"url\":\"https:\\\/\\\/secure.gravatar.com\\\/avatar\\\/bb65d0283347e303893ba14f0692005417c1e0e690a325a4c5d8bb2b3943ee14?s=96&d=mm&r=g\",\"contentUrl\":\"https:\\\/\\\/secure.gravatar.com\\\/avatar\\\/bb65d0283347e303893ba14f0692005417c1e0e690a325a4c5d8bb2b3943ee14?s=96&d=mm&r=g\",\"caption\":\"Cope Alcoy\"}}]}<\/script>\n<!-- \/ Yoast SEO plugin. -->","yoast_head_json":{"title":"La Diputaci\u00f3n de Alicante edita una gu\u00eda sobre los neveros de la Serra de Mariola - COPE Alcoy","robots":{"index":"index","follow":"follow","max-snippet":"max-snippet:-1","max-image-preview":"max-image-preview:large","max-video-preview":"max-video-preview:-1"},"canonical":"https:\/\/www.copealcoy.es\/es\/la-diputacion-de-alicante-edita-una-guia-sobre-los-neveros-de-la-serra-de-mariola\/","og_locale":"es_ES","og_type":"article","og_title":"La Diputaci\u00f3n de Alicante edita una gu\u00eda sobre los neveros de la Serra de Mariola - COPE Alcoy","og_description":"La Diputaci\u00f3n Provincial de Alicante ha editado la primera gu\u00eda sobre los neveros de la Serra de Mariola, una publicaci\u00f3n...","og_url":"https:\/\/www.copealcoy.es\/es\/la-diputacion-de-alicante-edita-una-guia-sobre-los-neveros-de-la-serra-de-mariola\/","og_site_name":"COPE Alcoy","article_published_time":"2017-03-23T15:42:45+00:00","article_modified_time":"2017-03-23T15:44:30+00:00","og_image":[{"width":2500,"height":1607,"url":"https:\/\/www.copealcoy.es\/wp-content\/uploads\/2017\/03\/031017-Mapa-guia-neveros.jpg","type":"image\/jpeg"}],"author":"Cope Alcoy","twitter_misc":{"Escrito por":"Cope Alcoy","Tiempo de lectura":"2 minutos"},"schema":{"@context":"https:\/\/schema.org","@graph":[{"@type":"Article","@id":"https:\/\/www.copealcoy.es\/es\/la-diputacion-de-alicante-edita-una-guia-sobre-los-neveros-de-la-serra-de-mariola\/#article","isPartOf":{"@id":"https:\/\/www.copealcoy.es\/es\/la-diputacion-de-alicante-edita-una-guia-sobre-los-neveros-de-la-serra-de-mariola\/"},"author":{"name":"Cope Alcoy","@id":"https:\/\/www.copealcoy.es\/es\/#\/schema\/person\/e777c87fa024e57d40170af9df39882c"},"headline":"La Diputaci\u00f3n de Alicante edita una gu\u00eda sobre los neveros de la Serra de Mariola","datePublished":"2017-03-23T15:42:45+00:00","dateModified":"2017-03-23T15:44:30+00:00","mainEntityOfPage":{"@id":"https:\/\/www.copealcoy.es\/es\/la-diputacion-de-alicante-edita-una-guia-sobre-los-neveros-de-la-serra-de-mariola\/"},"wordCount":379,"commentCount":0,"image":{"@id":"https:\/\/www.copealcoy.es\/es\/la-diputacion-de-alicante-edita-una-guia-sobre-los-neveros-de-la-serra-de-mariola\/#primaryimage"},"thumbnailUrl":"https:\/\/www.copealcoy.es\/wp-content\/uploads\/2017\/03\/031017-Mapa-guia-neveros.jpg","keywords":["Comtat","Gu\u00eda","neveros","Serra de Mariola"],"articleSection":["Comarcas","Noticias"],"inLanguage":"es"},{"@type":"WebPage","@id":"https:\/\/www.copealcoy.es\/es\/la-diputacion-de-alicante-edita-una-guia-sobre-los-neveros-de-la-serra-de-mariola\/","url":"https:\/\/www.copealcoy.es\/es\/la-diputacion-de-alicante-edita-una-guia-sobre-los-neveros-de-la-serra-de-mariola\/","name":"La Diputaci\u00f3n de Alicante edita una gu\u00eda sobre los neveros de la Serra de Mariola - COPE Alcoy","isPartOf":{"@id":"https:\/\/www.copealcoy.es\/es\/#website"},"primaryImageOfPage":{"@id":"https:\/\/www.copealcoy.es\/es\/la-diputacion-de-alicante-edita-una-guia-sobre-los-neveros-de-la-serra-de-mariola\/#primaryimage"},"image":{"@id":"https:\/\/www.copealcoy.es\/es\/la-diputacion-de-alicante-edita-una-guia-sobre-los-neveros-de-la-serra-de-mariola\/#primaryimage"},"thumbnailUrl":"https:\/\/www.copealcoy.es\/wp-content\/uploads\/2017\/03\/031017-Mapa-guia-neveros.jpg","datePublished":"2017-03-23T15:42:45+00:00","dateModified":"2017-03-23T15:44:30+00:00","author":{"@id":"https:\/\/www.copealcoy.es\/es\/#\/schema\/person\/e777c87fa024e57d40170af9df39882c"},"breadcrumb":{"@id":"https:\/\/www.copealcoy.es\/es\/la-diputacion-de-alicante-edita-una-guia-sobre-los-neveros-de-la-serra-de-mariola\/#breadcrumb"},"inLanguage":"es","potentialAction":[{"@type":"ReadAction","target":["https:\/\/www.copealcoy.es\/es\/la-diputacion-de-alicante-edita-una-guia-sobre-los-neveros-de-la-serra-de-mariola\/"]}]},{"@type":"ImageObject","inLanguage":"es","@id":"https:\/\/www.copealcoy.es\/es\/la-diputacion-de-alicante-edita-una-guia-sobre-los-neveros-de-la-serra-de-mariola\/#primaryimage","url":"https:\/\/www.copealcoy.es\/wp-content\/uploads\/2017\/03\/031017-Mapa-guia-neveros.jpg","contentUrl":"https:\/\/www.copealcoy.es\/wp-content\/uploads\/2017\/03\/031017-Mapa-guia-neveros.jpg","width":2500,"height":1607,"caption":"La nueva gu\u00eda fue presentada d\u00edas atr\u00e1s \/ Foto: Diputaci\u00f3n de Alicante"},{"@type":"BreadcrumbList","@id":"https:\/\/www.copealcoy.es\/es\/la-diputacion-de-alicante-edita-una-guia-sobre-los-neveros-de-la-serra-de-mariola\/#breadcrumb","itemListElement":[{"@type":"ListItem","position":1,"name":"Portada","item":"https:\/\/www.copealcoy.es\/es\/"},{"@type":"ListItem","position":2,"name":"La Diputaci\u00f3n de Alicante edita una gu\u00eda sobre los neveros de la Serra de Mariola"}]},{"@type":"WebSite","@id":"https:\/\/www.copealcoy.es\/es\/#website","url":"https:\/\/www.copealcoy.es\/es\/","name":"COPE Alcoy","description":"Emisora COPE de radio local con emisi\u00f3n online. Pont de Sant Jordi 8-10 03803 Alcoy","potentialAction":[{"@type":"SearchAction","target":{"@type":"EntryPoint","urlTemplate":"https:\/\/www.copealcoy.es\/es\/?s={search_term_string}"},"query-input":{"@type":"PropertyValueSpecification","valueRequired":true,"valueName":"search_term_string"}}],"inLanguage":"es"},{"@type":"Person","@id":"https:\/\/www.copealcoy.es\/es\/#\/schema\/person\/e777c87fa024e57d40170af9df39882c","name":"Cope Alcoy","image":{"@type":"ImageObject","inLanguage":"es","@id":"https:\/\/secure.gravatar.com\/avatar\/bb65d0283347e303893ba14f0692005417c1e0e690a325a4c5d8bb2b3943ee14?s=96&d=mm&r=g","url":"https:\/\/secure.gravatar.com\/avatar\/bb65d0283347e303893ba14f0692005417c1e0e690a325a4c5d8bb2b3943ee14?s=96&d=mm&r=g","contentUrl":"https:\/\/secure.gravatar.com\/avatar\/bb65d0283347e303893ba14f0692005417c1e0e690a325a4c5d8bb2b3943ee14?s=96&d=mm&r=g","caption":"Cope Alcoy"}}]}},"_links":{"self":[{"href":"https:\/\/www.copealcoy.es\/es\/wp-json\/wp\/v2\/posts\/29970","targetHints":{"allow":["GET"]}}],"collection":[{"href":"https:\/\/www.copealcoy.es\/es\/wp-json\/wp\/v2\/posts"}],"about":[{"href":"https:\/\/www.copealcoy.es\/es\/wp-json\/wp\/v2\/types\/post"}],"author":[{"embeddable":true,"href":"https:\/\/www.copealcoy.es\/es\/wp-json\/wp\/v2\/users\/1"}],"replies":[{"embeddable":true,"href":"https:\/\/www.copealcoy.es\/es\/wp-json\/wp\/v2\/comments?post=29970"}],"version-history":[{"count":0,"href":"https:\/\/www.copealcoy.es\/es\/wp-json\/wp\/v2\/posts\/29970\/revisions"}],"wp:featuredmedia":[{"embeddable":true,"href":"https:\/\/www.copealcoy.es\/es\/wp-json\/wp\/v2\/media\/29972"}],"wp:attachment":[{"href":"https:\/\/www.copealcoy.es\/es\/wp-json\/wp\/v2\/media?parent=29970"}],"wp:term":[{"taxonomy":"category","embeddable":true,"href":"https:\/\/www.copealcoy.es\/es\/wp-json\/wp\/v2\/categories?post=29970"},{"taxonomy":"post_tag","embeddable":true,"href":"https:\/\/www.copealcoy.es\/es\/wp-json\/wp\/v2\/tags?post=29970"}],"curies":[{"name":"wp","href":"https:\/\/api.w.org\/{rel}","templated":true}]}}