{"id":29895,"date":"2017-03-21T15:47:45","date_gmt":"2017-03-21T15:47:45","guid":{"rendered":"http:\/\/copealcoi.es\/new\/?p=29895"},"modified":"2017-03-21T15:48:57","modified_gmt":"2017-03-21T15:48:57","slug":"benilloba-inicia-los-tramites-para-conservar-el-moli-del-salt","status":"publish","type":"post","link":"https:\/\/www.copealcoy.es\/es\/benilloba-inicia-los-tramites-para-conservar-el-moli-del-salt\/","title":{"rendered":"Benilloba inicia los tr\u00e1mites para conservar el Mol\u00ed del Salt"},"content":{"rendered":"<p style=\"text-align: justify;\">El pleno del <strong>Ayuntamiento de Benilloba<\/strong> aprob\u00f3 d\u00edas atr\u00e1s iniciar <strong>la tramitaci\u00f3n para conservar el Mol\u00ed del Salt<\/strong> y para ello solicitar\u00e1 a la Generalitat Valenciana <strong>la declaraci\u00f3n de este inmueble como Bien de \u00a0Relevancia Local<\/strong> con el fin de frenar su degradaci\u00f3n.<\/p>\n<p style=\"text-align: justify;\">El concejal de Turismo, <strong>Jordi Jim\u00e9nez<\/strong>, ha destacado que el Consistorio tiene como principal objetivo l<strong>a recuperaci\u00f3n de este patrimonio hist\u00f3rico e industrial<\/strong> para el pueblo de Benilloba &#8220;<em>pero para eso hace falta seguir unas normas y eso estamos haciendo en comunicaci\u00f3n siempre con la Conselleria<\/em>&#8220;, asegura. En este sentido Jim\u00e9nez indica que esta <strong>es la primera actuaci\u00f3n formal que lleva a cabo el Ayuntamiento para proteger el Mol\u00ed del Salt<\/strong> &#8220;<em>una vez superado el tr\u00e1mite ya podremos exigir a la propiedad que act\u00fae para evitar la degradaci\u00f3n de la estructura<\/em>&#8220;, apunta.<\/p>\n<p style=\"text-align: justify;\">Por \u00faltimo el mun\u00edcipe asevera que hasta el momento <strong>el Gobierno Local hab\u00eda mantenido conversaciones informales con los propietarios<\/strong> &#8220;<em>ahora queremos actuar con las leyes por delante, porque de otra forma ser\u00eda cuesti\u00f3n de tiempo que el Mol\u00ed del Salt acabara desapareciendo<\/em>&#8220;, concluye Jordi Jim\u00e9nez.<\/p>\n","protected":false},"excerpt":{"rendered":"<p>El pleno del Ayuntamiento de Benilloba aprob\u00f3 d\u00edas atr\u00e1s iniciar la tramitaci\u00f3n para conservar el Mol\u00ed del Salt y para&#8230;<\/p>\n","protected":false},"author":1,"featured_media":29896,"comment_status":"open","ping_status":"open","sticky":false,"template":"","format":"standard","meta":{"footnotes":""},"categories":[98,75],"tags":[661,237,3879,322,3878],"class_list":["post-29895","post","type-post","status-publish","format-standard","has-post-thumbnail","hentry","category-comarcas","category-noticias","tag-benilloba","tag-comtat","tag-moli-del-salt","tag-pleno","tag-tramites"],"yoast_head":"<!-- This site is optimized with the Yoast SEO plugin v27.3 - https:\/\/yoast.com\/product\/yoast-seo-wordpress\/ -->\n<title>Benilloba inicia los tr\u00e1mites para conservar el Mol\u00ed del Salt - COPE Alcoy<\/title>\n<meta name=\"robots\" content=\"index, follow, max-snippet:-1, max-image-preview:large, max-video-preview:-1\" \/>\n<link rel=\"canonical\" href=\"https:\/\/www.copealcoy.es\/es\/benilloba-inicia-los-tramites-para-conservar-el-moli-del-salt\/\" \/>\n<meta property=\"og:locale\" content=\"es_ES\" \/>\n<meta property=\"og:type\" content=\"article\" \/>\n<meta property=\"og:title\" content=\"Benilloba inicia los tr\u00e1mites para conservar el Mol\u00ed del Salt - COPE Alcoy\" \/>\n<meta property=\"og:description\" content=\"El pleno del Ayuntamiento de Benilloba aprob\u00f3 d\u00edas atr\u00e1s iniciar la tramitaci\u00f3n para conservar el Mol\u00ed del Salt y para...\" \/>\n<meta property=\"og:url\" content=\"https:\/\/www.copealcoy.es\/es\/benilloba-inicia-los-tramites-para-conservar-el-moli-del-salt\/\" \/>\n<meta property=\"og:site_name\" content=\"COPE Alcoy\" \/>\n<meta property=\"article:published_time\" content=\"2017-03-21T15:47:45+00:00\" \/>\n<meta property=\"article:modified_time\" content=\"2017-03-21T15:48:57+00:00\" \/>\n<meta property=\"og:image\" content=\"https:\/\/www.copealcoy.es\/wp-content\/uploads\/2017\/03\/IMG_8974.jpg\" \/>\n\t<meta property=\"og:image:width\" content=\"3264\" \/>\n\t<meta property=\"og:image:height\" content=\"2448\" \/>\n\t<meta property=\"og:image:type\" content=\"image\/jpeg\" \/>\n<meta name=\"author\" content=\"Cope Alcoy\" \/>\n<meta name=\"twitter:label1\" content=\"Escrito por\" \/>\n\t<meta name=\"twitter:data1\" content=\"Cope Alcoy\" \/>\n\t<meta name=\"twitter:label2\" content=\"Tiempo de lectura\" \/>\n\t<meta name=\"twitter:data2\" content=\"1 minuto\" \/>\n<script type=\"application\/ld+json\" class=\"yoast-schema-graph\">{\"@context\":\"https:\\\/\\\/schema.org\",\"@graph\":[{\"@type\":\"Article\",\"@id\":\"https:\\\/\\\/www.copealcoy.es\\\/es\\\/benilloba-inicia-los-tramites-para-conservar-el-moli-del-salt\\\/#article\",\"isPartOf\":{\"@id\":\"https:\\\/\\\/www.copealcoy.es\\\/es\\\/benilloba-inicia-los-tramites-para-conservar-el-moli-del-salt\\\/\"},\"author\":{\"name\":\"Cope Alcoy\",\"@id\":\"https:\\\/\\\/www.copealcoy.es\\\/es\\\/#\\\/schema\\\/person\\\/e777c87fa024e57d40170af9df39882c\"},\"headline\":\"Benilloba inicia los tr\u00e1mites para conservar el Mol\u00ed del Salt\",\"datePublished\":\"2017-03-21T15:47:45+00:00\",\"dateModified\":\"2017-03-21T15:48:57+00:00\",\"mainEntityOfPage\":{\"@id\":\"https:\\\/\\\/www.copealcoy.es\\\/es\\\/benilloba-inicia-los-tramites-para-conservar-el-moli-del-salt\\\/\"},\"wordCount\":210,\"commentCount\":0,\"image\":{\"@id\":\"https:\\\/\\\/www.copealcoy.es\\\/es\\\/benilloba-inicia-los-tramites-para-conservar-el-moli-del-salt\\\/#primaryimage\"},\"thumbnailUrl\":\"https:\\\/\\\/www.copealcoy.es\\\/wp-content\\\/uploads\\\/2017\\\/03\\\/IMG_8974.jpg\",\"keywords\":[\"Benilloba\",\"Comtat\",\"Mol\u00ed del Salt\",\"Pleno\",\"tr\u00e1mites\"],\"articleSection\":[\"Comarcas\",\"Noticias\"],\"inLanguage\":\"es\"},{\"@type\":\"WebPage\",\"@id\":\"https:\\\/\\\/www.copealcoy.es\\\/es\\\/benilloba-inicia-los-tramites-para-conservar-el-moli-del-salt\\\/\",\"url\":\"https:\\\/\\\/www.copealcoy.es\\\/es\\\/benilloba-inicia-los-tramites-para-conservar-el-moli-del-salt\\\/\",\"name\":\"Benilloba inicia los tr\u00e1mites para conservar el Mol\u00ed del Salt - COPE Alcoy\",\"isPartOf\":{\"@id\":\"https:\\\/\\\/www.copealcoy.es\\\/es\\\/#website\"},\"primaryImageOfPage\":{\"@id\":\"https:\\\/\\\/www.copealcoy.es\\\/es\\\/benilloba-inicia-los-tramites-para-conservar-el-moli-del-salt\\\/#primaryimage\"},\"image\":{\"@id\":\"https:\\\/\\\/www.copealcoy.es\\\/es\\\/benilloba-inicia-los-tramites-para-conservar-el-moli-del-salt\\\/#primaryimage\"},\"thumbnailUrl\":\"https:\\\/\\\/www.copealcoy.es\\\/wp-content\\\/uploads\\\/2017\\\/03\\\/IMG_8974.jpg\",\"datePublished\":\"2017-03-21T15:47:45+00:00\",\"dateModified\":\"2017-03-21T15:48:57+00:00\",\"author\":{\"@id\":\"https:\\\/\\\/www.copealcoy.es\\\/es\\\/#\\\/schema\\\/person\\\/e777c87fa024e57d40170af9df39882c\"},\"breadcrumb\":{\"@id\":\"https:\\\/\\\/www.copealcoy.es\\\/es\\\/benilloba-inicia-los-tramites-para-conservar-el-moli-del-salt\\\/#breadcrumb\"},\"inLanguage\":\"es\",\"potentialAction\":[{\"@type\":\"ReadAction\",\"target\":[\"https:\\\/\\\/www.copealcoy.es\\\/es\\\/benilloba-inicia-los-tramites-para-conservar-el-moli-del-salt\\\/\"]}]},{\"@type\":\"ImageObject\",\"inLanguage\":\"es\",\"@id\":\"https:\\\/\\\/www.copealcoy.es\\\/es\\\/benilloba-inicia-los-tramites-para-conservar-el-moli-del-salt\\\/#primaryimage\",\"url\":\"https:\\\/\\\/www.copealcoy.es\\\/wp-content\\\/uploads\\\/2017\\\/03\\\/IMG_8974.jpg\",\"contentUrl\":\"https:\\\/\\\/www.copealcoy.es\\\/wp-content\\\/uploads\\\/2017\\\/03\\\/IMG_8974.jpg\",\"width\":3264,\"height\":2448,\"caption\":\"El pleno se celebr\u00f3 la pasada semana en el Ayuntamiento de Benilloba\"},{\"@type\":\"BreadcrumbList\",\"@id\":\"https:\\\/\\\/www.copealcoy.es\\\/es\\\/benilloba-inicia-los-tramites-para-conservar-el-moli-del-salt\\\/#breadcrumb\",\"itemListElement\":[{\"@type\":\"ListItem\",\"position\":1,\"name\":\"Portada\",\"item\":\"https:\\\/\\\/www.copealcoy.es\\\/es\\\/\"},{\"@type\":\"ListItem\",\"position\":2,\"name\":\"Benilloba inicia los tr\u00e1mites para conservar el Mol\u00ed del Salt\"}]},{\"@type\":\"WebSite\",\"@id\":\"https:\\\/\\\/www.copealcoy.es\\\/es\\\/#website\",\"url\":\"https:\\\/\\\/www.copealcoy.es\\\/es\\\/\",\"name\":\"COPE Alcoy\",\"description\":\"Emisora COPE de radio local con emisi\u00f3n online. Pont de Sant Jordi 8-10 03803 Alcoy\",\"potentialAction\":[{\"@type\":\"SearchAction\",\"target\":{\"@type\":\"EntryPoint\",\"urlTemplate\":\"https:\\\/\\\/www.copealcoy.es\\\/es\\\/?s={search_term_string}\"},\"query-input\":{\"@type\":\"PropertyValueSpecification\",\"valueRequired\":true,\"valueName\":\"search_term_string\"}}],\"inLanguage\":\"es\"},{\"@type\":\"Person\",\"@id\":\"https:\\\/\\\/www.copealcoy.es\\\/es\\\/#\\\/schema\\\/person\\\/e777c87fa024e57d40170af9df39882c\",\"name\":\"Cope Alcoy\",\"image\":{\"@type\":\"ImageObject\",\"inLanguage\":\"es\",\"@id\":\"https:\\\/\\\/secure.gravatar.com\\\/avatar\\\/bb65d0283347e303893ba14f0692005417c1e0e690a325a4c5d8bb2b3943ee14?s=96&d=mm&r=g\",\"url\":\"https:\\\/\\\/secure.gravatar.com\\\/avatar\\\/bb65d0283347e303893ba14f0692005417c1e0e690a325a4c5d8bb2b3943ee14?s=96&d=mm&r=g\",\"contentUrl\":\"https:\\\/\\\/secure.gravatar.com\\\/avatar\\\/bb65d0283347e303893ba14f0692005417c1e0e690a325a4c5d8bb2b3943ee14?s=96&d=mm&r=g\",\"caption\":\"Cope Alcoy\"}}]}<\/script>\n<!-- \/ Yoast SEO plugin. -->","yoast_head_json":{"title":"Benilloba inicia los tr\u00e1mites para conservar el Mol\u00ed del Salt - COPE Alcoy","robots":{"index":"index","follow":"follow","max-snippet":"max-snippet:-1","max-image-preview":"max-image-preview:large","max-video-preview":"max-video-preview:-1"},"canonical":"https:\/\/www.copealcoy.es\/es\/benilloba-inicia-los-tramites-para-conservar-el-moli-del-salt\/","og_locale":"es_ES","og_type":"article","og_title":"Benilloba inicia los tr\u00e1mites para conservar el Mol\u00ed del Salt - COPE Alcoy","og_description":"El pleno del Ayuntamiento de Benilloba aprob\u00f3 d\u00edas atr\u00e1s iniciar la tramitaci\u00f3n para conservar el Mol\u00ed del Salt y para...","og_url":"https:\/\/www.copealcoy.es\/es\/benilloba-inicia-los-tramites-para-conservar-el-moli-del-salt\/","og_site_name":"COPE Alcoy","article_published_time":"2017-03-21T15:47:45+00:00","article_modified_time":"2017-03-21T15:48:57+00:00","og_image":[{"width":3264,"height":2448,"url":"https:\/\/www.copealcoy.es\/wp-content\/uploads\/2017\/03\/IMG_8974.jpg","type":"image\/jpeg"}],"author":"Cope Alcoy","twitter_misc":{"Escrito por":"Cope Alcoy","Tiempo de lectura":"1 minuto"},"schema":{"@context":"https:\/\/schema.org","@graph":[{"@type":"Article","@id":"https:\/\/www.copealcoy.es\/es\/benilloba-inicia-los-tramites-para-conservar-el-moli-del-salt\/#article","isPartOf":{"@id":"https:\/\/www.copealcoy.es\/es\/benilloba-inicia-los-tramites-para-conservar-el-moli-del-salt\/"},"author":{"name":"Cope Alcoy","@id":"https:\/\/www.copealcoy.es\/es\/#\/schema\/person\/e777c87fa024e57d40170af9df39882c"},"headline":"Benilloba inicia los tr\u00e1mites para conservar el Mol\u00ed del Salt","datePublished":"2017-03-21T15:47:45+00:00","dateModified":"2017-03-21T15:48:57+00:00","mainEntityOfPage":{"@id":"https:\/\/www.copealcoy.es\/es\/benilloba-inicia-los-tramites-para-conservar-el-moli-del-salt\/"},"wordCount":210,"commentCount":0,"image":{"@id":"https:\/\/www.copealcoy.es\/es\/benilloba-inicia-los-tramites-para-conservar-el-moli-del-salt\/#primaryimage"},"thumbnailUrl":"https:\/\/www.copealcoy.es\/wp-content\/uploads\/2017\/03\/IMG_8974.jpg","keywords":["Benilloba","Comtat","Mol\u00ed del Salt","Pleno","tr\u00e1mites"],"articleSection":["Comarcas","Noticias"],"inLanguage":"es"},{"@type":"WebPage","@id":"https:\/\/www.copealcoy.es\/es\/benilloba-inicia-los-tramites-para-conservar-el-moli-del-salt\/","url":"https:\/\/www.copealcoy.es\/es\/benilloba-inicia-los-tramites-para-conservar-el-moli-del-salt\/","name":"Benilloba inicia los tr\u00e1mites para conservar el Mol\u00ed del Salt - COPE Alcoy","isPartOf":{"@id":"https:\/\/www.copealcoy.es\/es\/#website"},"primaryImageOfPage":{"@id":"https:\/\/www.copealcoy.es\/es\/benilloba-inicia-los-tramites-para-conservar-el-moli-del-salt\/#primaryimage"},"image":{"@id":"https:\/\/www.copealcoy.es\/es\/benilloba-inicia-los-tramites-para-conservar-el-moli-del-salt\/#primaryimage"},"thumbnailUrl":"https:\/\/www.copealcoy.es\/wp-content\/uploads\/2017\/03\/IMG_8974.jpg","datePublished":"2017-03-21T15:47:45+00:00","dateModified":"2017-03-21T15:48:57+00:00","author":{"@id":"https:\/\/www.copealcoy.es\/es\/#\/schema\/person\/e777c87fa024e57d40170af9df39882c"},"breadcrumb":{"@id":"https:\/\/www.copealcoy.es\/es\/benilloba-inicia-los-tramites-para-conservar-el-moli-del-salt\/#breadcrumb"},"inLanguage":"es","potentialAction":[{"@type":"ReadAction","target":["https:\/\/www.copealcoy.es\/es\/benilloba-inicia-los-tramites-para-conservar-el-moli-del-salt\/"]}]},{"@type":"ImageObject","inLanguage":"es","@id":"https:\/\/www.copealcoy.es\/es\/benilloba-inicia-los-tramites-para-conservar-el-moli-del-salt\/#primaryimage","url":"https:\/\/www.copealcoy.es\/wp-content\/uploads\/2017\/03\/IMG_8974.jpg","contentUrl":"https:\/\/www.copealcoy.es\/wp-content\/uploads\/2017\/03\/IMG_8974.jpg","width":3264,"height":2448,"caption":"El pleno se celebr\u00f3 la pasada semana en el Ayuntamiento de Benilloba"},{"@type":"BreadcrumbList","@id":"https:\/\/www.copealcoy.es\/es\/benilloba-inicia-los-tramites-para-conservar-el-moli-del-salt\/#breadcrumb","itemListElement":[{"@type":"ListItem","position":1,"name":"Portada","item":"https:\/\/www.copealcoy.es\/es\/"},{"@type":"ListItem","position":2,"name":"Benilloba inicia los tr\u00e1mites para conservar el Mol\u00ed del Salt"}]},{"@type":"WebSite","@id":"https:\/\/www.copealcoy.es\/es\/#website","url":"https:\/\/www.copealcoy.es\/es\/","name":"COPE Alcoy","description":"Emisora COPE de radio local con emisi\u00f3n online. Pont de Sant Jordi 8-10 03803 Alcoy","potentialAction":[{"@type":"SearchAction","target":{"@type":"EntryPoint","urlTemplate":"https:\/\/www.copealcoy.es\/es\/?s={search_term_string}"},"query-input":{"@type":"PropertyValueSpecification","valueRequired":true,"valueName":"search_term_string"}}],"inLanguage":"es"},{"@type":"Person","@id":"https:\/\/www.copealcoy.es\/es\/#\/schema\/person\/e777c87fa024e57d40170af9df39882c","name":"Cope Alcoy","image":{"@type":"ImageObject","inLanguage":"es","@id":"https:\/\/secure.gravatar.com\/avatar\/bb65d0283347e303893ba14f0692005417c1e0e690a325a4c5d8bb2b3943ee14?s=96&d=mm&r=g","url":"https:\/\/secure.gravatar.com\/avatar\/bb65d0283347e303893ba14f0692005417c1e0e690a325a4c5d8bb2b3943ee14?s=96&d=mm&r=g","contentUrl":"https:\/\/secure.gravatar.com\/avatar\/bb65d0283347e303893ba14f0692005417c1e0e690a325a4c5d8bb2b3943ee14?s=96&d=mm&r=g","caption":"Cope Alcoy"}}]}},"_links":{"self":[{"href":"https:\/\/www.copealcoy.es\/es\/wp-json\/wp\/v2\/posts\/29895","targetHints":{"allow":["GET"]}}],"collection":[{"href":"https:\/\/www.copealcoy.es\/es\/wp-json\/wp\/v2\/posts"}],"about":[{"href":"https:\/\/www.copealcoy.es\/es\/wp-json\/wp\/v2\/types\/post"}],"author":[{"embeddable":true,"href":"https:\/\/www.copealcoy.es\/es\/wp-json\/wp\/v2\/users\/1"}],"replies":[{"embeddable":true,"href":"https:\/\/www.copealcoy.es\/es\/wp-json\/wp\/v2\/comments?post=29895"}],"version-history":[{"count":0,"href":"https:\/\/www.copealcoy.es\/es\/wp-json\/wp\/v2\/posts\/29895\/revisions"}],"wp:featuredmedia":[{"embeddable":true,"href":"https:\/\/www.copealcoy.es\/es\/wp-json\/wp\/v2\/media\/29896"}],"wp:attachment":[{"href":"https:\/\/www.copealcoy.es\/es\/wp-json\/wp\/v2\/media?parent=29895"}],"wp:term":[{"taxonomy":"category","embeddable":true,"href":"https:\/\/www.copealcoy.es\/es\/wp-json\/wp\/v2\/categories?post=29895"},{"taxonomy":"post_tag","embeddable":true,"href":"https:\/\/www.copealcoy.es\/es\/wp-json\/wp\/v2\/tags?post=29895"}],"curies":[{"name":"wp","href":"https:\/\/api.w.org\/{rel}","templated":true}]}}