{"id":29797,"date":"2017-03-16T20:09:05","date_gmt":"2017-03-16T20:09:05","guid":{"rendered":"http:\/\/copealcoi.es\/new\/?p=29797"},"modified":"2017-03-16T20:14:53","modified_gmt":"2017-03-16T20:14:53","slug":"alcoy-confia-en-recibir-entre-2-y-3-millones-para-mejorar-los-poligonos","status":"publish","type":"post","link":"https:\/\/www.copealcoy.es\/es\/alcoy-confia-en-recibir-entre-2-y-3-millones-para-mejorar-los-poligonos\/","title":{"rendered":"Alcoy conf\u00eda en recibir entre 2 y 3 millones para mejorar los Pol\u00edgonos"},"content":{"rendered":"<p style=\"text-align: justify;\">El Consell destinar\u00e1 cerca de <strong>diez millones de euros<\/strong> a las Comarcas Centrales Valencianas\u00a0para la <strong>mejora de los Pol\u00edgonos Industriales<\/strong> seg\u00fan explic\u00f3 ayer mi\u00e9rcoles en Albaida el Conseller de Econom\u00eda e Industria, <strong>Rafael Climent<\/strong>, a los alcaldes de los diferentes municipios de esta zona.<\/p>\n<p style=\"text-align: justify;\">En lo que respecta a Alcoy hay que destacar que la ciudad <strong>aspira a conseguir dentro de estos fondos entre\u00a0dos y tres millones<\/strong> para realizar varias actuaciones en sus\u00a0cinco \u00e1reas industriales: <strong>Cotes Baixes, Cotes Altes, Santiago Pay\u00e0 y Sant Benet, Castelar y La Beniata<\/strong>. El concejal de Urbanismo, <strong>Manolo Gomicia<\/strong>, ha explicado este jueves que entre las intervenciones que se plantean destaca\u00a0la instalaci\u00f3n de <strong>c\u00e1maras de vigilancia<\/strong> para mejorar la seguridad, la apuesta por <strong>la\u00a0iluminaci\u00f3n de tecnolog\u00eda LED<\/strong> y las energ\u00edas renovables, la mejora de los <strong>aparcamientos<\/strong>, la <strong>se\u00f1alizaci\u00f3n<\/strong> y los <strong>espacios verdes<\/strong>. En el caso del Santiago Pay\u00e1 y Sant Benet tambi\u00e9n se contemplan <strong>cuestiones relativas al acceso provisional<\/strong> y las conducciones de agua para <strong>evitar inundaciones en las industrias<\/strong> mientras que en La Beniata, Cotes Altes y Castella se contempla <strong>una completa regeneraci\u00f3n urbana y paisaj\u00edstica<\/strong>.<\/p>\n<p style=\"text-align: justify;\">El alcalde de Alcoy, <strong>Antonio Franc\u00e9s<\/strong>, ha indicado que estas intervenciones<strong> se suman a los proyectos para mejorar los Pol\u00edgonos<\/strong> que ya ten\u00eda previsto realizar el Ayuntamiento a trav\u00e9s del presupuesto municipal &#8220;<em>se atienden reivindicaciones hist\u00f3ricas de los empresarios y con la cuant\u00eda total que se destinar\u00e1 a las Comarcas Centrales Valencianas tenemos por primera vez una marginaci\u00f3n positiva si lo comparamos con los a\u00f1os pasados<\/em>&#8220;, afirma el primer edil.<\/p>\n<p style=\"text-align: justify;\">Apuntar que ll plazo para presentarse a estas ayudas <strong>ser\u00e1 del 27 de marzo hasta el 19 de abril<\/strong> y los trabajos para mejorar estas zonas industriales se deber\u00e1n de realizar antes de que acabe el a\u00f1o.<\/p>\n<p><iframe loading=\"lazy\" title=\"RP Ajudes als Pol\u00edgons\" width=\"1200\" height=\"675\" src=\"https:\/\/www.youtube.com\/embed\/dxfXoOTDx3A?feature=oembed\" frameborder=\"0\" allow=\"accelerometer; autoplay; encrypted-media; gyroscope; picture-in-picture\" allowfullscreen><\/iframe><\/p>\n","protected":false},"excerpt":{"rendered":"<p>El Consell destinar\u00e1 cerca de diez millones de euros a las Comarcas Centrales Valencianas\u00a0para la mejora de los Pol\u00edgonos Industriales&#8230;<\/p>\n","protected":false},"author":1,"featured_media":29798,"comment_status":"open","ping_status":"open","sticky":false,"template":"","format":"standard","meta":{"footnotes":""},"categories":[97,75,125],"tags":[1494,1793,390,994,433,1871,164,1469,1567],"class_list":["post-29797","post","type-post","status-publish","format-standard","has-post-thumbnail","hentry","category-alcoy","category-noticias","category-portada","tag-alcoy","tag-antonio-frances","tag-economia","tag-generalitat-valenciana","tag-industria","tag-manolo-gomicia","tag-mejoras","tag-poligonos-industriales","tag-rafael-climent"],"yoast_head":"<!-- This site is optimized with the Yoast SEO plugin v27.3 - https:\/\/yoast.com\/product\/yoast-seo-wordpress\/ -->\n<title>Alcoy conf\u00eda en recibir entre 2 y 3 millones para mejorar los Pol\u00edgonos - COPE Alcoy<\/title>\n<meta name=\"robots\" content=\"index, follow, max-snippet:-1, max-image-preview:large, max-video-preview:-1\" \/>\n<link rel=\"canonical\" href=\"https:\/\/www.copealcoy.es\/es\/alcoy-confia-en-recibir-entre-2-y-3-millones-para-mejorar-los-poligonos\/\" \/>\n<meta property=\"og:locale\" content=\"es_ES\" \/>\n<meta property=\"og:type\" content=\"article\" \/>\n<meta property=\"og:title\" content=\"Alcoy conf\u00eda en recibir entre 2 y 3 millones para mejorar los Pol\u00edgonos - COPE Alcoy\" \/>\n<meta property=\"og:description\" content=\"El Consell destinar\u00e1 cerca de diez millones de euros a las Comarcas Centrales Valencianas\u00a0para la mejora de los Pol\u00edgonos Industriales...\" \/>\n<meta property=\"og:url\" content=\"https:\/\/www.copealcoy.es\/es\/alcoy-confia-en-recibir-entre-2-y-3-millones-para-mejorar-los-poligonos\/\" \/>\n<meta property=\"og:site_name\" content=\"COPE Alcoy\" \/>\n<meta property=\"article:published_time\" content=\"2017-03-16T20:09:05+00:00\" \/>\n<meta property=\"article:modified_time\" content=\"2017-03-16T20:14:53+00:00\" \/>\n<meta property=\"og:image\" content=\"https:\/\/www.copealcoy.es\/wp-content\/uploads\/2017\/03\/IMG_0724-e1489694795678.jpg\" \/>\n\t<meta property=\"og:image:width\" content=\"3406\" \/>\n\t<meta property=\"og:image:height\" content=\"1813\" \/>\n\t<meta property=\"og:image:type\" content=\"image\/jpeg\" \/>\n<meta name=\"author\" content=\"Cope Alcoy\" \/>\n<meta name=\"twitter:label1\" content=\"Escrito por\" \/>\n\t<meta name=\"twitter:data1\" content=\"Cope Alcoy\" \/>\n\t<meta name=\"twitter:label2\" content=\"Tiempo de lectura\" \/>\n\t<meta name=\"twitter:data2\" content=\"2 minutos\" \/>\n<script type=\"application\/ld+json\" class=\"yoast-schema-graph\">{\"@context\":\"https:\\\/\\\/schema.org\",\"@graph\":[{\"@type\":\"Article\",\"@id\":\"https:\\\/\\\/www.copealcoy.es\\\/es\\\/alcoy-confia-en-recibir-entre-2-y-3-millones-para-mejorar-los-poligonos\\\/#article\",\"isPartOf\":{\"@id\":\"https:\\\/\\\/www.copealcoy.es\\\/es\\\/alcoy-confia-en-recibir-entre-2-y-3-millones-para-mejorar-los-poligonos\\\/\"},\"author\":{\"name\":\"Cope Alcoy\",\"@id\":\"https:\\\/\\\/www.copealcoy.es\\\/es\\\/#\\\/schema\\\/person\\\/e777c87fa024e57d40170af9df39882c\"},\"headline\":\"Alcoy conf\u00eda en recibir entre 2 y 3 millones para mejorar los Pol\u00edgonos\",\"datePublished\":\"2017-03-16T20:09:05+00:00\",\"dateModified\":\"2017-03-16T20:14:53+00:00\",\"mainEntityOfPage\":{\"@id\":\"https:\\\/\\\/www.copealcoy.es\\\/es\\\/alcoy-confia-en-recibir-entre-2-y-3-millones-para-mejorar-los-poligonos\\\/\"},\"wordCount\":337,\"commentCount\":0,\"image\":{\"@id\":\"https:\\\/\\\/www.copealcoy.es\\\/es\\\/alcoy-confia-en-recibir-entre-2-y-3-millones-para-mejorar-los-poligonos\\\/#primaryimage\"},\"thumbnailUrl\":\"https:\\\/\\\/www.copealcoy.es\\\/wp-content\\\/uploads\\\/2017\\\/03\\\/IMG_0724-e1489694795678.jpg\",\"keywords\":[\"Alcoy\",\"Antonio Franc\u00e9s\",\"Econom\u00eda\",\"Generalitat Valenciana\",\"Industria\",\"Manolo Gomicia\",\"Mejoras\",\"Pol\u00edgonos Industriales\",\"Rafael Climent\"],\"articleSection\":[\"Alcoy\",\"Noticias\",\"Portada\"],\"inLanguage\":\"es\"},{\"@type\":\"WebPage\",\"@id\":\"https:\\\/\\\/www.copealcoy.es\\\/es\\\/alcoy-confia-en-recibir-entre-2-y-3-millones-para-mejorar-los-poligonos\\\/\",\"url\":\"https:\\\/\\\/www.copealcoy.es\\\/es\\\/alcoy-confia-en-recibir-entre-2-y-3-millones-para-mejorar-los-poligonos\\\/\",\"name\":\"Alcoy conf\u00eda en recibir entre 2 y 3 millones para mejorar los Pol\u00edgonos - COPE Alcoy\",\"isPartOf\":{\"@id\":\"https:\\\/\\\/www.copealcoy.es\\\/es\\\/#website\"},\"primaryImageOfPage\":{\"@id\":\"https:\\\/\\\/www.copealcoy.es\\\/es\\\/alcoy-confia-en-recibir-entre-2-y-3-millones-para-mejorar-los-poligonos\\\/#primaryimage\"},\"image\":{\"@id\":\"https:\\\/\\\/www.copealcoy.es\\\/es\\\/alcoy-confia-en-recibir-entre-2-y-3-millones-para-mejorar-los-poligonos\\\/#primaryimage\"},\"thumbnailUrl\":\"https:\\\/\\\/www.copealcoy.es\\\/wp-content\\\/uploads\\\/2017\\\/03\\\/IMG_0724-e1489694795678.jpg\",\"datePublished\":\"2017-03-16T20:09:05+00:00\",\"dateModified\":\"2017-03-16T20:14:53+00:00\",\"author\":{\"@id\":\"https:\\\/\\\/www.copealcoy.es\\\/es\\\/#\\\/schema\\\/person\\\/e777c87fa024e57d40170af9df39882c\"},\"breadcrumb\":{\"@id\":\"https:\\\/\\\/www.copealcoy.es\\\/es\\\/alcoy-confia-en-recibir-entre-2-y-3-millones-para-mejorar-los-poligonos\\\/#breadcrumb\"},\"inLanguage\":\"es\",\"potentialAction\":[{\"@type\":\"ReadAction\",\"target\":[\"https:\\\/\\\/www.copealcoy.es\\\/es\\\/alcoy-confia-en-recibir-entre-2-y-3-millones-para-mejorar-los-poligonos\\\/\"]}]},{\"@type\":\"ImageObject\",\"inLanguage\":\"es\",\"@id\":\"https:\\\/\\\/www.copealcoy.es\\\/es\\\/alcoy-confia-en-recibir-entre-2-y-3-millones-para-mejorar-los-poligonos\\\/#primaryimage\",\"url\":\"https:\\\/\\\/www.copealcoy.es\\\/wp-content\\\/uploads\\\/2017\\\/03\\\/IMG_0724-e1489694795678.jpg\",\"contentUrl\":\"https:\\\/\\\/www.copealcoy.es\\\/wp-content\\\/uploads\\\/2017\\\/03\\\/IMG_0724-e1489694795678.jpg\",\"width\":3406,\"height\":1813,\"caption\":\"Franc\u00e9s y Gomicia han dado todos los detalles de estas ayudas \\\/ Foto:\"},{\"@type\":\"BreadcrumbList\",\"@id\":\"https:\\\/\\\/www.copealcoy.es\\\/es\\\/alcoy-confia-en-recibir-entre-2-y-3-millones-para-mejorar-los-poligonos\\\/#breadcrumb\",\"itemListElement\":[{\"@type\":\"ListItem\",\"position\":1,\"name\":\"Portada\",\"item\":\"https:\\\/\\\/www.copealcoy.es\\\/es\\\/\"},{\"@type\":\"ListItem\",\"position\":2,\"name\":\"Alcoy conf\u00eda en recibir entre 2 y 3 millones para mejorar los Pol\u00edgonos\"}]},{\"@type\":\"WebSite\",\"@id\":\"https:\\\/\\\/www.copealcoy.es\\\/es\\\/#website\",\"url\":\"https:\\\/\\\/www.copealcoy.es\\\/es\\\/\",\"name\":\"COPE Alcoy\",\"description\":\"Emisora COPE de radio local con emisi\u00f3n online. Pont de Sant Jordi 8-10 03803 Alcoy\",\"potentialAction\":[{\"@type\":\"SearchAction\",\"target\":{\"@type\":\"EntryPoint\",\"urlTemplate\":\"https:\\\/\\\/www.copealcoy.es\\\/es\\\/?s={search_term_string}\"},\"query-input\":{\"@type\":\"PropertyValueSpecification\",\"valueRequired\":true,\"valueName\":\"search_term_string\"}}],\"inLanguage\":\"es\"},{\"@type\":\"Person\",\"@id\":\"https:\\\/\\\/www.copealcoy.es\\\/es\\\/#\\\/schema\\\/person\\\/e777c87fa024e57d40170af9df39882c\",\"name\":\"Cope Alcoy\",\"image\":{\"@type\":\"ImageObject\",\"inLanguage\":\"es\",\"@id\":\"https:\\\/\\\/secure.gravatar.com\\\/avatar\\\/bb65d0283347e303893ba14f0692005417c1e0e690a325a4c5d8bb2b3943ee14?s=96&d=mm&r=g\",\"url\":\"https:\\\/\\\/secure.gravatar.com\\\/avatar\\\/bb65d0283347e303893ba14f0692005417c1e0e690a325a4c5d8bb2b3943ee14?s=96&d=mm&r=g\",\"contentUrl\":\"https:\\\/\\\/secure.gravatar.com\\\/avatar\\\/bb65d0283347e303893ba14f0692005417c1e0e690a325a4c5d8bb2b3943ee14?s=96&d=mm&r=g\",\"caption\":\"Cope Alcoy\"}}]}<\/script>\n<!-- \/ Yoast SEO plugin. -->","yoast_head_json":{"title":"Alcoy conf\u00eda en recibir entre 2 y 3 millones para mejorar los Pol\u00edgonos - COPE Alcoy","robots":{"index":"index","follow":"follow","max-snippet":"max-snippet:-1","max-image-preview":"max-image-preview:large","max-video-preview":"max-video-preview:-1"},"canonical":"https:\/\/www.copealcoy.es\/es\/alcoy-confia-en-recibir-entre-2-y-3-millones-para-mejorar-los-poligonos\/","og_locale":"es_ES","og_type":"article","og_title":"Alcoy conf\u00eda en recibir entre 2 y 3 millones para mejorar los Pol\u00edgonos - COPE Alcoy","og_description":"El Consell destinar\u00e1 cerca de diez millones de euros a las Comarcas Centrales Valencianas\u00a0para la mejora de los Pol\u00edgonos Industriales...","og_url":"https:\/\/www.copealcoy.es\/es\/alcoy-confia-en-recibir-entre-2-y-3-millones-para-mejorar-los-poligonos\/","og_site_name":"COPE Alcoy","article_published_time":"2017-03-16T20:09:05+00:00","article_modified_time":"2017-03-16T20:14:53+00:00","og_image":[{"width":3406,"height":1813,"url":"https:\/\/www.copealcoy.es\/wp-content\/uploads\/2017\/03\/IMG_0724-e1489694795678.jpg","type":"image\/jpeg"}],"author":"Cope Alcoy","twitter_misc":{"Escrito por":"Cope Alcoy","Tiempo de lectura":"2 minutos"},"schema":{"@context":"https:\/\/schema.org","@graph":[{"@type":"Article","@id":"https:\/\/www.copealcoy.es\/es\/alcoy-confia-en-recibir-entre-2-y-3-millones-para-mejorar-los-poligonos\/#article","isPartOf":{"@id":"https:\/\/www.copealcoy.es\/es\/alcoy-confia-en-recibir-entre-2-y-3-millones-para-mejorar-los-poligonos\/"},"author":{"name":"Cope Alcoy","@id":"https:\/\/www.copealcoy.es\/es\/#\/schema\/person\/e777c87fa024e57d40170af9df39882c"},"headline":"Alcoy conf\u00eda en recibir entre 2 y 3 millones para mejorar los Pol\u00edgonos","datePublished":"2017-03-16T20:09:05+00:00","dateModified":"2017-03-16T20:14:53+00:00","mainEntityOfPage":{"@id":"https:\/\/www.copealcoy.es\/es\/alcoy-confia-en-recibir-entre-2-y-3-millones-para-mejorar-los-poligonos\/"},"wordCount":337,"commentCount":0,"image":{"@id":"https:\/\/www.copealcoy.es\/es\/alcoy-confia-en-recibir-entre-2-y-3-millones-para-mejorar-los-poligonos\/#primaryimage"},"thumbnailUrl":"https:\/\/www.copealcoy.es\/wp-content\/uploads\/2017\/03\/IMG_0724-e1489694795678.jpg","keywords":["Alcoy","Antonio Franc\u00e9s","Econom\u00eda","Generalitat Valenciana","Industria","Manolo Gomicia","Mejoras","Pol\u00edgonos Industriales","Rafael Climent"],"articleSection":["Alcoy","Noticias","Portada"],"inLanguage":"es"},{"@type":"WebPage","@id":"https:\/\/www.copealcoy.es\/es\/alcoy-confia-en-recibir-entre-2-y-3-millones-para-mejorar-los-poligonos\/","url":"https:\/\/www.copealcoy.es\/es\/alcoy-confia-en-recibir-entre-2-y-3-millones-para-mejorar-los-poligonos\/","name":"Alcoy conf\u00eda en recibir entre 2 y 3 millones para mejorar los Pol\u00edgonos - COPE Alcoy","isPartOf":{"@id":"https:\/\/www.copealcoy.es\/es\/#website"},"primaryImageOfPage":{"@id":"https:\/\/www.copealcoy.es\/es\/alcoy-confia-en-recibir-entre-2-y-3-millones-para-mejorar-los-poligonos\/#primaryimage"},"image":{"@id":"https:\/\/www.copealcoy.es\/es\/alcoy-confia-en-recibir-entre-2-y-3-millones-para-mejorar-los-poligonos\/#primaryimage"},"thumbnailUrl":"https:\/\/www.copealcoy.es\/wp-content\/uploads\/2017\/03\/IMG_0724-e1489694795678.jpg","datePublished":"2017-03-16T20:09:05+00:00","dateModified":"2017-03-16T20:14:53+00:00","author":{"@id":"https:\/\/www.copealcoy.es\/es\/#\/schema\/person\/e777c87fa024e57d40170af9df39882c"},"breadcrumb":{"@id":"https:\/\/www.copealcoy.es\/es\/alcoy-confia-en-recibir-entre-2-y-3-millones-para-mejorar-los-poligonos\/#breadcrumb"},"inLanguage":"es","potentialAction":[{"@type":"ReadAction","target":["https:\/\/www.copealcoy.es\/es\/alcoy-confia-en-recibir-entre-2-y-3-millones-para-mejorar-los-poligonos\/"]}]},{"@type":"ImageObject","inLanguage":"es","@id":"https:\/\/www.copealcoy.es\/es\/alcoy-confia-en-recibir-entre-2-y-3-millones-para-mejorar-los-poligonos\/#primaryimage","url":"https:\/\/www.copealcoy.es\/wp-content\/uploads\/2017\/03\/IMG_0724-e1489694795678.jpg","contentUrl":"https:\/\/www.copealcoy.es\/wp-content\/uploads\/2017\/03\/IMG_0724-e1489694795678.jpg","width":3406,"height":1813,"caption":"Franc\u00e9s y Gomicia han dado todos los detalles de estas ayudas \/ Foto:"},{"@type":"BreadcrumbList","@id":"https:\/\/www.copealcoy.es\/es\/alcoy-confia-en-recibir-entre-2-y-3-millones-para-mejorar-los-poligonos\/#breadcrumb","itemListElement":[{"@type":"ListItem","position":1,"name":"Portada","item":"https:\/\/www.copealcoy.es\/es\/"},{"@type":"ListItem","position":2,"name":"Alcoy conf\u00eda en recibir entre 2 y 3 millones para mejorar los Pol\u00edgonos"}]},{"@type":"WebSite","@id":"https:\/\/www.copealcoy.es\/es\/#website","url":"https:\/\/www.copealcoy.es\/es\/","name":"COPE Alcoy","description":"Emisora COPE de radio local con emisi\u00f3n online. Pont de Sant Jordi 8-10 03803 Alcoy","potentialAction":[{"@type":"SearchAction","target":{"@type":"EntryPoint","urlTemplate":"https:\/\/www.copealcoy.es\/es\/?s={search_term_string}"},"query-input":{"@type":"PropertyValueSpecification","valueRequired":true,"valueName":"search_term_string"}}],"inLanguage":"es"},{"@type":"Person","@id":"https:\/\/www.copealcoy.es\/es\/#\/schema\/person\/e777c87fa024e57d40170af9df39882c","name":"Cope Alcoy","image":{"@type":"ImageObject","inLanguage":"es","@id":"https:\/\/secure.gravatar.com\/avatar\/bb65d0283347e303893ba14f0692005417c1e0e690a325a4c5d8bb2b3943ee14?s=96&d=mm&r=g","url":"https:\/\/secure.gravatar.com\/avatar\/bb65d0283347e303893ba14f0692005417c1e0e690a325a4c5d8bb2b3943ee14?s=96&d=mm&r=g","contentUrl":"https:\/\/secure.gravatar.com\/avatar\/bb65d0283347e303893ba14f0692005417c1e0e690a325a4c5d8bb2b3943ee14?s=96&d=mm&r=g","caption":"Cope Alcoy"}}]}},"_links":{"self":[{"href":"https:\/\/www.copealcoy.es\/es\/wp-json\/wp\/v2\/posts\/29797","targetHints":{"allow":["GET"]}}],"collection":[{"href":"https:\/\/www.copealcoy.es\/es\/wp-json\/wp\/v2\/posts"}],"about":[{"href":"https:\/\/www.copealcoy.es\/es\/wp-json\/wp\/v2\/types\/post"}],"author":[{"embeddable":true,"href":"https:\/\/www.copealcoy.es\/es\/wp-json\/wp\/v2\/users\/1"}],"replies":[{"embeddable":true,"href":"https:\/\/www.copealcoy.es\/es\/wp-json\/wp\/v2\/comments?post=29797"}],"version-history":[{"count":0,"href":"https:\/\/www.copealcoy.es\/es\/wp-json\/wp\/v2\/posts\/29797\/revisions"}],"wp:featuredmedia":[{"embeddable":true,"href":"https:\/\/www.copealcoy.es\/es\/wp-json\/wp\/v2\/media\/29798"}],"wp:attachment":[{"href":"https:\/\/www.copealcoy.es\/es\/wp-json\/wp\/v2\/media?parent=29797"}],"wp:term":[{"taxonomy":"category","embeddable":true,"href":"https:\/\/www.copealcoy.es\/es\/wp-json\/wp\/v2\/categories?post=29797"},{"taxonomy":"post_tag","embeddable":true,"href":"https:\/\/www.copealcoy.es\/es\/wp-json\/wp\/v2\/tags?post=29797"}],"curies":[{"name":"wp","href":"https:\/\/api.w.org\/{rel}","templated":true}]}}