{"id":29787,"date":"2017-03-16T19:14:06","date_gmt":"2017-03-16T19:14:06","guid":{"rendered":"http:\/\/copealcoi.es\/new\/?p=29787"},"modified":"2017-03-16T19:14:06","modified_gmt":"2017-03-16T19:14:06","slug":"la-llaganya-saca-arte-la-calle-proximo-25-marzo","status":"publish","type":"post","link":"https:\/\/www.copealcoy.es\/es\/la-llaganya-saca-arte-la-calle-proximo-25-marzo\/","title":{"rendered":"La Llaganya saca el arte a la calle el pr\u00f3ximo 25 de marzo"},"content":{"rendered":"<p style=\"text-align: justify;\">La <strong>Fil\u00e0 Almog\u00e1vares<\/strong> de Alcoy, con motivo de ostentar <strong>la capitan\u00eda cristiana<\/strong> en este 2017, ha organizado para el pr\u00f3ximo 25 de marzo <strong>la iniciativa \u2018Art al Carrer\u2019<\/strong> que se llevar\u00e1 a cabo en la Pla\u00e7a de Dins.<\/p>\n<p style=\"text-align: justify;\">En la misma <strong>cerca de veinte pintores<\/strong> <strong>tomar\u00e1n la calle por la ma\u00f1ana<\/strong> para crear sus obras sobre la ciudad y las fiestas de moros y cristianos mientras que paralelamente<strong> se desarrollar\u00e1n varios cursos<\/strong> sobre disciplinas art\u00edsticas. El primero versara sobre el dibujo anat\u00f3mico y lo impartir\u00e1 <strong>David Pastor<\/strong>, el segundo se centrar\u00e1 en la\u00a0introducci\u00f3n a la caligraf\u00eda g\u00f3tica de la mano de\u00a0<strong>Jordi Sempere<\/strong> y el tercero\u00a0abordar\u00e1 cuestiones relacionadas con el jaspeado y su tutor ser\u00e1 <strong>Ximo Canet<\/strong>. Tambi\u00e9n <strong>la m\u00fasica ser\u00e1 protagonista por la tarde con actuaciones<\/strong>, entre otros, de Arthur Caravan, J\u00falia, Mox, Joe Pash, Tone Wheels o Synesthesiax. De igual forma<strong> habr\u00e1 espacio para los grafiteros<\/strong> a trav\u00e9s de diferentes demostraciones.<\/p>\n<p style=\"text-align: justify;\">El capit\u00e1n cristiano de 2017, Lu\u00eds Sanus, y Fernando Fern\u00e1ndez, Primer Tro, animan a todos a disfrutar de esta actividad que tambi\u00e9n <strong>tendr\u00e1 su componente m\u00e1s solidario<\/strong> &#8220;<em>se han creado unas camisetas con el cartel de &#8216;Art al Carrer&#8217; que se vender\u00e1n al precio de diez euros y que permitir\u00e1n a aquel que las compre poder disfrutar de una comida gracias a la colaboraci\u00f3n de los hosteleros de la Pla\u00e7a de Dins. Toda la recaudaci\u00f3n obtenida despu\u00e9s ir\u00e1 destinada\u00a0la Asociaci\u00f3n de Enfermos de Alzheime<\/em>r&#8221;, detallan.<\/p>\n<p style=\"text-align: justify;\">Se\u00f1alar que el cartel, dise\u00f1ado por <strong>Ra\u00fcl Ferrer<\/strong>, reproduce varias im\u00e1genes del desaparecido y recordado <strong>Ra\u00fcl Botella<\/strong> para rendir un homenaje al artista.<\/p>\n<p><iframe loading=\"lazy\" title=\"RP Art al Carrer\" width=\"1200\" height=\"675\" src=\"https:\/\/www.youtube.com\/embed\/rusop6yI1gg?feature=oembed\" frameborder=\"0\" allow=\"accelerometer; autoplay; encrypted-media; gyroscope; picture-in-picture\" allowfullscreen><\/iframe><\/p>\n","protected":false},"excerpt":{"rendered":"<p>La Fil\u00e0 Almog\u00e1vares de Alcoy, con motivo de ostentar la capitan\u00eda cristiana en este 2017, ha organizado para el pr\u00f3ximo&#8230;<\/p>\n","protected":false},"author":1,"featured_media":29788,"comment_status":"open","ping_status":"open","sticky":false,"template":"","format":"standard","meta":{"footnotes":""},"categories":[78,75],"tags":[3861,3860,3859,3862],"class_list":["post-29787","post","type-post","status-publish","format-standard","has-post-thumbnail","hentry","category-fiestaycultura","category-noticias","tag-art-al-carrer","tag-fila-almogavers","tag-la-llaganya","tag-raul-botella"],"yoast_head":"<!-- This site is optimized with the Yoast SEO plugin v27.3 - https:\/\/yoast.com\/product\/yoast-seo-wordpress\/ -->\n<title>La Llaganya saca el arte a la calle el pr\u00f3ximo 25 de marzo - COPE Alcoy<\/title>\n<meta name=\"robots\" content=\"index, follow, max-snippet:-1, max-image-preview:large, max-video-preview:-1\" \/>\n<link rel=\"canonical\" href=\"https:\/\/www.copealcoy.es\/es\/la-llaganya-saca-arte-la-calle-proximo-25-marzo\/\" \/>\n<meta property=\"og:locale\" content=\"es_ES\" \/>\n<meta property=\"og:type\" content=\"article\" \/>\n<meta property=\"og:title\" content=\"La Llaganya saca el arte a la calle el pr\u00f3ximo 25 de marzo - COPE Alcoy\" \/>\n<meta property=\"og:description\" content=\"La Fil\u00e0 Almog\u00e1vares de Alcoy, con motivo de ostentar la capitan\u00eda cristiana en este 2017, ha organizado para el pr\u00f3ximo...\" \/>\n<meta property=\"og:url\" content=\"https:\/\/www.copealcoy.es\/es\/la-llaganya-saca-arte-la-calle-proximo-25-marzo\/\" \/>\n<meta property=\"og:site_name\" content=\"COPE Alcoy\" \/>\n<meta property=\"article:published_time\" content=\"2017-03-16T19:14:06+00:00\" \/>\n<meta property=\"og:image\" content=\"https:\/\/www.copealcoy.es\/wp-content\/uploads\/2017\/03\/ART-AL-CARRER-11-1024x683.jpg\" \/>\n\t<meta property=\"og:image:width\" content=\"1024\" \/>\n\t<meta property=\"og:image:height\" content=\"683\" \/>\n\t<meta property=\"og:image:type\" content=\"image\/jpeg\" \/>\n<meta name=\"author\" content=\"Cope Alcoy\" \/>\n<meta name=\"twitter:label1\" content=\"Escrito por\" \/>\n\t<meta name=\"twitter:data1\" content=\"Cope Alcoy\" \/>\n\t<meta name=\"twitter:label2\" content=\"Tiempo de lectura\" \/>\n\t<meta name=\"twitter:data2\" content=\"2 minutos\" \/>\n<script type=\"application\/ld+json\" class=\"yoast-schema-graph\">{\"@context\":\"https:\\\/\\\/schema.org\",\"@graph\":[{\"@type\":\"Article\",\"@id\":\"https:\\\/\\\/www.copealcoy.es\\\/es\\\/la-llaganya-saca-arte-la-calle-proximo-25-marzo\\\/#article\",\"isPartOf\":{\"@id\":\"https:\\\/\\\/www.copealcoy.es\\\/es\\\/la-llaganya-saca-arte-la-calle-proximo-25-marzo\\\/\"},\"author\":{\"name\":\"Cope Alcoy\",\"@id\":\"https:\\\/\\\/www.copealcoy.es\\\/es\\\/#\\\/schema\\\/person\\\/e777c87fa024e57d40170af9df39882c\"},\"headline\":\"La Llaganya saca el arte a la calle el pr\u00f3ximo 25 de marzo\",\"datePublished\":\"2017-03-16T19:14:06+00:00\",\"mainEntityOfPage\":{\"@id\":\"https:\\\/\\\/www.copealcoy.es\\\/es\\\/la-llaganya-saca-arte-la-calle-proximo-25-marzo\\\/\"},\"wordCount\":316,\"commentCount\":0,\"image\":{\"@id\":\"https:\\\/\\\/www.copealcoy.es\\\/es\\\/la-llaganya-saca-arte-la-calle-proximo-25-marzo\\\/#primaryimage\"},\"thumbnailUrl\":\"https:\\\/\\\/www.copealcoy.es\\\/wp-content\\\/uploads\\\/2017\\\/03\\\/ART-AL-CARRER-11.jpg\",\"keywords\":[\"Art al Carrer\",\"Fil\u00e0 Almog\u00e0vers\",\"La Llaganya\",\"Ra\u00fcl Botella\"],\"articleSection\":[\"Fiesta y Cultura\",\"Noticias\"],\"inLanguage\":\"es\"},{\"@type\":\"WebPage\",\"@id\":\"https:\\\/\\\/www.copealcoy.es\\\/es\\\/la-llaganya-saca-arte-la-calle-proximo-25-marzo\\\/\",\"url\":\"https:\\\/\\\/www.copealcoy.es\\\/es\\\/la-llaganya-saca-arte-la-calle-proximo-25-marzo\\\/\",\"name\":\"La Llaganya saca el arte a la calle el pr\u00f3ximo 25 de marzo - COPE Alcoy\",\"isPartOf\":{\"@id\":\"https:\\\/\\\/www.copealcoy.es\\\/es\\\/#website\"},\"primaryImageOfPage\":{\"@id\":\"https:\\\/\\\/www.copealcoy.es\\\/es\\\/la-llaganya-saca-arte-la-calle-proximo-25-marzo\\\/#primaryimage\"},\"image\":{\"@id\":\"https:\\\/\\\/www.copealcoy.es\\\/es\\\/la-llaganya-saca-arte-la-calle-proximo-25-marzo\\\/#primaryimage\"},\"thumbnailUrl\":\"https:\\\/\\\/www.copealcoy.es\\\/wp-content\\\/uploads\\\/2017\\\/03\\\/ART-AL-CARRER-11.jpg\",\"datePublished\":\"2017-03-16T19:14:06+00:00\",\"author\":{\"@id\":\"https:\\\/\\\/www.copealcoy.es\\\/es\\\/#\\\/schema\\\/person\\\/e777c87fa024e57d40170af9df39882c\"},\"breadcrumb\":{\"@id\":\"https:\\\/\\\/www.copealcoy.es\\\/es\\\/la-llaganya-saca-arte-la-calle-proximo-25-marzo\\\/#breadcrumb\"},\"inLanguage\":\"es\",\"potentialAction\":[{\"@type\":\"ReadAction\",\"target\":[\"https:\\\/\\\/www.copealcoy.es\\\/es\\\/la-llaganya-saca-arte-la-calle-proximo-25-marzo\\\/\"]}]},{\"@type\":\"ImageObject\",\"inLanguage\":\"es\",\"@id\":\"https:\\\/\\\/www.copealcoy.es\\\/es\\\/la-llaganya-saca-arte-la-calle-proximo-25-marzo\\\/#primaryimage\",\"url\":\"https:\\\/\\\/www.copealcoy.es\\\/wp-content\\\/uploads\\\/2017\\\/03\\\/ART-AL-CARRER-11.jpg\",\"contentUrl\":\"https:\\\/\\\/www.copealcoy.es\\\/wp-content\\\/uploads\\\/2017\\\/03\\\/ART-AL-CARRER-11.jpg\",\"width\":4272,\"height\":2848},{\"@type\":\"BreadcrumbList\",\"@id\":\"https:\\\/\\\/www.copealcoy.es\\\/es\\\/la-llaganya-saca-arte-la-calle-proximo-25-marzo\\\/#breadcrumb\",\"itemListElement\":[{\"@type\":\"ListItem\",\"position\":1,\"name\":\"Portada\",\"item\":\"https:\\\/\\\/www.copealcoy.es\\\/es\\\/\"},{\"@type\":\"ListItem\",\"position\":2,\"name\":\"La Llaganya saca el arte a la calle el pr\u00f3ximo 25 de marzo\"}]},{\"@type\":\"WebSite\",\"@id\":\"https:\\\/\\\/www.copealcoy.es\\\/es\\\/#website\",\"url\":\"https:\\\/\\\/www.copealcoy.es\\\/es\\\/\",\"name\":\"COPE Alcoy\",\"description\":\"Emisora COPE de radio local con emisi\u00f3n online. Pont de Sant Jordi 8-10 03803 Alcoy\",\"potentialAction\":[{\"@type\":\"SearchAction\",\"target\":{\"@type\":\"EntryPoint\",\"urlTemplate\":\"https:\\\/\\\/www.copealcoy.es\\\/es\\\/?s={search_term_string}\"},\"query-input\":{\"@type\":\"PropertyValueSpecification\",\"valueRequired\":true,\"valueName\":\"search_term_string\"}}],\"inLanguage\":\"es\"},{\"@type\":\"Person\",\"@id\":\"https:\\\/\\\/www.copealcoy.es\\\/es\\\/#\\\/schema\\\/person\\\/e777c87fa024e57d40170af9df39882c\",\"name\":\"Cope Alcoy\",\"image\":{\"@type\":\"ImageObject\",\"inLanguage\":\"es\",\"@id\":\"https:\\\/\\\/secure.gravatar.com\\\/avatar\\\/bb65d0283347e303893ba14f0692005417c1e0e690a325a4c5d8bb2b3943ee14?s=96&d=mm&r=g\",\"url\":\"https:\\\/\\\/secure.gravatar.com\\\/avatar\\\/bb65d0283347e303893ba14f0692005417c1e0e690a325a4c5d8bb2b3943ee14?s=96&d=mm&r=g\",\"contentUrl\":\"https:\\\/\\\/secure.gravatar.com\\\/avatar\\\/bb65d0283347e303893ba14f0692005417c1e0e690a325a4c5d8bb2b3943ee14?s=96&d=mm&r=g\",\"caption\":\"Cope Alcoy\"}}]}<\/script>\n<!-- \/ Yoast SEO plugin. -->","yoast_head_json":{"title":"La Llaganya saca el arte a la calle el pr\u00f3ximo 25 de marzo - COPE Alcoy","robots":{"index":"index","follow":"follow","max-snippet":"max-snippet:-1","max-image-preview":"max-image-preview:large","max-video-preview":"max-video-preview:-1"},"canonical":"https:\/\/www.copealcoy.es\/es\/la-llaganya-saca-arte-la-calle-proximo-25-marzo\/","og_locale":"es_ES","og_type":"article","og_title":"La Llaganya saca el arte a la calle el pr\u00f3ximo 25 de marzo - COPE Alcoy","og_description":"La Fil\u00e0 Almog\u00e1vares de Alcoy, con motivo de ostentar la capitan\u00eda cristiana en este 2017, ha organizado para el pr\u00f3ximo...","og_url":"https:\/\/www.copealcoy.es\/es\/la-llaganya-saca-arte-la-calle-proximo-25-marzo\/","og_site_name":"COPE Alcoy","article_published_time":"2017-03-16T19:14:06+00:00","og_image":[{"width":1024,"height":683,"url":"https:\/\/www.copealcoy.es\/wp-content\/uploads\/2017\/03\/ART-AL-CARRER-11-1024x683.jpg","type":"image\/jpeg"}],"author":"Cope Alcoy","twitter_misc":{"Escrito por":"Cope Alcoy","Tiempo de lectura":"2 minutos"},"schema":{"@context":"https:\/\/schema.org","@graph":[{"@type":"Article","@id":"https:\/\/www.copealcoy.es\/es\/la-llaganya-saca-arte-la-calle-proximo-25-marzo\/#article","isPartOf":{"@id":"https:\/\/www.copealcoy.es\/es\/la-llaganya-saca-arte-la-calle-proximo-25-marzo\/"},"author":{"name":"Cope Alcoy","@id":"https:\/\/www.copealcoy.es\/es\/#\/schema\/person\/e777c87fa024e57d40170af9df39882c"},"headline":"La Llaganya saca el arte a la calle el pr\u00f3ximo 25 de marzo","datePublished":"2017-03-16T19:14:06+00:00","mainEntityOfPage":{"@id":"https:\/\/www.copealcoy.es\/es\/la-llaganya-saca-arte-la-calle-proximo-25-marzo\/"},"wordCount":316,"commentCount":0,"image":{"@id":"https:\/\/www.copealcoy.es\/es\/la-llaganya-saca-arte-la-calle-proximo-25-marzo\/#primaryimage"},"thumbnailUrl":"https:\/\/www.copealcoy.es\/wp-content\/uploads\/2017\/03\/ART-AL-CARRER-11.jpg","keywords":["Art al Carrer","Fil\u00e0 Almog\u00e0vers","La Llaganya","Ra\u00fcl Botella"],"articleSection":["Fiesta y Cultura","Noticias"],"inLanguage":"es"},{"@type":"WebPage","@id":"https:\/\/www.copealcoy.es\/es\/la-llaganya-saca-arte-la-calle-proximo-25-marzo\/","url":"https:\/\/www.copealcoy.es\/es\/la-llaganya-saca-arte-la-calle-proximo-25-marzo\/","name":"La Llaganya saca el arte a la calle el pr\u00f3ximo 25 de marzo - COPE Alcoy","isPartOf":{"@id":"https:\/\/www.copealcoy.es\/es\/#website"},"primaryImageOfPage":{"@id":"https:\/\/www.copealcoy.es\/es\/la-llaganya-saca-arte-la-calle-proximo-25-marzo\/#primaryimage"},"image":{"@id":"https:\/\/www.copealcoy.es\/es\/la-llaganya-saca-arte-la-calle-proximo-25-marzo\/#primaryimage"},"thumbnailUrl":"https:\/\/www.copealcoy.es\/wp-content\/uploads\/2017\/03\/ART-AL-CARRER-11.jpg","datePublished":"2017-03-16T19:14:06+00:00","author":{"@id":"https:\/\/www.copealcoy.es\/es\/#\/schema\/person\/e777c87fa024e57d40170af9df39882c"},"breadcrumb":{"@id":"https:\/\/www.copealcoy.es\/es\/la-llaganya-saca-arte-la-calle-proximo-25-marzo\/#breadcrumb"},"inLanguage":"es","potentialAction":[{"@type":"ReadAction","target":["https:\/\/www.copealcoy.es\/es\/la-llaganya-saca-arte-la-calle-proximo-25-marzo\/"]}]},{"@type":"ImageObject","inLanguage":"es","@id":"https:\/\/www.copealcoy.es\/es\/la-llaganya-saca-arte-la-calle-proximo-25-marzo\/#primaryimage","url":"https:\/\/www.copealcoy.es\/wp-content\/uploads\/2017\/03\/ART-AL-CARRER-11.jpg","contentUrl":"https:\/\/www.copealcoy.es\/wp-content\/uploads\/2017\/03\/ART-AL-CARRER-11.jpg","width":4272,"height":2848},{"@type":"BreadcrumbList","@id":"https:\/\/www.copealcoy.es\/es\/la-llaganya-saca-arte-la-calle-proximo-25-marzo\/#breadcrumb","itemListElement":[{"@type":"ListItem","position":1,"name":"Portada","item":"https:\/\/www.copealcoy.es\/es\/"},{"@type":"ListItem","position":2,"name":"La Llaganya saca el arte a la calle el pr\u00f3ximo 25 de marzo"}]},{"@type":"WebSite","@id":"https:\/\/www.copealcoy.es\/es\/#website","url":"https:\/\/www.copealcoy.es\/es\/","name":"COPE Alcoy","description":"Emisora COPE de radio local con emisi\u00f3n online. Pont de Sant Jordi 8-10 03803 Alcoy","potentialAction":[{"@type":"SearchAction","target":{"@type":"EntryPoint","urlTemplate":"https:\/\/www.copealcoy.es\/es\/?s={search_term_string}"},"query-input":{"@type":"PropertyValueSpecification","valueRequired":true,"valueName":"search_term_string"}}],"inLanguage":"es"},{"@type":"Person","@id":"https:\/\/www.copealcoy.es\/es\/#\/schema\/person\/e777c87fa024e57d40170af9df39882c","name":"Cope Alcoy","image":{"@type":"ImageObject","inLanguage":"es","@id":"https:\/\/secure.gravatar.com\/avatar\/bb65d0283347e303893ba14f0692005417c1e0e690a325a4c5d8bb2b3943ee14?s=96&d=mm&r=g","url":"https:\/\/secure.gravatar.com\/avatar\/bb65d0283347e303893ba14f0692005417c1e0e690a325a4c5d8bb2b3943ee14?s=96&d=mm&r=g","contentUrl":"https:\/\/secure.gravatar.com\/avatar\/bb65d0283347e303893ba14f0692005417c1e0e690a325a4c5d8bb2b3943ee14?s=96&d=mm&r=g","caption":"Cope Alcoy"}}]}},"_links":{"self":[{"href":"https:\/\/www.copealcoy.es\/es\/wp-json\/wp\/v2\/posts\/29787","targetHints":{"allow":["GET"]}}],"collection":[{"href":"https:\/\/www.copealcoy.es\/es\/wp-json\/wp\/v2\/posts"}],"about":[{"href":"https:\/\/www.copealcoy.es\/es\/wp-json\/wp\/v2\/types\/post"}],"author":[{"embeddable":true,"href":"https:\/\/www.copealcoy.es\/es\/wp-json\/wp\/v2\/users\/1"}],"replies":[{"embeddable":true,"href":"https:\/\/www.copealcoy.es\/es\/wp-json\/wp\/v2\/comments?post=29787"}],"version-history":[{"count":0,"href":"https:\/\/www.copealcoy.es\/es\/wp-json\/wp\/v2\/posts\/29787\/revisions"}],"wp:featuredmedia":[{"embeddable":true,"href":"https:\/\/www.copealcoy.es\/es\/wp-json\/wp\/v2\/media\/29788"}],"wp:attachment":[{"href":"https:\/\/www.copealcoy.es\/es\/wp-json\/wp\/v2\/media?parent=29787"}],"wp:term":[{"taxonomy":"category","embeddable":true,"href":"https:\/\/www.copealcoy.es\/es\/wp-json\/wp\/v2\/categories?post=29787"},{"taxonomy":"post_tag","embeddable":true,"href":"https:\/\/www.copealcoy.es\/es\/wp-json\/wp\/v2\/tags?post=29787"}],"curies":[{"name":"wp","href":"https:\/\/api.w.org\/{rel}","templated":true}]}}