{"id":29760,"date":"2017-03-15T18:04:13","date_gmt":"2017-03-15T18:04:13","guid":{"rendered":"http:\/\/copealcoi.es\/new\/?p=29760"},"modified":"2017-03-15T18:10:55","modified_gmt":"2017-03-15T18:10:55","slug":"la-diputacion-asume-la-redaccion-del-proyecto-del-albergue-canino-comarcal","status":"publish","type":"post","link":"https:\/\/www.copealcoy.es\/es\/la-diputacion-asume-la-redaccion-del-proyecto-del-albergue-canino-comarcal\/","title":{"rendered":"La Diputaci\u00f3n asume la redacci\u00f3n del proyecto del Albergue Canino Comarcal"},"content":{"rendered":"<p style=\"text-align: justify;\">La Diputaci\u00f3n Provincial de Alicante <strong>ha asumido la redacci\u00f3n del proyecto<\/strong> para la construcci\u00f3n del <strong>nuevo albergue canino comarcal<\/strong> que se ubicar\u00e1 en Muro.<\/p>\n<p style=\"text-align: justify;\">El presidente de la <strong>Mancomunitat de l\u00b4Alcoi\u00e0 &#8211; Comtat<\/strong>, <strong>Manolo Gomicia<\/strong>, explicaba el pasado lunes en COPE ALCOY que el ente provincial est\u00e1 llevando a cabo esta tarea en el conjunto de la provincia<strong> para dar una soluci\u00f3n al problema<\/strong> del abandono de animales al mismo tiempo que apuntaba que el citado proyecto estar\u00e1<strong> basado en la instalaci\u00f3n de grandes m\u00f3dulos<\/strong>. En este sentido Gomicia detall\u00f3 que cada Ayuntamiento de los pueblos que integran la Mancomunidad <strong>ha hecho una aportaci\u00f3n econ\u00f3mica<\/strong> para <strong>impulsar este servicio<\/strong> &#8220;<em>una vez est\u00e9 redactado se proceder\u00e1 a su licitaci\u00f3n para poderlo iniciar cuanto antes. Nos gustar\u00eda que a finales de este a\u00f1o fuese una realidad ya que estamos ante unas instalaciones que son muy demandadas actualmente en el conjunto de la comarc<\/em>a&#8221;, asever\u00f3.<\/p>\n<p style=\"text-align: justify;\">Recordar que Muro ha sido la poblaci\u00f3n que <strong>ha ofrecido a la Mancomunitat la ubicaci\u00f3n de este albergue comarcal<\/strong> en unos terrenos situados <strong>en la Zona del Quint,\u00a0<\/strong>cercanos al antiguo vertedero,\u00a0y que lindan con el t\u00e9rmino municipal de Alcosser de Planes.<\/p>\n<p>&nbsp;<\/p>\n<p>&nbsp;<\/p>\n","protected":false},"excerpt":{"rendered":"<p>La Diputaci\u00f3n Provincial de Alicante ha asumido la redacci\u00f3n del proyecto para la construcci\u00f3n del nuevo albergue canino comarcal que&#8230;<\/p>\n","protected":false},"author":1,"featured_media":29761,"comment_status":"open","ping_status":"open","sticky":false,"template":"","format":"standard","meta":{"footnotes":""},"categories":[97,75,125],"tags":[1929,482,3857,237,234,1745,1871,3858],"class_list":["post-29760","post","type-post","status-publish","format-standard","has-post-thumbnail","hentry","category-alcoy","category-noticias","category-portada","tag-albergue-canino","tag-alcoia","tag-asume","tag-comtat","tag-diputacion","tag-mancomunitat","tag-manolo-gomicia","tag-redaccion-proyecto"],"yoast_head":"<!-- This site is optimized with the Yoast SEO plugin v27.3 - https:\/\/yoast.com\/product\/yoast-seo-wordpress\/ -->\n<title>La Diputaci\u00f3n asume la redacci\u00f3n del proyecto del Albergue Canino Comarcal - COPE Alcoy<\/title>\n<meta name=\"robots\" content=\"index, follow, max-snippet:-1, max-image-preview:large, max-video-preview:-1\" \/>\n<link rel=\"canonical\" href=\"https:\/\/www.copealcoy.es\/es\/la-diputacion-asume-la-redaccion-del-proyecto-del-albergue-canino-comarcal\/\" \/>\n<meta property=\"og:locale\" content=\"es_ES\" \/>\n<meta property=\"og:type\" content=\"article\" \/>\n<meta property=\"og:title\" content=\"La Diputaci\u00f3n asume la redacci\u00f3n del proyecto del Albergue Canino Comarcal - COPE Alcoy\" \/>\n<meta property=\"og:description\" content=\"La Diputaci\u00f3n Provincial de Alicante ha asumido la redacci\u00f3n del proyecto para la construcci\u00f3n del nuevo albergue canino comarcal que...\" \/>\n<meta property=\"og:url\" content=\"https:\/\/www.copealcoy.es\/es\/la-diputacion-asume-la-redaccion-del-proyecto-del-albergue-canino-comarcal\/\" \/>\n<meta property=\"og:site_name\" content=\"COPE Alcoy\" \/>\n<meta property=\"article:published_time\" content=\"2017-03-15T18:04:13+00:00\" \/>\n<meta property=\"article:modified_time\" content=\"2017-03-15T18:10:55+00:00\" \/>\n<meta property=\"og:image\" content=\"https:\/\/www.copealcoy.es\/wp-content\/uploads\/2017\/03\/dsc06517.jpg\" \/>\n\t<meta property=\"og:image:width\" content=\"640\" \/>\n\t<meta property=\"og:image:height\" content=\"403\" \/>\n\t<meta property=\"og:image:type\" content=\"image\/jpeg\" \/>\n<meta name=\"author\" content=\"Cope Alcoy\" \/>\n<meta name=\"twitter:label1\" content=\"Escrito por\" \/>\n\t<meta name=\"twitter:data1\" content=\"Cope Alcoy\" \/>\n\t<meta name=\"twitter:label2\" content=\"Tiempo de lectura\" \/>\n\t<meta name=\"twitter:data2\" content=\"1 minuto\" \/>\n<script type=\"application\/ld+json\" class=\"yoast-schema-graph\">{\"@context\":\"https:\\\/\\\/schema.org\",\"@graph\":[{\"@type\":\"Article\",\"@id\":\"https:\\\/\\\/www.copealcoy.es\\\/es\\\/la-diputacion-asume-la-redaccion-del-proyecto-del-albergue-canino-comarcal\\\/#article\",\"isPartOf\":{\"@id\":\"https:\\\/\\\/www.copealcoy.es\\\/es\\\/la-diputacion-asume-la-redaccion-del-proyecto-del-albergue-canino-comarcal\\\/\"},\"author\":{\"name\":\"Cope Alcoy\",\"@id\":\"https:\\\/\\\/www.copealcoy.es\\\/es\\\/#\\\/schema\\\/person\\\/e777c87fa024e57d40170af9df39882c\"},\"headline\":\"La Diputaci\u00f3n asume la redacci\u00f3n del proyecto del Albergue Canino Comarcal\",\"datePublished\":\"2017-03-15T18:04:13+00:00\",\"dateModified\":\"2017-03-15T18:10:55+00:00\",\"mainEntityOfPage\":{\"@id\":\"https:\\\/\\\/www.copealcoy.es\\\/es\\\/la-diputacion-asume-la-redaccion-del-proyecto-del-albergue-canino-comarcal\\\/\"},\"wordCount\":225,\"commentCount\":0,\"image\":{\"@id\":\"https:\\\/\\\/www.copealcoy.es\\\/es\\\/la-diputacion-asume-la-redaccion-del-proyecto-del-albergue-canino-comarcal\\\/#primaryimage\"},\"thumbnailUrl\":\"https:\\\/\\\/www.copealcoy.es\\\/wp-content\\\/uploads\\\/2017\\\/03\\\/dsc06517.jpg\",\"keywords\":[\"Albergue Canino\",\"Alcoi\u00e0\",\"asume\",\"Comtat\",\"Diputaci\u00f3n\",\"Mancomunitat\",\"Manolo Gomicia\",\"redacci\u00f3n proyecto\"],\"articleSection\":[\"Alcoy\",\"Noticias\",\"Portada\"],\"inLanguage\":\"es\"},{\"@type\":\"WebPage\",\"@id\":\"https:\\\/\\\/www.copealcoy.es\\\/es\\\/la-diputacion-asume-la-redaccion-del-proyecto-del-albergue-canino-comarcal\\\/\",\"url\":\"https:\\\/\\\/www.copealcoy.es\\\/es\\\/la-diputacion-asume-la-redaccion-del-proyecto-del-albergue-canino-comarcal\\\/\",\"name\":\"La Diputaci\u00f3n asume la redacci\u00f3n del proyecto del Albergue Canino Comarcal - COPE Alcoy\",\"isPartOf\":{\"@id\":\"https:\\\/\\\/www.copealcoy.es\\\/es\\\/#website\"},\"primaryImageOfPage\":{\"@id\":\"https:\\\/\\\/www.copealcoy.es\\\/es\\\/la-diputacion-asume-la-redaccion-del-proyecto-del-albergue-canino-comarcal\\\/#primaryimage\"},\"image\":{\"@id\":\"https:\\\/\\\/www.copealcoy.es\\\/es\\\/la-diputacion-asume-la-redaccion-del-proyecto-del-albergue-canino-comarcal\\\/#primaryimage\"},\"thumbnailUrl\":\"https:\\\/\\\/www.copealcoy.es\\\/wp-content\\\/uploads\\\/2017\\\/03\\\/dsc06517.jpg\",\"datePublished\":\"2017-03-15T18:04:13+00:00\",\"dateModified\":\"2017-03-15T18:10:55+00:00\",\"author\":{\"@id\":\"https:\\\/\\\/www.copealcoy.es\\\/es\\\/#\\\/schema\\\/person\\\/e777c87fa024e57d40170af9df39882c\"},\"breadcrumb\":{\"@id\":\"https:\\\/\\\/www.copealcoy.es\\\/es\\\/la-diputacion-asume-la-redaccion-del-proyecto-del-albergue-canino-comarcal\\\/#breadcrumb\"},\"inLanguage\":\"es\",\"potentialAction\":[{\"@type\":\"ReadAction\",\"target\":[\"https:\\\/\\\/www.copealcoy.es\\\/es\\\/la-diputacion-asume-la-redaccion-del-proyecto-del-albergue-canino-comarcal\\\/\"]}]},{\"@type\":\"ImageObject\",\"inLanguage\":\"es\",\"@id\":\"https:\\\/\\\/www.copealcoy.es\\\/es\\\/la-diputacion-asume-la-redaccion-del-proyecto-del-albergue-canino-comarcal\\\/#primaryimage\",\"url\":\"https:\\\/\\\/www.copealcoy.es\\\/wp-content\\\/uploads\\\/2017\\\/03\\\/dsc06517.jpg\",\"contentUrl\":\"https:\\\/\\\/www.copealcoy.es\\\/wp-content\\\/uploads\\\/2017\\\/03\\\/dsc06517.jpg\",\"width\":640,\"height\":403},{\"@type\":\"BreadcrumbList\",\"@id\":\"https:\\\/\\\/www.copealcoy.es\\\/es\\\/la-diputacion-asume-la-redaccion-del-proyecto-del-albergue-canino-comarcal\\\/#breadcrumb\",\"itemListElement\":[{\"@type\":\"ListItem\",\"position\":1,\"name\":\"Portada\",\"item\":\"https:\\\/\\\/www.copealcoy.es\\\/es\\\/\"},{\"@type\":\"ListItem\",\"position\":2,\"name\":\"La Diputaci\u00f3n asume la redacci\u00f3n del proyecto del Albergue Canino Comarcal\"}]},{\"@type\":\"WebSite\",\"@id\":\"https:\\\/\\\/www.copealcoy.es\\\/es\\\/#website\",\"url\":\"https:\\\/\\\/www.copealcoy.es\\\/es\\\/\",\"name\":\"COPE Alcoy\",\"description\":\"Emisora COPE de radio local con emisi\u00f3n online. Pont de Sant Jordi 8-10 03803 Alcoy\",\"potentialAction\":[{\"@type\":\"SearchAction\",\"target\":{\"@type\":\"EntryPoint\",\"urlTemplate\":\"https:\\\/\\\/www.copealcoy.es\\\/es\\\/?s={search_term_string}\"},\"query-input\":{\"@type\":\"PropertyValueSpecification\",\"valueRequired\":true,\"valueName\":\"search_term_string\"}}],\"inLanguage\":\"es\"},{\"@type\":\"Person\",\"@id\":\"https:\\\/\\\/www.copealcoy.es\\\/es\\\/#\\\/schema\\\/person\\\/e777c87fa024e57d40170af9df39882c\",\"name\":\"Cope Alcoy\",\"image\":{\"@type\":\"ImageObject\",\"inLanguage\":\"es\",\"@id\":\"https:\\\/\\\/secure.gravatar.com\\\/avatar\\\/bb65d0283347e303893ba14f0692005417c1e0e690a325a4c5d8bb2b3943ee14?s=96&d=mm&r=g\",\"url\":\"https:\\\/\\\/secure.gravatar.com\\\/avatar\\\/bb65d0283347e303893ba14f0692005417c1e0e690a325a4c5d8bb2b3943ee14?s=96&d=mm&r=g\",\"contentUrl\":\"https:\\\/\\\/secure.gravatar.com\\\/avatar\\\/bb65d0283347e303893ba14f0692005417c1e0e690a325a4c5d8bb2b3943ee14?s=96&d=mm&r=g\",\"caption\":\"Cope Alcoy\"}}]}<\/script>\n<!-- \/ Yoast SEO plugin. -->","yoast_head_json":{"title":"La Diputaci\u00f3n asume la redacci\u00f3n del proyecto del Albergue Canino Comarcal - COPE Alcoy","robots":{"index":"index","follow":"follow","max-snippet":"max-snippet:-1","max-image-preview":"max-image-preview:large","max-video-preview":"max-video-preview:-1"},"canonical":"https:\/\/www.copealcoy.es\/es\/la-diputacion-asume-la-redaccion-del-proyecto-del-albergue-canino-comarcal\/","og_locale":"es_ES","og_type":"article","og_title":"La Diputaci\u00f3n asume la redacci\u00f3n del proyecto del Albergue Canino Comarcal - COPE Alcoy","og_description":"La Diputaci\u00f3n Provincial de Alicante ha asumido la redacci\u00f3n del proyecto para la construcci\u00f3n del nuevo albergue canino comarcal que...","og_url":"https:\/\/www.copealcoy.es\/es\/la-diputacion-asume-la-redaccion-del-proyecto-del-albergue-canino-comarcal\/","og_site_name":"COPE Alcoy","article_published_time":"2017-03-15T18:04:13+00:00","article_modified_time":"2017-03-15T18:10:55+00:00","og_image":[{"width":640,"height":403,"url":"https:\/\/www.copealcoy.es\/wp-content\/uploads\/2017\/03\/dsc06517.jpg","type":"image\/jpeg"}],"author":"Cope Alcoy","twitter_misc":{"Escrito por":"Cope Alcoy","Tiempo de lectura":"1 minuto"},"schema":{"@context":"https:\/\/schema.org","@graph":[{"@type":"Article","@id":"https:\/\/www.copealcoy.es\/es\/la-diputacion-asume-la-redaccion-del-proyecto-del-albergue-canino-comarcal\/#article","isPartOf":{"@id":"https:\/\/www.copealcoy.es\/es\/la-diputacion-asume-la-redaccion-del-proyecto-del-albergue-canino-comarcal\/"},"author":{"name":"Cope Alcoy","@id":"https:\/\/www.copealcoy.es\/es\/#\/schema\/person\/e777c87fa024e57d40170af9df39882c"},"headline":"La Diputaci\u00f3n asume la redacci\u00f3n del proyecto del Albergue Canino Comarcal","datePublished":"2017-03-15T18:04:13+00:00","dateModified":"2017-03-15T18:10:55+00:00","mainEntityOfPage":{"@id":"https:\/\/www.copealcoy.es\/es\/la-diputacion-asume-la-redaccion-del-proyecto-del-albergue-canino-comarcal\/"},"wordCount":225,"commentCount":0,"image":{"@id":"https:\/\/www.copealcoy.es\/es\/la-diputacion-asume-la-redaccion-del-proyecto-del-albergue-canino-comarcal\/#primaryimage"},"thumbnailUrl":"https:\/\/www.copealcoy.es\/wp-content\/uploads\/2017\/03\/dsc06517.jpg","keywords":["Albergue Canino","Alcoi\u00e0","asume","Comtat","Diputaci\u00f3n","Mancomunitat","Manolo Gomicia","redacci\u00f3n proyecto"],"articleSection":["Alcoy","Noticias","Portada"],"inLanguage":"es"},{"@type":"WebPage","@id":"https:\/\/www.copealcoy.es\/es\/la-diputacion-asume-la-redaccion-del-proyecto-del-albergue-canino-comarcal\/","url":"https:\/\/www.copealcoy.es\/es\/la-diputacion-asume-la-redaccion-del-proyecto-del-albergue-canino-comarcal\/","name":"La Diputaci\u00f3n asume la redacci\u00f3n del proyecto del Albergue Canino Comarcal - COPE Alcoy","isPartOf":{"@id":"https:\/\/www.copealcoy.es\/es\/#website"},"primaryImageOfPage":{"@id":"https:\/\/www.copealcoy.es\/es\/la-diputacion-asume-la-redaccion-del-proyecto-del-albergue-canino-comarcal\/#primaryimage"},"image":{"@id":"https:\/\/www.copealcoy.es\/es\/la-diputacion-asume-la-redaccion-del-proyecto-del-albergue-canino-comarcal\/#primaryimage"},"thumbnailUrl":"https:\/\/www.copealcoy.es\/wp-content\/uploads\/2017\/03\/dsc06517.jpg","datePublished":"2017-03-15T18:04:13+00:00","dateModified":"2017-03-15T18:10:55+00:00","author":{"@id":"https:\/\/www.copealcoy.es\/es\/#\/schema\/person\/e777c87fa024e57d40170af9df39882c"},"breadcrumb":{"@id":"https:\/\/www.copealcoy.es\/es\/la-diputacion-asume-la-redaccion-del-proyecto-del-albergue-canino-comarcal\/#breadcrumb"},"inLanguage":"es","potentialAction":[{"@type":"ReadAction","target":["https:\/\/www.copealcoy.es\/es\/la-diputacion-asume-la-redaccion-del-proyecto-del-albergue-canino-comarcal\/"]}]},{"@type":"ImageObject","inLanguage":"es","@id":"https:\/\/www.copealcoy.es\/es\/la-diputacion-asume-la-redaccion-del-proyecto-del-albergue-canino-comarcal\/#primaryimage","url":"https:\/\/www.copealcoy.es\/wp-content\/uploads\/2017\/03\/dsc06517.jpg","contentUrl":"https:\/\/www.copealcoy.es\/wp-content\/uploads\/2017\/03\/dsc06517.jpg","width":640,"height":403},{"@type":"BreadcrumbList","@id":"https:\/\/www.copealcoy.es\/es\/la-diputacion-asume-la-redaccion-del-proyecto-del-albergue-canino-comarcal\/#breadcrumb","itemListElement":[{"@type":"ListItem","position":1,"name":"Portada","item":"https:\/\/www.copealcoy.es\/es\/"},{"@type":"ListItem","position":2,"name":"La Diputaci\u00f3n asume la redacci\u00f3n del proyecto del Albergue Canino Comarcal"}]},{"@type":"WebSite","@id":"https:\/\/www.copealcoy.es\/es\/#website","url":"https:\/\/www.copealcoy.es\/es\/","name":"COPE Alcoy","description":"Emisora COPE de radio local con emisi\u00f3n online. Pont de Sant Jordi 8-10 03803 Alcoy","potentialAction":[{"@type":"SearchAction","target":{"@type":"EntryPoint","urlTemplate":"https:\/\/www.copealcoy.es\/es\/?s={search_term_string}"},"query-input":{"@type":"PropertyValueSpecification","valueRequired":true,"valueName":"search_term_string"}}],"inLanguage":"es"},{"@type":"Person","@id":"https:\/\/www.copealcoy.es\/es\/#\/schema\/person\/e777c87fa024e57d40170af9df39882c","name":"Cope Alcoy","image":{"@type":"ImageObject","inLanguage":"es","@id":"https:\/\/secure.gravatar.com\/avatar\/bb65d0283347e303893ba14f0692005417c1e0e690a325a4c5d8bb2b3943ee14?s=96&d=mm&r=g","url":"https:\/\/secure.gravatar.com\/avatar\/bb65d0283347e303893ba14f0692005417c1e0e690a325a4c5d8bb2b3943ee14?s=96&d=mm&r=g","contentUrl":"https:\/\/secure.gravatar.com\/avatar\/bb65d0283347e303893ba14f0692005417c1e0e690a325a4c5d8bb2b3943ee14?s=96&d=mm&r=g","caption":"Cope Alcoy"}}]}},"_links":{"self":[{"href":"https:\/\/www.copealcoy.es\/es\/wp-json\/wp\/v2\/posts\/29760","targetHints":{"allow":["GET"]}}],"collection":[{"href":"https:\/\/www.copealcoy.es\/es\/wp-json\/wp\/v2\/posts"}],"about":[{"href":"https:\/\/www.copealcoy.es\/es\/wp-json\/wp\/v2\/types\/post"}],"author":[{"embeddable":true,"href":"https:\/\/www.copealcoy.es\/es\/wp-json\/wp\/v2\/users\/1"}],"replies":[{"embeddable":true,"href":"https:\/\/www.copealcoy.es\/es\/wp-json\/wp\/v2\/comments?post=29760"}],"version-history":[{"count":0,"href":"https:\/\/www.copealcoy.es\/es\/wp-json\/wp\/v2\/posts\/29760\/revisions"}],"wp:featuredmedia":[{"embeddable":true,"href":"https:\/\/www.copealcoy.es\/es\/wp-json\/wp\/v2\/media\/29761"}],"wp:attachment":[{"href":"https:\/\/www.copealcoy.es\/es\/wp-json\/wp\/v2\/media?parent=29760"}],"wp:term":[{"taxonomy":"category","embeddable":true,"href":"https:\/\/www.copealcoy.es\/es\/wp-json\/wp\/v2\/categories?post=29760"},{"taxonomy":"post_tag","embeddable":true,"href":"https:\/\/www.copealcoy.es\/es\/wp-json\/wp\/v2\/tags?post=29760"}],"curies":[{"name":"wp","href":"https:\/\/api.w.org\/{rel}","templated":true}]}}