{"id":29735,"date":"2017-03-15T16:07:27","date_gmt":"2017-03-15T16:07:27","guid":{"rendered":"http:\/\/copealcoi.es\/new\/?p=29735"},"modified":"2017-03-15T16:10:18","modified_gmt":"2017-03-15T16:10:18","slug":"benillup-recurre-al-sindic-de-greuges-para-exigir-soluciones-para-los-desprendimientos-del-barranc-de-caraita","status":"publish","type":"post","link":"https:\/\/www.copealcoy.es\/es\/benillup-recurre-al-sindic-de-greuges-para-exigir-soluciones-para-los-desprendimientos-del-barranc-de-caraita\/","title":{"rendered":"Benillup recurre al S\u00edndic de Greuges para exigir soluciones para los desprendimientos del Barranc de Caraita"},"content":{"rendered":"<p class=\"x_null\" style=\"text-align: justify;\">La Coordinadora d\u2019Estudis E\u00f2lics del Comtat i l\u2019associaci\u00f3 \u201cRentonar, en defensa del Patrimoni Natural i Cultural\u201d <strong>han recurrido al &#8216;S\u00edndic de Greuges&#8217;<\/strong> para presentar una queja as\u00ed como <strong>exigir soluciones\u00a0a la erosi\u00f3n que sufre el barranco de Caraita<\/strong> y que cada vez m\u00e1s <strong>pone en peligro al municipio<\/strong> cada vez que hay episodios de fuertes lluvias.<\/p>\n<p class=\"x_null\" style=\"text-align: justify;\">Desde ambos colectivos aseguran que han adoptado esta medida ante, dicen, ante el <strong>desinter\u00e9s mostrado por la Confederaci\u00f3n Hidrogr\u00e1fica del J\u00facar, la Generalitat Valenciana y la Diputaci\u00f3n de Alicante<\/strong> a la hora de dar soluciones a este problema. A principios de a\u00f1o ya <strong>remitieron varios escritos<\/strong> a estas instituciones para dar cuenta de la situaci\u00f3n que vive el pueblo y <strong>ahora conf\u00edan<\/strong> en que despu\u00e9s de\u00a0esta queja <strong>las administraciones mencionadas anteriormente hagan todo lo posible<\/strong> para que se act\u00fae en frenar los problemas de desprendimientos.<\/p>\n<p class=\"x_null\" style=\"text-align: justify;\">Por \u00faltimo consideran que <strong>el pueblo de Benillup ha sido v\u00edctima del olvido<\/strong> <em>&#8220;porque tras muchos a\u00f1os de reivindicaciones no se han resuelto los problemas de desprendimientos del barranco&#8221;<\/em> y proponen <strong>la creaci\u00f3n de un grupo t\u00e9cnico de trabajo<\/strong> para abordar la situaci\u00f3n de forma conjunta.<\/p>\n<p class=\"x_null\">\n","protected":false},"excerpt":{"rendered":"<p>La Coordinadora d\u2019Estudis E\u00f2lics del Comtat i l\u2019associaci\u00f3 \u201cRentonar, en defensa del Patrimoni Natural i Cultural\u201d han recurrido al &#8216;S\u00edndic&#8230;<\/p>\n","protected":false},"author":1,"featured_media":28301,"comment_status":"open","ping_status":"open","sticky":false,"template":"","format":"standard","meta":{"footnotes":""},"categories":[98,75],"tags":[3615,409,3849,3848],"class_list":["post-29735","post","type-post","status-publish","format-standard","has-post-thumbnail","hentry","category-comarcas","category-noticias","tag-barranc-de-caraita","tag-benillup","tag-desprendimientos","tag-sindic-de-greuges"],"yoast_head":"<!-- This site is optimized with the Yoast SEO plugin v27.3 - https:\/\/yoast.com\/product\/yoast-seo-wordpress\/ -->\n<title>Benillup recurre al S\u00edndic de Greuges para exigir soluciones para los desprendimientos del Barranc de Caraita - COPE Alcoy<\/title>\n<meta name=\"robots\" content=\"index, follow, max-snippet:-1, max-image-preview:large, max-video-preview:-1\" \/>\n<link rel=\"canonical\" href=\"https:\/\/www.copealcoy.es\/es\/benillup-recurre-al-sindic-de-greuges-para-exigir-soluciones-para-los-desprendimientos-del-barranc-de-caraita\/\" \/>\n<meta property=\"og:locale\" content=\"es_ES\" \/>\n<meta property=\"og:type\" content=\"article\" \/>\n<meta property=\"og:title\" content=\"Benillup recurre al S\u00edndic de Greuges para exigir soluciones para los desprendimientos del Barranc de Caraita - COPE Alcoy\" \/>\n<meta property=\"og:description\" content=\"La Coordinadora d\u2019Estudis E\u00f2lics del Comtat i l\u2019associaci\u00f3 \u201cRentonar, en defensa del Patrimoni Natural i Cultural\u201d han recurrido al &#8216;S\u00edndic...\" \/>\n<meta property=\"og:url\" content=\"https:\/\/www.copealcoy.es\/es\/benillup-recurre-al-sindic-de-greuges-para-exigir-soluciones-para-los-desprendimientos-del-barranc-de-caraita\/\" \/>\n<meta property=\"og:site_name\" content=\"COPE Alcoy\" \/>\n<meta property=\"article:published_time\" content=\"2017-03-15T16:07:27+00:00\" \/>\n<meta property=\"article:modified_time\" content=\"2017-03-15T16:10:18+00:00\" \/>\n<meta property=\"og:image\" content=\"https:\/\/www.copealcoy.es\/wp-content\/uploads\/2017\/01\/2016-12-21-asomados-precipicio-1-e1485360369578.jpg\" \/>\n\t<meta property=\"og:image:width\" content=\"526\" \/>\n\t<meta property=\"og:image:height\" content=\"278\" \/>\n\t<meta property=\"og:image:type\" content=\"image\/jpeg\" \/>\n<meta name=\"author\" content=\"Cope Alcoy\" \/>\n<meta name=\"twitter:label1\" content=\"Escrito por\" \/>\n\t<meta name=\"twitter:data1\" content=\"Cope Alcoy\" \/>\n\t<meta name=\"twitter:label2\" content=\"Tiempo de lectura\" \/>\n\t<meta name=\"twitter:data2\" content=\"1 minuto\" \/>\n<script type=\"application\/ld+json\" class=\"yoast-schema-graph\">{\"@context\":\"https:\\\/\\\/schema.org\",\"@graph\":[{\"@type\":\"Article\",\"@id\":\"https:\\\/\\\/www.copealcoy.es\\\/es\\\/benillup-recurre-al-sindic-de-greuges-para-exigir-soluciones-para-los-desprendimientos-del-barranc-de-caraita\\\/#article\",\"isPartOf\":{\"@id\":\"https:\\\/\\\/www.copealcoy.es\\\/es\\\/benillup-recurre-al-sindic-de-greuges-para-exigir-soluciones-para-los-desprendimientos-del-barranc-de-caraita\\\/\"},\"author\":{\"name\":\"Cope Alcoy\",\"@id\":\"https:\\\/\\\/www.copealcoy.es\\\/es\\\/#\\\/schema\\\/person\\\/e777c87fa024e57d40170af9df39882c\"},\"headline\":\"Benillup recurre al S\u00edndic de Greuges para exigir soluciones para los desprendimientos del Barranc de Caraita\",\"datePublished\":\"2017-03-15T16:07:27+00:00\",\"dateModified\":\"2017-03-15T16:10:18+00:00\",\"mainEntityOfPage\":{\"@id\":\"https:\\\/\\\/www.copealcoy.es\\\/es\\\/benillup-recurre-al-sindic-de-greuges-para-exigir-soluciones-para-los-desprendimientos-del-barranc-de-caraita\\\/\"},\"wordCount\":227,\"commentCount\":0,\"image\":{\"@id\":\"https:\\\/\\\/www.copealcoy.es\\\/es\\\/benillup-recurre-al-sindic-de-greuges-para-exigir-soluciones-para-los-desprendimientos-del-barranc-de-caraita\\\/#primaryimage\"},\"thumbnailUrl\":\"https:\\\/\\\/www.copealcoy.es\\\/wp-content\\\/uploads\\\/2017\\\/01\\\/2016-12-21-asomados-precipicio-1-e1485360369578.jpg\",\"keywords\":[\"Barranc de Caraita\",\"Benillup\",\"desprendimientos\",\"S\u00edndic de Greuges\"],\"articleSection\":[\"Comarcas\",\"Noticias\"],\"inLanguage\":\"es\"},{\"@type\":\"WebPage\",\"@id\":\"https:\\\/\\\/www.copealcoy.es\\\/es\\\/benillup-recurre-al-sindic-de-greuges-para-exigir-soluciones-para-los-desprendimientos-del-barranc-de-caraita\\\/\",\"url\":\"https:\\\/\\\/www.copealcoy.es\\\/es\\\/benillup-recurre-al-sindic-de-greuges-para-exigir-soluciones-para-los-desprendimientos-del-barranc-de-caraita\\\/\",\"name\":\"Benillup recurre al S\u00edndic de Greuges para exigir soluciones para los desprendimientos del Barranc de Caraita - COPE Alcoy\",\"isPartOf\":{\"@id\":\"https:\\\/\\\/www.copealcoy.es\\\/es\\\/#website\"},\"primaryImageOfPage\":{\"@id\":\"https:\\\/\\\/www.copealcoy.es\\\/es\\\/benillup-recurre-al-sindic-de-greuges-para-exigir-soluciones-para-los-desprendimientos-del-barranc-de-caraita\\\/#primaryimage\"},\"image\":{\"@id\":\"https:\\\/\\\/www.copealcoy.es\\\/es\\\/benillup-recurre-al-sindic-de-greuges-para-exigir-soluciones-para-los-desprendimientos-del-barranc-de-caraita\\\/#primaryimage\"},\"thumbnailUrl\":\"https:\\\/\\\/www.copealcoy.es\\\/wp-content\\\/uploads\\\/2017\\\/01\\\/2016-12-21-asomados-precipicio-1-e1485360369578.jpg\",\"datePublished\":\"2017-03-15T16:07:27+00:00\",\"dateModified\":\"2017-03-15T16:10:18+00:00\",\"author\":{\"@id\":\"https:\\\/\\\/www.copealcoy.es\\\/es\\\/#\\\/schema\\\/person\\\/e777c87fa024e57d40170af9df39882c\"},\"breadcrumb\":{\"@id\":\"https:\\\/\\\/www.copealcoy.es\\\/es\\\/benillup-recurre-al-sindic-de-greuges-para-exigir-soluciones-para-los-desprendimientos-del-barranc-de-caraita\\\/#breadcrumb\"},\"inLanguage\":\"es\",\"potentialAction\":[{\"@type\":\"ReadAction\",\"target\":[\"https:\\\/\\\/www.copealcoy.es\\\/es\\\/benillup-recurre-al-sindic-de-greuges-para-exigir-soluciones-para-los-desprendimientos-del-barranc-de-caraita\\\/\"]}]},{\"@type\":\"ImageObject\",\"inLanguage\":\"es\",\"@id\":\"https:\\\/\\\/www.copealcoy.es\\\/es\\\/benillup-recurre-al-sindic-de-greuges-para-exigir-soluciones-para-los-desprendimientos-del-barranc-de-caraita\\\/#primaryimage\",\"url\":\"https:\\\/\\\/www.copealcoy.es\\\/wp-content\\\/uploads\\\/2017\\\/01\\\/2016-12-21-asomados-precipicio-1-e1485360369578.jpg\",\"contentUrl\":\"https:\\\/\\\/www.copealcoy.es\\\/wp-content\\\/uploads\\\/2017\\\/01\\\/2016-12-21-asomados-precipicio-1-e1485360369578.jpg\",\"width\":526,\"height\":278,\"caption\":\"El Barranc de Caraita est\u00e1 a escasos metros de las casas de Benillup\"},{\"@type\":\"BreadcrumbList\",\"@id\":\"https:\\\/\\\/www.copealcoy.es\\\/es\\\/benillup-recurre-al-sindic-de-greuges-para-exigir-soluciones-para-los-desprendimientos-del-barranc-de-caraita\\\/#breadcrumb\",\"itemListElement\":[{\"@type\":\"ListItem\",\"position\":1,\"name\":\"Portada\",\"item\":\"https:\\\/\\\/www.copealcoy.es\\\/es\\\/\"},{\"@type\":\"ListItem\",\"position\":2,\"name\":\"Benillup recurre al S\u00edndic de Greuges para exigir soluciones para los desprendimientos del Barranc de Caraita\"}]},{\"@type\":\"WebSite\",\"@id\":\"https:\\\/\\\/www.copealcoy.es\\\/es\\\/#website\",\"url\":\"https:\\\/\\\/www.copealcoy.es\\\/es\\\/\",\"name\":\"COPE Alcoy\",\"description\":\"Emisora COPE de radio local con emisi\u00f3n online. Pont de Sant Jordi 8-10 03803 Alcoy\",\"potentialAction\":[{\"@type\":\"SearchAction\",\"target\":{\"@type\":\"EntryPoint\",\"urlTemplate\":\"https:\\\/\\\/www.copealcoy.es\\\/es\\\/?s={search_term_string}\"},\"query-input\":{\"@type\":\"PropertyValueSpecification\",\"valueRequired\":true,\"valueName\":\"search_term_string\"}}],\"inLanguage\":\"es\"},{\"@type\":\"Person\",\"@id\":\"https:\\\/\\\/www.copealcoy.es\\\/es\\\/#\\\/schema\\\/person\\\/e777c87fa024e57d40170af9df39882c\",\"name\":\"Cope Alcoy\",\"image\":{\"@type\":\"ImageObject\",\"inLanguage\":\"es\",\"@id\":\"https:\\\/\\\/secure.gravatar.com\\\/avatar\\\/bb65d0283347e303893ba14f0692005417c1e0e690a325a4c5d8bb2b3943ee14?s=96&d=mm&r=g\",\"url\":\"https:\\\/\\\/secure.gravatar.com\\\/avatar\\\/bb65d0283347e303893ba14f0692005417c1e0e690a325a4c5d8bb2b3943ee14?s=96&d=mm&r=g\",\"contentUrl\":\"https:\\\/\\\/secure.gravatar.com\\\/avatar\\\/bb65d0283347e303893ba14f0692005417c1e0e690a325a4c5d8bb2b3943ee14?s=96&d=mm&r=g\",\"caption\":\"Cope Alcoy\"}}]}<\/script>\n<!-- \/ Yoast SEO plugin. -->","yoast_head_json":{"title":"Benillup recurre al S\u00edndic de Greuges para exigir soluciones para los desprendimientos del Barranc de Caraita - COPE Alcoy","robots":{"index":"index","follow":"follow","max-snippet":"max-snippet:-1","max-image-preview":"max-image-preview:large","max-video-preview":"max-video-preview:-1"},"canonical":"https:\/\/www.copealcoy.es\/es\/benillup-recurre-al-sindic-de-greuges-para-exigir-soluciones-para-los-desprendimientos-del-barranc-de-caraita\/","og_locale":"es_ES","og_type":"article","og_title":"Benillup recurre al S\u00edndic de Greuges para exigir soluciones para los desprendimientos del Barranc de Caraita - COPE Alcoy","og_description":"La Coordinadora d\u2019Estudis E\u00f2lics del Comtat i l\u2019associaci\u00f3 \u201cRentonar, en defensa del Patrimoni Natural i Cultural\u201d han recurrido al &#8216;S\u00edndic...","og_url":"https:\/\/www.copealcoy.es\/es\/benillup-recurre-al-sindic-de-greuges-para-exigir-soluciones-para-los-desprendimientos-del-barranc-de-caraita\/","og_site_name":"COPE Alcoy","article_published_time":"2017-03-15T16:07:27+00:00","article_modified_time":"2017-03-15T16:10:18+00:00","og_image":[{"width":526,"height":278,"url":"https:\/\/www.copealcoy.es\/wp-content\/uploads\/2017\/01\/2016-12-21-asomados-precipicio-1-e1485360369578.jpg","type":"image\/jpeg"}],"author":"Cope Alcoy","twitter_misc":{"Escrito por":"Cope Alcoy","Tiempo de lectura":"1 minuto"},"schema":{"@context":"https:\/\/schema.org","@graph":[{"@type":"Article","@id":"https:\/\/www.copealcoy.es\/es\/benillup-recurre-al-sindic-de-greuges-para-exigir-soluciones-para-los-desprendimientos-del-barranc-de-caraita\/#article","isPartOf":{"@id":"https:\/\/www.copealcoy.es\/es\/benillup-recurre-al-sindic-de-greuges-para-exigir-soluciones-para-los-desprendimientos-del-barranc-de-caraita\/"},"author":{"name":"Cope Alcoy","@id":"https:\/\/www.copealcoy.es\/es\/#\/schema\/person\/e777c87fa024e57d40170af9df39882c"},"headline":"Benillup recurre al S\u00edndic de Greuges para exigir soluciones para los desprendimientos del Barranc de Caraita","datePublished":"2017-03-15T16:07:27+00:00","dateModified":"2017-03-15T16:10:18+00:00","mainEntityOfPage":{"@id":"https:\/\/www.copealcoy.es\/es\/benillup-recurre-al-sindic-de-greuges-para-exigir-soluciones-para-los-desprendimientos-del-barranc-de-caraita\/"},"wordCount":227,"commentCount":0,"image":{"@id":"https:\/\/www.copealcoy.es\/es\/benillup-recurre-al-sindic-de-greuges-para-exigir-soluciones-para-los-desprendimientos-del-barranc-de-caraita\/#primaryimage"},"thumbnailUrl":"https:\/\/www.copealcoy.es\/wp-content\/uploads\/2017\/01\/2016-12-21-asomados-precipicio-1-e1485360369578.jpg","keywords":["Barranc de Caraita","Benillup","desprendimientos","S\u00edndic de Greuges"],"articleSection":["Comarcas","Noticias"],"inLanguage":"es"},{"@type":"WebPage","@id":"https:\/\/www.copealcoy.es\/es\/benillup-recurre-al-sindic-de-greuges-para-exigir-soluciones-para-los-desprendimientos-del-barranc-de-caraita\/","url":"https:\/\/www.copealcoy.es\/es\/benillup-recurre-al-sindic-de-greuges-para-exigir-soluciones-para-los-desprendimientos-del-barranc-de-caraita\/","name":"Benillup recurre al S\u00edndic de Greuges para exigir soluciones para los desprendimientos del Barranc de Caraita - COPE Alcoy","isPartOf":{"@id":"https:\/\/www.copealcoy.es\/es\/#website"},"primaryImageOfPage":{"@id":"https:\/\/www.copealcoy.es\/es\/benillup-recurre-al-sindic-de-greuges-para-exigir-soluciones-para-los-desprendimientos-del-barranc-de-caraita\/#primaryimage"},"image":{"@id":"https:\/\/www.copealcoy.es\/es\/benillup-recurre-al-sindic-de-greuges-para-exigir-soluciones-para-los-desprendimientos-del-barranc-de-caraita\/#primaryimage"},"thumbnailUrl":"https:\/\/www.copealcoy.es\/wp-content\/uploads\/2017\/01\/2016-12-21-asomados-precipicio-1-e1485360369578.jpg","datePublished":"2017-03-15T16:07:27+00:00","dateModified":"2017-03-15T16:10:18+00:00","author":{"@id":"https:\/\/www.copealcoy.es\/es\/#\/schema\/person\/e777c87fa024e57d40170af9df39882c"},"breadcrumb":{"@id":"https:\/\/www.copealcoy.es\/es\/benillup-recurre-al-sindic-de-greuges-para-exigir-soluciones-para-los-desprendimientos-del-barranc-de-caraita\/#breadcrumb"},"inLanguage":"es","potentialAction":[{"@type":"ReadAction","target":["https:\/\/www.copealcoy.es\/es\/benillup-recurre-al-sindic-de-greuges-para-exigir-soluciones-para-los-desprendimientos-del-barranc-de-caraita\/"]}]},{"@type":"ImageObject","inLanguage":"es","@id":"https:\/\/www.copealcoy.es\/es\/benillup-recurre-al-sindic-de-greuges-para-exigir-soluciones-para-los-desprendimientos-del-barranc-de-caraita\/#primaryimage","url":"https:\/\/www.copealcoy.es\/wp-content\/uploads\/2017\/01\/2016-12-21-asomados-precipicio-1-e1485360369578.jpg","contentUrl":"https:\/\/www.copealcoy.es\/wp-content\/uploads\/2017\/01\/2016-12-21-asomados-precipicio-1-e1485360369578.jpg","width":526,"height":278,"caption":"El Barranc de Caraita est\u00e1 a escasos metros de las casas de Benillup"},{"@type":"BreadcrumbList","@id":"https:\/\/www.copealcoy.es\/es\/benillup-recurre-al-sindic-de-greuges-para-exigir-soluciones-para-los-desprendimientos-del-barranc-de-caraita\/#breadcrumb","itemListElement":[{"@type":"ListItem","position":1,"name":"Portada","item":"https:\/\/www.copealcoy.es\/es\/"},{"@type":"ListItem","position":2,"name":"Benillup recurre al S\u00edndic de Greuges para exigir soluciones para los desprendimientos del Barranc de Caraita"}]},{"@type":"WebSite","@id":"https:\/\/www.copealcoy.es\/es\/#website","url":"https:\/\/www.copealcoy.es\/es\/","name":"COPE Alcoy","description":"Emisora COPE de radio local con emisi\u00f3n online. Pont de Sant Jordi 8-10 03803 Alcoy","potentialAction":[{"@type":"SearchAction","target":{"@type":"EntryPoint","urlTemplate":"https:\/\/www.copealcoy.es\/es\/?s={search_term_string}"},"query-input":{"@type":"PropertyValueSpecification","valueRequired":true,"valueName":"search_term_string"}}],"inLanguage":"es"},{"@type":"Person","@id":"https:\/\/www.copealcoy.es\/es\/#\/schema\/person\/e777c87fa024e57d40170af9df39882c","name":"Cope Alcoy","image":{"@type":"ImageObject","inLanguage":"es","@id":"https:\/\/secure.gravatar.com\/avatar\/bb65d0283347e303893ba14f0692005417c1e0e690a325a4c5d8bb2b3943ee14?s=96&d=mm&r=g","url":"https:\/\/secure.gravatar.com\/avatar\/bb65d0283347e303893ba14f0692005417c1e0e690a325a4c5d8bb2b3943ee14?s=96&d=mm&r=g","contentUrl":"https:\/\/secure.gravatar.com\/avatar\/bb65d0283347e303893ba14f0692005417c1e0e690a325a4c5d8bb2b3943ee14?s=96&d=mm&r=g","caption":"Cope Alcoy"}}]}},"_links":{"self":[{"href":"https:\/\/www.copealcoy.es\/es\/wp-json\/wp\/v2\/posts\/29735","targetHints":{"allow":["GET"]}}],"collection":[{"href":"https:\/\/www.copealcoy.es\/es\/wp-json\/wp\/v2\/posts"}],"about":[{"href":"https:\/\/www.copealcoy.es\/es\/wp-json\/wp\/v2\/types\/post"}],"author":[{"embeddable":true,"href":"https:\/\/www.copealcoy.es\/es\/wp-json\/wp\/v2\/users\/1"}],"replies":[{"embeddable":true,"href":"https:\/\/www.copealcoy.es\/es\/wp-json\/wp\/v2\/comments?post=29735"}],"version-history":[{"count":0,"href":"https:\/\/www.copealcoy.es\/es\/wp-json\/wp\/v2\/posts\/29735\/revisions"}],"wp:featuredmedia":[{"embeddable":true,"href":"https:\/\/www.copealcoy.es\/es\/wp-json\/wp\/v2\/media\/28301"}],"wp:attachment":[{"href":"https:\/\/www.copealcoy.es\/es\/wp-json\/wp\/v2\/media?parent=29735"}],"wp:term":[{"taxonomy":"category","embeddable":true,"href":"https:\/\/www.copealcoy.es\/es\/wp-json\/wp\/v2\/categories?post=29735"},{"taxonomy":"post_tag","embeddable":true,"href":"https:\/\/www.copealcoy.es\/es\/wp-json\/wp\/v2\/tags?post=29735"}],"curies":[{"name":"wp","href":"https:\/\/api.w.org\/{rel}","templated":true}]}}