{"id":29707,"date":"2017-03-14T21:25:25","date_gmt":"2017-03-14T21:25:25","guid":{"rendered":"http:\/\/copealcoi.es\/new\/?p=29707"},"modified":"2017-03-14T21:25:25","modified_gmt":"2017-03-14T21:25:25","slug":"alcoy-convoca-un-certamen-de-interpretacion-de-musica-festera","status":"publish","type":"post","link":"https:\/\/www.copealcoy.es\/es\/alcoy-convoca-un-certamen-de-interpretacion-de-musica-festera\/","title":{"rendered":"Alcoy convoca un Certamen de Interpretaci\u00f3n de M\u00fasica Festera"},"content":{"rendered":"<p style=\"text-align: justify;\">La Asociaci\u00f3n de San Jorge <strong>ha convocado un certamen de bandas<\/strong> para el pr\u00f3ximo 23 de septiembre en el <strong>Teatro Calder\u00f3n de Alcoy<\/strong> con la participaci\u00f3n de <strong>tres sociedades musicales<\/strong> de entre 45 y 65 m\u00fasicos.<\/p>\n<p style=\"text-align: justify;\">Habr\u00e1 un \u00fanico premio de <strong>5.000 euros<\/strong>. Las otras dos bandas tendr\u00e1n una menci\u00f3n de 1.500 euros por participar. El jurado estar\u00e1 formado por <strong>Rafa Mullor, Eduard Terol y Daniel Ferrero<\/strong>.<\/p>\n<p style=\"text-align: justify;\">El asesor musical de la Asociaci\u00f3n, <strong>Juan Luis Guitart<\/strong>, ha detallado que <strong>las bandas participantes en el certamen interpretar\u00e1n<\/strong> un pasodoble de Gonzalo Barrachina, la marcha mora IBN Jafaixa, dedicada a Joan Valls, de cuyo nacimiento se cumplen 100 a\u00f1os, y una marcha cristiana libre.<\/p>\n<p style=\"text-align: justify;\">El <strong>plazo para inscribirse<\/strong> en el premio de interpretaci\u00f3n concluye el 23 de junio, y <strong>el 8 de julio se celebrar\u00e1 el sorteo de las tres bandas<\/strong> que tomar\u00e1n parte en esta primera edici\u00f3n de este certamen musical y festero.<\/p>\n","protected":false},"excerpt":{"rendered":"<p>La Asociaci\u00f3n de San Jorge ha convocado un certamen de bandas para el pr\u00f3ximo 23 de septiembre en el Teatro&#8230;<\/p>\n","protected":false},"author":1,"featured_media":29708,"comment_status":"open","ping_status":"open","sticky":false,"template":"","format":"standard","meta":{"footnotes":""},"categories":[97,78,75],"tags":[1494,626,3843,700],"class_list":["post-29707","post","type-post","status-publish","format-standard","has-post-thumbnail","hentry","category-alcoy","category-fiestaycultura","category-noticias","tag-alcoy","tag-certamen","tag-interpretacion","tag-musica-festera"],"yoast_head":"<!-- This site is optimized with the Yoast SEO plugin v27.3 - https:\/\/yoast.com\/product\/yoast-seo-wordpress\/ -->\n<title>Alcoy convoca un Certamen de Interpretaci\u00f3n de M\u00fasica Festera - COPE Alcoy<\/title>\n<meta name=\"robots\" content=\"index, follow, max-snippet:-1, max-image-preview:large, max-video-preview:-1\" \/>\n<link rel=\"canonical\" href=\"https:\/\/www.copealcoy.es\/es\/alcoy-convoca-un-certamen-de-interpretacion-de-musica-festera\/\" \/>\n<meta property=\"og:locale\" content=\"es_ES\" \/>\n<meta property=\"og:type\" content=\"article\" \/>\n<meta property=\"og:title\" content=\"Alcoy convoca un Certamen de Interpretaci\u00f3n de M\u00fasica Festera - COPE Alcoy\" \/>\n<meta property=\"og:description\" content=\"La Asociaci\u00f3n de San Jorge ha convocado un certamen de bandas para el pr\u00f3ximo 23 de septiembre en el Teatro...\" \/>\n<meta property=\"og:url\" content=\"https:\/\/www.copealcoy.es\/es\/alcoy-convoca-un-certamen-de-interpretacion-de-musica-festera\/\" \/>\n<meta property=\"og:site_name\" content=\"COPE Alcoy\" \/>\n<meta property=\"article:published_time\" content=\"2017-03-14T21:25:25+00:00\" \/>\n<meta property=\"og:image\" content=\"https:\/\/www.copealcoy.es\/wp-content\/uploads\/2017\/03\/ca5325112b933654e66f88ab9a1a5c81.jpg\" \/>\n\t<meta property=\"og:image:width\" content=\"640\" \/>\n\t<meta property=\"og:image:height\" content=\"357\" \/>\n\t<meta property=\"og:image:type\" content=\"image\/jpeg\" \/>\n<meta name=\"author\" content=\"Cope Alcoy\" \/>\n<meta name=\"twitter:label1\" content=\"Escrito por\" \/>\n\t<meta name=\"twitter:data1\" content=\"Cope Alcoy\" \/>\n\t<meta name=\"twitter:label2\" content=\"Tiempo de lectura\" \/>\n\t<meta name=\"twitter:data2\" content=\"1 minuto\" \/>\n<script type=\"application\/ld+json\" class=\"yoast-schema-graph\">{\"@context\":\"https:\\\/\\\/schema.org\",\"@graph\":[{\"@type\":\"Article\",\"@id\":\"https:\\\/\\\/www.copealcoy.es\\\/es\\\/alcoy-convoca-un-certamen-de-interpretacion-de-musica-festera\\\/#article\",\"isPartOf\":{\"@id\":\"https:\\\/\\\/www.copealcoy.es\\\/es\\\/alcoy-convoca-un-certamen-de-interpretacion-de-musica-festera\\\/\"},\"author\":{\"name\":\"Cope Alcoy\",\"@id\":\"https:\\\/\\\/www.copealcoy.es\\\/es\\\/#\\\/schema\\\/person\\\/e777c87fa024e57d40170af9df39882c\"},\"headline\":\"Alcoy convoca un Certamen de Interpretaci\u00f3n de M\u00fasica Festera\",\"datePublished\":\"2017-03-14T21:25:25+00:00\",\"mainEntityOfPage\":{\"@id\":\"https:\\\/\\\/www.copealcoy.es\\\/es\\\/alcoy-convoca-un-certamen-de-interpretacion-de-musica-festera\\\/\"},\"wordCount\":168,\"commentCount\":0,\"image\":{\"@id\":\"https:\\\/\\\/www.copealcoy.es\\\/es\\\/alcoy-convoca-un-certamen-de-interpretacion-de-musica-festera\\\/#primaryimage\"},\"thumbnailUrl\":\"https:\\\/\\\/www.copealcoy.es\\\/wp-content\\\/uploads\\\/2017\\\/03\\\/ca5325112b933654e66f88ab9a1a5c81.jpg\",\"keywords\":[\"Alcoy\",\"Certamen\",\"Interpretaci\u00f3n\",\"M\u00fasica Festera\"],\"articleSection\":[\"Alcoy\",\"Fiesta y Cultura\",\"Noticias\"],\"inLanguage\":\"es\"},{\"@type\":\"WebPage\",\"@id\":\"https:\\\/\\\/www.copealcoy.es\\\/es\\\/alcoy-convoca-un-certamen-de-interpretacion-de-musica-festera\\\/\",\"url\":\"https:\\\/\\\/www.copealcoy.es\\\/es\\\/alcoy-convoca-un-certamen-de-interpretacion-de-musica-festera\\\/\",\"name\":\"Alcoy convoca un Certamen de Interpretaci\u00f3n de M\u00fasica Festera - COPE Alcoy\",\"isPartOf\":{\"@id\":\"https:\\\/\\\/www.copealcoy.es\\\/es\\\/#website\"},\"primaryImageOfPage\":{\"@id\":\"https:\\\/\\\/www.copealcoy.es\\\/es\\\/alcoy-convoca-un-certamen-de-interpretacion-de-musica-festera\\\/#primaryimage\"},\"image\":{\"@id\":\"https:\\\/\\\/www.copealcoy.es\\\/es\\\/alcoy-convoca-un-certamen-de-interpretacion-de-musica-festera\\\/#primaryimage\"},\"thumbnailUrl\":\"https:\\\/\\\/www.copealcoy.es\\\/wp-content\\\/uploads\\\/2017\\\/03\\\/ca5325112b933654e66f88ab9a1a5c81.jpg\",\"datePublished\":\"2017-03-14T21:25:25+00:00\",\"author\":{\"@id\":\"https:\\\/\\\/www.copealcoy.es\\\/es\\\/#\\\/schema\\\/person\\\/e777c87fa024e57d40170af9df39882c\"},\"breadcrumb\":{\"@id\":\"https:\\\/\\\/www.copealcoy.es\\\/es\\\/alcoy-convoca-un-certamen-de-interpretacion-de-musica-festera\\\/#breadcrumb\"},\"inLanguage\":\"es\",\"potentialAction\":[{\"@type\":\"ReadAction\",\"target\":[\"https:\\\/\\\/www.copealcoy.es\\\/es\\\/alcoy-convoca-un-certamen-de-interpretacion-de-musica-festera\\\/\"]}]},{\"@type\":\"ImageObject\",\"inLanguage\":\"es\",\"@id\":\"https:\\\/\\\/www.copealcoy.es\\\/es\\\/alcoy-convoca-un-certamen-de-interpretacion-de-musica-festera\\\/#primaryimage\",\"url\":\"https:\\\/\\\/www.copealcoy.es\\\/wp-content\\\/uploads\\\/2017\\\/03\\\/ca5325112b933654e66f88ab9a1a5c81.jpg\",\"contentUrl\":\"https:\\\/\\\/www.copealcoy.es\\\/wp-content\\\/uploads\\\/2017\\\/03\\\/ca5325112b933654e66f88ab9a1a5c81.jpg\",\"width\":640,\"height\":357,\"caption\":\"El Certamen se present\u00f3 la pasada semana \\\/ Foto: El Nostre\"},{\"@type\":\"BreadcrumbList\",\"@id\":\"https:\\\/\\\/www.copealcoy.es\\\/es\\\/alcoy-convoca-un-certamen-de-interpretacion-de-musica-festera\\\/#breadcrumb\",\"itemListElement\":[{\"@type\":\"ListItem\",\"position\":1,\"name\":\"Portada\",\"item\":\"https:\\\/\\\/www.copealcoy.es\\\/es\\\/\"},{\"@type\":\"ListItem\",\"position\":2,\"name\":\"Alcoy convoca un Certamen de Interpretaci\u00f3n de M\u00fasica Festera\"}]},{\"@type\":\"WebSite\",\"@id\":\"https:\\\/\\\/www.copealcoy.es\\\/es\\\/#website\",\"url\":\"https:\\\/\\\/www.copealcoy.es\\\/es\\\/\",\"name\":\"COPE Alcoy\",\"description\":\"Emisora COPE de radio local con emisi\u00f3n online. Pont de Sant Jordi 8-10 03803 Alcoy\",\"potentialAction\":[{\"@type\":\"SearchAction\",\"target\":{\"@type\":\"EntryPoint\",\"urlTemplate\":\"https:\\\/\\\/www.copealcoy.es\\\/es\\\/?s={search_term_string}\"},\"query-input\":{\"@type\":\"PropertyValueSpecification\",\"valueRequired\":true,\"valueName\":\"search_term_string\"}}],\"inLanguage\":\"es\"},{\"@type\":\"Person\",\"@id\":\"https:\\\/\\\/www.copealcoy.es\\\/es\\\/#\\\/schema\\\/person\\\/e777c87fa024e57d40170af9df39882c\",\"name\":\"Cope Alcoy\",\"image\":{\"@type\":\"ImageObject\",\"inLanguage\":\"es\",\"@id\":\"https:\\\/\\\/secure.gravatar.com\\\/avatar\\\/bb65d0283347e303893ba14f0692005417c1e0e690a325a4c5d8bb2b3943ee14?s=96&d=mm&r=g\",\"url\":\"https:\\\/\\\/secure.gravatar.com\\\/avatar\\\/bb65d0283347e303893ba14f0692005417c1e0e690a325a4c5d8bb2b3943ee14?s=96&d=mm&r=g\",\"contentUrl\":\"https:\\\/\\\/secure.gravatar.com\\\/avatar\\\/bb65d0283347e303893ba14f0692005417c1e0e690a325a4c5d8bb2b3943ee14?s=96&d=mm&r=g\",\"caption\":\"Cope Alcoy\"}}]}<\/script>\n<!-- \/ Yoast SEO plugin. -->","yoast_head_json":{"title":"Alcoy convoca un Certamen de Interpretaci\u00f3n de M\u00fasica Festera - COPE Alcoy","robots":{"index":"index","follow":"follow","max-snippet":"max-snippet:-1","max-image-preview":"max-image-preview:large","max-video-preview":"max-video-preview:-1"},"canonical":"https:\/\/www.copealcoy.es\/es\/alcoy-convoca-un-certamen-de-interpretacion-de-musica-festera\/","og_locale":"es_ES","og_type":"article","og_title":"Alcoy convoca un Certamen de Interpretaci\u00f3n de M\u00fasica Festera - COPE Alcoy","og_description":"La Asociaci\u00f3n de San Jorge ha convocado un certamen de bandas para el pr\u00f3ximo 23 de septiembre en el Teatro...","og_url":"https:\/\/www.copealcoy.es\/es\/alcoy-convoca-un-certamen-de-interpretacion-de-musica-festera\/","og_site_name":"COPE Alcoy","article_published_time":"2017-03-14T21:25:25+00:00","og_image":[{"width":640,"height":357,"url":"https:\/\/www.copealcoy.es\/wp-content\/uploads\/2017\/03\/ca5325112b933654e66f88ab9a1a5c81.jpg","type":"image\/jpeg"}],"author":"Cope Alcoy","twitter_misc":{"Escrito por":"Cope Alcoy","Tiempo de lectura":"1 minuto"},"schema":{"@context":"https:\/\/schema.org","@graph":[{"@type":"Article","@id":"https:\/\/www.copealcoy.es\/es\/alcoy-convoca-un-certamen-de-interpretacion-de-musica-festera\/#article","isPartOf":{"@id":"https:\/\/www.copealcoy.es\/es\/alcoy-convoca-un-certamen-de-interpretacion-de-musica-festera\/"},"author":{"name":"Cope Alcoy","@id":"https:\/\/www.copealcoy.es\/es\/#\/schema\/person\/e777c87fa024e57d40170af9df39882c"},"headline":"Alcoy convoca un Certamen de Interpretaci\u00f3n de M\u00fasica Festera","datePublished":"2017-03-14T21:25:25+00:00","mainEntityOfPage":{"@id":"https:\/\/www.copealcoy.es\/es\/alcoy-convoca-un-certamen-de-interpretacion-de-musica-festera\/"},"wordCount":168,"commentCount":0,"image":{"@id":"https:\/\/www.copealcoy.es\/es\/alcoy-convoca-un-certamen-de-interpretacion-de-musica-festera\/#primaryimage"},"thumbnailUrl":"https:\/\/www.copealcoy.es\/wp-content\/uploads\/2017\/03\/ca5325112b933654e66f88ab9a1a5c81.jpg","keywords":["Alcoy","Certamen","Interpretaci\u00f3n","M\u00fasica Festera"],"articleSection":["Alcoy","Fiesta y Cultura","Noticias"],"inLanguage":"es"},{"@type":"WebPage","@id":"https:\/\/www.copealcoy.es\/es\/alcoy-convoca-un-certamen-de-interpretacion-de-musica-festera\/","url":"https:\/\/www.copealcoy.es\/es\/alcoy-convoca-un-certamen-de-interpretacion-de-musica-festera\/","name":"Alcoy convoca un Certamen de Interpretaci\u00f3n de M\u00fasica Festera - COPE Alcoy","isPartOf":{"@id":"https:\/\/www.copealcoy.es\/es\/#website"},"primaryImageOfPage":{"@id":"https:\/\/www.copealcoy.es\/es\/alcoy-convoca-un-certamen-de-interpretacion-de-musica-festera\/#primaryimage"},"image":{"@id":"https:\/\/www.copealcoy.es\/es\/alcoy-convoca-un-certamen-de-interpretacion-de-musica-festera\/#primaryimage"},"thumbnailUrl":"https:\/\/www.copealcoy.es\/wp-content\/uploads\/2017\/03\/ca5325112b933654e66f88ab9a1a5c81.jpg","datePublished":"2017-03-14T21:25:25+00:00","author":{"@id":"https:\/\/www.copealcoy.es\/es\/#\/schema\/person\/e777c87fa024e57d40170af9df39882c"},"breadcrumb":{"@id":"https:\/\/www.copealcoy.es\/es\/alcoy-convoca-un-certamen-de-interpretacion-de-musica-festera\/#breadcrumb"},"inLanguage":"es","potentialAction":[{"@type":"ReadAction","target":["https:\/\/www.copealcoy.es\/es\/alcoy-convoca-un-certamen-de-interpretacion-de-musica-festera\/"]}]},{"@type":"ImageObject","inLanguage":"es","@id":"https:\/\/www.copealcoy.es\/es\/alcoy-convoca-un-certamen-de-interpretacion-de-musica-festera\/#primaryimage","url":"https:\/\/www.copealcoy.es\/wp-content\/uploads\/2017\/03\/ca5325112b933654e66f88ab9a1a5c81.jpg","contentUrl":"https:\/\/www.copealcoy.es\/wp-content\/uploads\/2017\/03\/ca5325112b933654e66f88ab9a1a5c81.jpg","width":640,"height":357,"caption":"El Certamen se present\u00f3 la pasada semana \/ Foto: El Nostre"},{"@type":"BreadcrumbList","@id":"https:\/\/www.copealcoy.es\/es\/alcoy-convoca-un-certamen-de-interpretacion-de-musica-festera\/#breadcrumb","itemListElement":[{"@type":"ListItem","position":1,"name":"Portada","item":"https:\/\/www.copealcoy.es\/es\/"},{"@type":"ListItem","position":2,"name":"Alcoy convoca un Certamen de Interpretaci\u00f3n de M\u00fasica Festera"}]},{"@type":"WebSite","@id":"https:\/\/www.copealcoy.es\/es\/#website","url":"https:\/\/www.copealcoy.es\/es\/","name":"COPE Alcoy","description":"Emisora COPE de radio local con emisi\u00f3n online. Pont de Sant Jordi 8-10 03803 Alcoy","potentialAction":[{"@type":"SearchAction","target":{"@type":"EntryPoint","urlTemplate":"https:\/\/www.copealcoy.es\/es\/?s={search_term_string}"},"query-input":{"@type":"PropertyValueSpecification","valueRequired":true,"valueName":"search_term_string"}}],"inLanguage":"es"},{"@type":"Person","@id":"https:\/\/www.copealcoy.es\/es\/#\/schema\/person\/e777c87fa024e57d40170af9df39882c","name":"Cope Alcoy","image":{"@type":"ImageObject","inLanguage":"es","@id":"https:\/\/secure.gravatar.com\/avatar\/bb65d0283347e303893ba14f0692005417c1e0e690a325a4c5d8bb2b3943ee14?s=96&d=mm&r=g","url":"https:\/\/secure.gravatar.com\/avatar\/bb65d0283347e303893ba14f0692005417c1e0e690a325a4c5d8bb2b3943ee14?s=96&d=mm&r=g","contentUrl":"https:\/\/secure.gravatar.com\/avatar\/bb65d0283347e303893ba14f0692005417c1e0e690a325a4c5d8bb2b3943ee14?s=96&d=mm&r=g","caption":"Cope Alcoy"}}]}},"_links":{"self":[{"href":"https:\/\/www.copealcoy.es\/es\/wp-json\/wp\/v2\/posts\/29707","targetHints":{"allow":["GET"]}}],"collection":[{"href":"https:\/\/www.copealcoy.es\/es\/wp-json\/wp\/v2\/posts"}],"about":[{"href":"https:\/\/www.copealcoy.es\/es\/wp-json\/wp\/v2\/types\/post"}],"author":[{"embeddable":true,"href":"https:\/\/www.copealcoy.es\/es\/wp-json\/wp\/v2\/users\/1"}],"replies":[{"embeddable":true,"href":"https:\/\/www.copealcoy.es\/es\/wp-json\/wp\/v2\/comments?post=29707"}],"version-history":[{"count":0,"href":"https:\/\/www.copealcoy.es\/es\/wp-json\/wp\/v2\/posts\/29707\/revisions"}],"wp:featuredmedia":[{"embeddable":true,"href":"https:\/\/www.copealcoy.es\/es\/wp-json\/wp\/v2\/media\/29708"}],"wp:attachment":[{"href":"https:\/\/www.copealcoy.es\/es\/wp-json\/wp\/v2\/media?parent=29707"}],"wp:term":[{"taxonomy":"category","embeddable":true,"href":"https:\/\/www.copealcoy.es\/es\/wp-json\/wp\/v2\/categories?post=29707"},{"taxonomy":"post_tag","embeddable":true,"href":"https:\/\/www.copealcoy.es\/es\/wp-json\/wp\/v2\/tags?post=29707"}],"curies":[{"name":"wp","href":"https:\/\/api.w.org\/{rel}","templated":true}]}}