{"id":29654,"date":"2017-03-13T07:34:46","date_gmt":"2017-03-13T07:34:46","guid":{"rendered":"http:\/\/copealcoi.es\/new\/?p=29654"},"modified":"2017-03-13T16:36:42","modified_gmt":"2017-03-13T16:36:42","slug":"la-nieve-vuelve-a-complicar-la-circulacion-en-la-autovia","status":"publish","type":"post","link":"https:\/\/www.copealcoy.es\/es\/la-nieve-vuelve-a-complicar-la-circulacion-en-la-autovia\/","title":{"rendered":"La nieve vuelve a complicar la circulaci\u00f3n en la Autov\u00eda"},"content":{"rendered":"<p style=\"text-align: justify;\">La nieve <strong>ha vuelto a visitar las comarcas del Comtat y de l\u00b4Alcoi\u00e0<\/strong> y durante la madrugada los copos han cuajado en poblaciones elevadas as\u00ed como en zonas altas de monta\u00f1a. La lluvia, en algunos momentos intensa, ha sido <strong>la protagonista en los cascos urbanos de municipios como Cocentaina y Muro<\/strong>. Tambi\u00e9n en Alcoy, en urbanizaciones y puntos altos\u00a0de la ciudad, ha aparecido la nieve en este 13 de marzo.<\/p>\n<p style=\"text-align: justify;\">La nevada est\u00e1 causando algunos<strong> problemas de tr\u00e1fico<\/strong>, especialmente para camiones en <strong>la Autov\u00eda A7 direcci\u00f3n Alcoy &#8211; Alicante<\/strong>, seg\u00fan ha informado el alcalde de Alcoy, <strong>Antonio Franc\u00e9s<\/strong> en su cuenta de Twitter a primera hora de la ma\u00f1ana. Otras carreteras como la <strong>CV 770<\/strong>, en la zona de Alcoleja, presenta problemas tambi\u00e9n tal y como informa la Direcci\u00f3n General de Tr\u00e1fico.<\/p>\n","protected":false},"excerpt":{"rendered":"<p>La nieve ha vuelto a visitar las comarcas del Comtat y de l\u00b4Alcoi\u00e0 y durante la madrugada los copos han&#8230;<\/p>\n","protected":false},"author":1,"featured_media":29655,"comment_status":"open","ping_status":"open","sticky":false,"template":"","format":"standard","meta":{"footnotes":""},"categories":[97,75,125],"tags":[3566,1494,190,132,3823,135,572],"class_list":["post-29654","post","type-post","status-publish","format-standard","has-post-thumbnail","hentry","category-alcoy","category-noticias","category-portada","tag-a7","tag-alcoy","tag-autovia","tag-cocentaina","tag-luvia","tag-muro","tag-nieve"],"yoast_head":"<!-- This site is optimized with the Yoast SEO plugin v27.3 - https:\/\/yoast.com\/product\/yoast-seo-wordpress\/ -->\n<title>La nieve vuelve a complicar la circulaci\u00f3n en la Autov\u00eda - COPE Alcoy<\/title>\n<meta name=\"robots\" content=\"index, follow, max-snippet:-1, max-image-preview:large, max-video-preview:-1\" \/>\n<link rel=\"canonical\" href=\"https:\/\/www.copealcoy.es\/es\/la-nieve-vuelve-a-complicar-la-circulacion-en-la-autovia\/\" \/>\n<meta property=\"og:locale\" content=\"es_ES\" \/>\n<meta property=\"og:type\" content=\"article\" \/>\n<meta property=\"og:title\" content=\"La nieve vuelve a complicar la circulaci\u00f3n en la Autov\u00eda - COPE Alcoy\" \/>\n<meta property=\"og:description\" content=\"La nieve ha vuelto a visitar las comarcas del Comtat y de l\u00b4Alcoi\u00e0 y durante la madrugada los copos han...\" \/>\n<meta property=\"og:url\" content=\"https:\/\/www.copealcoy.es\/es\/la-nieve-vuelve-a-complicar-la-circulacion-en-la-autovia\/\" \/>\n<meta property=\"og:site_name\" content=\"COPE Alcoy\" \/>\n<meta property=\"article:published_time\" content=\"2017-03-13T07:34:46+00:00\" \/>\n<meta property=\"article:modified_time\" content=\"2017-03-13T16:36:42+00:00\" \/>\n<meta property=\"og:image\" content=\"https:\/\/www.copealcoy.es\/wp-content\/uploads\/2017\/03\/C6x1iP1WgAEBwJ6-e1489390073595.jpg\" \/>\n\t<meta property=\"og:image:width\" content=\"900\" \/>\n\t<meta property=\"og:image:height\" content=\"552\" \/>\n\t<meta property=\"og:image:type\" content=\"image\/jpeg\" \/>\n<meta name=\"author\" content=\"Cope Alcoy\" \/>\n<meta name=\"twitter:label1\" content=\"Escrito por\" \/>\n\t<meta name=\"twitter:data1\" content=\"Cope Alcoy\" \/>\n\t<meta name=\"twitter:label2\" content=\"Tiempo de lectura\" \/>\n\t<meta name=\"twitter:data2\" content=\"1 minuto\" \/>\n<script type=\"application\/ld+json\" class=\"yoast-schema-graph\">{\"@context\":\"https:\\\/\\\/schema.org\",\"@graph\":[{\"@type\":\"Article\",\"@id\":\"https:\\\/\\\/www.copealcoy.es\\\/es\\\/la-nieve-vuelve-a-complicar-la-circulacion-en-la-autovia\\\/#article\",\"isPartOf\":{\"@id\":\"https:\\\/\\\/www.copealcoy.es\\\/es\\\/la-nieve-vuelve-a-complicar-la-circulacion-en-la-autovia\\\/\"},\"author\":{\"name\":\"Cope Alcoy\",\"@id\":\"https:\\\/\\\/www.copealcoy.es\\\/es\\\/#\\\/schema\\\/person\\\/e777c87fa024e57d40170af9df39882c\"},\"headline\":\"La nieve vuelve a complicar la circulaci\u00f3n en la Autov\u00eda\",\"datePublished\":\"2017-03-13T07:34:46+00:00\",\"dateModified\":\"2017-03-13T16:36:42+00:00\",\"mainEntityOfPage\":{\"@id\":\"https:\\\/\\\/www.copealcoy.es\\\/es\\\/la-nieve-vuelve-a-complicar-la-circulacion-en-la-autovia\\\/\"},\"wordCount\":155,\"commentCount\":0,\"image\":{\"@id\":\"https:\\\/\\\/www.copealcoy.es\\\/es\\\/la-nieve-vuelve-a-complicar-la-circulacion-en-la-autovia\\\/#primaryimage\"},\"thumbnailUrl\":\"https:\\\/\\\/www.copealcoy.es\\\/wp-content\\\/uploads\\\/2017\\\/03\\\/C6x1iP1WgAEBwJ6-e1489390073595.jpg\",\"keywords\":[\"A7\",\"Alcoy\",\"Autov\u00eda\",\"Cocentaina\",\"luvia\",\"Muro\",\"Nieve\"],\"articleSection\":[\"Alcoy\",\"Noticias\",\"Portada\"],\"inLanguage\":\"es\"},{\"@type\":\"WebPage\",\"@id\":\"https:\\\/\\\/www.copealcoy.es\\\/es\\\/la-nieve-vuelve-a-complicar-la-circulacion-en-la-autovia\\\/\",\"url\":\"https:\\\/\\\/www.copealcoy.es\\\/es\\\/la-nieve-vuelve-a-complicar-la-circulacion-en-la-autovia\\\/\",\"name\":\"La nieve vuelve a complicar la circulaci\u00f3n en la Autov\u00eda - COPE Alcoy\",\"isPartOf\":{\"@id\":\"https:\\\/\\\/www.copealcoy.es\\\/es\\\/#website\"},\"primaryImageOfPage\":{\"@id\":\"https:\\\/\\\/www.copealcoy.es\\\/es\\\/la-nieve-vuelve-a-complicar-la-circulacion-en-la-autovia\\\/#primaryimage\"},\"image\":{\"@id\":\"https:\\\/\\\/www.copealcoy.es\\\/es\\\/la-nieve-vuelve-a-complicar-la-circulacion-en-la-autovia\\\/#primaryimage\"},\"thumbnailUrl\":\"https:\\\/\\\/www.copealcoy.es\\\/wp-content\\\/uploads\\\/2017\\\/03\\\/C6x1iP1WgAEBwJ6-e1489390073595.jpg\",\"datePublished\":\"2017-03-13T07:34:46+00:00\",\"dateModified\":\"2017-03-13T16:36:42+00:00\",\"author\":{\"@id\":\"https:\\\/\\\/www.copealcoy.es\\\/es\\\/#\\\/schema\\\/person\\\/e777c87fa024e57d40170af9df39882c\"},\"breadcrumb\":{\"@id\":\"https:\\\/\\\/www.copealcoy.es\\\/es\\\/la-nieve-vuelve-a-complicar-la-circulacion-en-la-autovia\\\/#breadcrumb\"},\"inLanguage\":\"es\",\"potentialAction\":[{\"@type\":\"ReadAction\",\"target\":[\"https:\\\/\\\/www.copealcoy.es\\\/es\\\/la-nieve-vuelve-a-complicar-la-circulacion-en-la-autovia\\\/\"]}]},{\"@type\":\"ImageObject\",\"inLanguage\":\"es\",\"@id\":\"https:\\\/\\\/www.copealcoy.es\\\/es\\\/la-nieve-vuelve-a-complicar-la-circulacion-en-la-autovia\\\/#primaryimage\",\"url\":\"https:\\\/\\\/www.copealcoy.es\\\/wp-content\\\/uploads\\\/2017\\\/03\\\/C6x1iP1WgAEBwJ6-e1489390073595.jpg\",\"contentUrl\":\"https:\\\/\\\/www.copealcoy.es\\\/wp-content\\\/uploads\\\/2017\\\/03\\\/C6x1iP1WgAEBwJ6-e1489390073595.jpg\",\"width\":900,\"height\":552},{\"@type\":\"BreadcrumbList\",\"@id\":\"https:\\\/\\\/www.copealcoy.es\\\/es\\\/la-nieve-vuelve-a-complicar-la-circulacion-en-la-autovia\\\/#breadcrumb\",\"itemListElement\":[{\"@type\":\"ListItem\",\"position\":1,\"name\":\"Portada\",\"item\":\"https:\\\/\\\/www.copealcoy.es\\\/es\\\/\"},{\"@type\":\"ListItem\",\"position\":2,\"name\":\"La nieve vuelve a complicar la circulaci\u00f3n en la Autov\u00eda\"}]},{\"@type\":\"WebSite\",\"@id\":\"https:\\\/\\\/www.copealcoy.es\\\/es\\\/#website\",\"url\":\"https:\\\/\\\/www.copealcoy.es\\\/es\\\/\",\"name\":\"COPE Alcoy\",\"description\":\"Emisora COPE de radio local con emisi\u00f3n online. Pont de Sant Jordi 8-10 03803 Alcoy\",\"potentialAction\":[{\"@type\":\"SearchAction\",\"target\":{\"@type\":\"EntryPoint\",\"urlTemplate\":\"https:\\\/\\\/www.copealcoy.es\\\/es\\\/?s={search_term_string}\"},\"query-input\":{\"@type\":\"PropertyValueSpecification\",\"valueRequired\":true,\"valueName\":\"search_term_string\"}}],\"inLanguage\":\"es\"},{\"@type\":\"Person\",\"@id\":\"https:\\\/\\\/www.copealcoy.es\\\/es\\\/#\\\/schema\\\/person\\\/e777c87fa024e57d40170af9df39882c\",\"name\":\"Cope Alcoy\",\"image\":{\"@type\":\"ImageObject\",\"inLanguage\":\"es\",\"@id\":\"https:\\\/\\\/secure.gravatar.com\\\/avatar\\\/bb65d0283347e303893ba14f0692005417c1e0e690a325a4c5d8bb2b3943ee14?s=96&d=mm&r=g\",\"url\":\"https:\\\/\\\/secure.gravatar.com\\\/avatar\\\/bb65d0283347e303893ba14f0692005417c1e0e690a325a4c5d8bb2b3943ee14?s=96&d=mm&r=g\",\"contentUrl\":\"https:\\\/\\\/secure.gravatar.com\\\/avatar\\\/bb65d0283347e303893ba14f0692005417c1e0e690a325a4c5d8bb2b3943ee14?s=96&d=mm&r=g\",\"caption\":\"Cope Alcoy\"}}]}<\/script>\n<!-- \/ Yoast SEO plugin. -->","yoast_head_json":{"title":"La nieve vuelve a complicar la circulaci\u00f3n en la Autov\u00eda - COPE Alcoy","robots":{"index":"index","follow":"follow","max-snippet":"max-snippet:-1","max-image-preview":"max-image-preview:large","max-video-preview":"max-video-preview:-1"},"canonical":"https:\/\/www.copealcoy.es\/es\/la-nieve-vuelve-a-complicar-la-circulacion-en-la-autovia\/","og_locale":"es_ES","og_type":"article","og_title":"La nieve vuelve a complicar la circulaci\u00f3n en la Autov\u00eda - COPE Alcoy","og_description":"La nieve ha vuelto a visitar las comarcas del Comtat y de l\u00b4Alcoi\u00e0 y durante la madrugada los copos han...","og_url":"https:\/\/www.copealcoy.es\/es\/la-nieve-vuelve-a-complicar-la-circulacion-en-la-autovia\/","og_site_name":"COPE Alcoy","article_published_time":"2017-03-13T07:34:46+00:00","article_modified_time":"2017-03-13T16:36:42+00:00","og_image":[{"width":900,"height":552,"url":"https:\/\/www.copealcoy.es\/wp-content\/uploads\/2017\/03\/C6x1iP1WgAEBwJ6-e1489390073595.jpg","type":"image\/jpeg"}],"author":"Cope Alcoy","twitter_misc":{"Escrito por":"Cope Alcoy","Tiempo de lectura":"1 minuto"},"schema":{"@context":"https:\/\/schema.org","@graph":[{"@type":"Article","@id":"https:\/\/www.copealcoy.es\/es\/la-nieve-vuelve-a-complicar-la-circulacion-en-la-autovia\/#article","isPartOf":{"@id":"https:\/\/www.copealcoy.es\/es\/la-nieve-vuelve-a-complicar-la-circulacion-en-la-autovia\/"},"author":{"name":"Cope Alcoy","@id":"https:\/\/www.copealcoy.es\/es\/#\/schema\/person\/e777c87fa024e57d40170af9df39882c"},"headline":"La nieve vuelve a complicar la circulaci\u00f3n en la Autov\u00eda","datePublished":"2017-03-13T07:34:46+00:00","dateModified":"2017-03-13T16:36:42+00:00","mainEntityOfPage":{"@id":"https:\/\/www.copealcoy.es\/es\/la-nieve-vuelve-a-complicar-la-circulacion-en-la-autovia\/"},"wordCount":155,"commentCount":0,"image":{"@id":"https:\/\/www.copealcoy.es\/es\/la-nieve-vuelve-a-complicar-la-circulacion-en-la-autovia\/#primaryimage"},"thumbnailUrl":"https:\/\/www.copealcoy.es\/wp-content\/uploads\/2017\/03\/C6x1iP1WgAEBwJ6-e1489390073595.jpg","keywords":["A7","Alcoy","Autov\u00eda","Cocentaina","luvia","Muro","Nieve"],"articleSection":["Alcoy","Noticias","Portada"],"inLanguage":"es"},{"@type":"WebPage","@id":"https:\/\/www.copealcoy.es\/es\/la-nieve-vuelve-a-complicar-la-circulacion-en-la-autovia\/","url":"https:\/\/www.copealcoy.es\/es\/la-nieve-vuelve-a-complicar-la-circulacion-en-la-autovia\/","name":"La nieve vuelve a complicar la circulaci\u00f3n en la Autov\u00eda - COPE Alcoy","isPartOf":{"@id":"https:\/\/www.copealcoy.es\/es\/#website"},"primaryImageOfPage":{"@id":"https:\/\/www.copealcoy.es\/es\/la-nieve-vuelve-a-complicar-la-circulacion-en-la-autovia\/#primaryimage"},"image":{"@id":"https:\/\/www.copealcoy.es\/es\/la-nieve-vuelve-a-complicar-la-circulacion-en-la-autovia\/#primaryimage"},"thumbnailUrl":"https:\/\/www.copealcoy.es\/wp-content\/uploads\/2017\/03\/C6x1iP1WgAEBwJ6-e1489390073595.jpg","datePublished":"2017-03-13T07:34:46+00:00","dateModified":"2017-03-13T16:36:42+00:00","author":{"@id":"https:\/\/www.copealcoy.es\/es\/#\/schema\/person\/e777c87fa024e57d40170af9df39882c"},"breadcrumb":{"@id":"https:\/\/www.copealcoy.es\/es\/la-nieve-vuelve-a-complicar-la-circulacion-en-la-autovia\/#breadcrumb"},"inLanguage":"es","potentialAction":[{"@type":"ReadAction","target":["https:\/\/www.copealcoy.es\/es\/la-nieve-vuelve-a-complicar-la-circulacion-en-la-autovia\/"]}]},{"@type":"ImageObject","inLanguage":"es","@id":"https:\/\/www.copealcoy.es\/es\/la-nieve-vuelve-a-complicar-la-circulacion-en-la-autovia\/#primaryimage","url":"https:\/\/www.copealcoy.es\/wp-content\/uploads\/2017\/03\/C6x1iP1WgAEBwJ6-e1489390073595.jpg","contentUrl":"https:\/\/www.copealcoy.es\/wp-content\/uploads\/2017\/03\/C6x1iP1WgAEBwJ6-e1489390073595.jpg","width":900,"height":552},{"@type":"BreadcrumbList","@id":"https:\/\/www.copealcoy.es\/es\/la-nieve-vuelve-a-complicar-la-circulacion-en-la-autovia\/#breadcrumb","itemListElement":[{"@type":"ListItem","position":1,"name":"Portada","item":"https:\/\/www.copealcoy.es\/es\/"},{"@type":"ListItem","position":2,"name":"La nieve vuelve a complicar la circulaci\u00f3n en la Autov\u00eda"}]},{"@type":"WebSite","@id":"https:\/\/www.copealcoy.es\/es\/#website","url":"https:\/\/www.copealcoy.es\/es\/","name":"COPE Alcoy","description":"Emisora COPE de radio local con emisi\u00f3n online. Pont de Sant Jordi 8-10 03803 Alcoy","potentialAction":[{"@type":"SearchAction","target":{"@type":"EntryPoint","urlTemplate":"https:\/\/www.copealcoy.es\/es\/?s={search_term_string}"},"query-input":{"@type":"PropertyValueSpecification","valueRequired":true,"valueName":"search_term_string"}}],"inLanguage":"es"},{"@type":"Person","@id":"https:\/\/www.copealcoy.es\/es\/#\/schema\/person\/e777c87fa024e57d40170af9df39882c","name":"Cope Alcoy","image":{"@type":"ImageObject","inLanguage":"es","@id":"https:\/\/secure.gravatar.com\/avatar\/bb65d0283347e303893ba14f0692005417c1e0e690a325a4c5d8bb2b3943ee14?s=96&d=mm&r=g","url":"https:\/\/secure.gravatar.com\/avatar\/bb65d0283347e303893ba14f0692005417c1e0e690a325a4c5d8bb2b3943ee14?s=96&d=mm&r=g","contentUrl":"https:\/\/secure.gravatar.com\/avatar\/bb65d0283347e303893ba14f0692005417c1e0e690a325a4c5d8bb2b3943ee14?s=96&d=mm&r=g","caption":"Cope Alcoy"}}]}},"_links":{"self":[{"href":"https:\/\/www.copealcoy.es\/es\/wp-json\/wp\/v2\/posts\/29654","targetHints":{"allow":["GET"]}}],"collection":[{"href":"https:\/\/www.copealcoy.es\/es\/wp-json\/wp\/v2\/posts"}],"about":[{"href":"https:\/\/www.copealcoy.es\/es\/wp-json\/wp\/v2\/types\/post"}],"author":[{"embeddable":true,"href":"https:\/\/www.copealcoy.es\/es\/wp-json\/wp\/v2\/users\/1"}],"replies":[{"embeddable":true,"href":"https:\/\/www.copealcoy.es\/es\/wp-json\/wp\/v2\/comments?post=29654"}],"version-history":[{"count":0,"href":"https:\/\/www.copealcoy.es\/es\/wp-json\/wp\/v2\/posts\/29654\/revisions"}],"wp:featuredmedia":[{"embeddable":true,"href":"https:\/\/www.copealcoy.es\/es\/wp-json\/wp\/v2\/media\/29655"}],"wp:attachment":[{"href":"https:\/\/www.copealcoy.es\/es\/wp-json\/wp\/v2\/media?parent=29654"}],"wp:term":[{"taxonomy":"category","embeddable":true,"href":"https:\/\/www.copealcoy.es\/es\/wp-json\/wp\/v2\/categories?post=29654"},{"taxonomy":"post_tag","embeddable":true,"href":"https:\/\/www.copealcoy.es\/es\/wp-json\/wp\/v2\/tags?post=29654"}],"curies":[{"name":"wp","href":"https:\/\/api.w.org\/{rel}","templated":true}]}}