{"id":29612,"date":"2017-03-11T08:49:40","date_gmt":"2017-03-11T08:49:40","guid":{"rendered":"http:\/\/copealcoi.es\/new\/?p=29612"},"modified":"2017-03-11T09:05:32","modified_gmt":"2017-03-11T09:05:32","slug":"benilloba-estrena-aula-universitaria-la-casa-del-metge","status":"publish","type":"post","link":"https:\/\/www.copealcoy.es\/es\/benilloba-estrena-aula-universitaria-la-casa-del-metge\/","title":{"rendered":"Benilloba estrena Aula Universitaria en la Casa del Metge"},"content":{"rendered":"<p style=\"text-align: justify;\">Benilloba cuenta desde ayer con <strong>una\u00a0Aula Universitaria<\/strong>, perteneciente a la Universidad de Alicante, que se ubica <strong>en la conocida &#8216;Casa del Metge&#8217;<\/strong> y que permitir\u00e1 a la poblaci\u00f3n<strong> llevar a cabo varias actividades<\/strong> as\u00ed como <strong>numerosos proyectos<\/strong> en el \u00e1mbito de la formaci\u00f3n, la cultura y la investigaci\u00f3n.<\/p>\n<p style=\"text-align: justify;\">El\u00a0acto de inauguraci\u00f3n incluy\u00f3 <strong>el descubrimiento de una Placa Conmemorativa<\/strong> a las puertas del inmueble y al mismo asistieron el\u00a0rector de la Universidad de Alicante, <strong>Manuel Palomar<\/strong>; los vicerrectores de Cultura, Esports i Lleng\u00fces y de Campus i Sostenibilitat, <strong>Carles Cort\u00e9s y Rafael Mu\u00f1oz<\/strong>; \u00a0la secretaria general de la UA, <strong>Esther Algarra<\/strong>; el director general de Responsabilitat Social i Foment de l\u2019Autogovern, <strong>Josep Ochoa<\/strong>; al primer teniente de alcalde de Biar, <strong>Joan Llu\u00eds Escoda<\/strong>; el concejal\u00a0del Ayuntamiento de Cocentaina, <strong>Jordi Pla<\/strong>; y la directora del secretariado responsable de las aulas universitarias de la UA, <strong>Mar Iglesias<\/strong>, entre\u00a0otros.<\/p>\n<p style=\"text-align: justify;\">La alcaldesa de Benilloba, <strong>Anna Delia Gisbert<\/strong>, aplaudi\u00f3 esta nueva andadura de la UA en el municipio y destac\u00f3 que <strong>los principales beneficiarios ser\u00e1n los vecinos de la poblaci\u00f3n<\/strong> &#8220;<em>a\u00a0lo largo del tiempo que hace que el Aula Universitaria de Benilloba se cre\u00f3 han sido muchas las actividades que se han llevado a cabo en nuestro municipio, principalmente culturales &#8211; obras de teatro, un ciclo de cine, m\u00fasica y presentaciones de libros-. Una intensa producci\u00f3n que contin\u00faa y que este a\u00f1o a\u00fan nos llevar\u00e1 m\u00e1s propuestas. De momento dos representaciones teatrales, la Coral universitaria y un curso de Pilota Valenciana entre otros proyectos en los que estamos trabajando<\/em>&#8220;, se\u00f1al\u00f3.<\/p>\n<p style=\"text-align: justify;\">Por su parte el rector de la UA, <strong>Manuel Palomar<\/strong>, <strong>expres\u00f3 su agradecimiento<\/strong> al Ayuntamiento y a la alcaldesa por &#8220;<em>todas las facilidades para llevar adelante este proyecto de ampliar la presencia de la Universidad de Alicante en el Comtat<\/em>&#8221;\u00a0y destac\u00f3 que &#8220;<em>las instituciones p\u00fablicas nos debemos a la sociedad a la que servimos. Por este motivo necesitamos aglutinar sinergias y esta es la raz\u00f3n por la que la Universidad que presido est\u00e1 trabajando en su extensi\u00f3n por el territorio para volver a la ciudadan\u00eda todo lo que la sociedad invierte en nosotros<\/em>&#8220;, concluy\u00f3.<\/p>\n<p style=\"text-align: justify;\">Los asistentes <strong>recorrieron tambi\u00e9n algunas de las instalaciones que ofrece el pueblo<\/strong> para las actividades de la Universidad de Alicante y tuvieron oportunidad de conocer <strong>la\u00a0colecci\u00f3n de m\u00e1quinas textiles del siglo XIX<\/strong> \u00a0de Josep Juli\u00e0 \u00a0y Mari\u00e0 Catal\u00e0 as\u00ed como <strong>la presentaci\u00f3n del proyecto\u00a0Sendero de Gran Recorrido<\/strong>, a cargo de Juan Francisco P\u00e9rez,\u00a0en el que Benilloba est\u00e1 incluido.<\/p>\n<p>&nbsp;<\/p>\n","protected":false},"excerpt":{"rendered":"<p>Benilloba cuenta desde ayer con una\u00a0Aula Universitaria, perteneciente a la Universidad de Alicante, que se ubica en la conocida &#8216;Casa&#8230;<\/p>\n","protected":false},"author":1,"featured_media":29613,"comment_status":"open","ping_status":"open","sticky":false,"template":"","format":"standard","meta":{"footnotes":""},"categories":[98,75],"tags":[2207,3819,661,2019,1640],"class_list":["post-29612","post","type-post","status-publish","format-standard","has-post-thumbnail","hentry","category-comarcas","category-noticias","tag-anna-delia-gisbert","tag-aula-universitaria","tag-benilloba","tag-manuel-palomar","tag-universidad-de-alicante"],"yoast_head":"<!-- This site is optimized with the Yoast SEO plugin v27.3 - https:\/\/yoast.com\/product\/yoast-seo-wordpress\/ -->\n<title>Benilloba estrena Aula Universitaria en la Casa del Metge - COPE Alcoy<\/title>\n<meta name=\"robots\" content=\"index, follow, max-snippet:-1, max-image-preview:large, max-video-preview:-1\" \/>\n<link rel=\"canonical\" href=\"https:\/\/www.copealcoy.es\/es\/benilloba-estrena-aula-universitaria-la-casa-del-metge\/\" \/>\n<meta property=\"og:locale\" content=\"es_ES\" \/>\n<meta property=\"og:type\" content=\"article\" \/>\n<meta property=\"og:title\" content=\"Benilloba estrena Aula Universitaria en la Casa del Metge - COPE Alcoy\" \/>\n<meta property=\"og:description\" content=\"Benilloba cuenta desde ayer con una\u00a0Aula Universitaria, perteneciente a la Universidad de Alicante, que se ubica en la conocida &#8216;Casa...\" \/>\n<meta property=\"og:url\" content=\"https:\/\/www.copealcoy.es\/es\/benilloba-estrena-aula-universitaria-la-casa-del-metge\/\" \/>\n<meta property=\"og:site_name\" content=\"COPE Alcoy\" \/>\n<meta property=\"article:published_time\" content=\"2017-03-11T08:49:40+00:00\" \/>\n<meta property=\"article:modified_time\" content=\"2017-03-11T09:05:32+00:00\" \/>\n<meta property=\"og:image\" content=\"https:\/\/www.copealcoy.es\/wp-content\/uploads\/2017\/03\/IMG_8751.jpg\" \/>\n\t<meta property=\"og:image:width\" content=\"1920\" \/>\n\t<meta property=\"og:image:height\" content=\"1280\" \/>\n\t<meta property=\"og:image:type\" content=\"image\/jpeg\" \/>\n<meta name=\"author\" content=\"Cope Alcoy\" \/>\n<meta name=\"twitter:label1\" content=\"Escrito por\" \/>\n\t<meta name=\"twitter:data1\" content=\"Cope Alcoy\" \/>\n\t<meta name=\"twitter:label2\" content=\"Tiempo de lectura\" \/>\n\t<meta name=\"twitter:data2\" content=\"2 minutos\" \/>\n<script type=\"application\/ld+json\" class=\"yoast-schema-graph\">{\"@context\":\"https:\\\/\\\/schema.org\",\"@graph\":[{\"@type\":\"Article\",\"@id\":\"https:\\\/\\\/www.copealcoy.es\\\/es\\\/benilloba-estrena-aula-universitaria-la-casa-del-metge\\\/#article\",\"isPartOf\":{\"@id\":\"https:\\\/\\\/www.copealcoy.es\\\/es\\\/benilloba-estrena-aula-universitaria-la-casa-del-metge\\\/\"},\"author\":{\"name\":\"Cope Alcoy\",\"@id\":\"https:\\\/\\\/www.copealcoy.es\\\/es\\\/#\\\/schema\\\/person\\\/e777c87fa024e57d40170af9df39882c\"},\"headline\":\"Benilloba estrena Aula Universitaria en la Casa del Metge\",\"datePublished\":\"2017-03-11T08:49:40+00:00\",\"dateModified\":\"2017-03-11T09:05:32+00:00\",\"mainEntityOfPage\":{\"@id\":\"https:\\\/\\\/www.copealcoy.es\\\/es\\\/benilloba-estrena-aula-universitaria-la-casa-del-metge\\\/\"},\"wordCount\":453,\"commentCount\":0,\"image\":{\"@id\":\"https:\\\/\\\/www.copealcoy.es\\\/es\\\/benilloba-estrena-aula-universitaria-la-casa-del-metge\\\/#primaryimage\"},\"thumbnailUrl\":\"https:\\\/\\\/www.copealcoy.es\\\/wp-content\\\/uploads\\\/2017\\\/03\\\/IMG_8751.jpg\",\"keywords\":[\"Anna Delia Gisbert\",\"Aula Universitaria\",\"Benilloba\",\"Manuel Palomar\",\"Universidad de Alicante\"],\"articleSection\":[\"Comarcas\",\"Noticias\"],\"inLanguage\":\"es\"},{\"@type\":\"WebPage\",\"@id\":\"https:\\\/\\\/www.copealcoy.es\\\/es\\\/benilloba-estrena-aula-universitaria-la-casa-del-metge\\\/\",\"url\":\"https:\\\/\\\/www.copealcoy.es\\\/es\\\/benilloba-estrena-aula-universitaria-la-casa-del-metge\\\/\",\"name\":\"Benilloba estrena Aula Universitaria en la Casa del Metge - COPE Alcoy\",\"isPartOf\":{\"@id\":\"https:\\\/\\\/www.copealcoy.es\\\/es\\\/#website\"},\"primaryImageOfPage\":{\"@id\":\"https:\\\/\\\/www.copealcoy.es\\\/es\\\/benilloba-estrena-aula-universitaria-la-casa-del-metge\\\/#primaryimage\"},\"image\":{\"@id\":\"https:\\\/\\\/www.copealcoy.es\\\/es\\\/benilloba-estrena-aula-universitaria-la-casa-del-metge\\\/#primaryimage\"},\"thumbnailUrl\":\"https:\\\/\\\/www.copealcoy.es\\\/wp-content\\\/uploads\\\/2017\\\/03\\\/IMG_8751.jpg\",\"datePublished\":\"2017-03-11T08:49:40+00:00\",\"dateModified\":\"2017-03-11T09:05:32+00:00\",\"author\":{\"@id\":\"https:\\\/\\\/www.copealcoy.es\\\/es\\\/#\\\/schema\\\/person\\\/e777c87fa024e57d40170af9df39882c\"},\"breadcrumb\":{\"@id\":\"https:\\\/\\\/www.copealcoy.es\\\/es\\\/benilloba-estrena-aula-universitaria-la-casa-del-metge\\\/#breadcrumb\"},\"inLanguage\":\"es\",\"potentialAction\":[{\"@type\":\"ReadAction\",\"target\":[\"https:\\\/\\\/www.copealcoy.es\\\/es\\\/benilloba-estrena-aula-universitaria-la-casa-del-metge\\\/\"]}]},{\"@type\":\"ImageObject\",\"inLanguage\":\"es\",\"@id\":\"https:\\\/\\\/www.copealcoy.es\\\/es\\\/benilloba-estrena-aula-universitaria-la-casa-del-metge\\\/#primaryimage\",\"url\":\"https:\\\/\\\/www.copealcoy.es\\\/wp-content\\\/uploads\\\/2017\\\/03\\\/IMG_8751.jpg\",\"contentUrl\":\"https:\\\/\\\/www.copealcoy.es\\\/wp-content\\\/uploads\\\/2017\\\/03\\\/IMG_8751.jpg\",\"width\":1920,\"height\":1280},{\"@type\":\"BreadcrumbList\",\"@id\":\"https:\\\/\\\/www.copealcoy.es\\\/es\\\/benilloba-estrena-aula-universitaria-la-casa-del-metge\\\/#breadcrumb\",\"itemListElement\":[{\"@type\":\"ListItem\",\"position\":1,\"name\":\"Portada\",\"item\":\"https:\\\/\\\/www.copealcoy.es\\\/es\\\/\"},{\"@type\":\"ListItem\",\"position\":2,\"name\":\"Benilloba estrena Aula Universitaria en la Casa del Metge\"}]},{\"@type\":\"WebSite\",\"@id\":\"https:\\\/\\\/www.copealcoy.es\\\/es\\\/#website\",\"url\":\"https:\\\/\\\/www.copealcoy.es\\\/es\\\/\",\"name\":\"COPE Alcoy\",\"description\":\"Emisora COPE de radio local con emisi\u00f3n online. Pont de Sant Jordi 8-10 03803 Alcoy\",\"potentialAction\":[{\"@type\":\"SearchAction\",\"target\":{\"@type\":\"EntryPoint\",\"urlTemplate\":\"https:\\\/\\\/www.copealcoy.es\\\/es\\\/?s={search_term_string}\"},\"query-input\":{\"@type\":\"PropertyValueSpecification\",\"valueRequired\":true,\"valueName\":\"search_term_string\"}}],\"inLanguage\":\"es\"},{\"@type\":\"Person\",\"@id\":\"https:\\\/\\\/www.copealcoy.es\\\/es\\\/#\\\/schema\\\/person\\\/e777c87fa024e57d40170af9df39882c\",\"name\":\"Cope Alcoy\",\"image\":{\"@type\":\"ImageObject\",\"inLanguage\":\"es\",\"@id\":\"https:\\\/\\\/secure.gravatar.com\\\/avatar\\\/bb65d0283347e303893ba14f0692005417c1e0e690a325a4c5d8bb2b3943ee14?s=96&d=mm&r=g\",\"url\":\"https:\\\/\\\/secure.gravatar.com\\\/avatar\\\/bb65d0283347e303893ba14f0692005417c1e0e690a325a4c5d8bb2b3943ee14?s=96&d=mm&r=g\",\"contentUrl\":\"https:\\\/\\\/secure.gravatar.com\\\/avatar\\\/bb65d0283347e303893ba14f0692005417c1e0e690a325a4c5d8bb2b3943ee14?s=96&d=mm&r=g\",\"caption\":\"Cope Alcoy\"}}]}<\/script>\n<!-- \/ Yoast SEO plugin. -->","yoast_head_json":{"title":"Benilloba estrena Aula Universitaria en la Casa del Metge - COPE Alcoy","robots":{"index":"index","follow":"follow","max-snippet":"max-snippet:-1","max-image-preview":"max-image-preview:large","max-video-preview":"max-video-preview:-1"},"canonical":"https:\/\/www.copealcoy.es\/es\/benilloba-estrena-aula-universitaria-la-casa-del-metge\/","og_locale":"es_ES","og_type":"article","og_title":"Benilloba estrena Aula Universitaria en la Casa del Metge - COPE Alcoy","og_description":"Benilloba cuenta desde ayer con una\u00a0Aula Universitaria, perteneciente a la Universidad de Alicante, que se ubica en la conocida &#8216;Casa...","og_url":"https:\/\/www.copealcoy.es\/es\/benilloba-estrena-aula-universitaria-la-casa-del-metge\/","og_site_name":"COPE Alcoy","article_published_time":"2017-03-11T08:49:40+00:00","article_modified_time":"2017-03-11T09:05:32+00:00","og_image":[{"width":1920,"height":1280,"url":"https:\/\/www.copealcoy.es\/wp-content\/uploads\/2017\/03\/IMG_8751.jpg","type":"image\/jpeg"}],"author":"Cope Alcoy","twitter_misc":{"Escrito por":"Cope Alcoy","Tiempo de lectura":"2 minutos"},"schema":{"@context":"https:\/\/schema.org","@graph":[{"@type":"Article","@id":"https:\/\/www.copealcoy.es\/es\/benilloba-estrena-aula-universitaria-la-casa-del-metge\/#article","isPartOf":{"@id":"https:\/\/www.copealcoy.es\/es\/benilloba-estrena-aula-universitaria-la-casa-del-metge\/"},"author":{"name":"Cope Alcoy","@id":"https:\/\/www.copealcoy.es\/es\/#\/schema\/person\/e777c87fa024e57d40170af9df39882c"},"headline":"Benilloba estrena Aula Universitaria en la Casa del Metge","datePublished":"2017-03-11T08:49:40+00:00","dateModified":"2017-03-11T09:05:32+00:00","mainEntityOfPage":{"@id":"https:\/\/www.copealcoy.es\/es\/benilloba-estrena-aula-universitaria-la-casa-del-metge\/"},"wordCount":453,"commentCount":0,"image":{"@id":"https:\/\/www.copealcoy.es\/es\/benilloba-estrena-aula-universitaria-la-casa-del-metge\/#primaryimage"},"thumbnailUrl":"https:\/\/www.copealcoy.es\/wp-content\/uploads\/2017\/03\/IMG_8751.jpg","keywords":["Anna Delia Gisbert","Aula Universitaria","Benilloba","Manuel Palomar","Universidad de Alicante"],"articleSection":["Comarcas","Noticias"],"inLanguage":"es"},{"@type":"WebPage","@id":"https:\/\/www.copealcoy.es\/es\/benilloba-estrena-aula-universitaria-la-casa-del-metge\/","url":"https:\/\/www.copealcoy.es\/es\/benilloba-estrena-aula-universitaria-la-casa-del-metge\/","name":"Benilloba estrena Aula Universitaria en la Casa del Metge - COPE Alcoy","isPartOf":{"@id":"https:\/\/www.copealcoy.es\/es\/#website"},"primaryImageOfPage":{"@id":"https:\/\/www.copealcoy.es\/es\/benilloba-estrena-aula-universitaria-la-casa-del-metge\/#primaryimage"},"image":{"@id":"https:\/\/www.copealcoy.es\/es\/benilloba-estrena-aula-universitaria-la-casa-del-metge\/#primaryimage"},"thumbnailUrl":"https:\/\/www.copealcoy.es\/wp-content\/uploads\/2017\/03\/IMG_8751.jpg","datePublished":"2017-03-11T08:49:40+00:00","dateModified":"2017-03-11T09:05:32+00:00","author":{"@id":"https:\/\/www.copealcoy.es\/es\/#\/schema\/person\/e777c87fa024e57d40170af9df39882c"},"breadcrumb":{"@id":"https:\/\/www.copealcoy.es\/es\/benilloba-estrena-aula-universitaria-la-casa-del-metge\/#breadcrumb"},"inLanguage":"es","potentialAction":[{"@type":"ReadAction","target":["https:\/\/www.copealcoy.es\/es\/benilloba-estrena-aula-universitaria-la-casa-del-metge\/"]}]},{"@type":"ImageObject","inLanguage":"es","@id":"https:\/\/www.copealcoy.es\/es\/benilloba-estrena-aula-universitaria-la-casa-del-metge\/#primaryimage","url":"https:\/\/www.copealcoy.es\/wp-content\/uploads\/2017\/03\/IMG_8751.jpg","contentUrl":"https:\/\/www.copealcoy.es\/wp-content\/uploads\/2017\/03\/IMG_8751.jpg","width":1920,"height":1280},{"@type":"BreadcrumbList","@id":"https:\/\/www.copealcoy.es\/es\/benilloba-estrena-aula-universitaria-la-casa-del-metge\/#breadcrumb","itemListElement":[{"@type":"ListItem","position":1,"name":"Portada","item":"https:\/\/www.copealcoy.es\/es\/"},{"@type":"ListItem","position":2,"name":"Benilloba estrena Aula Universitaria en la Casa del Metge"}]},{"@type":"WebSite","@id":"https:\/\/www.copealcoy.es\/es\/#website","url":"https:\/\/www.copealcoy.es\/es\/","name":"COPE Alcoy","description":"Emisora COPE de radio local con emisi\u00f3n online. Pont de Sant Jordi 8-10 03803 Alcoy","potentialAction":[{"@type":"SearchAction","target":{"@type":"EntryPoint","urlTemplate":"https:\/\/www.copealcoy.es\/es\/?s={search_term_string}"},"query-input":{"@type":"PropertyValueSpecification","valueRequired":true,"valueName":"search_term_string"}}],"inLanguage":"es"},{"@type":"Person","@id":"https:\/\/www.copealcoy.es\/es\/#\/schema\/person\/e777c87fa024e57d40170af9df39882c","name":"Cope Alcoy","image":{"@type":"ImageObject","inLanguage":"es","@id":"https:\/\/secure.gravatar.com\/avatar\/bb65d0283347e303893ba14f0692005417c1e0e690a325a4c5d8bb2b3943ee14?s=96&d=mm&r=g","url":"https:\/\/secure.gravatar.com\/avatar\/bb65d0283347e303893ba14f0692005417c1e0e690a325a4c5d8bb2b3943ee14?s=96&d=mm&r=g","contentUrl":"https:\/\/secure.gravatar.com\/avatar\/bb65d0283347e303893ba14f0692005417c1e0e690a325a4c5d8bb2b3943ee14?s=96&d=mm&r=g","caption":"Cope Alcoy"}}]}},"_links":{"self":[{"href":"https:\/\/www.copealcoy.es\/es\/wp-json\/wp\/v2\/posts\/29612","targetHints":{"allow":["GET"]}}],"collection":[{"href":"https:\/\/www.copealcoy.es\/es\/wp-json\/wp\/v2\/posts"}],"about":[{"href":"https:\/\/www.copealcoy.es\/es\/wp-json\/wp\/v2\/types\/post"}],"author":[{"embeddable":true,"href":"https:\/\/www.copealcoy.es\/es\/wp-json\/wp\/v2\/users\/1"}],"replies":[{"embeddable":true,"href":"https:\/\/www.copealcoy.es\/es\/wp-json\/wp\/v2\/comments?post=29612"}],"version-history":[{"count":0,"href":"https:\/\/www.copealcoy.es\/es\/wp-json\/wp\/v2\/posts\/29612\/revisions"}],"wp:featuredmedia":[{"embeddable":true,"href":"https:\/\/www.copealcoy.es\/es\/wp-json\/wp\/v2\/media\/29613"}],"wp:attachment":[{"href":"https:\/\/www.copealcoy.es\/es\/wp-json\/wp\/v2\/media?parent=29612"}],"wp:term":[{"taxonomy":"category","embeddable":true,"href":"https:\/\/www.copealcoy.es\/es\/wp-json\/wp\/v2\/categories?post=29612"},{"taxonomy":"post_tag","embeddable":true,"href":"https:\/\/www.copealcoy.es\/es\/wp-json\/wp\/v2\/tags?post=29612"}],"curies":[{"name":"wp","href":"https:\/\/api.w.org\/{rel}","templated":true}]}}