{"id":29604,"date":"2017-03-10T17:24:26","date_gmt":"2017-03-10T17:24:26","guid":{"rendered":"http:\/\/copealcoi.es\/new\/?p=29604"},"modified":"2017-03-10T17:29:32","modified_gmt":"2017-03-10T17:29:32","slug":"la-linea-4-del-autobus-urbano-llegara-a-los-nuevos-juzgados","status":"publish","type":"post","link":"https:\/\/www.copealcoy.es\/es\/la-linea-4-del-autobus-urbano-llegara-a-los-nuevos-juzgados\/","title":{"rendered":"La l\u00ednea 4 del autob\u00fas urbano llegar\u00e1 a los nuevos juzgados"},"content":{"rendered":"<p style=\"text-align: justify;\">A partir del pr\u00f3ximo lunes <strong>la l\u00ednea de autob\u00fas n\u00famero 4 del transporte urbano de Alcoy<\/strong> discurrir\u00e1 hasta los nuevos juzgados de la ciudad <strong>con tres parada<\/strong>s en las proximidades del Palacio de Justicia ubicado en la <strong>Placeta de la Mare de D\u00e9u<\/strong>. La puesta en marcha de este servicio <strong>coincidir\u00e1 con el d\u00eda oficial de inicio de la actividad<\/strong> en esta sede judicial.<\/p>\n<p style=\"text-align: justify;\">De esta forma la citada l\u00ednea tendr\u00e1 <strong>de 7 de la ma\u00f1ana a las 15.15 horas<\/strong>, de lunes a viernes, tres paradas nuevas. Una en la calle <strong>Pintor Casanova<\/strong> a la altura del num 34; la otra, en la <strong>Placeta de la Mare de D\u00e9u<\/strong> y otra, en <strong>San Blas<\/strong> 3. La l\u00ednea 4 despu\u00e9s de la parada de la Plaza Espa\u00f1a <strong>ampliar\u00e1 su recorrido<\/strong> por Pintor Casanova (la calle donde est\u00e1 situado el colegio Carmelitas) hasta la calle Verge Mar\u00eda, Mossen Rafel del Ave Mar\u00eda, volver por San Miguel, calle Carmen, San Blas y Santo Tom\u00e1s hasta la calle San Lorenzo, para continuar el itinerario habitual. A partir de las 15:15, la l\u00ednea 4 <strong>realizar\u00e1 el itinerario que ven\u00eda llevando a cabo\u00a0hasta ahora<\/strong>.<\/p>\n<p style=\"text-align: justify;\">El nuevo Palacio Judicial, que ya ha empezado a funcionar esta semana a medio gas, <strong>alberga los cuatro juzgados de Alcoy as\u00ed como varios servicios de la Conseller\u00eda de Justicia<\/strong>. En los alrededores <strong>se han habilitado aparcamientos<\/strong> para m\u00e1s de 200 veh\u00edculos y <strong>se han delimitado plazas<\/strong> para los trabajadores de estas instalaciones.<\/p>\n","protected":false},"excerpt":{"rendered":"<p>A partir del pr\u00f3ximo lunes la l\u00ednea de autob\u00fas n\u00famero 4 del transporte urbano de Alcoy discurrir\u00e1 hasta los nuevos&#8230;<\/p>\n","protected":false},"author":1,"featured_media":27681,"comment_status":"open","ping_status":"open","sticky":false,"template":"","format":"standard","meta":{"footnotes":""},"categories":[97,75,125],"tags":[1494,1982,3818,3773,959,1883],"class_list":["post-29604","post","type-post","status-publish","format-standard","has-post-thumbnail","hentry","category-alcoy","category-noticias","category-portada","tag-alcoy","tag-autobus-urbano","tag-linea-4","tag-nuevos-juzgados","tag-palacio-de-justicia","tag-verge-maria"],"yoast_head":"<!-- This site is optimized with the Yoast SEO plugin v27.3 - https:\/\/yoast.com\/product\/yoast-seo-wordpress\/ -->\n<title>La l\u00ednea 4 del autob\u00fas urbano llegar\u00e1 a los nuevos juzgados - COPE Alcoy<\/title>\n<meta name=\"robots\" content=\"index, follow, max-snippet:-1, max-image-preview:large, max-video-preview:-1\" \/>\n<link rel=\"canonical\" href=\"https:\/\/www.copealcoy.es\/es\/la-linea-4-del-autobus-urbano-llegara-a-los-nuevos-juzgados\/\" \/>\n<meta property=\"og:locale\" content=\"es_ES\" \/>\n<meta property=\"og:type\" content=\"article\" \/>\n<meta property=\"og:title\" content=\"La l\u00ednea 4 del autob\u00fas urbano llegar\u00e1 a los nuevos juzgados - COPE Alcoy\" \/>\n<meta property=\"og:description\" content=\"A partir del pr\u00f3ximo lunes la l\u00ednea de autob\u00fas n\u00famero 4 del transporte urbano de Alcoy discurrir\u00e1 hasta los nuevos...\" \/>\n<meta property=\"og:url\" content=\"https:\/\/www.copealcoy.es\/es\/la-linea-4-del-autobus-urbano-llegara-a-los-nuevos-juzgados\/\" \/>\n<meta property=\"og:site_name\" content=\"COPE Alcoy\" \/>\n<meta property=\"article:published_time\" content=\"2017-03-10T17:24:26+00:00\" \/>\n<meta property=\"article:modified_time\" content=\"2017-03-10T17:29:32+00:00\" \/>\n<meta property=\"og:image\" content=\"https:\/\/www.copealcoy.es\/wp-content\/uploads\/2017\/01\/6e4f575976eee12b8661cbb0bc6082cb.jpg\" \/>\n\t<meta property=\"og:image:width\" content=\"640\" \/>\n\t<meta property=\"og:image:height\" content=\"357\" \/>\n\t<meta property=\"og:image:type\" content=\"image\/jpeg\" \/>\n<meta name=\"author\" content=\"Cope Alcoy\" \/>\n<meta name=\"twitter:label1\" content=\"Escrito por\" \/>\n\t<meta name=\"twitter:data1\" content=\"Cope Alcoy\" \/>\n\t<meta name=\"twitter:label2\" content=\"Tiempo de lectura\" \/>\n\t<meta name=\"twitter:data2\" content=\"1 minuto\" \/>\n<script type=\"application\/ld+json\" class=\"yoast-schema-graph\">{\"@context\":\"https:\\\/\\\/schema.org\",\"@graph\":[{\"@type\":\"Article\",\"@id\":\"https:\\\/\\\/www.copealcoy.es\\\/es\\\/la-linea-4-del-autobus-urbano-llegara-a-los-nuevos-juzgados\\\/#article\",\"isPartOf\":{\"@id\":\"https:\\\/\\\/www.copealcoy.es\\\/es\\\/la-linea-4-del-autobus-urbano-llegara-a-los-nuevos-juzgados\\\/\"},\"author\":{\"name\":\"Cope Alcoy\",\"@id\":\"https:\\\/\\\/www.copealcoy.es\\\/es\\\/#\\\/schema\\\/person\\\/e777c87fa024e57d40170af9df39882c\"},\"headline\":\"La l\u00ednea 4 del autob\u00fas urbano llegar\u00e1 a los nuevos juzgados\",\"datePublished\":\"2017-03-10T17:24:26+00:00\",\"dateModified\":\"2017-03-10T17:29:32+00:00\",\"mainEntityOfPage\":{\"@id\":\"https:\\\/\\\/www.copealcoy.es\\\/es\\\/la-linea-4-del-autobus-urbano-llegara-a-los-nuevos-juzgados\\\/\"},\"wordCount\":265,\"commentCount\":0,\"image\":{\"@id\":\"https:\\\/\\\/www.copealcoy.es\\\/es\\\/la-linea-4-del-autobus-urbano-llegara-a-los-nuevos-juzgados\\\/#primaryimage\"},\"thumbnailUrl\":\"https:\\\/\\\/www.copealcoy.es\\\/wp-content\\\/uploads\\\/2017\\\/01\\\/6e4f575976eee12b8661cbb0bc6082cb.jpg\",\"keywords\":[\"Alcoy\",\"Autob\u00fas Urbano\",\"l\u00ednea 4\",\"nuevos juzgados\",\"Palacio de Justicia\",\"Verge Mar\u00eda\"],\"articleSection\":[\"Alcoy\",\"Noticias\",\"Portada\"],\"inLanguage\":\"es\"},{\"@type\":\"WebPage\",\"@id\":\"https:\\\/\\\/www.copealcoy.es\\\/es\\\/la-linea-4-del-autobus-urbano-llegara-a-los-nuevos-juzgados\\\/\",\"url\":\"https:\\\/\\\/www.copealcoy.es\\\/es\\\/la-linea-4-del-autobus-urbano-llegara-a-los-nuevos-juzgados\\\/\",\"name\":\"La l\u00ednea 4 del autob\u00fas urbano llegar\u00e1 a los nuevos juzgados - COPE Alcoy\",\"isPartOf\":{\"@id\":\"https:\\\/\\\/www.copealcoy.es\\\/es\\\/#website\"},\"primaryImageOfPage\":{\"@id\":\"https:\\\/\\\/www.copealcoy.es\\\/es\\\/la-linea-4-del-autobus-urbano-llegara-a-los-nuevos-juzgados\\\/#primaryimage\"},\"image\":{\"@id\":\"https:\\\/\\\/www.copealcoy.es\\\/es\\\/la-linea-4-del-autobus-urbano-llegara-a-los-nuevos-juzgados\\\/#primaryimage\"},\"thumbnailUrl\":\"https:\\\/\\\/www.copealcoy.es\\\/wp-content\\\/uploads\\\/2017\\\/01\\\/6e4f575976eee12b8661cbb0bc6082cb.jpg\",\"datePublished\":\"2017-03-10T17:24:26+00:00\",\"dateModified\":\"2017-03-10T17:29:32+00:00\",\"author\":{\"@id\":\"https:\\\/\\\/www.copealcoy.es\\\/es\\\/#\\\/schema\\\/person\\\/e777c87fa024e57d40170af9df39882c\"},\"breadcrumb\":{\"@id\":\"https:\\\/\\\/www.copealcoy.es\\\/es\\\/la-linea-4-del-autobus-urbano-llegara-a-los-nuevos-juzgados\\\/#breadcrumb\"},\"inLanguage\":\"es\",\"potentialAction\":[{\"@type\":\"ReadAction\",\"target\":[\"https:\\\/\\\/www.copealcoy.es\\\/es\\\/la-linea-4-del-autobus-urbano-llegara-a-los-nuevos-juzgados\\\/\"]}]},{\"@type\":\"ImageObject\",\"inLanguage\":\"es\",\"@id\":\"https:\\\/\\\/www.copealcoy.es\\\/es\\\/la-linea-4-del-autobus-urbano-llegara-a-los-nuevos-juzgados\\\/#primaryimage\",\"url\":\"https:\\\/\\\/www.copealcoy.es\\\/wp-content\\\/uploads\\\/2017\\\/01\\\/6e4f575976eee12b8661cbb0bc6082cb.jpg\",\"contentUrl\":\"https:\\\/\\\/www.copealcoy.es\\\/wp-content\\\/uploads\\\/2017\\\/01\\\/6e4f575976eee12b8661cbb0bc6082cb.jpg\",\"width\":640,\"height\":357},{\"@type\":\"BreadcrumbList\",\"@id\":\"https:\\\/\\\/www.copealcoy.es\\\/es\\\/la-linea-4-del-autobus-urbano-llegara-a-los-nuevos-juzgados\\\/#breadcrumb\",\"itemListElement\":[{\"@type\":\"ListItem\",\"position\":1,\"name\":\"Portada\",\"item\":\"https:\\\/\\\/www.copealcoy.es\\\/es\\\/\"},{\"@type\":\"ListItem\",\"position\":2,\"name\":\"La l\u00ednea 4 del autob\u00fas urbano llegar\u00e1 a los nuevos juzgados\"}]},{\"@type\":\"WebSite\",\"@id\":\"https:\\\/\\\/www.copealcoy.es\\\/es\\\/#website\",\"url\":\"https:\\\/\\\/www.copealcoy.es\\\/es\\\/\",\"name\":\"COPE Alcoy\",\"description\":\"Emisora COPE de radio local con emisi\u00f3n online. Pont de Sant Jordi 8-10 03803 Alcoy\",\"potentialAction\":[{\"@type\":\"SearchAction\",\"target\":{\"@type\":\"EntryPoint\",\"urlTemplate\":\"https:\\\/\\\/www.copealcoy.es\\\/es\\\/?s={search_term_string}\"},\"query-input\":{\"@type\":\"PropertyValueSpecification\",\"valueRequired\":true,\"valueName\":\"search_term_string\"}}],\"inLanguage\":\"es\"},{\"@type\":\"Person\",\"@id\":\"https:\\\/\\\/www.copealcoy.es\\\/es\\\/#\\\/schema\\\/person\\\/e777c87fa024e57d40170af9df39882c\",\"name\":\"Cope Alcoy\",\"image\":{\"@type\":\"ImageObject\",\"inLanguage\":\"es\",\"@id\":\"https:\\\/\\\/secure.gravatar.com\\\/avatar\\\/bb65d0283347e303893ba14f0692005417c1e0e690a325a4c5d8bb2b3943ee14?s=96&d=mm&r=g\",\"url\":\"https:\\\/\\\/secure.gravatar.com\\\/avatar\\\/bb65d0283347e303893ba14f0692005417c1e0e690a325a4c5d8bb2b3943ee14?s=96&d=mm&r=g\",\"contentUrl\":\"https:\\\/\\\/secure.gravatar.com\\\/avatar\\\/bb65d0283347e303893ba14f0692005417c1e0e690a325a4c5d8bb2b3943ee14?s=96&d=mm&r=g\",\"caption\":\"Cope Alcoy\"}}]}<\/script>\n<!-- \/ Yoast SEO plugin. -->","yoast_head_json":{"title":"La l\u00ednea 4 del autob\u00fas urbano llegar\u00e1 a los nuevos juzgados - COPE Alcoy","robots":{"index":"index","follow":"follow","max-snippet":"max-snippet:-1","max-image-preview":"max-image-preview:large","max-video-preview":"max-video-preview:-1"},"canonical":"https:\/\/www.copealcoy.es\/es\/la-linea-4-del-autobus-urbano-llegara-a-los-nuevos-juzgados\/","og_locale":"es_ES","og_type":"article","og_title":"La l\u00ednea 4 del autob\u00fas urbano llegar\u00e1 a los nuevos juzgados - COPE Alcoy","og_description":"A partir del pr\u00f3ximo lunes la l\u00ednea de autob\u00fas n\u00famero 4 del transporte urbano de Alcoy discurrir\u00e1 hasta los nuevos...","og_url":"https:\/\/www.copealcoy.es\/es\/la-linea-4-del-autobus-urbano-llegara-a-los-nuevos-juzgados\/","og_site_name":"COPE Alcoy","article_published_time":"2017-03-10T17:24:26+00:00","article_modified_time":"2017-03-10T17:29:32+00:00","og_image":[{"width":640,"height":357,"url":"https:\/\/www.copealcoy.es\/wp-content\/uploads\/2017\/01\/6e4f575976eee12b8661cbb0bc6082cb.jpg","type":"image\/jpeg"}],"author":"Cope Alcoy","twitter_misc":{"Escrito por":"Cope Alcoy","Tiempo de lectura":"1 minuto"},"schema":{"@context":"https:\/\/schema.org","@graph":[{"@type":"Article","@id":"https:\/\/www.copealcoy.es\/es\/la-linea-4-del-autobus-urbano-llegara-a-los-nuevos-juzgados\/#article","isPartOf":{"@id":"https:\/\/www.copealcoy.es\/es\/la-linea-4-del-autobus-urbano-llegara-a-los-nuevos-juzgados\/"},"author":{"name":"Cope Alcoy","@id":"https:\/\/www.copealcoy.es\/es\/#\/schema\/person\/e777c87fa024e57d40170af9df39882c"},"headline":"La l\u00ednea 4 del autob\u00fas urbano llegar\u00e1 a los nuevos juzgados","datePublished":"2017-03-10T17:24:26+00:00","dateModified":"2017-03-10T17:29:32+00:00","mainEntityOfPage":{"@id":"https:\/\/www.copealcoy.es\/es\/la-linea-4-del-autobus-urbano-llegara-a-los-nuevos-juzgados\/"},"wordCount":265,"commentCount":0,"image":{"@id":"https:\/\/www.copealcoy.es\/es\/la-linea-4-del-autobus-urbano-llegara-a-los-nuevos-juzgados\/#primaryimage"},"thumbnailUrl":"https:\/\/www.copealcoy.es\/wp-content\/uploads\/2017\/01\/6e4f575976eee12b8661cbb0bc6082cb.jpg","keywords":["Alcoy","Autob\u00fas Urbano","l\u00ednea 4","nuevos juzgados","Palacio de Justicia","Verge Mar\u00eda"],"articleSection":["Alcoy","Noticias","Portada"],"inLanguage":"es"},{"@type":"WebPage","@id":"https:\/\/www.copealcoy.es\/es\/la-linea-4-del-autobus-urbano-llegara-a-los-nuevos-juzgados\/","url":"https:\/\/www.copealcoy.es\/es\/la-linea-4-del-autobus-urbano-llegara-a-los-nuevos-juzgados\/","name":"La l\u00ednea 4 del autob\u00fas urbano llegar\u00e1 a los nuevos juzgados - COPE Alcoy","isPartOf":{"@id":"https:\/\/www.copealcoy.es\/es\/#website"},"primaryImageOfPage":{"@id":"https:\/\/www.copealcoy.es\/es\/la-linea-4-del-autobus-urbano-llegara-a-los-nuevos-juzgados\/#primaryimage"},"image":{"@id":"https:\/\/www.copealcoy.es\/es\/la-linea-4-del-autobus-urbano-llegara-a-los-nuevos-juzgados\/#primaryimage"},"thumbnailUrl":"https:\/\/www.copealcoy.es\/wp-content\/uploads\/2017\/01\/6e4f575976eee12b8661cbb0bc6082cb.jpg","datePublished":"2017-03-10T17:24:26+00:00","dateModified":"2017-03-10T17:29:32+00:00","author":{"@id":"https:\/\/www.copealcoy.es\/es\/#\/schema\/person\/e777c87fa024e57d40170af9df39882c"},"breadcrumb":{"@id":"https:\/\/www.copealcoy.es\/es\/la-linea-4-del-autobus-urbano-llegara-a-los-nuevos-juzgados\/#breadcrumb"},"inLanguage":"es","potentialAction":[{"@type":"ReadAction","target":["https:\/\/www.copealcoy.es\/es\/la-linea-4-del-autobus-urbano-llegara-a-los-nuevos-juzgados\/"]}]},{"@type":"ImageObject","inLanguage":"es","@id":"https:\/\/www.copealcoy.es\/es\/la-linea-4-del-autobus-urbano-llegara-a-los-nuevos-juzgados\/#primaryimage","url":"https:\/\/www.copealcoy.es\/wp-content\/uploads\/2017\/01\/6e4f575976eee12b8661cbb0bc6082cb.jpg","contentUrl":"https:\/\/www.copealcoy.es\/wp-content\/uploads\/2017\/01\/6e4f575976eee12b8661cbb0bc6082cb.jpg","width":640,"height":357},{"@type":"BreadcrumbList","@id":"https:\/\/www.copealcoy.es\/es\/la-linea-4-del-autobus-urbano-llegara-a-los-nuevos-juzgados\/#breadcrumb","itemListElement":[{"@type":"ListItem","position":1,"name":"Portada","item":"https:\/\/www.copealcoy.es\/es\/"},{"@type":"ListItem","position":2,"name":"La l\u00ednea 4 del autob\u00fas urbano llegar\u00e1 a los nuevos juzgados"}]},{"@type":"WebSite","@id":"https:\/\/www.copealcoy.es\/es\/#website","url":"https:\/\/www.copealcoy.es\/es\/","name":"COPE Alcoy","description":"Emisora COPE de radio local con emisi\u00f3n online. Pont de Sant Jordi 8-10 03803 Alcoy","potentialAction":[{"@type":"SearchAction","target":{"@type":"EntryPoint","urlTemplate":"https:\/\/www.copealcoy.es\/es\/?s={search_term_string}"},"query-input":{"@type":"PropertyValueSpecification","valueRequired":true,"valueName":"search_term_string"}}],"inLanguage":"es"},{"@type":"Person","@id":"https:\/\/www.copealcoy.es\/es\/#\/schema\/person\/e777c87fa024e57d40170af9df39882c","name":"Cope Alcoy","image":{"@type":"ImageObject","inLanguage":"es","@id":"https:\/\/secure.gravatar.com\/avatar\/bb65d0283347e303893ba14f0692005417c1e0e690a325a4c5d8bb2b3943ee14?s=96&d=mm&r=g","url":"https:\/\/secure.gravatar.com\/avatar\/bb65d0283347e303893ba14f0692005417c1e0e690a325a4c5d8bb2b3943ee14?s=96&d=mm&r=g","contentUrl":"https:\/\/secure.gravatar.com\/avatar\/bb65d0283347e303893ba14f0692005417c1e0e690a325a4c5d8bb2b3943ee14?s=96&d=mm&r=g","caption":"Cope Alcoy"}}]}},"_links":{"self":[{"href":"https:\/\/www.copealcoy.es\/es\/wp-json\/wp\/v2\/posts\/29604","targetHints":{"allow":["GET"]}}],"collection":[{"href":"https:\/\/www.copealcoy.es\/es\/wp-json\/wp\/v2\/posts"}],"about":[{"href":"https:\/\/www.copealcoy.es\/es\/wp-json\/wp\/v2\/types\/post"}],"author":[{"embeddable":true,"href":"https:\/\/www.copealcoy.es\/es\/wp-json\/wp\/v2\/users\/1"}],"replies":[{"embeddable":true,"href":"https:\/\/www.copealcoy.es\/es\/wp-json\/wp\/v2\/comments?post=29604"}],"version-history":[{"count":0,"href":"https:\/\/www.copealcoy.es\/es\/wp-json\/wp\/v2\/posts\/29604\/revisions"}],"wp:featuredmedia":[{"embeddable":true,"href":"https:\/\/www.copealcoy.es\/es\/wp-json\/wp\/v2\/media\/27681"}],"wp:attachment":[{"href":"https:\/\/www.copealcoy.es\/es\/wp-json\/wp\/v2\/media?parent=29604"}],"wp:term":[{"taxonomy":"category","embeddable":true,"href":"https:\/\/www.copealcoy.es\/es\/wp-json\/wp\/v2\/categories?post=29604"},{"taxonomy":"post_tag","embeddable":true,"href":"https:\/\/www.copealcoy.es\/es\/wp-json\/wp\/v2\/tags?post=29604"}],"curies":[{"name":"wp","href":"https:\/\/api.w.org\/{rel}","templated":true}]}}