{"id":29582,"date":"2017-03-09T22:25:12","date_gmt":"2017-03-09T22:25:12","guid":{"rendered":"http:\/\/copealcoi.es\/new\/?p=29582"},"modified":"2017-03-10T07:29:40","modified_gmt":"2017-03-10T07:29:40","slug":"francesc-valls-alcalde-de-muro-la-imagen-de-la-virgen-es-propiedad-de-la-iglesia","status":"publish","type":"post","link":"https:\/\/www.copealcoy.es\/es\/francesc-valls-alcalde-de-muro-la-imagen-de-la-virgen-es-propiedad-de-la-iglesia\/","title":{"rendered":"Francesc Valls, alcalde de Muro: &#8220;la imagen de la Virgen es propiedad de la Iglesia&#8221;"},"content":{"rendered":"<p style=\"text-align: justify;\">La <strong>pol\u00e9mica<\/strong>\u00a0se ha desatado\u00a0en Muro <strong>tras aprobarse en la Asamblea Festera Extraordinaria<\/strong> del pasado viernes 3 de marzo<strong><span style=\"color: #0000ff;\"><a style=\"color: #0000ff;\" href=\"https:\/\/www.copealcoy.es\/muro-traslada-la-baixa-de-la-mare-de-deu-a-la-manana-del-primer-dia-de-fiestas\/\"> una serie de cambios en los horarios<\/a><\/span> de las procesiones <\/strong>de la Virgen de los Desamparados, de cara a las pr\u00f3ximas fiestas de moros y cristianos del mes de mayo, que<strong> no comparten ni la Cofrad\u00eda de la Virgen y ni Las Clavariesas<\/strong>.<\/p>\n<p style=\"text-align: justify;\">Ante esta situaci\u00f3n el Ayuntamiento de Muro conf\u00eda en que<strong> la Junta de Fiestas y la Cofrad\u00eda de la Virgen de los Desamparados lleguen a un punto de encuentro<\/strong> para alcanzar\u00a0una soluci\u00f3n que satisfaga a ambas partes.\u00a0El alcalde, <strong>Francesc Valls<\/strong>, destaca que se constituir\u00e1 una comisi\u00f3n formada por todos los agentes implicados <strong>para evaluar estas modificaciones en los horarios\u00a0de las procesiones durante un periodo de dos a\u00f1os<\/strong> y resalta que el asunto es delicado porque entran en juego varias sensibilidades\u00a0<em>&#8220;pero en \u00faltima instancia es la iglesia la que debe de pronunciarse sobre todas las cuestiones relativas al culto a la Virgen de los Desamparados.\u00a0En mi opini\u00f3n personal creo que a\u00a0la misma\u00a0iglesia le corresponde\u00a0decidir el horario en el que sale la Virgen a la calle ya que la imagen de la patrona es de su propiedad&#8221;<\/em>, matiza el primer edil.<\/p>\n<audio class=\"wp-audio-shortcode\" id=\"audio-29582-1\" preload=\"none\" style=\"width: 100%;\" controls=\"controls\"><source type=\"audio\/mpeg\" src=\"https:\/\/www.copealcoy.es\/wp-content\/uploads\/2017\/03\/Tall-de-Francesc-Valls-sobre-la-Mare-de-D\u00e9u.mp3?_=1\" \/><a href=\"https:\/\/www.copealcoy.es\/wp-content\/uploads\/2017\/03\/Tall-de-Francesc-Valls-sobre-la-Mare-de-D\u00e9u.mp3\">https:\/\/www.copealcoy.es\/wp-content\/uploads\/2017\/03\/Tall-de-Francesc-Valls-sobre-la-Mare-de-D\u00e9u.mp3<\/a><\/audio>\n<p style=\"text-align: justify;\">El debate est\u00e1 ahora mismo en la calle y <strong>las opiniones son dispares<\/strong> entre los que quieren\u00a0<strong>mantener las procesiones en los horarios fijados\u00a0<\/strong>hasta ahora y los que defienden <strong>adelantar &#8216;La Baix\u00e0&#8217; de la Mare de D\u00e9u a las 12:30 horas<\/strong> del mediod\u00eda del s\u00e1bado 14 de mayo as\u00ed como retrasar la Procesi\u00f3n General del domingo 15 de mayo a las diez de la noche.<\/p>\n<p style=\"text-align: justify;\">\n","protected":false},"excerpt":{"rendered":"<p>La pol\u00e9mica\u00a0se ha desatado\u00a0en Muro tras aprobarse en la Asamblea Festera Extraordinaria del pasado viernes 3 de marzo una serie&#8230;<\/p>\n","protected":false},"author":1,"featured_media":29506,"comment_status":"open","ping_status":"open","sticky":false,"template":"","format":"standard","meta":{"footnotes":""},"categories":[98,75],"tags":[237,1760,856,135,915,2230],"class_list":["post-29582","post","type-post","status-publish","format-standard","has-post-thumbnail","hentry","category-comarcas","category-noticias","tag-comtat","tag-francesc-valls","tag-moros-i-cristians","tag-muro","tag-procesiones","tag-virgen-de-los-desamparados"],"yoast_head":"<!-- This site is optimized with the Yoast SEO plugin v27.3 - https:\/\/yoast.com\/product\/yoast-seo-wordpress\/ -->\n<title>Francesc Valls, alcalde de Muro: &quot;la imagen de la Virgen es propiedad de la Iglesia&quot; - COPE Alcoy<\/title>\n<meta name=\"robots\" content=\"index, follow, max-snippet:-1, max-image-preview:large, max-video-preview:-1\" \/>\n<link rel=\"canonical\" href=\"https:\/\/www.copealcoy.es\/es\/francesc-valls-alcalde-de-muro-la-imagen-de-la-virgen-es-propiedad-de-la-iglesia\/\" \/>\n<meta property=\"og:locale\" content=\"es_ES\" \/>\n<meta property=\"og:type\" content=\"article\" \/>\n<meta property=\"og:title\" content=\"Francesc Valls, alcalde de Muro: &quot;la imagen de la Virgen es propiedad de la Iglesia&quot; - COPE Alcoy\" \/>\n<meta property=\"og:description\" content=\"La pol\u00e9mica\u00a0se ha desatado\u00a0en Muro tras aprobarse en la Asamblea Festera Extraordinaria del pasado viernes 3 de marzo una serie...\" \/>\n<meta property=\"og:url\" content=\"https:\/\/www.copealcoy.es\/es\/francesc-valls-alcalde-de-muro-la-imagen-de-la-virgen-es-propiedad-de-la-iglesia\/\" \/>\n<meta property=\"og:site_name\" content=\"COPE Alcoy\" \/>\n<meta property=\"article:published_time\" content=\"2017-03-09T22:25:12+00:00\" \/>\n<meta property=\"article:modified_time\" content=\"2017-03-10T07:29:40+00:00\" \/>\n<meta property=\"og:image\" content=\"https:\/\/www.copealcoy.es\/wp-content\/uploads\/2017\/03\/20150517-850-660x330.jpg\" \/>\n\t<meta property=\"og:image:width\" content=\"660\" \/>\n\t<meta property=\"og:image:height\" content=\"330\" \/>\n\t<meta property=\"og:image:type\" content=\"image\/jpeg\" \/>\n<meta name=\"author\" content=\"Cope Alcoy\" \/>\n<meta name=\"twitter:label1\" content=\"Escrito por\" \/>\n\t<meta name=\"twitter:data1\" content=\"Cope Alcoy\" \/>\n\t<meta name=\"twitter:label2\" content=\"Tiempo de lectura\" \/>\n\t<meta name=\"twitter:data2\" content=\"1 minuto\" \/>\n<script type=\"application\/ld+json\" class=\"yoast-schema-graph\">{\"@context\":\"https:\\\/\\\/schema.org\",\"@graph\":[{\"@type\":\"Article\",\"@id\":\"https:\\\/\\\/www.copealcoy.es\\\/es\\\/francesc-valls-alcalde-de-muro-la-imagen-de-la-virgen-es-propiedad-de-la-iglesia\\\/#article\",\"isPartOf\":{\"@id\":\"https:\\\/\\\/www.copealcoy.es\\\/es\\\/francesc-valls-alcalde-de-muro-la-imagen-de-la-virgen-es-propiedad-de-la-iglesia\\\/\"},\"author\":{\"name\":\"Cope Alcoy\",\"@id\":\"https:\\\/\\\/www.copealcoy.es\\\/es\\\/#\\\/schema\\\/person\\\/e777c87fa024e57d40170af9df39882c\"},\"headline\":\"Francesc Valls, alcalde de Muro: &#8220;la imagen de la Virgen es propiedad de la Iglesia&#8221;\",\"datePublished\":\"2017-03-09T22:25:12+00:00\",\"dateModified\":\"2017-03-10T07:29:40+00:00\",\"mainEntityOfPage\":{\"@id\":\"https:\\\/\\\/www.copealcoy.es\\\/es\\\/francesc-valls-alcalde-de-muro-la-imagen-de-la-virgen-es-propiedad-de-la-iglesia\\\/\"},\"wordCount\":313,\"commentCount\":0,\"image\":{\"@id\":\"https:\\\/\\\/www.copealcoy.es\\\/es\\\/francesc-valls-alcalde-de-muro-la-imagen-de-la-virgen-es-propiedad-de-la-iglesia\\\/#primaryimage\"},\"thumbnailUrl\":\"https:\\\/\\\/www.copealcoy.es\\\/wp-content\\\/uploads\\\/2017\\\/03\\\/20150517-850-660x330.jpg\",\"keywords\":[\"Comtat\",\"Francesc Valls\",\"Moros i Cristians\",\"Muro\",\"Procesiones\",\"Virgen de los Desamparados\"],\"articleSection\":[\"Comarcas\",\"Noticias\"],\"inLanguage\":\"es\"},{\"@type\":\"WebPage\",\"@id\":\"https:\\\/\\\/www.copealcoy.es\\\/es\\\/francesc-valls-alcalde-de-muro-la-imagen-de-la-virgen-es-propiedad-de-la-iglesia\\\/\",\"url\":\"https:\\\/\\\/www.copealcoy.es\\\/es\\\/francesc-valls-alcalde-de-muro-la-imagen-de-la-virgen-es-propiedad-de-la-iglesia\\\/\",\"name\":\"Francesc Valls, alcalde de Muro: \\\"la imagen de la Virgen es propiedad de la Iglesia\\\" - COPE Alcoy\",\"isPartOf\":{\"@id\":\"https:\\\/\\\/www.copealcoy.es\\\/es\\\/#website\"},\"primaryImageOfPage\":{\"@id\":\"https:\\\/\\\/www.copealcoy.es\\\/es\\\/francesc-valls-alcalde-de-muro-la-imagen-de-la-virgen-es-propiedad-de-la-iglesia\\\/#primaryimage\"},\"image\":{\"@id\":\"https:\\\/\\\/www.copealcoy.es\\\/es\\\/francesc-valls-alcalde-de-muro-la-imagen-de-la-virgen-es-propiedad-de-la-iglesia\\\/#primaryimage\"},\"thumbnailUrl\":\"https:\\\/\\\/www.copealcoy.es\\\/wp-content\\\/uploads\\\/2017\\\/03\\\/20150517-850-660x330.jpg\",\"datePublished\":\"2017-03-09T22:25:12+00:00\",\"dateModified\":\"2017-03-10T07:29:40+00:00\",\"author\":{\"@id\":\"https:\\\/\\\/www.copealcoy.es\\\/es\\\/#\\\/schema\\\/person\\\/e777c87fa024e57d40170af9df39882c\"},\"breadcrumb\":{\"@id\":\"https:\\\/\\\/www.copealcoy.es\\\/es\\\/francesc-valls-alcalde-de-muro-la-imagen-de-la-virgen-es-propiedad-de-la-iglesia\\\/#breadcrumb\"},\"inLanguage\":\"es\",\"potentialAction\":[{\"@type\":\"ReadAction\",\"target\":[\"https:\\\/\\\/www.copealcoy.es\\\/es\\\/francesc-valls-alcalde-de-muro-la-imagen-de-la-virgen-es-propiedad-de-la-iglesia\\\/\"]}]},{\"@type\":\"ImageObject\",\"inLanguage\":\"es\",\"@id\":\"https:\\\/\\\/www.copealcoy.es\\\/es\\\/francesc-valls-alcalde-de-muro-la-imagen-de-la-virgen-es-propiedad-de-la-iglesia\\\/#primaryimage\",\"url\":\"https:\\\/\\\/www.copealcoy.es\\\/wp-content\\\/uploads\\\/2017\\\/03\\\/20150517-850-660x330.jpg\",\"contentUrl\":\"https:\\\/\\\/www.copealcoy.es\\\/wp-content\\\/uploads\\\/2017\\\/03\\\/20150517-850-660x330.jpg\",\"width\":660,\"height\":330},{\"@type\":\"BreadcrumbList\",\"@id\":\"https:\\\/\\\/www.copealcoy.es\\\/es\\\/francesc-valls-alcalde-de-muro-la-imagen-de-la-virgen-es-propiedad-de-la-iglesia\\\/#breadcrumb\",\"itemListElement\":[{\"@type\":\"ListItem\",\"position\":1,\"name\":\"Portada\",\"item\":\"https:\\\/\\\/www.copealcoy.es\\\/es\\\/\"},{\"@type\":\"ListItem\",\"position\":2,\"name\":\"Francesc Valls, alcalde de Muro: &#8220;la imagen de la Virgen es propiedad de la Iglesia&#8221;\"}]},{\"@type\":\"WebSite\",\"@id\":\"https:\\\/\\\/www.copealcoy.es\\\/es\\\/#website\",\"url\":\"https:\\\/\\\/www.copealcoy.es\\\/es\\\/\",\"name\":\"COPE Alcoy\",\"description\":\"Emisora COPE de radio local con emisi\u00f3n online. Pont de Sant Jordi 8-10 03803 Alcoy\",\"potentialAction\":[{\"@type\":\"SearchAction\",\"target\":{\"@type\":\"EntryPoint\",\"urlTemplate\":\"https:\\\/\\\/www.copealcoy.es\\\/es\\\/?s={search_term_string}\"},\"query-input\":{\"@type\":\"PropertyValueSpecification\",\"valueRequired\":true,\"valueName\":\"search_term_string\"}}],\"inLanguage\":\"es\"},{\"@type\":\"Person\",\"@id\":\"https:\\\/\\\/www.copealcoy.es\\\/es\\\/#\\\/schema\\\/person\\\/e777c87fa024e57d40170af9df39882c\",\"name\":\"Cope Alcoy\",\"image\":{\"@type\":\"ImageObject\",\"inLanguage\":\"es\",\"@id\":\"https:\\\/\\\/secure.gravatar.com\\\/avatar\\\/bb65d0283347e303893ba14f0692005417c1e0e690a325a4c5d8bb2b3943ee14?s=96&d=mm&r=g\",\"url\":\"https:\\\/\\\/secure.gravatar.com\\\/avatar\\\/bb65d0283347e303893ba14f0692005417c1e0e690a325a4c5d8bb2b3943ee14?s=96&d=mm&r=g\",\"contentUrl\":\"https:\\\/\\\/secure.gravatar.com\\\/avatar\\\/bb65d0283347e303893ba14f0692005417c1e0e690a325a4c5d8bb2b3943ee14?s=96&d=mm&r=g\",\"caption\":\"Cope Alcoy\"}}]}<\/script>\n<!-- \/ Yoast SEO plugin. -->","yoast_head_json":{"title":"Francesc Valls, alcalde de Muro: \"la imagen de la Virgen es propiedad de la Iglesia\" - COPE Alcoy","robots":{"index":"index","follow":"follow","max-snippet":"max-snippet:-1","max-image-preview":"max-image-preview:large","max-video-preview":"max-video-preview:-1"},"canonical":"https:\/\/www.copealcoy.es\/es\/francesc-valls-alcalde-de-muro-la-imagen-de-la-virgen-es-propiedad-de-la-iglesia\/","og_locale":"es_ES","og_type":"article","og_title":"Francesc Valls, alcalde de Muro: \"la imagen de la Virgen es propiedad de la Iglesia\" - COPE Alcoy","og_description":"La pol\u00e9mica\u00a0se ha desatado\u00a0en Muro tras aprobarse en la Asamblea Festera Extraordinaria del pasado viernes 3 de marzo una serie...","og_url":"https:\/\/www.copealcoy.es\/es\/francesc-valls-alcalde-de-muro-la-imagen-de-la-virgen-es-propiedad-de-la-iglesia\/","og_site_name":"COPE Alcoy","article_published_time":"2017-03-09T22:25:12+00:00","article_modified_time":"2017-03-10T07:29:40+00:00","og_image":[{"width":660,"height":330,"url":"https:\/\/www.copealcoy.es\/wp-content\/uploads\/2017\/03\/20150517-850-660x330.jpg","type":"image\/jpeg"}],"author":"Cope Alcoy","twitter_misc":{"Escrito por":"Cope Alcoy","Tiempo de lectura":"1 minuto"},"schema":{"@context":"https:\/\/schema.org","@graph":[{"@type":"Article","@id":"https:\/\/www.copealcoy.es\/es\/francesc-valls-alcalde-de-muro-la-imagen-de-la-virgen-es-propiedad-de-la-iglesia\/#article","isPartOf":{"@id":"https:\/\/www.copealcoy.es\/es\/francesc-valls-alcalde-de-muro-la-imagen-de-la-virgen-es-propiedad-de-la-iglesia\/"},"author":{"name":"Cope Alcoy","@id":"https:\/\/www.copealcoy.es\/es\/#\/schema\/person\/e777c87fa024e57d40170af9df39882c"},"headline":"Francesc Valls, alcalde de Muro: &#8220;la imagen de la Virgen es propiedad de la Iglesia&#8221;","datePublished":"2017-03-09T22:25:12+00:00","dateModified":"2017-03-10T07:29:40+00:00","mainEntityOfPage":{"@id":"https:\/\/www.copealcoy.es\/es\/francesc-valls-alcalde-de-muro-la-imagen-de-la-virgen-es-propiedad-de-la-iglesia\/"},"wordCount":313,"commentCount":0,"image":{"@id":"https:\/\/www.copealcoy.es\/es\/francesc-valls-alcalde-de-muro-la-imagen-de-la-virgen-es-propiedad-de-la-iglesia\/#primaryimage"},"thumbnailUrl":"https:\/\/www.copealcoy.es\/wp-content\/uploads\/2017\/03\/20150517-850-660x330.jpg","keywords":["Comtat","Francesc Valls","Moros i Cristians","Muro","Procesiones","Virgen de los Desamparados"],"articleSection":["Comarcas","Noticias"],"inLanguage":"es"},{"@type":"WebPage","@id":"https:\/\/www.copealcoy.es\/es\/francesc-valls-alcalde-de-muro-la-imagen-de-la-virgen-es-propiedad-de-la-iglesia\/","url":"https:\/\/www.copealcoy.es\/es\/francesc-valls-alcalde-de-muro-la-imagen-de-la-virgen-es-propiedad-de-la-iglesia\/","name":"Francesc Valls, alcalde de Muro: \"la imagen de la Virgen es propiedad de la Iglesia\" - COPE Alcoy","isPartOf":{"@id":"https:\/\/www.copealcoy.es\/es\/#website"},"primaryImageOfPage":{"@id":"https:\/\/www.copealcoy.es\/es\/francesc-valls-alcalde-de-muro-la-imagen-de-la-virgen-es-propiedad-de-la-iglesia\/#primaryimage"},"image":{"@id":"https:\/\/www.copealcoy.es\/es\/francesc-valls-alcalde-de-muro-la-imagen-de-la-virgen-es-propiedad-de-la-iglesia\/#primaryimage"},"thumbnailUrl":"https:\/\/www.copealcoy.es\/wp-content\/uploads\/2017\/03\/20150517-850-660x330.jpg","datePublished":"2017-03-09T22:25:12+00:00","dateModified":"2017-03-10T07:29:40+00:00","author":{"@id":"https:\/\/www.copealcoy.es\/es\/#\/schema\/person\/e777c87fa024e57d40170af9df39882c"},"breadcrumb":{"@id":"https:\/\/www.copealcoy.es\/es\/francesc-valls-alcalde-de-muro-la-imagen-de-la-virgen-es-propiedad-de-la-iglesia\/#breadcrumb"},"inLanguage":"es","potentialAction":[{"@type":"ReadAction","target":["https:\/\/www.copealcoy.es\/es\/francesc-valls-alcalde-de-muro-la-imagen-de-la-virgen-es-propiedad-de-la-iglesia\/"]}]},{"@type":"ImageObject","inLanguage":"es","@id":"https:\/\/www.copealcoy.es\/es\/francesc-valls-alcalde-de-muro-la-imagen-de-la-virgen-es-propiedad-de-la-iglesia\/#primaryimage","url":"https:\/\/www.copealcoy.es\/wp-content\/uploads\/2017\/03\/20150517-850-660x330.jpg","contentUrl":"https:\/\/www.copealcoy.es\/wp-content\/uploads\/2017\/03\/20150517-850-660x330.jpg","width":660,"height":330},{"@type":"BreadcrumbList","@id":"https:\/\/www.copealcoy.es\/es\/francesc-valls-alcalde-de-muro-la-imagen-de-la-virgen-es-propiedad-de-la-iglesia\/#breadcrumb","itemListElement":[{"@type":"ListItem","position":1,"name":"Portada","item":"https:\/\/www.copealcoy.es\/es\/"},{"@type":"ListItem","position":2,"name":"Francesc Valls, alcalde de Muro: &#8220;la imagen de la Virgen es propiedad de la Iglesia&#8221;"}]},{"@type":"WebSite","@id":"https:\/\/www.copealcoy.es\/es\/#website","url":"https:\/\/www.copealcoy.es\/es\/","name":"COPE Alcoy","description":"Emisora COPE de radio local con emisi\u00f3n online. Pont de Sant Jordi 8-10 03803 Alcoy","potentialAction":[{"@type":"SearchAction","target":{"@type":"EntryPoint","urlTemplate":"https:\/\/www.copealcoy.es\/es\/?s={search_term_string}"},"query-input":{"@type":"PropertyValueSpecification","valueRequired":true,"valueName":"search_term_string"}}],"inLanguage":"es"},{"@type":"Person","@id":"https:\/\/www.copealcoy.es\/es\/#\/schema\/person\/e777c87fa024e57d40170af9df39882c","name":"Cope Alcoy","image":{"@type":"ImageObject","inLanguage":"es","@id":"https:\/\/secure.gravatar.com\/avatar\/bb65d0283347e303893ba14f0692005417c1e0e690a325a4c5d8bb2b3943ee14?s=96&d=mm&r=g","url":"https:\/\/secure.gravatar.com\/avatar\/bb65d0283347e303893ba14f0692005417c1e0e690a325a4c5d8bb2b3943ee14?s=96&d=mm&r=g","contentUrl":"https:\/\/secure.gravatar.com\/avatar\/bb65d0283347e303893ba14f0692005417c1e0e690a325a4c5d8bb2b3943ee14?s=96&d=mm&r=g","caption":"Cope Alcoy"}}]}},"_links":{"self":[{"href":"https:\/\/www.copealcoy.es\/es\/wp-json\/wp\/v2\/posts\/29582","targetHints":{"allow":["GET"]}}],"collection":[{"href":"https:\/\/www.copealcoy.es\/es\/wp-json\/wp\/v2\/posts"}],"about":[{"href":"https:\/\/www.copealcoy.es\/es\/wp-json\/wp\/v2\/types\/post"}],"author":[{"embeddable":true,"href":"https:\/\/www.copealcoy.es\/es\/wp-json\/wp\/v2\/users\/1"}],"replies":[{"embeddable":true,"href":"https:\/\/www.copealcoy.es\/es\/wp-json\/wp\/v2\/comments?post=29582"}],"version-history":[{"count":0,"href":"https:\/\/www.copealcoy.es\/es\/wp-json\/wp\/v2\/posts\/29582\/revisions"}],"wp:featuredmedia":[{"embeddable":true,"href":"https:\/\/www.copealcoy.es\/es\/wp-json\/wp\/v2\/media\/29506"}],"wp:attachment":[{"href":"https:\/\/www.copealcoy.es\/es\/wp-json\/wp\/v2\/media?parent=29582"}],"wp:term":[{"taxonomy":"category","embeddable":true,"href":"https:\/\/www.copealcoy.es\/es\/wp-json\/wp\/v2\/categories?post=29582"},{"taxonomy":"post_tag","embeddable":true,"href":"https:\/\/www.copealcoy.es\/es\/wp-json\/wp\/v2\/tags?post=29582"}],"curies":[{"name":"wp","href":"https:\/\/api.w.org\/{rel}","templated":true}]}}