{"id":29580,"date":"2017-03-09T20:21:33","date_gmt":"2017-03-09T20:21:33","guid":{"rendered":"http:\/\/copealcoi.es\/new\/?p=29580"},"modified":"2017-03-14T17:47:33","modified_gmt":"2017-03-14T17:47:33","slug":"alcoy-empieza-a-redactar-su-plan-estrategico","status":"publish","type":"post","link":"https:\/\/www.copealcoy.es\/es\/alcoy-empieza-a-redactar-su-plan-estrategico\/","title":{"rendered":"Alcoy empieza a redactar su Plan Estrat\u00e9gico"},"content":{"rendered":"<p style=\"text-align: justify;\">Alcoy iniciar\u00e1 en breve <strong>la redacci\u00f3n de su Plan Estrat\u00e9gico<\/strong>, un documento que definir\u00e1 de cara al 2025, <strong>los retos de la ciudad<\/strong> en materia\u00a0<strong>urban\u00edstica, econ\u00f3mica, social, ambiental o institucional.\u00a0<\/strong><\/p>\n<p style=\"text-align: justify;\">La empresa <strong>Enerlis<\/strong> ser\u00e1 la encargada de llevar adelante esta tarea, tras haberse adjudicado la misma por <strong>un importe de 50.000 euros<\/strong>, y el proyecto constar\u00e1 de <strong>dos fases<\/strong>.\u00a0La primera, con un plazo de seis meses, <strong>servir\u00e1 para diagnosticar la realidad actual de Alcoy<\/strong>\u00a0y la segunda, con una duraci\u00f3n de siete meses, ir\u00e1 destinada<strong> a elaborar el Plan en s\u00ed<\/strong>. Para ello se impulsar\u00e1n <strong>procesos participativos<\/strong> con el fin de implicar a los vecinos y tambi\u00e9n de los agentes estrat\u00e9gicos de la ciudad.<\/p>\n<p style=\"text-align: justify;\">El\u00a0alcalde de Alcoy,\u00a0<strong>Antonio Franc\u00e9s<\/strong>, ha destacado que este documento <strong>definir\u00e1 la estrategia de futuro de la ciudad de Alcoy<\/strong> y ha asegurado que el mismo <strong>debe de contar con el m\u00e1ximo consenso m\u00e1s all\u00e1 del \u00e1mbito pol\u00edtico<\/strong> <em>&#8220;estamos ante un plan muy importante porque debe ser el plan estrat\u00e9gico de toda la ciudad de Alcoy, basado en el consenso y la participaci\u00f3n. Tambi\u00e9n debe ser capaz de tener indicadores cuantificables y poder evaluar su cumplimiento. El plan estrat\u00e9gico viene a complementar la labor realizada en los \u00faltimos a\u00f1os de elaboraci\u00f3n de documentos estrat\u00e9gicos que nos marcan el futuro de nuestra ciudad como son el Plan General Estructural o la estrategia DUSI&#8221;<\/em>, concluye Franc\u00e9s.<\/p>\n<p style=\"text-align: justify;\">Est\u00e1 previsto que el Plan Estrat\u00e9gico de Alcoy, si se cumplen los plazos previstos, <strong>finalice en el mes de abril del a\u00f1o 2018<\/strong>.<\/p>\n<p><iframe loading=\"lazy\" title=\"CES d&#039;Alcoi. 7 de mar\u00e7 2017\" width=\"1200\" height=\"675\" src=\"https:\/\/www.youtube.com\/embed\/jHHFhS8mNxk?feature=oembed\" frameborder=\"0\" allow=\"accelerometer; autoplay; encrypted-media; gyroscope; picture-in-picture\" allowfullscreen><\/iframe><\/p>\n<p style=\"text-align: justify;\">\n","protected":false},"excerpt":{"rendered":"<p>Alcoy iniciar\u00e1 en breve la redacci\u00f3n de su Plan Estrat\u00e9gico, un documento que definir\u00e1 de cara al 2025, los retos&#8230;<\/p>\n","protected":false},"author":1,"featured_media":8700,"comment_status":"open","ping_status":"open","sticky":false,"template":"","format":"standard","meta":{"footnotes":""},"categories":[97,75,125],"tags":[1494,1793,3838,1673,2665],"class_list":["post-29580","post","type-post","status-publish","format-standard","has-post-thumbnail","hentry","category-alcoy","category-noticias","category-portada","tag-alcoy","tag-antonio-frances","tag-industrial","tag-plan-estrategico","tag-redaccion"],"yoast_head":"<!-- This site is optimized with the Yoast SEO plugin v27.3 - https:\/\/yoast.com\/product\/yoast-seo-wordpress\/ -->\n<title>Alcoy empieza a redactar su Plan Estrat\u00e9gico - COPE Alcoy<\/title>\n<meta name=\"robots\" content=\"index, follow, max-snippet:-1, max-image-preview:large, max-video-preview:-1\" \/>\n<link rel=\"canonical\" href=\"https:\/\/www.copealcoy.es\/es\/alcoy-empieza-a-redactar-su-plan-estrategico\/\" \/>\n<meta property=\"og:locale\" content=\"es_ES\" \/>\n<meta property=\"og:type\" content=\"article\" \/>\n<meta property=\"og:title\" content=\"Alcoy empieza a redactar su Plan Estrat\u00e9gico - COPE Alcoy\" \/>\n<meta property=\"og:description\" content=\"Alcoy iniciar\u00e1 en breve la redacci\u00f3n de su Plan Estrat\u00e9gico, un documento que definir\u00e1 de cara al 2025, los retos...\" \/>\n<meta property=\"og:url\" content=\"https:\/\/www.copealcoy.es\/es\/alcoy-empieza-a-redactar-su-plan-estrategico\/\" \/>\n<meta property=\"og:site_name\" content=\"COPE Alcoy\" \/>\n<meta property=\"article:published_time\" content=\"2017-03-09T20:21:33+00:00\" \/>\n<meta property=\"article:modified_time\" content=\"2017-03-14T17:47:33+00:00\" \/>\n<meta property=\"og:image\" content=\"https:\/\/www.copealcoy.es\/wp-content\/uploads\/2014\/12\/image2.jpg\" \/>\n\t<meta property=\"og:image:width\" content=\"960\" \/>\n\t<meta property=\"og:image:height\" content=\"720\" \/>\n\t<meta property=\"og:image:type\" content=\"image\/jpeg\" \/>\n<meta name=\"author\" content=\"Cope Alcoy\" \/>\n<meta name=\"twitter:label1\" content=\"Escrito por\" \/>\n\t<meta name=\"twitter:data1\" content=\"Cope Alcoy\" \/>\n\t<meta name=\"twitter:label2\" content=\"Tiempo de lectura\" \/>\n\t<meta name=\"twitter:data2\" content=\"1 minuto\" \/>\n<script type=\"application\/ld+json\" class=\"yoast-schema-graph\">{\"@context\":\"https:\\\/\\\/schema.org\",\"@graph\":[{\"@type\":\"Article\",\"@id\":\"https:\\\/\\\/www.copealcoy.es\\\/es\\\/alcoy-empieza-a-redactar-su-plan-estrategico\\\/#article\",\"isPartOf\":{\"@id\":\"https:\\\/\\\/www.copealcoy.es\\\/es\\\/alcoy-empieza-a-redactar-su-plan-estrategico\\\/\"},\"author\":{\"name\":\"Cope Alcoy\",\"@id\":\"https:\\\/\\\/www.copealcoy.es\\\/es\\\/#\\\/schema\\\/person\\\/e777c87fa024e57d40170af9df39882c\"},\"headline\":\"Alcoy empieza a redactar su Plan Estrat\u00e9gico\",\"datePublished\":\"2017-03-09T20:21:33+00:00\",\"dateModified\":\"2017-03-14T17:47:33+00:00\",\"mainEntityOfPage\":{\"@id\":\"https:\\\/\\\/www.copealcoy.es\\\/es\\\/alcoy-empieza-a-redactar-su-plan-estrategico\\\/\"},\"wordCount\":292,\"commentCount\":0,\"image\":{\"@id\":\"https:\\\/\\\/www.copealcoy.es\\\/es\\\/alcoy-empieza-a-redactar-su-plan-estrategico\\\/#primaryimage\"},\"thumbnailUrl\":\"https:\\\/\\\/www.copealcoy.es\\\/wp-content\\\/uploads\\\/2014\\\/12\\\/image2.jpg\",\"keywords\":[\"Alcoy\",\"Antonio Franc\u00e9s\",\"Industrial\",\"Plan Estrat\u00e9gico\",\"redacci\u00f3n\"],\"articleSection\":[\"Alcoy\",\"Noticias\",\"Portada\"],\"inLanguage\":\"es\"},{\"@type\":\"WebPage\",\"@id\":\"https:\\\/\\\/www.copealcoy.es\\\/es\\\/alcoy-empieza-a-redactar-su-plan-estrategico\\\/\",\"url\":\"https:\\\/\\\/www.copealcoy.es\\\/es\\\/alcoy-empieza-a-redactar-su-plan-estrategico\\\/\",\"name\":\"Alcoy empieza a redactar su Plan Estrat\u00e9gico - COPE Alcoy\",\"isPartOf\":{\"@id\":\"https:\\\/\\\/www.copealcoy.es\\\/es\\\/#website\"},\"primaryImageOfPage\":{\"@id\":\"https:\\\/\\\/www.copealcoy.es\\\/es\\\/alcoy-empieza-a-redactar-su-plan-estrategico\\\/#primaryimage\"},\"image\":{\"@id\":\"https:\\\/\\\/www.copealcoy.es\\\/es\\\/alcoy-empieza-a-redactar-su-plan-estrategico\\\/#primaryimage\"},\"thumbnailUrl\":\"https:\\\/\\\/www.copealcoy.es\\\/wp-content\\\/uploads\\\/2014\\\/12\\\/image2.jpg\",\"datePublished\":\"2017-03-09T20:21:33+00:00\",\"dateModified\":\"2017-03-14T17:47:33+00:00\",\"author\":{\"@id\":\"https:\\\/\\\/www.copealcoy.es\\\/es\\\/#\\\/schema\\\/person\\\/e777c87fa024e57d40170af9df39882c\"},\"breadcrumb\":{\"@id\":\"https:\\\/\\\/www.copealcoy.es\\\/es\\\/alcoy-empieza-a-redactar-su-plan-estrategico\\\/#breadcrumb\"},\"inLanguage\":\"es\",\"potentialAction\":[{\"@type\":\"ReadAction\",\"target\":[\"https:\\\/\\\/www.copealcoy.es\\\/es\\\/alcoy-empieza-a-redactar-su-plan-estrategico\\\/\"]}]},{\"@type\":\"ImageObject\",\"inLanguage\":\"es\",\"@id\":\"https:\\\/\\\/www.copealcoy.es\\\/es\\\/alcoy-empieza-a-redactar-su-plan-estrategico\\\/#primaryimage\",\"url\":\"https:\\\/\\\/www.copealcoy.es\\\/wp-content\\\/uploads\\\/2014\\\/12\\\/image2.jpg\",\"contentUrl\":\"https:\\\/\\\/www.copealcoy.es\\\/wp-content\\\/uploads\\\/2014\\\/12\\\/image2.jpg\",\"width\":960,\"height\":720},{\"@type\":\"BreadcrumbList\",\"@id\":\"https:\\\/\\\/www.copealcoy.es\\\/es\\\/alcoy-empieza-a-redactar-su-plan-estrategico\\\/#breadcrumb\",\"itemListElement\":[{\"@type\":\"ListItem\",\"position\":1,\"name\":\"Portada\",\"item\":\"https:\\\/\\\/www.copealcoy.es\\\/es\\\/\"},{\"@type\":\"ListItem\",\"position\":2,\"name\":\"Alcoy empieza a redactar su Plan Estrat\u00e9gico\"}]},{\"@type\":\"WebSite\",\"@id\":\"https:\\\/\\\/www.copealcoy.es\\\/es\\\/#website\",\"url\":\"https:\\\/\\\/www.copealcoy.es\\\/es\\\/\",\"name\":\"COPE Alcoy\",\"description\":\"Emisora COPE de radio local con emisi\u00f3n online. Pont de Sant Jordi 8-10 03803 Alcoy\",\"potentialAction\":[{\"@type\":\"SearchAction\",\"target\":{\"@type\":\"EntryPoint\",\"urlTemplate\":\"https:\\\/\\\/www.copealcoy.es\\\/es\\\/?s={search_term_string}\"},\"query-input\":{\"@type\":\"PropertyValueSpecification\",\"valueRequired\":true,\"valueName\":\"search_term_string\"}}],\"inLanguage\":\"es\"},{\"@type\":\"Person\",\"@id\":\"https:\\\/\\\/www.copealcoy.es\\\/es\\\/#\\\/schema\\\/person\\\/e777c87fa024e57d40170af9df39882c\",\"name\":\"Cope Alcoy\",\"image\":{\"@type\":\"ImageObject\",\"inLanguage\":\"es\",\"@id\":\"https:\\\/\\\/secure.gravatar.com\\\/avatar\\\/bb65d0283347e303893ba14f0692005417c1e0e690a325a4c5d8bb2b3943ee14?s=96&d=mm&r=g\",\"url\":\"https:\\\/\\\/secure.gravatar.com\\\/avatar\\\/bb65d0283347e303893ba14f0692005417c1e0e690a325a4c5d8bb2b3943ee14?s=96&d=mm&r=g\",\"contentUrl\":\"https:\\\/\\\/secure.gravatar.com\\\/avatar\\\/bb65d0283347e303893ba14f0692005417c1e0e690a325a4c5d8bb2b3943ee14?s=96&d=mm&r=g\",\"caption\":\"Cope Alcoy\"}}]}<\/script>\n<!-- \/ Yoast SEO plugin. -->","yoast_head_json":{"title":"Alcoy empieza a redactar su Plan Estrat\u00e9gico - COPE Alcoy","robots":{"index":"index","follow":"follow","max-snippet":"max-snippet:-1","max-image-preview":"max-image-preview:large","max-video-preview":"max-video-preview:-1"},"canonical":"https:\/\/www.copealcoy.es\/es\/alcoy-empieza-a-redactar-su-plan-estrategico\/","og_locale":"es_ES","og_type":"article","og_title":"Alcoy empieza a redactar su Plan Estrat\u00e9gico - COPE Alcoy","og_description":"Alcoy iniciar\u00e1 en breve la redacci\u00f3n de su Plan Estrat\u00e9gico, un documento que definir\u00e1 de cara al 2025, los retos...","og_url":"https:\/\/www.copealcoy.es\/es\/alcoy-empieza-a-redactar-su-plan-estrategico\/","og_site_name":"COPE Alcoy","article_published_time":"2017-03-09T20:21:33+00:00","article_modified_time":"2017-03-14T17:47:33+00:00","og_image":[{"width":960,"height":720,"url":"https:\/\/www.copealcoy.es\/wp-content\/uploads\/2014\/12\/image2.jpg","type":"image\/jpeg"}],"author":"Cope Alcoy","twitter_misc":{"Escrito por":"Cope Alcoy","Tiempo de lectura":"1 minuto"},"schema":{"@context":"https:\/\/schema.org","@graph":[{"@type":"Article","@id":"https:\/\/www.copealcoy.es\/es\/alcoy-empieza-a-redactar-su-plan-estrategico\/#article","isPartOf":{"@id":"https:\/\/www.copealcoy.es\/es\/alcoy-empieza-a-redactar-su-plan-estrategico\/"},"author":{"name":"Cope Alcoy","@id":"https:\/\/www.copealcoy.es\/es\/#\/schema\/person\/e777c87fa024e57d40170af9df39882c"},"headline":"Alcoy empieza a redactar su Plan Estrat\u00e9gico","datePublished":"2017-03-09T20:21:33+00:00","dateModified":"2017-03-14T17:47:33+00:00","mainEntityOfPage":{"@id":"https:\/\/www.copealcoy.es\/es\/alcoy-empieza-a-redactar-su-plan-estrategico\/"},"wordCount":292,"commentCount":0,"image":{"@id":"https:\/\/www.copealcoy.es\/es\/alcoy-empieza-a-redactar-su-plan-estrategico\/#primaryimage"},"thumbnailUrl":"https:\/\/www.copealcoy.es\/wp-content\/uploads\/2014\/12\/image2.jpg","keywords":["Alcoy","Antonio Franc\u00e9s","Industrial","Plan Estrat\u00e9gico","redacci\u00f3n"],"articleSection":["Alcoy","Noticias","Portada"],"inLanguage":"es"},{"@type":"WebPage","@id":"https:\/\/www.copealcoy.es\/es\/alcoy-empieza-a-redactar-su-plan-estrategico\/","url":"https:\/\/www.copealcoy.es\/es\/alcoy-empieza-a-redactar-su-plan-estrategico\/","name":"Alcoy empieza a redactar su Plan Estrat\u00e9gico - COPE Alcoy","isPartOf":{"@id":"https:\/\/www.copealcoy.es\/es\/#website"},"primaryImageOfPage":{"@id":"https:\/\/www.copealcoy.es\/es\/alcoy-empieza-a-redactar-su-plan-estrategico\/#primaryimage"},"image":{"@id":"https:\/\/www.copealcoy.es\/es\/alcoy-empieza-a-redactar-su-plan-estrategico\/#primaryimage"},"thumbnailUrl":"https:\/\/www.copealcoy.es\/wp-content\/uploads\/2014\/12\/image2.jpg","datePublished":"2017-03-09T20:21:33+00:00","dateModified":"2017-03-14T17:47:33+00:00","author":{"@id":"https:\/\/www.copealcoy.es\/es\/#\/schema\/person\/e777c87fa024e57d40170af9df39882c"},"breadcrumb":{"@id":"https:\/\/www.copealcoy.es\/es\/alcoy-empieza-a-redactar-su-plan-estrategico\/#breadcrumb"},"inLanguage":"es","potentialAction":[{"@type":"ReadAction","target":["https:\/\/www.copealcoy.es\/es\/alcoy-empieza-a-redactar-su-plan-estrategico\/"]}]},{"@type":"ImageObject","inLanguage":"es","@id":"https:\/\/www.copealcoy.es\/es\/alcoy-empieza-a-redactar-su-plan-estrategico\/#primaryimage","url":"https:\/\/www.copealcoy.es\/wp-content\/uploads\/2014\/12\/image2.jpg","contentUrl":"https:\/\/www.copealcoy.es\/wp-content\/uploads\/2014\/12\/image2.jpg","width":960,"height":720},{"@type":"BreadcrumbList","@id":"https:\/\/www.copealcoy.es\/es\/alcoy-empieza-a-redactar-su-plan-estrategico\/#breadcrumb","itemListElement":[{"@type":"ListItem","position":1,"name":"Portada","item":"https:\/\/www.copealcoy.es\/es\/"},{"@type":"ListItem","position":2,"name":"Alcoy empieza a redactar su Plan Estrat\u00e9gico"}]},{"@type":"WebSite","@id":"https:\/\/www.copealcoy.es\/es\/#website","url":"https:\/\/www.copealcoy.es\/es\/","name":"COPE Alcoy","description":"Emisora COPE de radio local con emisi\u00f3n online. Pont de Sant Jordi 8-10 03803 Alcoy","potentialAction":[{"@type":"SearchAction","target":{"@type":"EntryPoint","urlTemplate":"https:\/\/www.copealcoy.es\/es\/?s={search_term_string}"},"query-input":{"@type":"PropertyValueSpecification","valueRequired":true,"valueName":"search_term_string"}}],"inLanguage":"es"},{"@type":"Person","@id":"https:\/\/www.copealcoy.es\/es\/#\/schema\/person\/e777c87fa024e57d40170af9df39882c","name":"Cope Alcoy","image":{"@type":"ImageObject","inLanguage":"es","@id":"https:\/\/secure.gravatar.com\/avatar\/bb65d0283347e303893ba14f0692005417c1e0e690a325a4c5d8bb2b3943ee14?s=96&d=mm&r=g","url":"https:\/\/secure.gravatar.com\/avatar\/bb65d0283347e303893ba14f0692005417c1e0e690a325a4c5d8bb2b3943ee14?s=96&d=mm&r=g","contentUrl":"https:\/\/secure.gravatar.com\/avatar\/bb65d0283347e303893ba14f0692005417c1e0e690a325a4c5d8bb2b3943ee14?s=96&d=mm&r=g","caption":"Cope Alcoy"}}]}},"_links":{"self":[{"href":"https:\/\/www.copealcoy.es\/es\/wp-json\/wp\/v2\/posts\/29580","targetHints":{"allow":["GET"]}}],"collection":[{"href":"https:\/\/www.copealcoy.es\/es\/wp-json\/wp\/v2\/posts"}],"about":[{"href":"https:\/\/www.copealcoy.es\/es\/wp-json\/wp\/v2\/types\/post"}],"author":[{"embeddable":true,"href":"https:\/\/www.copealcoy.es\/es\/wp-json\/wp\/v2\/users\/1"}],"replies":[{"embeddable":true,"href":"https:\/\/www.copealcoy.es\/es\/wp-json\/wp\/v2\/comments?post=29580"}],"version-history":[{"count":0,"href":"https:\/\/www.copealcoy.es\/es\/wp-json\/wp\/v2\/posts\/29580\/revisions"}],"wp:featuredmedia":[{"embeddable":true,"href":"https:\/\/www.copealcoy.es\/es\/wp-json\/wp\/v2\/media\/8700"}],"wp:attachment":[{"href":"https:\/\/www.copealcoy.es\/es\/wp-json\/wp\/v2\/media?parent=29580"}],"wp:term":[{"taxonomy":"category","embeddable":true,"href":"https:\/\/www.copealcoy.es\/es\/wp-json\/wp\/v2\/categories?post=29580"},{"taxonomy":"post_tag","embeddable":true,"href":"https:\/\/www.copealcoy.es\/es\/wp-json\/wp\/v2\/tags?post=29580"}],"curies":[{"name":"wp","href":"https:\/\/api.w.org\/{rel}","templated":true}]}}