{"id":29519,"date":"2017-03-08T17:55:47","date_gmt":"2017-03-08T17:55:47","guid":{"rendered":"http:\/\/copealcoi.es\/new\/?p=29519"},"modified":"2017-03-08T17:58:08","modified_gmt":"2017-03-08T17:58:08","slug":"ciudadanos-plantea-que-la-oficina-de-atencion-a-las-victimas-del-delito-pase-a-los-nuevos-juzgados","status":"publish","type":"post","link":"https:\/\/www.copealcoy.es\/es\/ciudadanos-plantea-que-la-oficina-de-atencion-a-las-victimas-del-delito-pase-a-los-nuevos-juzgados\/","title":{"rendered":"Ciudadanos plantea que la Oficina de Atenci\u00f3n a las V\u00edctimas del Delito pase a los nuevos juzgados"},"content":{"rendered":"<p style=\"text-align: justify;\">El Grupo Municipal de Ciudadanos <strong>ha propuesto que en los nuevos juzgados de Alcoy<\/strong> se reserve un espacio para albergar<strong> la Oficina de Atenci\u00f3n a las V\u00edctimas del Delito<\/strong>.<\/p>\n<p style=\"text-align: justify;\">La formaci\u00f3n naranja recuerda que en el resto de poblaciones de la Comunidad Valenciana e<strong>stas oficinas se encuentran ubicadas en sede judicial<\/strong> y reiteran que con la ubicaci\u00f3n de estas instalaciones en el nuevo Palacio de Justicia de la Verge Mar\u00eda,<strong> los usuarios de este servicio podr\u00edan ser atendidos en mejores\u00a0mejores condiciones<\/strong> <em>&#8220;tras un largo proceso en el cual las instalaciones de los juzgados de Alcoy han estado en precario teniendo que estar dispersos los diferentes juzgados, es ahora cuando Alcoy dispone de unos juzgados a la altura de sus necesidades, en los cuales podr\u00eda estar perfectamente ubicada la Oficina de Atenci\u00f3n a las V\u00edctimas del Delito en la cual los usuarios de este servicio podr\u00edan ser atendidos en las mejores condiciones&#8221;,<\/em>\u00a0destaca la concejala <strong>Luc\u00eda Granados<\/strong>.<\/p>\n","protected":false},"excerpt":{"rendered":"<p>El Grupo Municipal de Ciudadanos ha propuesto que en los nuevos juzgados de Alcoy se reserve un espacio para albergar&#8230;<\/p>\n","protected":false},"author":1,"featured_media":28855,"comment_status":"open","ping_status":"open","sticky":false,"template":"","format":"standard","meta":{"footnotes":""},"categories":[97,75,79],"tags":[1494,349,245,3809,3810],"class_list":["post-29519","post","type-post","status-publish","format-standard","has-post-thumbnail","hentry","category-alcoy","category-noticias","category-politicayeconomia","tag-alcoy","tag-ciudadanos","tag-juzgados","tag-oficina-de-atencion","tag-victimas-del-delito"],"yoast_head":"<!-- This site is optimized with the Yoast SEO plugin v27.3 - https:\/\/yoast.com\/product\/yoast-seo-wordpress\/ -->\n<title>Ciudadanos plantea que la Oficina de Atenci\u00f3n a las V\u00edctimas del Delito pase a los nuevos juzgados - COPE Alcoy<\/title>\n<meta name=\"robots\" content=\"index, follow, max-snippet:-1, max-image-preview:large, max-video-preview:-1\" \/>\n<link rel=\"canonical\" href=\"https:\/\/www.copealcoy.es\/es\/ciudadanos-plantea-que-la-oficina-de-atencion-a-las-victimas-del-delito-pase-a-los-nuevos-juzgados\/\" \/>\n<meta property=\"og:locale\" content=\"es_ES\" \/>\n<meta property=\"og:type\" content=\"article\" \/>\n<meta property=\"og:title\" content=\"Ciudadanos plantea que la Oficina de Atenci\u00f3n a las V\u00edctimas del Delito pase a los nuevos juzgados - COPE Alcoy\" \/>\n<meta property=\"og:description\" content=\"El Grupo Municipal de Ciudadanos ha propuesto que en los nuevos juzgados de Alcoy se reserve un espacio para albergar...\" \/>\n<meta property=\"og:url\" content=\"https:\/\/www.copealcoy.es\/es\/ciudadanos-plantea-que-la-oficina-de-atencion-a-las-victimas-del-delito-pase-a-los-nuevos-juzgados\/\" \/>\n<meta property=\"og:site_name\" content=\"COPE Alcoy\" \/>\n<meta property=\"article:published_time\" content=\"2017-03-08T17:55:47+00:00\" \/>\n<meta property=\"article:modified_time\" content=\"2017-03-08T17:58:08+00:00\" \/>\n<meta property=\"og:image\" content=\"https:\/\/www.copealcoy.es\/wp-content\/uploads\/2017\/02\/IMG_0009-e1487091244305.jpg\" \/>\n\t<meta property=\"og:image:width\" content=\"4272\" \/>\n\t<meta property=\"og:image:height\" content=\"2293\" \/>\n\t<meta property=\"og:image:type\" content=\"image\/jpeg\" \/>\n<meta name=\"author\" content=\"Cope Alcoy\" \/>\n<meta name=\"twitter:label1\" content=\"Escrito por\" \/>\n\t<meta name=\"twitter:data1\" content=\"Cope Alcoy\" \/>\n\t<meta name=\"twitter:label2\" content=\"Tiempo de lectura\" \/>\n\t<meta name=\"twitter:data2\" content=\"1 minuto\" \/>\n<script type=\"application\/ld+json\" class=\"yoast-schema-graph\">{\"@context\":\"https:\\\/\\\/schema.org\",\"@graph\":[{\"@type\":\"Article\",\"@id\":\"https:\\\/\\\/www.copealcoy.es\\\/es\\\/ciudadanos-plantea-que-la-oficina-de-atencion-a-las-victimas-del-delito-pase-a-los-nuevos-juzgados\\\/#article\",\"isPartOf\":{\"@id\":\"https:\\\/\\\/www.copealcoy.es\\\/es\\\/ciudadanos-plantea-que-la-oficina-de-atencion-a-las-victimas-del-delito-pase-a-los-nuevos-juzgados\\\/\"},\"author\":{\"name\":\"Cope Alcoy\",\"@id\":\"https:\\\/\\\/www.copealcoy.es\\\/es\\\/#\\\/schema\\\/person\\\/e777c87fa024e57d40170af9df39882c\"},\"headline\":\"Ciudadanos plantea que la Oficina de Atenci\u00f3n a las V\u00edctimas del Delito pase a los nuevos juzgados\",\"datePublished\":\"2017-03-08T17:55:47+00:00\",\"dateModified\":\"2017-03-08T17:58:08+00:00\",\"mainEntityOfPage\":{\"@id\":\"https:\\\/\\\/www.copealcoy.es\\\/es\\\/ciudadanos-plantea-que-la-oficina-de-atencion-a-las-victimas-del-delito-pase-a-los-nuevos-juzgados\\\/\"},\"wordCount\":187,\"commentCount\":0,\"image\":{\"@id\":\"https:\\\/\\\/www.copealcoy.es\\\/es\\\/ciudadanos-plantea-que-la-oficina-de-atencion-a-las-victimas-del-delito-pase-a-los-nuevos-juzgados\\\/#primaryimage\"},\"thumbnailUrl\":\"https:\\\/\\\/www.copealcoy.es\\\/wp-content\\\/uploads\\\/2017\\\/02\\\/IMG_0009-e1487091244305.jpg\",\"keywords\":[\"Alcoy\",\"Ciudadanos\",\"Juzgados\",\"Oficina de Atenci\u00f3n\",\"V\u00edctimas del Delito\"],\"articleSection\":[\"Alcoy\",\"Noticias\",\"Pol\u00edtica y Econom\u00eda\"],\"inLanguage\":\"es\"},{\"@type\":\"WebPage\",\"@id\":\"https:\\\/\\\/www.copealcoy.es\\\/es\\\/ciudadanos-plantea-que-la-oficina-de-atencion-a-las-victimas-del-delito-pase-a-los-nuevos-juzgados\\\/\",\"url\":\"https:\\\/\\\/www.copealcoy.es\\\/es\\\/ciudadanos-plantea-que-la-oficina-de-atencion-a-las-victimas-del-delito-pase-a-los-nuevos-juzgados\\\/\",\"name\":\"Ciudadanos plantea que la Oficina de Atenci\u00f3n a las V\u00edctimas del Delito pase a los nuevos juzgados - COPE Alcoy\",\"isPartOf\":{\"@id\":\"https:\\\/\\\/www.copealcoy.es\\\/es\\\/#website\"},\"primaryImageOfPage\":{\"@id\":\"https:\\\/\\\/www.copealcoy.es\\\/es\\\/ciudadanos-plantea-que-la-oficina-de-atencion-a-las-victimas-del-delito-pase-a-los-nuevos-juzgados\\\/#primaryimage\"},\"image\":{\"@id\":\"https:\\\/\\\/www.copealcoy.es\\\/es\\\/ciudadanos-plantea-que-la-oficina-de-atencion-a-las-victimas-del-delito-pase-a-los-nuevos-juzgados\\\/#primaryimage\"},\"thumbnailUrl\":\"https:\\\/\\\/www.copealcoy.es\\\/wp-content\\\/uploads\\\/2017\\\/02\\\/IMG_0009-e1487091244305.jpg\",\"datePublished\":\"2017-03-08T17:55:47+00:00\",\"dateModified\":\"2017-03-08T17:58:08+00:00\",\"author\":{\"@id\":\"https:\\\/\\\/www.copealcoy.es\\\/es\\\/#\\\/schema\\\/person\\\/e777c87fa024e57d40170af9df39882c\"},\"breadcrumb\":{\"@id\":\"https:\\\/\\\/www.copealcoy.es\\\/es\\\/ciudadanos-plantea-que-la-oficina-de-atencion-a-las-victimas-del-delito-pase-a-los-nuevos-juzgados\\\/#breadcrumb\"},\"inLanguage\":\"es\",\"potentialAction\":[{\"@type\":\"ReadAction\",\"target\":[\"https:\\\/\\\/www.copealcoy.es\\\/es\\\/ciudadanos-plantea-que-la-oficina-de-atencion-a-las-victimas-del-delito-pase-a-los-nuevos-juzgados\\\/\"]}]},{\"@type\":\"ImageObject\",\"inLanguage\":\"es\",\"@id\":\"https:\\\/\\\/www.copealcoy.es\\\/es\\\/ciudadanos-plantea-que-la-oficina-de-atencion-a-las-victimas-del-delito-pase-a-los-nuevos-juzgados\\\/#primaryimage\",\"url\":\"https:\\\/\\\/www.copealcoy.es\\\/wp-content\\\/uploads\\\/2017\\\/02\\\/IMG_0009-e1487091244305.jpg\",\"contentUrl\":\"https:\\\/\\\/www.copealcoy.es\\\/wp-content\\\/uploads\\\/2017\\\/02\\\/IMG_0009-e1487091244305.jpg\",\"width\":4272,\"height\":2293},{\"@type\":\"BreadcrumbList\",\"@id\":\"https:\\\/\\\/www.copealcoy.es\\\/es\\\/ciudadanos-plantea-que-la-oficina-de-atencion-a-las-victimas-del-delito-pase-a-los-nuevos-juzgados\\\/#breadcrumb\",\"itemListElement\":[{\"@type\":\"ListItem\",\"position\":1,\"name\":\"Portada\",\"item\":\"https:\\\/\\\/www.copealcoy.es\\\/es\\\/\"},{\"@type\":\"ListItem\",\"position\":2,\"name\":\"Ciudadanos plantea que la Oficina de Atenci\u00f3n a las V\u00edctimas del Delito pase a los nuevos juzgados\"}]},{\"@type\":\"WebSite\",\"@id\":\"https:\\\/\\\/www.copealcoy.es\\\/es\\\/#website\",\"url\":\"https:\\\/\\\/www.copealcoy.es\\\/es\\\/\",\"name\":\"COPE Alcoy\",\"description\":\"Emisora COPE de radio local con emisi\u00f3n online. Pont de Sant Jordi 8-10 03803 Alcoy\",\"potentialAction\":[{\"@type\":\"SearchAction\",\"target\":{\"@type\":\"EntryPoint\",\"urlTemplate\":\"https:\\\/\\\/www.copealcoy.es\\\/es\\\/?s={search_term_string}\"},\"query-input\":{\"@type\":\"PropertyValueSpecification\",\"valueRequired\":true,\"valueName\":\"search_term_string\"}}],\"inLanguage\":\"es\"},{\"@type\":\"Person\",\"@id\":\"https:\\\/\\\/www.copealcoy.es\\\/es\\\/#\\\/schema\\\/person\\\/e777c87fa024e57d40170af9df39882c\",\"name\":\"Cope Alcoy\",\"image\":{\"@type\":\"ImageObject\",\"inLanguage\":\"es\",\"@id\":\"https:\\\/\\\/secure.gravatar.com\\\/avatar\\\/bb65d0283347e303893ba14f0692005417c1e0e690a325a4c5d8bb2b3943ee14?s=96&d=mm&r=g\",\"url\":\"https:\\\/\\\/secure.gravatar.com\\\/avatar\\\/bb65d0283347e303893ba14f0692005417c1e0e690a325a4c5d8bb2b3943ee14?s=96&d=mm&r=g\",\"contentUrl\":\"https:\\\/\\\/secure.gravatar.com\\\/avatar\\\/bb65d0283347e303893ba14f0692005417c1e0e690a325a4c5d8bb2b3943ee14?s=96&d=mm&r=g\",\"caption\":\"Cope Alcoy\"}}]}<\/script>\n<!-- \/ Yoast SEO plugin. -->","yoast_head_json":{"title":"Ciudadanos plantea que la Oficina de Atenci\u00f3n a las V\u00edctimas del Delito pase a los nuevos juzgados - COPE Alcoy","robots":{"index":"index","follow":"follow","max-snippet":"max-snippet:-1","max-image-preview":"max-image-preview:large","max-video-preview":"max-video-preview:-1"},"canonical":"https:\/\/www.copealcoy.es\/es\/ciudadanos-plantea-que-la-oficina-de-atencion-a-las-victimas-del-delito-pase-a-los-nuevos-juzgados\/","og_locale":"es_ES","og_type":"article","og_title":"Ciudadanos plantea que la Oficina de Atenci\u00f3n a las V\u00edctimas del Delito pase a los nuevos juzgados - COPE Alcoy","og_description":"El Grupo Municipal de Ciudadanos ha propuesto que en los nuevos juzgados de Alcoy se reserve un espacio para albergar...","og_url":"https:\/\/www.copealcoy.es\/es\/ciudadanos-plantea-que-la-oficina-de-atencion-a-las-victimas-del-delito-pase-a-los-nuevos-juzgados\/","og_site_name":"COPE Alcoy","article_published_time":"2017-03-08T17:55:47+00:00","article_modified_time":"2017-03-08T17:58:08+00:00","og_image":[{"width":4272,"height":2293,"url":"https:\/\/www.copealcoy.es\/wp-content\/uploads\/2017\/02\/IMG_0009-e1487091244305.jpg","type":"image\/jpeg"}],"author":"Cope Alcoy","twitter_misc":{"Escrito por":"Cope Alcoy","Tiempo de lectura":"1 minuto"},"schema":{"@context":"https:\/\/schema.org","@graph":[{"@type":"Article","@id":"https:\/\/www.copealcoy.es\/es\/ciudadanos-plantea-que-la-oficina-de-atencion-a-las-victimas-del-delito-pase-a-los-nuevos-juzgados\/#article","isPartOf":{"@id":"https:\/\/www.copealcoy.es\/es\/ciudadanos-plantea-que-la-oficina-de-atencion-a-las-victimas-del-delito-pase-a-los-nuevos-juzgados\/"},"author":{"name":"Cope Alcoy","@id":"https:\/\/www.copealcoy.es\/es\/#\/schema\/person\/e777c87fa024e57d40170af9df39882c"},"headline":"Ciudadanos plantea que la Oficina de Atenci\u00f3n a las V\u00edctimas del Delito pase a los nuevos juzgados","datePublished":"2017-03-08T17:55:47+00:00","dateModified":"2017-03-08T17:58:08+00:00","mainEntityOfPage":{"@id":"https:\/\/www.copealcoy.es\/es\/ciudadanos-plantea-que-la-oficina-de-atencion-a-las-victimas-del-delito-pase-a-los-nuevos-juzgados\/"},"wordCount":187,"commentCount":0,"image":{"@id":"https:\/\/www.copealcoy.es\/es\/ciudadanos-plantea-que-la-oficina-de-atencion-a-las-victimas-del-delito-pase-a-los-nuevos-juzgados\/#primaryimage"},"thumbnailUrl":"https:\/\/www.copealcoy.es\/wp-content\/uploads\/2017\/02\/IMG_0009-e1487091244305.jpg","keywords":["Alcoy","Ciudadanos","Juzgados","Oficina de Atenci\u00f3n","V\u00edctimas del Delito"],"articleSection":["Alcoy","Noticias","Pol\u00edtica y Econom\u00eda"],"inLanguage":"es"},{"@type":"WebPage","@id":"https:\/\/www.copealcoy.es\/es\/ciudadanos-plantea-que-la-oficina-de-atencion-a-las-victimas-del-delito-pase-a-los-nuevos-juzgados\/","url":"https:\/\/www.copealcoy.es\/es\/ciudadanos-plantea-que-la-oficina-de-atencion-a-las-victimas-del-delito-pase-a-los-nuevos-juzgados\/","name":"Ciudadanos plantea que la Oficina de Atenci\u00f3n a las V\u00edctimas del Delito pase a los nuevos juzgados - COPE Alcoy","isPartOf":{"@id":"https:\/\/www.copealcoy.es\/es\/#website"},"primaryImageOfPage":{"@id":"https:\/\/www.copealcoy.es\/es\/ciudadanos-plantea-que-la-oficina-de-atencion-a-las-victimas-del-delito-pase-a-los-nuevos-juzgados\/#primaryimage"},"image":{"@id":"https:\/\/www.copealcoy.es\/es\/ciudadanos-plantea-que-la-oficina-de-atencion-a-las-victimas-del-delito-pase-a-los-nuevos-juzgados\/#primaryimage"},"thumbnailUrl":"https:\/\/www.copealcoy.es\/wp-content\/uploads\/2017\/02\/IMG_0009-e1487091244305.jpg","datePublished":"2017-03-08T17:55:47+00:00","dateModified":"2017-03-08T17:58:08+00:00","author":{"@id":"https:\/\/www.copealcoy.es\/es\/#\/schema\/person\/e777c87fa024e57d40170af9df39882c"},"breadcrumb":{"@id":"https:\/\/www.copealcoy.es\/es\/ciudadanos-plantea-que-la-oficina-de-atencion-a-las-victimas-del-delito-pase-a-los-nuevos-juzgados\/#breadcrumb"},"inLanguage":"es","potentialAction":[{"@type":"ReadAction","target":["https:\/\/www.copealcoy.es\/es\/ciudadanos-plantea-que-la-oficina-de-atencion-a-las-victimas-del-delito-pase-a-los-nuevos-juzgados\/"]}]},{"@type":"ImageObject","inLanguage":"es","@id":"https:\/\/www.copealcoy.es\/es\/ciudadanos-plantea-que-la-oficina-de-atencion-a-las-victimas-del-delito-pase-a-los-nuevos-juzgados\/#primaryimage","url":"https:\/\/www.copealcoy.es\/wp-content\/uploads\/2017\/02\/IMG_0009-e1487091244305.jpg","contentUrl":"https:\/\/www.copealcoy.es\/wp-content\/uploads\/2017\/02\/IMG_0009-e1487091244305.jpg","width":4272,"height":2293},{"@type":"BreadcrumbList","@id":"https:\/\/www.copealcoy.es\/es\/ciudadanos-plantea-que-la-oficina-de-atencion-a-las-victimas-del-delito-pase-a-los-nuevos-juzgados\/#breadcrumb","itemListElement":[{"@type":"ListItem","position":1,"name":"Portada","item":"https:\/\/www.copealcoy.es\/es\/"},{"@type":"ListItem","position":2,"name":"Ciudadanos plantea que la Oficina de Atenci\u00f3n a las V\u00edctimas del Delito pase a los nuevos juzgados"}]},{"@type":"WebSite","@id":"https:\/\/www.copealcoy.es\/es\/#website","url":"https:\/\/www.copealcoy.es\/es\/","name":"COPE Alcoy","description":"Emisora COPE de radio local con emisi\u00f3n online. Pont de Sant Jordi 8-10 03803 Alcoy","potentialAction":[{"@type":"SearchAction","target":{"@type":"EntryPoint","urlTemplate":"https:\/\/www.copealcoy.es\/es\/?s={search_term_string}"},"query-input":{"@type":"PropertyValueSpecification","valueRequired":true,"valueName":"search_term_string"}}],"inLanguage":"es"},{"@type":"Person","@id":"https:\/\/www.copealcoy.es\/es\/#\/schema\/person\/e777c87fa024e57d40170af9df39882c","name":"Cope Alcoy","image":{"@type":"ImageObject","inLanguage":"es","@id":"https:\/\/secure.gravatar.com\/avatar\/bb65d0283347e303893ba14f0692005417c1e0e690a325a4c5d8bb2b3943ee14?s=96&d=mm&r=g","url":"https:\/\/secure.gravatar.com\/avatar\/bb65d0283347e303893ba14f0692005417c1e0e690a325a4c5d8bb2b3943ee14?s=96&d=mm&r=g","contentUrl":"https:\/\/secure.gravatar.com\/avatar\/bb65d0283347e303893ba14f0692005417c1e0e690a325a4c5d8bb2b3943ee14?s=96&d=mm&r=g","caption":"Cope Alcoy"}}]}},"_links":{"self":[{"href":"https:\/\/www.copealcoy.es\/es\/wp-json\/wp\/v2\/posts\/29519","targetHints":{"allow":["GET"]}}],"collection":[{"href":"https:\/\/www.copealcoy.es\/es\/wp-json\/wp\/v2\/posts"}],"about":[{"href":"https:\/\/www.copealcoy.es\/es\/wp-json\/wp\/v2\/types\/post"}],"author":[{"embeddable":true,"href":"https:\/\/www.copealcoy.es\/es\/wp-json\/wp\/v2\/users\/1"}],"replies":[{"embeddable":true,"href":"https:\/\/www.copealcoy.es\/es\/wp-json\/wp\/v2\/comments?post=29519"}],"version-history":[{"count":0,"href":"https:\/\/www.copealcoy.es\/es\/wp-json\/wp\/v2\/posts\/29519\/revisions"}],"wp:featuredmedia":[{"embeddable":true,"href":"https:\/\/www.copealcoy.es\/es\/wp-json\/wp\/v2\/media\/28855"}],"wp:attachment":[{"href":"https:\/\/www.copealcoy.es\/es\/wp-json\/wp\/v2\/media?parent=29519"}],"wp:term":[{"taxonomy":"category","embeddable":true,"href":"https:\/\/www.copealcoy.es\/es\/wp-json\/wp\/v2\/categories?post=29519"},{"taxonomy":"post_tag","embeddable":true,"href":"https:\/\/www.copealcoy.es\/es\/wp-json\/wp\/v2\/tags?post=29519"}],"curies":[{"name":"wp","href":"https:\/\/api.w.org\/{rel}","templated":true}]}}