{"id":29482,"date":"2017-03-07T16:03:18","date_gmt":"2017-03-07T16:03:18","guid":{"rendered":"http:\/\/copealcoi.es\/new\/?p=29482"},"modified":"2017-03-07T16:05:21","modified_gmt":"2017-03-07T16:05:21","slug":"cocentaina-pide-sanidad-declare-apta-agua-lalcudia-sant-cristofol","status":"publish","type":"post","link":"https:\/\/www.copealcoy.es\/es\/cocentaina-pide-sanidad-declare-apta-agua-lalcudia-sant-cristofol\/","title":{"rendered":"Cocentaina pide a Sanidad que declare apta el agua de L\u00b4Alcudia y Sant Crist\u00f2fol"},"content":{"rendered":"<p style=\"text-align: justify;\">El Ayuntamiento de Cocentaina <strong>pide a la Conselleria de Sanidad<\/strong> que declare apta para el consumo humano el agua potable en la <strong>pedan\u00eda de l\u00b4Alcudia<\/strong> y tambi\u00e9n en el <strong>Pol\u00edgono Industrial de Sant Crist\u00f2fol<\/strong>. Hay que recordar que en estas dos zonas el agua todav\u00eda presenta <strong>ligeros \u00edndices\u00a0de turbidez<\/strong> tras las filtraciones que causaron los \u00faltimos temporales de lluvias.<\/p>\n<p style=\"text-align: justify;\">La alcaldesa de la Villa Condal, <strong>Mireia Estepa<\/strong>, ha explicado que los an\u00e1lisis realizados a diario <strong>confirman que el agua de la red de agua potable es apta<\/strong> aunque todav\u00eda se aprecian los citados \u00edndices de turbidez en el dep\u00f3sito que abastece a la misma, unos registros que entran dentro de la normalidad. Ante esta situaci\u00f3n la primera edil, junto a los t\u00e9cnicos municipales, han mantenido recientemente <strong>un encuentro con el Director de Salud P\u00fablica, Jos\u00e9 Fenollar;<\/strong> para poder solicitar a Conseller\u00eda el informe que refleje\u00a0que <strong>el agua est\u00e1\u00a0en condiciones para el consumo humano<\/strong>\u00a0<em>&#8220;Fenollar y la t\u00e9cnico del \u00c1rea trasladar\u00e1n la solicitud a Sanidad para que valoren que no hay riesgo para la salud, ya que el agua en la pedan\u00eda de L\u00b4Alcudia est\u00e1 limpia seg\u00fan los controles peri\u00f3dicos que se realizan en los laboratorios. Nuestros vecinos necesitan ya la certeza oficial que el agua es buena, han sido muy pacientes y comprensivos con este problema de filtraciones&#8221;<\/em>, concluye la primera edil.<\/p>\n<p style=\"text-align: justify;\">\n","protected":false},"excerpt":{"rendered":"<p>El Ayuntamiento de Cocentaina pide a la Conselleria de Sanidad que declare apta para el consumo humano el agua potable&#8230;<\/p>\n","protected":false},"author":1,"featured_media":29483,"comment_status":"open","ping_status":"open","sticky":false,"template":"","format":"standard","meta":{"footnotes":""},"categories":[98,75],"tags":[208,213,3448,132,3449,835],"class_list":["post-29482","post","type-post","status-publish","format-standard","has-post-thumbnail","hentry","category-comarcas","category-noticias","tag-agua-potable","tag-alcudia","tag-apta","tag-cocentaina","tag-consumo-humano","tag-sanidad"],"yoast_head":"<!-- This site is optimized with the Yoast SEO plugin v27.3 - https:\/\/yoast.com\/product\/yoast-seo-wordpress\/ -->\n<title>Cocentaina pide a Sanidad que declare apta el agua de L\u00b4Alcudia y Sant Crist\u00f2fol - COPE Alcoy<\/title>\n<meta name=\"robots\" content=\"index, follow, max-snippet:-1, max-image-preview:large, max-video-preview:-1\" \/>\n<link rel=\"canonical\" href=\"https:\/\/www.copealcoy.es\/es\/cocentaina-pide-sanidad-declare-apta-agua-lalcudia-sant-cristofol\/\" \/>\n<meta property=\"og:locale\" content=\"es_ES\" \/>\n<meta property=\"og:type\" content=\"article\" \/>\n<meta property=\"og:title\" content=\"Cocentaina pide a Sanidad que declare apta el agua de L\u00b4Alcudia y Sant Crist\u00f2fol - COPE Alcoy\" \/>\n<meta property=\"og:description\" content=\"El Ayuntamiento de Cocentaina pide a la Conselleria de Sanidad que declare apta para el consumo humano el agua potable...\" \/>\n<meta property=\"og:url\" content=\"https:\/\/www.copealcoy.es\/es\/cocentaina-pide-sanidad-declare-apta-agua-lalcudia-sant-cristofol\/\" \/>\n<meta property=\"og:site_name\" content=\"COPE Alcoy\" \/>\n<meta property=\"article:published_time\" content=\"2017-03-07T16:03:18+00:00\" \/>\n<meta property=\"article:modified_time\" content=\"2017-03-07T16:05:21+00:00\" \/>\n<meta property=\"og:image\" content=\"https:\/\/www.copealcoy.es\/wp-content\/uploads\/2017\/03\/170305-reunio-direc-salud-publica.jpg\" \/>\n\t<meta property=\"og:image:width\" content=\"1024\" \/>\n\t<meta property=\"og:image:height\" content=\"683\" \/>\n\t<meta property=\"og:image:type\" content=\"image\/jpeg\" \/>\n<meta name=\"author\" content=\"Cope Alcoy\" \/>\n<meta name=\"twitter:label1\" content=\"Escrito por\" \/>\n\t<meta name=\"twitter:data1\" content=\"Cope Alcoy\" \/>\n\t<meta name=\"twitter:label2\" content=\"Tiempo de lectura\" \/>\n\t<meta name=\"twitter:data2\" content=\"1 minuto\" \/>\n<script type=\"application\/ld+json\" class=\"yoast-schema-graph\">{\"@context\":\"https:\\\/\\\/schema.org\",\"@graph\":[{\"@type\":\"Article\",\"@id\":\"https:\\\/\\\/www.copealcoy.es\\\/es\\\/cocentaina-pide-sanidad-declare-apta-agua-lalcudia-sant-cristofol\\\/#article\",\"isPartOf\":{\"@id\":\"https:\\\/\\\/www.copealcoy.es\\\/es\\\/cocentaina-pide-sanidad-declare-apta-agua-lalcudia-sant-cristofol\\\/\"},\"author\":{\"name\":\"Cope Alcoy\",\"@id\":\"https:\\\/\\\/www.copealcoy.es\\\/es\\\/#\\\/schema\\\/person\\\/e777c87fa024e57d40170af9df39882c\"},\"headline\":\"Cocentaina pide a Sanidad que declare apta el agua de L\u00b4Alcudia y Sant Crist\u00f2fol\",\"datePublished\":\"2017-03-07T16:03:18+00:00\",\"dateModified\":\"2017-03-07T16:05:21+00:00\",\"mainEntityOfPage\":{\"@id\":\"https:\\\/\\\/www.copealcoy.es\\\/es\\\/cocentaina-pide-sanidad-declare-apta-agua-lalcudia-sant-cristofol\\\/\"},\"wordCount\":260,\"commentCount\":0,\"image\":{\"@id\":\"https:\\\/\\\/www.copealcoy.es\\\/es\\\/cocentaina-pide-sanidad-declare-apta-agua-lalcudia-sant-cristofol\\\/#primaryimage\"},\"thumbnailUrl\":\"https:\\\/\\\/www.copealcoy.es\\\/wp-content\\\/uploads\\\/2017\\\/03\\\/170305-reunio-direc-salud-publica.jpg\",\"keywords\":[\"Agua Potable\",\"Alcudia\",\"apta\",\"Cocentaina\",\"consumo humano\",\"Sanidad\"],\"articleSection\":[\"Comarcas\",\"Noticias\"],\"inLanguage\":\"es\"},{\"@type\":\"WebPage\",\"@id\":\"https:\\\/\\\/www.copealcoy.es\\\/es\\\/cocentaina-pide-sanidad-declare-apta-agua-lalcudia-sant-cristofol\\\/\",\"url\":\"https:\\\/\\\/www.copealcoy.es\\\/es\\\/cocentaina-pide-sanidad-declare-apta-agua-lalcudia-sant-cristofol\\\/\",\"name\":\"Cocentaina pide a Sanidad que declare apta el agua de L\u00b4Alcudia y Sant Crist\u00f2fol - COPE Alcoy\",\"isPartOf\":{\"@id\":\"https:\\\/\\\/www.copealcoy.es\\\/es\\\/#website\"},\"primaryImageOfPage\":{\"@id\":\"https:\\\/\\\/www.copealcoy.es\\\/es\\\/cocentaina-pide-sanidad-declare-apta-agua-lalcudia-sant-cristofol\\\/#primaryimage\"},\"image\":{\"@id\":\"https:\\\/\\\/www.copealcoy.es\\\/es\\\/cocentaina-pide-sanidad-declare-apta-agua-lalcudia-sant-cristofol\\\/#primaryimage\"},\"thumbnailUrl\":\"https:\\\/\\\/www.copealcoy.es\\\/wp-content\\\/uploads\\\/2017\\\/03\\\/170305-reunio-direc-salud-publica.jpg\",\"datePublished\":\"2017-03-07T16:03:18+00:00\",\"dateModified\":\"2017-03-07T16:05:21+00:00\",\"author\":{\"@id\":\"https:\\\/\\\/www.copealcoy.es\\\/es\\\/#\\\/schema\\\/person\\\/e777c87fa024e57d40170af9df39882c\"},\"breadcrumb\":{\"@id\":\"https:\\\/\\\/www.copealcoy.es\\\/es\\\/cocentaina-pide-sanidad-declare-apta-agua-lalcudia-sant-cristofol\\\/#breadcrumb\"},\"inLanguage\":\"es\",\"potentialAction\":[{\"@type\":\"ReadAction\",\"target\":[\"https:\\\/\\\/www.copealcoy.es\\\/es\\\/cocentaina-pide-sanidad-declare-apta-agua-lalcudia-sant-cristofol\\\/\"]}]},{\"@type\":\"ImageObject\",\"inLanguage\":\"es\",\"@id\":\"https:\\\/\\\/www.copealcoy.es\\\/es\\\/cocentaina-pide-sanidad-declare-apta-agua-lalcudia-sant-cristofol\\\/#primaryimage\",\"url\":\"https:\\\/\\\/www.copealcoy.es\\\/wp-content\\\/uploads\\\/2017\\\/03\\\/170305-reunio-direc-salud-publica.jpg\",\"contentUrl\":\"https:\\\/\\\/www.copealcoy.es\\\/wp-content\\\/uploads\\\/2017\\\/03\\\/170305-reunio-direc-salud-publica.jpg\",\"width\":1024,\"height\":683,\"caption\":\"Un instante de la reuni\u00f3n mantenida con el Doctor Jos\u00e9 Fenollar\"},{\"@type\":\"BreadcrumbList\",\"@id\":\"https:\\\/\\\/www.copealcoy.es\\\/es\\\/cocentaina-pide-sanidad-declare-apta-agua-lalcudia-sant-cristofol\\\/#breadcrumb\",\"itemListElement\":[{\"@type\":\"ListItem\",\"position\":1,\"name\":\"Portada\",\"item\":\"https:\\\/\\\/www.copealcoy.es\\\/es\\\/\"},{\"@type\":\"ListItem\",\"position\":2,\"name\":\"Cocentaina pide a Sanidad que declare apta el agua de L\u00b4Alcudia y Sant Crist\u00f2fol\"}]},{\"@type\":\"WebSite\",\"@id\":\"https:\\\/\\\/www.copealcoy.es\\\/es\\\/#website\",\"url\":\"https:\\\/\\\/www.copealcoy.es\\\/es\\\/\",\"name\":\"COPE Alcoy\",\"description\":\"Emisora COPE de radio local con emisi\u00f3n online. Pont de Sant Jordi 8-10 03803 Alcoy\",\"potentialAction\":[{\"@type\":\"SearchAction\",\"target\":{\"@type\":\"EntryPoint\",\"urlTemplate\":\"https:\\\/\\\/www.copealcoy.es\\\/es\\\/?s={search_term_string}\"},\"query-input\":{\"@type\":\"PropertyValueSpecification\",\"valueRequired\":true,\"valueName\":\"search_term_string\"}}],\"inLanguage\":\"es\"},{\"@type\":\"Person\",\"@id\":\"https:\\\/\\\/www.copealcoy.es\\\/es\\\/#\\\/schema\\\/person\\\/e777c87fa024e57d40170af9df39882c\",\"name\":\"Cope Alcoy\",\"image\":{\"@type\":\"ImageObject\",\"inLanguage\":\"es\",\"@id\":\"https:\\\/\\\/secure.gravatar.com\\\/avatar\\\/bb65d0283347e303893ba14f0692005417c1e0e690a325a4c5d8bb2b3943ee14?s=96&d=mm&r=g\",\"url\":\"https:\\\/\\\/secure.gravatar.com\\\/avatar\\\/bb65d0283347e303893ba14f0692005417c1e0e690a325a4c5d8bb2b3943ee14?s=96&d=mm&r=g\",\"contentUrl\":\"https:\\\/\\\/secure.gravatar.com\\\/avatar\\\/bb65d0283347e303893ba14f0692005417c1e0e690a325a4c5d8bb2b3943ee14?s=96&d=mm&r=g\",\"caption\":\"Cope Alcoy\"}}]}<\/script>\n<!-- \/ Yoast SEO plugin. -->","yoast_head_json":{"title":"Cocentaina pide a Sanidad que declare apta el agua de L\u00b4Alcudia y Sant Crist\u00f2fol - COPE Alcoy","robots":{"index":"index","follow":"follow","max-snippet":"max-snippet:-1","max-image-preview":"max-image-preview:large","max-video-preview":"max-video-preview:-1"},"canonical":"https:\/\/www.copealcoy.es\/es\/cocentaina-pide-sanidad-declare-apta-agua-lalcudia-sant-cristofol\/","og_locale":"es_ES","og_type":"article","og_title":"Cocentaina pide a Sanidad que declare apta el agua de L\u00b4Alcudia y Sant Crist\u00f2fol - COPE Alcoy","og_description":"El Ayuntamiento de Cocentaina pide a la Conselleria de Sanidad que declare apta para el consumo humano el agua potable...","og_url":"https:\/\/www.copealcoy.es\/es\/cocentaina-pide-sanidad-declare-apta-agua-lalcudia-sant-cristofol\/","og_site_name":"COPE Alcoy","article_published_time":"2017-03-07T16:03:18+00:00","article_modified_time":"2017-03-07T16:05:21+00:00","og_image":[{"width":1024,"height":683,"url":"https:\/\/www.copealcoy.es\/wp-content\/uploads\/2017\/03\/170305-reunio-direc-salud-publica.jpg","type":"image\/jpeg"}],"author":"Cope Alcoy","twitter_misc":{"Escrito por":"Cope Alcoy","Tiempo de lectura":"1 minuto"},"schema":{"@context":"https:\/\/schema.org","@graph":[{"@type":"Article","@id":"https:\/\/www.copealcoy.es\/es\/cocentaina-pide-sanidad-declare-apta-agua-lalcudia-sant-cristofol\/#article","isPartOf":{"@id":"https:\/\/www.copealcoy.es\/es\/cocentaina-pide-sanidad-declare-apta-agua-lalcudia-sant-cristofol\/"},"author":{"name":"Cope Alcoy","@id":"https:\/\/www.copealcoy.es\/es\/#\/schema\/person\/e777c87fa024e57d40170af9df39882c"},"headline":"Cocentaina pide a Sanidad que declare apta el agua de L\u00b4Alcudia y Sant Crist\u00f2fol","datePublished":"2017-03-07T16:03:18+00:00","dateModified":"2017-03-07T16:05:21+00:00","mainEntityOfPage":{"@id":"https:\/\/www.copealcoy.es\/es\/cocentaina-pide-sanidad-declare-apta-agua-lalcudia-sant-cristofol\/"},"wordCount":260,"commentCount":0,"image":{"@id":"https:\/\/www.copealcoy.es\/es\/cocentaina-pide-sanidad-declare-apta-agua-lalcudia-sant-cristofol\/#primaryimage"},"thumbnailUrl":"https:\/\/www.copealcoy.es\/wp-content\/uploads\/2017\/03\/170305-reunio-direc-salud-publica.jpg","keywords":["Agua Potable","Alcudia","apta","Cocentaina","consumo humano","Sanidad"],"articleSection":["Comarcas","Noticias"],"inLanguage":"es"},{"@type":"WebPage","@id":"https:\/\/www.copealcoy.es\/es\/cocentaina-pide-sanidad-declare-apta-agua-lalcudia-sant-cristofol\/","url":"https:\/\/www.copealcoy.es\/es\/cocentaina-pide-sanidad-declare-apta-agua-lalcudia-sant-cristofol\/","name":"Cocentaina pide a Sanidad que declare apta el agua de L\u00b4Alcudia y Sant Crist\u00f2fol - COPE Alcoy","isPartOf":{"@id":"https:\/\/www.copealcoy.es\/es\/#website"},"primaryImageOfPage":{"@id":"https:\/\/www.copealcoy.es\/es\/cocentaina-pide-sanidad-declare-apta-agua-lalcudia-sant-cristofol\/#primaryimage"},"image":{"@id":"https:\/\/www.copealcoy.es\/es\/cocentaina-pide-sanidad-declare-apta-agua-lalcudia-sant-cristofol\/#primaryimage"},"thumbnailUrl":"https:\/\/www.copealcoy.es\/wp-content\/uploads\/2017\/03\/170305-reunio-direc-salud-publica.jpg","datePublished":"2017-03-07T16:03:18+00:00","dateModified":"2017-03-07T16:05:21+00:00","author":{"@id":"https:\/\/www.copealcoy.es\/es\/#\/schema\/person\/e777c87fa024e57d40170af9df39882c"},"breadcrumb":{"@id":"https:\/\/www.copealcoy.es\/es\/cocentaina-pide-sanidad-declare-apta-agua-lalcudia-sant-cristofol\/#breadcrumb"},"inLanguage":"es","potentialAction":[{"@type":"ReadAction","target":["https:\/\/www.copealcoy.es\/es\/cocentaina-pide-sanidad-declare-apta-agua-lalcudia-sant-cristofol\/"]}]},{"@type":"ImageObject","inLanguage":"es","@id":"https:\/\/www.copealcoy.es\/es\/cocentaina-pide-sanidad-declare-apta-agua-lalcudia-sant-cristofol\/#primaryimage","url":"https:\/\/www.copealcoy.es\/wp-content\/uploads\/2017\/03\/170305-reunio-direc-salud-publica.jpg","contentUrl":"https:\/\/www.copealcoy.es\/wp-content\/uploads\/2017\/03\/170305-reunio-direc-salud-publica.jpg","width":1024,"height":683,"caption":"Un instante de la reuni\u00f3n mantenida con el Doctor Jos\u00e9 Fenollar"},{"@type":"BreadcrumbList","@id":"https:\/\/www.copealcoy.es\/es\/cocentaina-pide-sanidad-declare-apta-agua-lalcudia-sant-cristofol\/#breadcrumb","itemListElement":[{"@type":"ListItem","position":1,"name":"Portada","item":"https:\/\/www.copealcoy.es\/es\/"},{"@type":"ListItem","position":2,"name":"Cocentaina pide a Sanidad que declare apta el agua de L\u00b4Alcudia y Sant Crist\u00f2fol"}]},{"@type":"WebSite","@id":"https:\/\/www.copealcoy.es\/es\/#website","url":"https:\/\/www.copealcoy.es\/es\/","name":"COPE Alcoy","description":"Emisora COPE de radio local con emisi\u00f3n online. Pont de Sant Jordi 8-10 03803 Alcoy","potentialAction":[{"@type":"SearchAction","target":{"@type":"EntryPoint","urlTemplate":"https:\/\/www.copealcoy.es\/es\/?s={search_term_string}"},"query-input":{"@type":"PropertyValueSpecification","valueRequired":true,"valueName":"search_term_string"}}],"inLanguage":"es"},{"@type":"Person","@id":"https:\/\/www.copealcoy.es\/es\/#\/schema\/person\/e777c87fa024e57d40170af9df39882c","name":"Cope Alcoy","image":{"@type":"ImageObject","inLanguage":"es","@id":"https:\/\/secure.gravatar.com\/avatar\/bb65d0283347e303893ba14f0692005417c1e0e690a325a4c5d8bb2b3943ee14?s=96&d=mm&r=g","url":"https:\/\/secure.gravatar.com\/avatar\/bb65d0283347e303893ba14f0692005417c1e0e690a325a4c5d8bb2b3943ee14?s=96&d=mm&r=g","contentUrl":"https:\/\/secure.gravatar.com\/avatar\/bb65d0283347e303893ba14f0692005417c1e0e690a325a4c5d8bb2b3943ee14?s=96&d=mm&r=g","caption":"Cope Alcoy"}}]}},"_links":{"self":[{"href":"https:\/\/www.copealcoy.es\/es\/wp-json\/wp\/v2\/posts\/29482","targetHints":{"allow":["GET"]}}],"collection":[{"href":"https:\/\/www.copealcoy.es\/es\/wp-json\/wp\/v2\/posts"}],"about":[{"href":"https:\/\/www.copealcoy.es\/es\/wp-json\/wp\/v2\/types\/post"}],"author":[{"embeddable":true,"href":"https:\/\/www.copealcoy.es\/es\/wp-json\/wp\/v2\/users\/1"}],"replies":[{"embeddable":true,"href":"https:\/\/www.copealcoy.es\/es\/wp-json\/wp\/v2\/comments?post=29482"}],"version-history":[{"count":0,"href":"https:\/\/www.copealcoy.es\/es\/wp-json\/wp\/v2\/posts\/29482\/revisions"}],"wp:featuredmedia":[{"embeddable":true,"href":"https:\/\/www.copealcoy.es\/es\/wp-json\/wp\/v2\/media\/29483"}],"wp:attachment":[{"href":"https:\/\/www.copealcoy.es\/es\/wp-json\/wp\/v2\/media?parent=29482"}],"wp:term":[{"taxonomy":"category","embeddable":true,"href":"https:\/\/www.copealcoy.es\/es\/wp-json\/wp\/v2\/categories?post=29482"},{"taxonomy":"post_tag","embeddable":true,"href":"https:\/\/www.copealcoy.es\/es\/wp-json\/wp\/v2\/tags?post=29482"}],"curies":[{"name":"wp","href":"https:\/\/api.w.org\/{rel}","templated":true}]}}