{"id":29430,"date":"2017-03-06T06:00:43","date_gmt":"2017-03-06T06:00:43","guid":{"rendered":"http:\/\/copealcoi.es\/new\/?p=29430"},"modified":"2017-03-05T10:29:41","modified_gmt":"2017-03-05T10:29:41","slug":"la-diputacion-inicia-las-obras-la-calle-tossal","status":"publish","type":"post","link":"https:\/\/www.copealcoy.es\/es\/la-diputacion-inicia-las-obras-la-calle-tossal\/","title":{"rendered":"La Diputaci\u00f3n inicia las obras de la calle Tossal"},"content":{"rendered":"<p style=\"text-align: justify;\">La Diputaci\u00f3n de Alicante, seg\u00fan ha informado el Ayuntamiento de Alcoy, <strong>tiene previsto iniciar esta misma semana las obras<\/strong> para subsanar los desperfectos que presenta <strong>el alcantarillado de la calle Tossal<\/strong> tras ser <strong>declarada de emergencia esta intervenci\u00f3n<\/strong> tambi\u00e9n por parte del ente provincial.<\/p>\n<p style=\"text-align: justify;\">El edil de Obras y Servicios, <strong>Jordi Mart\u00ednez<\/strong>, destaca que estos trabajos <strong>llegan con m\u00e1s de un a\u00f1o de demora<\/strong> y tras causar <strong>numerosas molestias como filtraciones o humedades<\/strong> en las viviendas de esta v\u00eda de la ciudad. Adem\u00e1s Mart\u00ednez califica de\u00a0<strong>&#8220;situaci\u00f3n l\u00edmite&#8221;<\/strong> los inconvenientes<strong> que vienen arrastrando los vecinos<\/strong> <em>&#8220;trasladamos a la Diputaci\u00f3n que hab\u00edamos declarado las obras de emergencia aunque ello implicara perder la subvenci\u00f3n. El pasado viernes por la ma\u00f1ana los t\u00e9cnicos provinciales visitaron la calle Tossal, valoraron la problem\u00e1tica y decidieron tambi\u00e9n catalogar\u00a0la obra de emergencia. Esto supondr\u00e1 que los trabajos comiencen\u00a0a lo largo de esta pr\u00f3xima semana y Alcoy finalmente no perder\u00e1 la subvenci\u00f3n concedida&#8221;<\/em>, apunta el concejal.<\/p>\n<p style=\"text-align: justify;\">Indicar que las obras est\u00e1n adjudicadas desde hace un a\u00f1o pero no se han iniciado todav\u00eda porque\u00a0<strong>la empresa encargada de las mismas solicit\u00f3 al ente provincial realizar un cambio en el proyecto inicial<\/strong>. Esto ha provocado un retraso en el comienzo de los trabajos y mientras tanto l<strong>a situaci\u00f3n se ha agravado como consecuencia de los \u00faltimos temporales de lluvia<\/strong>\u00a0que han provocado que los vecinos de esta calle se vean afectados por las continuas inundaciones en sus domicilios. Estas tambi\u00e9n\u00a0<strong>han generado varios desperfectos<\/strong>\u00a0en las casas.<\/p>\n<p>&nbsp;<\/p>\n","protected":false},"excerpt":{"rendered":"<p>La Diputaci\u00f3n de Alicante, seg\u00fan ha informado el Ayuntamiento de Alcoy, tiene previsto iniciar esta misma semana las obras para&#8230;<\/p>\n","protected":false},"author":1,"featured_media":29129,"comment_status":"open","ping_status":"open","sticky":false,"template":"","format":"standard","meta":{"footnotes":""},"categories":[97,75,125],"tags":[1494,3244,234,927],"class_list":["post-29430","post","type-post","status-publish","format-standard","has-post-thumbnail","hentry","category-alcoy","category-noticias","category-portada","tag-alcoy","tag-calle-tossal","tag-diputacion","tag-jordi-martinez"],"yoast_head":"<!-- This site is optimized with the Yoast SEO plugin v27.3 - https:\/\/yoast.com\/product\/yoast-seo-wordpress\/ -->\n<title>La Diputaci\u00f3n inicia las obras de la calle Tossal - COPE Alcoy<\/title>\n<meta name=\"robots\" content=\"index, follow, max-snippet:-1, max-image-preview:large, max-video-preview:-1\" \/>\n<link rel=\"canonical\" href=\"https:\/\/www.copealcoy.es\/es\/la-diputacion-inicia-las-obras-la-calle-tossal\/\" \/>\n<meta property=\"og:locale\" content=\"es_ES\" \/>\n<meta property=\"og:type\" content=\"article\" \/>\n<meta property=\"og:title\" content=\"La Diputaci\u00f3n inicia las obras de la calle Tossal - COPE Alcoy\" \/>\n<meta property=\"og:description\" content=\"La Diputaci\u00f3n de Alicante, seg\u00fan ha informado el Ayuntamiento de Alcoy, tiene previsto iniciar esta misma semana las obras para...\" \/>\n<meta property=\"og:url\" content=\"https:\/\/www.copealcoy.es\/es\/la-diputacion-inicia-las-obras-la-calle-tossal\/\" \/>\n<meta property=\"og:site_name\" content=\"COPE Alcoy\" \/>\n<meta property=\"article:published_time\" content=\"2017-03-06T06:00:43+00:00\" \/>\n<meta property=\"og:image\" content=\"https:\/\/www.copealcoy.es\/wp-content\/uploads\/2017\/02\/Captura-de-pantalla-2017-02-22-a-las-18.10.44-e1487784740627.png\" \/>\n\t<meta property=\"og:image:width\" content=\"727\" \/>\n\t<meta property=\"og:image:height\" content=\"471\" \/>\n\t<meta property=\"og:image:type\" content=\"image\/png\" \/>\n<meta name=\"author\" content=\"Cope Alcoy\" \/>\n<meta name=\"twitter:label1\" content=\"Escrito por\" \/>\n\t<meta name=\"twitter:data1\" content=\"Cope Alcoy\" \/>\n\t<meta name=\"twitter:label2\" content=\"Tiempo de lectura\" \/>\n\t<meta name=\"twitter:data2\" content=\"1 minuto\" \/>\n<script type=\"application\/ld+json\" class=\"yoast-schema-graph\">{\"@context\":\"https:\\\/\\\/schema.org\",\"@graph\":[{\"@type\":\"Article\",\"@id\":\"https:\\\/\\\/www.copealcoy.es\\\/es\\\/la-diputacion-inicia-las-obras-la-calle-tossal\\\/#article\",\"isPartOf\":{\"@id\":\"https:\\\/\\\/www.copealcoy.es\\\/es\\\/la-diputacion-inicia-las-obras-la-calle-tossal\\\/\"},\"author\":{\"name\":\"Cope Alcoy\",\"@id\":\"https:\\\/\\\/www.copealcoy.es\\\/es\\\/#\\\/schema\\\/person\\\/e777c87fa024e57d40170af9df39882c\"},\"headline\":\"La Diputaci\u00f3n inicia las obras de la calle Tossal\",\"datePublished\":\"2017-03-06T06:00:43+00:00\",\"mainEntityOfPage\":{\"@id\":\"https:\\\/\\\/www.copealcoy.es\\\/es\\\/la-diputacion-inicia-las-obras-la-calle-tossal\\\/\"},\"wordCount\":286,\"commentCount\":0,\"image\":{\"@id\":\"https:\\\/\\\/www.copealcoy.es\\\/es\\\/la-diputacion-inicia-las-obras-la-calle-tossal\\\/#primaryimage\"},\"thumbnailUrl\":\"https:\\\/\\\/www.copealcoy.es\\\/wp-content\\\/uploads\\\/2017\\\/02\\\/Captura-de-pantalla-2017-02-22-a-las-18.10.44-e1487784740627.png\",\"keywords\":[\"Alcoy\",\"calle Tossal\",\"Diputaci\u00f3n\",\"Jordi Mart\u00ednez\"],\"articleSection\":[\"Alcoy\",\"Noticias\",\"Portada\"],\"inLanguage\":\"es\"},{\"@type\":\"WebPage\",\"@id\":\"https:\\\/\\\/www.copealcoy.es\\\/es\\\/la-diputacion-inicia-las-obras-la-calle-tossal\\\/\",\"url\":\"https:\\\/\\\/www.copealcoy.es\\\/es\\\/la-diputacion-inicia-las-obras-la-calle-tossal\\\/\",\"name\":\"La Diputaci\u00f3n inicia las obras de la calle Tossal - COPE Alcoy\",\"isPartOf\":{\"@id\":\"https:\\\/\\\/www.copealcoy.es\\\/es\\\/#website\"},\"primaryImageOfPage\":{\"@id\":\"https:\\\/\\\/www.copealcoy.es\\\/es\\\/la-diputacion-inicia-las-obras-la-calle-tossal\\\/#primaryimage\"},\"image\":{\"@id\":\"https:\\\/\\\/www.copealcoy.es\\\/es\\\/la-diputacion-inicia-las-obras-la-calle-tossal\\\/#primaryimage\"},\"thumbnailUrl\":\"https:\\\/\\\/www.copealcoy.es\\\/wp-content\\\/uploads\\\/2017\\\/02\\\/Captura-de-pantalla-2017-02-22-a-las-18.10.44-e1487784740627.png\",\"datePublished\":\"2017-03-06T06:00:43+00:00\",\"author\":{\"@id\":\"https:\\\/\\\/www.copealcoy.es\\\/es\\\/#\\\/schema\\\/person\\\/e777c87fa024e57d40170af9df39882c\"},\"breadcrumb\":{\"@id\":\"https:\\\/\\\/www.copealcoy.es\\\/es\\\/la-diputacion-inicia-las-obras-la-calle-tossal\\\/#breadcrumb\"},\"inLanguage\":\"es\",\"potentialAction\":[{\"@type\":\"ReadAction\",\"target\":[\"https:\\\/\\\/www.copealcoy.es\\\/es\\\/la-diputacion-inicia-las-obras-la-calle-tossal\\\/\"]}]},{\"@type\":\"ImageObject\",\"inLanguage\":\"es\",\"@id\":\"https:\\\/\\\/www.copealcoy.es\\\/es\\\/la-diputacion-inicia-las-obras-la-calle-tossal\\\/#primaryimage\",\"url\":\"https:\\\/\\\/www.copealcoy.es\\\/wp-content\\\/uploads\\\/2017\\\/02\\\/Captura-de-pantalla-2017-02-22-a-las-18.10.44-e1487784740627.png\",\"contentUrl\":\"https:\\\/\\\/www.copealcoy.es\\\/wp-content\\\/uploads\\\/2017\\\/02\\\/Captura-de-pantalla-2017-02-22-a-las-18.10.44-e1487784740627.png\",\"width\":727,\"height\":471},{\"@type\":\"BreadcrumbList\",\"@id\":\"https:\\\/\\\/www.copealcoy.es\\\/es\\\/la-diputacion-inicia-las-obras-la-calle-tossal\\\/#breadcrumb\",\"itemListElement\":[{\"@type\":\"ListItem\",\"position\":1,\"name\":\"Portada\",\"item\":\"https:\\\/\\\/www.copealcoy.es\\\/es\\\/\"},{\"@type\":\"ListItem\",\"position\":2,\"name\":\"La Diputaci\u00f3n inicia las obras de la calle Tossal\"}]},{\"@type\":\"WebSite\",\"@id\":\"https:\\\/\\\/www.copealcoy.es\\\/es\\\/#website\",\"url\":\"https:\\\/\\\/www.copealcoy.es\\\/es\\\/\",\"name\":\"COPE Alcoy\",\"description\":\"Emisora COPE de radio local con emisi\u00f3n online. Pont de Sant Jordi 8-10 03803 Alcoy\",\"potentialAction\":[{\"@type\":\"SearchAction\",\"target\":{\"@type\":\"EntryPoint\",\"urlTemplate\":\"https:\\\/\\\/www.copealcoy.es\\\/es\\\/?s={search_term_string}\"},\"query-input\":{\"@type\":\"PropertyValueSpecification\",\"valueRequired\":true,\"valueName\":\"search_term_string\"}}],\"inLanguage\":\"es\"},{\"@type\":\"Person\",\"@id\":\"https:\\\/\\\/www.copealcoy.es\\\/es\\\/#\\\/schema\\\/person\\\/e777c87fa024e57d40170af9df39882c\",\"name\":\"Cope Alcoy\",\"image\":{\"@type\":\"ImageObject\",\"inLanguage\":\"es\",\"@id\":\"https:\\\/\\\/secure.gravatar.com\\\/avatar\\\/bb65d0283347e303893ba14f0692005417c1e0e690a325a4c5d8bb2b3943ee14?s=96&d=mm&r=g\",\"url\":\"https:\\\/\\\/secure.gravatar.com\\\/avatar\\\/bb65d0283347e303893ba14f0692005417c1e0e690a325a4c5d8bb2b3943ee14?s=96&d=mm&r=g\",\"contentUrl\":\"https:\\\/\\\/secure.gravatar.com\\\/avatar\\\/bb65d0283347e303893ba14f0692005417c1e0e690a325a4c5d8bb2b3943ee14?s=96&d=mm&r=g\",\"caption\":\"Cope Alcoy\"}}]}<\/script>\n<!-- \/ Yoast SEO plugin. -->","yoast_head_json":{"title":"La Diputaci\u00f3n inicia las obras de la calle Tossal - COPE Alcoy","robots":{"index":"index","follow":"follow","max-snippet":"max-snippet:-1","max-image-preview":"max-image-preview:large","max-video-preview":"max-video-preview:-1"},"canonical":"https:\/\/www.copealcoy.es\/es\/la-diputacion-inicia-las-obras-la-calle-tossal\/","og_locale":"es_ES","og_type":"article","og_title":"La Diputaci\u00f3n inicia las obras de la calle Tossal - COPE Alcoy","og_description":"La Diputaci\u00f3n de Alicante, seg\u00fan ha informado el Ayuntamiento de Alcoy, tiene previsto iniciar esta misma semana las obras para...","og_url":"https:\/\/www.copealcoy.es\/es\/la-diputacion-inicia-las-obras-la-calle-tossal\/","og_site_name":"COPE Alcoy","article_published_time":"2017-03-06T06:00:43+00:00","og_image":[{"width":727,"height":471,"url":"https:\/\/www.copealcoy.es\/wp-content\/uploads\/2017\/02\/Captura-de-pantalla-2017-02-22-a-las-18.10.44-e1487784740627.png","type":"image\/png"}],"author":"Cope Alcoy","twitter_misc":{"Escrito por":"Cope Alcoy","Tiempo de lectura":"1 minuto"},"schema":{"@context":"https:\/\/schema.org","@graph":[{"@type":"Article","@id":"https:\/\/www.copealcoy.es\/es\/la-diputacion-inicia-las-obras-la-calle-tossal\/#article","isPartOf":{"@id":"https:\/\/www.copealcoy.es\/es\/la-diputacion-inicia-las-obras-la-calle-tossal\/"},"author":{"name":"Cope Alcoy","@id":"https:\/\/www.copealcoy.es\/es\/#\/schema\/person\/e777c87fa024e57d40170af9df39882c"},"headline":"La Diputaci\u00f3n inicia las obras de la calle Tossal","datePublished":"2017-03-06T06:00:43+00:00","mainEntityOfPage":{"@id":"https:\/\/www.copealcoy.es\/es\/la-diputacion-inicia-las-obras-la-calle-tossal\/"},"wordCount":286,"commentCount":0,"image":{"@id":"https:\/\/www.copealcoy.es\/es\/la-diputacion-inicia-las-obras-la-calle-tossal\/#primaryimage"},"thumbnailUrl":"https:\/\/www.copealcoy.es\/wp-content\/uploads\/2017\/02\/Captura-de-pantalla-2017-02-22-a-las-18.10.44-e1487784740627.png","keywords":["Alcoy","calle Tossal","Diputaci\u00f3n","Jordi Mart\u00ednez"],"articleSection":["Alcoy","Noticias","Portada"],"inLanguage":"es"},{"@type":"WebPage","@id":"https:\/\/www.copealcoy.es\/es\/la-diputacion-inicia-las-obras-la-calle-tossal\/","url":"https:\/\/www.copealcoy.es\/es\/la-diputacion-inicia-las-obras-la-calle-tossal\/","name":"La Diputaci\u00f3n inicia las obras de la calle Tossal - COPE Alcoy","isPartOf":{"@id":"https:\/\/www.copealcoy.es\/es\/#website"},"primaryImageOfPage":{"@id":"https:\/\/www.copealcoy.es\/es\/la-diputacion-inicia-las-obras-la-calle-tossal\/#primaryimage"},"image":{"@id":"https:\/\/www.copealcoy.es\/es\/la-diputacion-inicia-las-obras-la-calle-tossal\/#primaryimage"},"thumbnailUrl":"https:\/\/www.copealcoy.es\/wp-content\/uploads\/2017\/02\/Captura-de-pantalla-2017-02-22-a-las-18.10.44-e1487784740627.png","datePublished":"2017-03-06T06:00:43+00:00","author":{"@id":"https:\/\/www.copealcoy.es\/es\/#\/schema\/person\/e777c87fa024e57d40170af9df39882c"},"breadcrumb":{"@id":"https:\/\/www.copealcoy.es\/es\/la-diputacion-inicia-las-obras-la-calle-tossal\/#breadcrumb"},"inLanguage":"es","potentialAction":[{"@type":"ReadAction","target":["https:\/\/www.copealcoy.es\/es\/la-diputacion-inicia-las-obras-la-calle-tossal\/"]}]},{"@type":"ImageObject","inLanguage":"es","@id":"https:\/\/www.copealcoy.es\/es\/la-diputacion-inicia-las-obras-la-calle-tossal\/#primaryimage","url":"https:\/\/www.copealcoy.es\/wp-content\/uploads\/2017\/02\/Captura-de-pantalla-2017-02-22-a-las-18.10.44-e1487784740627.png","contentUrl":"https:\/\/www.copealcoy.es\/wp-content\/uploads\/2017\/02\/Captura-de-pantalla-2017-02-22-a-las-18.10.44-e1487784740627.png","width":727,"height":471},{"@type":"BreadcrumbList","@id":"https:\/\/www.copealcoy.es\/es\/la-diputacion-inicia-las-obras-la-calle-tossal\/#breadcrumb","itemListElement":[{"@type":"ListItem","position":1,"name":"Portada","item":"https:\/\/www.copealcoy.es\/es\/"},{"@type":"ListItem","position":2,"name":"La Diputaci\u00f3n inicia las obras de la calle Tossal"}]},{"@type":"WebSite","@id":"https:\/\/www.copealcoy.es\/es\/#website","url":"https:\/\/www.copealcoy.es\/es\/","name":"COPE Alcoy","description":"Emisora COPE de radio local con emisi\u00f3n online. Pont de Sant Jordi 8-10 03803 Alcoy","potentialAction":[{"@type":"SearchAction","target":{"@type":"EntryPoint","urlTemplate":"https:\/\/www.copealcoy.es\/es\/?s={search_term_string}"},"query-input":{"@type":"PropertyValueSpecification","valueRequired":true,"valueName":"search_term_string"}}],"inLanguage":"es"},{"@type":"Person","@id":"https:\/\/www.copealcoy.es\/es\/#\/schema\/person\/e777c87fa024e57d40170af9df39882c","name":"Cope Alcoy","image":{"@type":"ImageObject","inLanguage":"es","@id":"https:\/\/secure.gravatar.com\/avatar\/bb65d0283347e303893ba14f0692005417c1e0e690a325a4c5d8bb2b3943ee14?s=96&d=mm&r=g","url":"https:\/\/secure.gravatar.com\/avatar\/bb65d0283347e303893ba14f0692005417c1e0e690a325a4c5d8bb2b3943ee14?s=96&d=mm&r=g","contentUrl":"https:\/\/secure.gravatar.com\/avatar\/bb65d0283347e303893ba14f0692005417c1e0e690a325a4c5d8bb2b3943ee14?s=96&d=mm&r=g","caption":"Cope Alcoy"}}]}},"_links":{"self":[{"href":"https:\/\/www.copealcoy.es\/es\/wp-json\/wp\/v2\/posts\/29430","targetHints":{"allow":["GET"]}}],"collection":[{"href":"https:\/\/www.copealcoy.es\/es\/wp-json\/wp\/v2\/posts"}],"about":[{"href":"https:\/\/www.copealcoy.es\/es\/wp-json\/wp\/v2\/types\/post"}],"author":[{"embeddable":true,"href":"https:\/\/www.copealcoy.es\/es\/wp-json\/wp\/v2\/users\/1"}],"replies":[{"embeddable":true,"href":"https:\/\/www.copealcoy.es\/es\/wp-json\/wp\/v2\/comments?post=29430"}],"version-history":[{"count":0,"href":"https:\/\/www.copealcoy.es\/es\/wp-json\/wp\/v2\/posts\/29430\/revisions"}],"wp:featuredmedia":[{"embeddable":true,"href":"https:\/\/www.copealcoy.es\/es\/wp-json\/wp\/v2\/media\/29129"}],"wp:attachment":[{"href":"https:\/\/www.copealcoy.es\/es\/wp-json\/wp\/v2\/media?parent=29430"}],"wp:term":[{"taxonomy":"category","embeddable":true,"href":"https:\/\/www.copealcoy.es\/es\/wp-json\/wp\/v2\/categories?post=29430"},{"taxonomy":"post_tag","embeddable":true,"href":"https:\/\/www.copealcoy.es\/es\/wp-json\/wp\/v2\/tags?post=29430"}],"curies":[{"name":"wp","href":"https:\/\/api.w.org\/{rel}","templated":true}]}}