{"id":29398,"date":"2017-03-03T16:59:05","date_gmt":"2017-03-03T16:59:05","guid":{"rendered":"http:\/\/copealcoi.es\/new\/?p=29398"},"modified":"2017-03-03T17:04:08","modified_gmt":"2017-03-03T17:04:08","slug":"las-grandes-superficies-cerraran-en-fiestas","status":"publish","type":"post","link":"https:\/\/www.copealcoy.es\/es\/las-grandes-superficies-cerraran-en-fiestas\/","title":{"rendered":"Las grandes superficies cerrar\u00e1n en fiestas"},"content":{"rendered":"<p style=\"text-align: justify;\">Las grandes superficies de Alcoy <strong>no abrir\u00e1n durante las pr\u00f3ximas fiestas de moros y cristianos<\/strong> con el fin de que los trabajadores puedan disfrutar de las celebraciones. De esta forma <strong>estos establecimientos no estar\u00e1n operativos<\/strong> ni el <strong>s\u00e1bado 22 de abril<\/strong> (d\u00eda de las Entradas) ni el <strong>lunes 24 de abril<\/strong> (d\u00eda del Alardo) al ser ambas jornadas<strong> festivos locales<\/strong>.<\/p>\n<p style=\"text-align: justify;\">El Ayuntamiento<strong> ha llegado a un acuerdo con estas empresas<\/strong> para acordar este cierre ya que la actual normativa\u00a0de la Conselleria de Comercio <strong>permite a las grandes superficies que lo soliciten<\/strong>, cuando hay tres d\u00edas festivos consecutivos, a abrir previa consulta con los diferentes agentes econ\u00f3micos y sociales.<\/p>\n<p style=\"text-align: justify;\"><strong>Vanessa Molt\u00f3<\/strong>, edil de Comercio en el Consistorio alcoyano, sostiene que<strong> esta medida ya se puso en marcha el pasado a\u00f1o<\/strong> con un notable \u00e9xito <em>&#8220;tenemos que agradecer su esfuerzo y sensibilidad, ya que a pesar de haber podido solicitar un d\u00eda de apertura, no lo han hecho, lo que permitir\u00e1 a todos los trabajadores disfrutar de la fiesta sin problemas&#8221;<\/em>, afirma.<\/p>\n<p style=\"text-align: justify;\">Por \u00faltimo la concejala resalta que <strong>el peque\u00f1o comercio tiene libertad de horario<\/strong> en cuanto a la apertura aunque indic\u00f3 que\u00a0<strong>la C\u00e1mara de Comercio, la Federaci\u00f3n Alcoy Comercial y ACECA\u00a0<\/strong>est\u00e1n estudiando f\u00f3rmulas para facilitar que todos los comerciantes <strong>puedan disfrutar<\/strong> plenamente de unos d\u00edas festivos con motivo de la trilog\u00eda en honor a San Jorge.<\/p>\n","protected":false},"excerpt":{"rendered":"<p>Las grandes superficies de Alcoy no abrir\u00e1n durante las pr\u00f3ximas fiestas de moros y cristianos con el fin de que&#8230;<\/p>\n","protected":false},"author":1,"featured_media":23658,"comment_status":"open","ping_status":"open","sticky":false,"template":"","format":"standard","meta":{"footnotes":""},"categories":[97,75,79],"tags":[1494,2001,3790,2034],"class_list":["post-29398","post","type-post","status-publish","format-standard","has-post-thumbnail","hentry","category-alcoy","category-noticias","category-politicayeconomia","tag-alcoy","tag-fiestas-de-moros-y-cristianos","tag-grandes-superficies","tag-vanessa-molto"],"yoast_head":"<!-- This site is optimized with the Yoast SEO plugin v27.3 - https:\/\/yoast.com\/product\/yoast-seo-wordpress\/ -->\n<title>Las grandes superficies cerrar\u00e1n en fiestas - COPE Alcoy<\/title>\n<meta name=\"robots\" content=\"index, follow, max-snippet:-1, max-image-preview:large, max-video-preview:-1\" \/>\n<link rel=\"canonical\" href=\"https:\/\/www.copealcoy.es\/es\/las-grandes-superficies-cerraran-en-fiestas\/\" \/>\n<meta property=\"og:locale\" content=\"es_ES\" \/>\n<meta property=\"og:type\" content=\"article\" \/>\n<meta property=\"og:title\" content=\"Las grandes superficies cerrar\u00e1n en fiestas - COPE Alcoy\" \/>\n<meta property=\"og:description\" content=\"Las grandes superficies de Alcoy no abrir\u00e1n durante las pr\u00f3ximas fiestas de moros y cristianos con el fin de que...\" \/>\n<meta property=\"og:url\" content=\"https:\/\/www.copealcoy.es\/es\/las-grandes-superficies-cerraran-en-fiestas\/\" \/>\n<meta property=\"og:site_name\" content=\"COPE Alcoy\" \/>\n<meta property=\"article:published_time\" content=\"2017-03-03T16:59:05+00:00\" \/>\n<meta property=\"article:modified_time\" content=\"2017-03-03T17:04:08+00:00\" \/>\n<meta property=\"og:image\" content=\"https:\/\/www.copealcoy.es\/wp-content\/uploads\/2016\/07\/Escuadra-Marrakesch-1024x683.jpg\" \/>\n\t<meta property=\"og:image:width\" content=\"1024\" \/>\n\t<meta property=\"og:image:height\" content=\"683\" \/>\n\t<meta property=\"og:image:type\" content=\"image\/jpeg\" \/>\n<meta name=\"author\" content=\"Cope Alcoy\" \/>\n<meta name=\"twitter:label1\" content=\"Escrito por\" \/>\n\t<meta name=\"twitter:data1\" content=\"Cope Alcoy\" \/>\n\t<meta name=\"twitter:label2\" content=\"Tiempo de lectura\" \/>\n\t<meta name=\"twitter:data2\" content=\"1 minuto\" \/>\n<script type=\"application\/ld+json\" class=\"yoast-schema-graph\">{\"@context\":\"https:\\\/\\\/schema.org\",\"@graph\":[{\"@type\":\"Article\",\"@id\":\"https:\\\/\\\/www.copealcoy.es\\\/es\\\/las-grandes-superficies-cerraran-en-fiestas\\\/#article\",\"isPartOf\":{\"@id\":\"https:\\\/\\\/www.copealcoy.es\\\/es\\\/las-grandes-superficies-cerraran-en-fiestas\\\/\"},\"author\":{\"name\":\"Cope Alcoy\",\"@id\":\"https:\\\/\\\/www.copealcoy.es\\\/es\\\/#\\\/schema\\\/person\\\/e777c87fa024e57d40170af9df39882c\"},\"headline\":\"Las grandes superficies cerrar\u00e1n en fiestas\",\"datePublished\":\"2017-03-03T16:59:05+00:00\",\"dateModified\":\"2017-03-03T17:04:08+00:00\",\"mainEntityOfPage\":{\"@id\":\"https:\\\/\\\/www.copealcoy.es\\\/es\\\/las-grandes-superficies-cerraran-en-fiestas\\\/\"},\"wordCount\":250,\"commentCount\":0,\"image\":{\"@id\":\"https:\\\/\\\/www.copealcoy.es\\\/es\\\/las-grandes-superficies-cerraran-en-fiestas\\\/#primaryimage\"},\"thumbnailUrl\":\"https:\\\/\\\/www.copealcoy.es\\\/wp-content\\\/uploads\\\/2016\\\/07\\\/Escuadra-Marrakesch.jpg\",\"keywords\":[\"Alcoy\",\"Fiestas de Moros y Cristianos\",\"grandes superficies\",\"Vanessa Molt\u00f3\"],\"articleSection\":[\"Alcoy\",\"Noticias\",\"Pol\u00edtica y Econom\u00eda\"],\"inLanguage\":\"es\"},{\"@type\":\"WebPage\",\"@id\":\"https:\\\/\\\/www.copealcoy.es\\\/es\\\/las-grandes-superficies-cerraran-en-fiestas\\\/\",\"url\":\"https:\\\/\\\/www.copealcoy.es\\\/es\\\/las-grandes-superficies-cerraran-en-fiestas\\\/\",\"name\":\"Las grandes superficies cerrar\u00e1n en fiestas - COPE Alcoy\",\"isPartOf\":{\"@id\":\"https:\\\/\\\/www.copealcoy.es\\\/es\\\/#website\"},\"primaryImageOfPage\":{\"@id\":\"https:\\\/\\\/www.copealcoy.es\\\/es\\\/las-grandes-superficies-cerraran-en-fiestas\\\/#primaryimage\"},\"image\":{\"@id\":\"https:\\\/\\\/www.copealcoy.es\\\/es\\\/las-grandes-superficies-cerraran-en-fiestas\\\/#primaryimage\"},\"thumbnailUrl\":\"https:\\\/\\\/www.copealcoy.es\\\/wp-content\\\/uploads\\\/2016\\\/07\\\/Escuadra-Marrakesch.jpg\",\"datePublished\":\"2017-03-03T16:59:05+00:00\",\"dateModified\":\"2017-03-03T17:04:08+00:00\",\"author\":{\"@id\":\"https:\\\/\\\/www.copealcoy.es\\\/es\\\/#\\\/schema\\\/person\\\/e777c87fa024e57d40170af9df39882c\"},\"breadcrumb\":{\"@id\":\"https:\\\/\\\/www.copealcoy.es\\\/es\\\/las-grandes-superficies-cerraran-en-fiestas\\\/#breadcrumb\"},\"inLanguage\":\"es\",\"potentialAction\":[{\"@type\":\"ReadAction\",\"target\":[\"https:\\\/\\\/www.copealcoy.es\\\/es\\\/las-grandes-superficies-cerraran-en-fiestas\\\/\"]}]},{\"@type\":\"ImageObject\",\"inLanguage\":\"es\",\"@id\":\"https:\\\/\\\/www.copealcoy.es\\\/es\\\/las-grandes-superficies-cerraran-en-fiestas\\\/#primaryimage\",\"url\":\"https:\\\/\\\/www.copealcoy.es\\\/wp-content\\\/uploads\\\/2016\\\/07\\\/Escuadra-Marrakesch.jpg\",\"contentUrl\":\"https:\\\/\\\/www.copealcoy.es\\\/wp-content\\\/uploads\\\/2016\\\/07\\\/Escuadra-Marrakesch.jpg\",\"width\":8688,\"height\":5792,\"caption\":\"Entrada Mora 2016\"},{\"@type\":\"BreadcrumbList\",\"@id\":\"https:\\\/\\\/www.copealcoy.es\\\/es\\\/las-grandes-superficies-cerraran-en-fiestas\\\/#breadcrumb\",\"itemListElement\":[{\"@type\":\"ListItem\",\"position\":1,\"name\":\"Portada\",\"item\":\"https:\\\/\\\/www.copealcoy.es\\\/es\\\/\"},{\"@type\":\"ListItem\",\"position\":2,\"name\":\"Las grandes superficies cerrar\u00e1n en fiestas\"}]},{\"@type\":\"WebSite\",\"@id\":\"https:\\\/\\\/www.copealcoy.es\\\/es\\\/#website\",\"url\":\"https:\\\/\\\/www.copealcoy.es\\\/es\\\/\",\"name\":\"COPE Alcoy\",\"description\":\"Emisora COPE de radio local con emisi\u00f3n online. Pont de Sant Jordi 8-10 03803 Alcoy\",\"potentialAction\":[{\"@type\":\"SearchAction\",\"target\":{\"@type\":\"EntryPoint\",\"urlTemplate\":\"https:\\\/\\\/www.copealcoy.es\\\/es\\\/?s={search_term_string}\"},\"query-input\":{\"@type\":\"PropertyValueSpecification\",\"valueRequired\":true,\"valueName\":\"search_term_string\"}}],\"inLanguage\":\"es\"},{\"@type\":\"Person\",\"@id\":\"https:\\\/\\\/www.copealcoy.es\\\/es\\\/#\\\/schema\\\/person\\\/e777c87fa024e57d40170af9df39882c\",\"name\":\"Cope Alcoy\",\"image\":{\"@type\":\"ImageObject\",\"inLanguage\":\"es\",\"@id\":\"https:\\\/\\\/secure.gravatar.com\\\/avatar\\\/bb65d0283347e303893ba14f0692005417c1e0e690a325a4c5d8bb2b3943ee14?s=96&d=mm&r=g\",\"url\":\"https:\\\/\\\/secure.gravatar.com\\\/avatar\\\/bb65d0283347e303893ba14f0692005417c1e0e690a325a4c5d8bb2b3943ee14?s=96&d=mm&r=g\",\"contentUrl\":\"https:\\\/\\\/secure.gravatar.com\\\/avatar\\\/bb65d0283347e303893ba14f0692005417c1e0e690a325a4c5d8bb2b3943ee14?s=96&d=mm&r=g\",\"caption\":\"Cope Alcoy\"}}]}<\/script>\n<!-- \/ Yoast SEO plugin. -->","yoast_head_json":{"title":"Las grandes superficies cerrar\u00e1n en fiestas - COPE Alcoy","robots":{"index":"index","follow":"follow","max-snippet":"max-snippet:-1","max-image-preview":"max-image-preview:large","max-video-preview":"max-video-preview:-1"},"canonical":"https:\/\/www.copealcoy.es\/es\/las-grandes-superficies-cerraran-en-fiestas\/","og_locale":"es_ES","og_type":"article","og_title":"Las grandes superficies cerrar\u00e1n en fiestas - COPE Alcoy","og_description":"Las grandes superficies de Alcoy no abrir\u00e1n durante las pr\u00f3ximas fiestas de moros y cristianos con el fin de que...","og_url":"https:\/\/www.copealcoy.es\/es\/las-grandes-superficies-cerraran-en-fiestas\/","og_site_name":"COPE Alcoy","article_published_time":"2017-03-03T16:59:05+00:00","article_modified_time":"2017-03-03T17:04:08+00:00","og_image":[{"width":1024,"height":683,"url":"https:\/\/www.copealcoy.es\/wp-content\/uploads\/2016\/07\/Escuadra-Marrakesch-1024x683.jpg","type":"image\/jpeg"}],"author":"Cope Alcoy","twitter_misc":{"Escrito por":"Cope Alcoy","Tiempo de lectura":"1 minuto"},"schema":{"@context":"https:\/\/schema.org","@graph":[{"@type":"Article","@id":"https:\/\/www.copealcoy.es\/es\/las-grandes-superficies-cerraran-en-fiestas\/#article","isPartOf":{"@id":"https:\/\/www.copealcoy.es\/es\/las-grandes-superficies-cerraran-en-fiestas\/"},"author":{"name":"Cope Alcoy","@id":"https:\/\/www.copealcoy.es\/es\/#\/schema\/person\/e777c87fa024e57d40170af9df39882c"},"headline":"Las grandes superficies cerrar\u00e1n en fiestas","datePublished":"2017-03-03T16:59:05+00:00","dateModified":"2017-03-03T17:04:08+00:00","mainEntityOfPage":{"@id":"https:\/\/www.copealcoy.es\/es\/las-grandes-superficies-cerraran-en-fiestas\/"},"wordCount":250,"commentCount":0,"image":{"@id":"https:\/\/www.copealcoy.es\/es\/las-grandes-superficies-cerraran-en-fiestas\/#primaryimage"},"thumbnailUrl":"https:\/\/www.copealcoy.es\/wp-content\/uploads\/2016\/07\/Escuadra-Marrakesch.jpg","keywords":["Alcoy","Fiestas de Moros y Cristianos","grandes superficies","Vanessa Molt\u00f3"],"articleSection":["Alcoy","Noticias","Pol\u00edtica y Econom\u00eda"],"inLanguage":"es"},{"@type":"WebPage","@id":"https:\/\/www.copealcoy.es\/es\/las-grandes-superficies-cerraran-en-fiestas\/","url":"https:\/\/www.copealcoy.es\/es\/las-grandes-superficies-cerraran-en-fiestas\/","name":"Las grandes superficies cerrar\u00e1n en fiestas - COPE Alcoy","isPartOf":{"@id":"https:\/\/www.copealcoy.es\/es\/#website"},"primaryImageOfPage":{"@id":"https:\/\/www.copealcoy.es\/es\/las-grandes-superficies-cerraran-en-fiestas\/#primaryimage"},"image":{"@id":"https:\/\/www.copealcoy.es\/es\/las-grandes-superficies-cerraran-en-fiestas\/#primaryimage"},"thumbnailUrl":"https:\/\/www.copealcoy.es\/wp-content\/uploads\/2016\/07\/Escuadra-Marrakesch.jpg","datePublished":"2017-03-03T16:59:05+00:00","dateModified":"2017-03-03T17:04:08+00:00","author":{"@id":"https:\/\/www.copealcoy.es\/es\/#\/schema\/person\/e777c87fa024e57d40170af9df39882c"},"breadcrumb":{"@id":"https:\/\/www.copealcoy.es\/es\/las-grandes-superficies-cerraran-en-fiestas\/#breadcrumb"},"inLanguage":"es","potentialAction":[{"@type":"ReadAction","target":["https:\/\/www.copealcoy.es\/es\/las-grandes-superficies-cerraran-en-fiestas\/"]}]},{"@type":"ImageObject","inLanguage":"es","@id":"https:\/\/www.copealcoy.es\/es\/las-grandes-superficies-cerraran-en-fiestas\/#primaryimage","url":"https:\/\/www.copealcoy.es\/wp-content\/uploads\/2016\/07\/Escuadra-Marrakesch.jpg","contentUrl":"https:\/\/www.copealcoy.es\/wp-content\/uploads\/2016\/07\/Escuadra-Marrakesch.jpg","width":8688,"height":5792,"caption":"Entrada Mora 2016"},{"@type":"BreadcrumbList","@id":"https:\/\/www.copealcoy.es\/es\/las-grandes-superficies-cerraran-en-fiestas\/#breadcrumb","itemListElement":[{"@type":"ListItem","position":1,"name":"Portada","item":"https:\/\/www.copealcoy.es\/es\/"},{"@type":"ListItem","position":2,"name":"Las grandes superficies cerrar\u00e1n en fiestas"}]},{"@type":"WebSite","@id":"https:\/\/www.copealcoy.es\/es\/#website","url":"https:\/\/www.copealcoy.es\/es\/","name":"COPE Alcoy","description":"Emisora COPE de radio local con emisi\u00f3n online. Pont de Sant Jordi 8-10 03803 Alcoy","potentialAction":[{"@type":"SearchAction","target":{"@type":"EntryPoint","urlTemplate":"https:\/\/www.copealcoy.es\/es\/?s={search_term_string}"},"query-input":{"@type":"PropertyValueSpecification","valueRequired":true,"valueName":"search_term_string"}}],"inLanguage":"es"},{"@type":"Person","@id":"https:\/\/www.copealcoy.es\/es\/#\/schema\/person\/e777c87fa024e57d40170af9df39882c","name":"Cope Alcoy","image":{"@type":"ImageObject","inLanguage":"es","@id":"https:\/\/secure.gravatar.com\/avatar\/bb65d0283347e303893ba14f0692005417c1e0e690a325a4c5d8bb2b3943ee14?s=96&d=mm&r=g","url":"https:\/\/secure.gravatar.com\/avatar\/bb65d0283347e303893ba14f0692005417c1e0e690a325a4c5d8bb2b3943ee14?s=96&d=mm&r=g","contentUrl":"https:\/\/secure.gravatar.com\/avatar\/bb65d0283347e303893ba14f0692005417c1e0e690a325a4c5d8bb2b3943ee14?s=96&d=mm&r=g","caption":"Cope Alcoy"}}]}},"_links":{"self":[{"href":"https:\/\/www.copealcoy.es\/es\/wp-json\/wp\/v2\/posts\/29398","targetHints":{"allow":["GET"]}}],"collection":[{"href":"https:\/\/www.copealcoy.es\/es\/wp-json\/wp\/v2\/posts"}],"about":[{"href":"https:\/\/www.copealcoy.es\/es\/wp-json\/wp\/v2\/types\/post"}],"author":[{"embeddable":true,"href":"https:\/\/www.copealcoy.es\/es\/wp-json\/wp\/v2\/users\/1"}],"replies":[{"embeddable":true,"href":"https:\/\/www.copealcoy.es\/es\/wp-json\/wp\/v2\/comments?post=29398"}],"version-history":[{"count":0,"href":"https:\/\/www.copealcoy.es\/es\/wp-json\/wp\/v2\/posts\/29398\/revisions"}],"wp:featuredmedia":[{"embeddable":true,"href":"https:\/\/www.copealcoy.es\/es\/wp-json\/wp\/v2\/media\/23658"}],"wp:attachment":[{"href":"https:\/\/www.copealcoy.es\/es\/wp-json\/wp\/v2\/media?parent=29398"}],"wp:term":[{"taxonomy":"category","embeddable":true,"href":"https:\/\/www.copealcoy.es\/es\/wp-json\/wp\/v2\/categories?post=29398"},{"taxonomy":"post_tag","embeddable":true,"href":"https:\/\/www.copealcoy.es\/es\/wp-json\/wp\/v2\/tags?post=29398"}],"curies":[{"name":"wp","href":"https:\/\/api.w.org\/{rel}","templated":true}]}}