{"id":29349,"date":"2017-03-02T15:44:15","date_gmt":"2017-03-02T15:44:15","guid":{"rendered":"http:\/\/copealcoi.es\/new\/?p=29349"},"modified":"2017-03-02T15:46:19","modified_gmt":"2017-03-02T15:46:19","slug":"balls-en-valls-un-homenaje-poetico-y-musical-a-joan-valls","status":"publish","type":"post","link":"https:\/\/www.copealcoy.es\/es\/balls-en-valls-un-homenaje-poetico-y-musical-a-joan-valls\/","title":{"rendered":"&#8216;Balls en Valls&#8217;, un homenaje po\u00e9tico y musical a Joan Valls"},"content":{"rendered":"<p style=\"text-align: justify;\">El <strong>C\u00edrculo Industrial<\/strong> de Alcoy servir\u00e1 de escenario esta tarde, a partir de las 20.30 horas, para el <strong>espect\u00e1culo &#8216;Balls en Valls&#8217;<\/strong> que servir\u00e1 para rendir un homenaje al poeta Joan Valls en el centenario de su nacimiento. La idea de este montaje surge de <strong>Jordi Botella<\/strong> y cuenta con la <strong>direcci\u00f3n musical de Mois\u00e9s Olcina<\/strong> as\u00ed como la interpretaci\u00f3n del <strong>actor Juli Cant\u00f3<\/strong>. El montaje apuesta por la m\u00fasica y la poes\u00eda e incorporar\u00e1 tambi\u00e9n la colaboraci\u00f3n de <strong>la Ciutat Big Band y la Societat Musical Nova<\/strong>. Todo ello para recrear <strong>la Orquestina Iris<\/strong> que en su d\u00eda tuvo un importante papel en la actividad cultural de la ciudad.<\/p>\n","protected":false},"excerpt":{"rendered":"<p>El C\u00edrculo Industrial de Alcoy servir\u00e1 de escenario esta tarde, a partir de las 20.30 horas, para el espect\u00e1culo &#8216;Balls&#8230;<\/p>\n","protected":false},"author":1,"featured_media":29350,"comment_status":"open","ping_status":"open","sticky":false,"template":"","format":"standard","meta":{"footnotes":""},"categories":[97,78,75],"tags":[1494,3344,2580,3784,1804,3783],"class_list":["post-29349","post","type-post","status-publish","format-standard","has-post-thumbnail","hentry","category-alcoy","category-fiestaycultura","category-noticias","tag-alcoy","tag-circulo-industrial","tag-joan-valls","tag-jordi-botella","tag-juli-canto","tag-moises-olcina"],"yoast_head":"<!-- This site is optimized with the Yoast SEO plugin v27.3 - https:\/\/yoast.com\/product\/yoast-seo-wordpress\/ -->\n<title>&#039;Balls en Valls&#039;, un homenaje po\u00e9tico y musical a Joan Valls - COPE Alcoy<\/title>\n<meta name=\"robots\" content=\"index, follow, max-snippet:-1, max-image-preview:large, max-video-preview:-1\" \/>\n<link rel=\"canonical\" href=\"https:\/\/www.copealcoy.es\/es\/balls-en-valls-un-homenaje-poetico-y-musical-a-joan-valls\/\" \/>\n<meta property=\"og:locale\" content=\"es_ES\" \/>\n<meta property=\"og:type\" content=\"article\" \/>\n<meta property=\"og:title\" content=\"&#039;Balls en Valls&#039;, un homenaje po\u00e9tico y musical a Joan Valls - COPE Alcoy\" \/>\n<meta property=\"og:description\" content=\"El C\u00edrculo Industrial de Alcoy servir\u00e1 de escenario esta tarde, a partir de las 20.30 horas, para el espect\u00e1culo &#8216;Balls...\" \/>\n<meta property=\"og:url\" content=\"https:\/\/www.copealcoy.es\/es\/balls-en-valls-un-homenaje-poetico-y-musical-a-joan-valls\/\" \/>\n<meta property=\"og:site_name\" content=\"COPE Alcoy\" \/>\n<meta property=\"article:published_time\" content=\"2017-03-02T15:44:15+00:00\" \/>\n<meta property=\"article:modified_time\" content=\"2017-03-02T15:46:19+00:00\" \/>\n<meta property=\"og:image\" content=\"https:\/\/www.copealcoy.es\/wp-content\/uploads\/2017\/03\/FotoBallsambvalls-1024x683.jpg\" \/>\n\t<meta property=\"og:image:width\" content=\"1024\" \/>\n\t<meta property=\"og:image:height\" content=\"683\" \/>\n\t<meta property=\"og:image:type\" content=\"image\/jpeg\" \/>\n<meta name=\"author\" content=\"Cope Alcoy\" \/>\n<meta name=\"twitter:label1\" content=\"Escrito por\" \/>\n\t<meta name=\"twitter:data1\" content=\"Cope Alcoy\" \/>\n\t<meta name=\"twitter:label2\" content=\"Tiempo de lectura\" \/>\n\t<meta name=\"twitter:data2\" content=\"1 minuto\" \/>\n<script type=\"application\/ld+json\" class=\"yoast-schema-graph\">{\"@context\":\"https:\\\/\\\/schema.org\",\"@graph\":[{\"@type\":\"Article\",\"@id\":\"https:\\\/\\\/www.copealcoy.es\\\/es\\\/balls-en-valls-un-homenaje-poetico-y-musical-a-joan-valls\\\/#article\",\"isPartOf\":{\"@id\":\"https:\\\/\\\/www.copealcoy.es\\\/es\\\/balls-en-valls-un-homenaje-poetico-y-musical-a-joan-valls\\\/\"},\"author\":{\"name\":\"Cope Alcoy\",\"@id\":\"https:\\\/\\\/www.copealcoy.es\\\/es\\\/#\\\/schema\\\/person\\\/e777c87fa024e57d40170af9df39882c\"},\"headline\":\"&#8216;Balls en Valls&#8217;, un homenaje po\u00e9tico y musical a Joan Valls\",\"datePublished\":\"2017-03-02T15:44:15+00:00\",\"dateModified\":\"2017-03-02T15:46:19+00:00\",\"mainEntityOfPage\":{\"@id\":\"https:\\\/\\\/www.copealcoy.es\\\/es\\\/balls-en-valls-un-homenaje-poetico-y-musical-a-joan-valls\\\/\"},\"wordCount\":131,\"commentCount\":0,\"image\":{\"@id\":\"https:\\\/\\\/www.copealcoy.es\\\/es\\\/balls-en-valls-un-homenaje-poetico-y-musical-a-joan-valls\\\/#primaryimage\"},\"thumbnailUrl\":\"https:\\\/\\\/www.copealcoy.es\\\/wp-content\\\/uploads\\\/2017\\\/03\\\/FotoBallsambvalls.jpg\",\"keywords\":[\"Alcoy\",\"C\u00edrculo Industrial\",\"Joan Valls\",\"Jordi Botella\",\"Juli Cant\u00f3\",\"Mois\u00e9s Olcina\"],\"articleSection\":[\"Alcoy\",\"Fiesta y Cultura\",\"Noticias\"],\"inLanguage\":\"es\"},{\"@type\":\"WebPage\",\"@id\":\"https:\\\/\\\/www.copealcoy.es\\\/es\\\/balls-en-valls-un-homenaje-poetico-y-musical-a-joan-valls\\\/\",\"url\":\"https:\\\/\\\/www.copealcoy.es\\\/es\\\/balls-en-valls-un-homenaje-poetico-y-musical-a-joan-valls\\\/\",\"name\":\"'Balls en Valls', un homenaje po\u00e9tico y musical a Joan Valls - COPE Alcoy\",\"isPartOf\":{\"@id\":\"https:\\\/\\\/www.copealcoy.es\\\/es\\\/#website\"},\"primaryImageOfPage\":{\"@id\":\"https:\\\/\\\/www.copealcoy.es\\\/es\\\/balls-en-valls-un-homenaje-poetico-y-musical-a-joan-valls\\\/#primaryimage\"},\"image\":{\"@id\":\"https:\\\/\\\/www.copealcoy.es\\\/es\\\/balls-en-valls-un-homenaje-poetico-y-musical-a-joan-valls\\\/#primaryimage\"},\"thumbnailUrl\":\"https:\\\/\\\/www.copealcoy.es\\\/wp-content\\\/uploads\\\/2017\\\/03\\\/FotoBallsambvalls.jpg\",\"datePublished\":\"2017-03-02T15:44:15+00:00\",\"dateModified\":\"2017-03-02T15:46:19+00:00\",\"author\":{\"@id\":\"https:\\\/\\\/www.copealcoy.es\\\/es\\\/#\\\/schema\\\/person\\\/e777c87fa024e57d40170af9df39882c\"},\"breadcrumb\":{\"@id\":\"https:\\\/\\\/www.copealcoy.es\\\/es\\\/balls-en-valls-un-homenaje-poetico-y-musical-a-joan-valls\\\/#breadcrumb\"},\"inLanguage\":\"es\",\"potentialAction\":[{\"@type\":\"ReadAction\",\"target\":[\"https:\\\/\\\/www.copealcoy.es\\\/es\\\/balls-en-valls-un-homenaje-poetico-y-musical-a-joan-valls\\\/\"]}]},{\"@type\":\"ImageObject\",\"inLanguage\":\"es\",\"@id\":\"https:\\\/\\\/www.copealcoy.es\\\/es\\\/balls-en-valls-un-homenaje-poetico-y-musical-a-joan-valls\\\/#primaryimage\",\"url\":\"https:\\\/\\\/www.copealcoy.es\\\/wp-content\\\/uploads\\\/2017\\\/03\\\/FotoBallsambvalls.jpg\",\"contentUrl\":\"https:\\\/\\\/www.copealcoy.es\\\/wp-content\\\/uploads\\\/2017\\\/03\\\/FotoBallsambvalls.jpg\",\"width\":4272,\"height\":2848},{\"@type\":\"BreadcrumbList\",\"@id\":\"https:\\\/\\\/www.copealcoy.es\\\/es\\\/balls-en-valls-un-homenaje-poetico-y-musical-a-joan-valls\\\/#breadcrumb\",\"itemListElement\":[{\"@type\":\"ListItem\",\"position\":1,\"name\":\"Portada\",\"item\":\"https:\\\/\\\/www.copealcoy.es\\\/es\\\/\"},{\"@type\":\"ListItem\",\"position\":2,\"name\":\"&#8216;Balls en Valls&#8217;, un homenaje po\u00e9tico y musical a Joan Valls\"}]},{\"@type\":\"WebSite\",\"@id\":\"https:\\\/\\\/www.copealcoy.es\\\/es\\\/#website\",\"url\":\"https:\\\/\\\/www.copealcoy.es\\\/es\\\/\",\"name\":\"COPE Alcoy\",\"description\":\"Emisora COPE de radio local con emisi\u00f3n online. Pont de Sant Jordi 8-10 03803 Alcoy\",\"potentialAction\":[{\"@type\":\"SearchAction\",\"target\":{\"@type\":\"EntryPoint\",\"urlTemplate\":\"https:\\\/\\\/www.copealcoy.es\\\/es\\\/?s={search_term_string}\"},\"query-input\":{\"@type\":\"PropertyValueSpecification\",\"valueRequired\":true,\"valueName\":\"search_term_string\"}}],\"inLanguage\":\"es\"},{\"@type\":\"Person\",\"@id\":\"https:\\\/\\\/www.copealcoy.es\\\/es\\\/#\\\/schema\\\/person\\\/e777c87fa024e57d40170af9df39882c\",\"name\":\"Cope Alcoy\",\"image\":{\"@type\":\"ImageObject\",\"inLanguage\":\"es\",\"@id\":\"https:\\\/\\\/secure.gravatar.com\\\/avatar\\\/bb65d0283347e303893ba14f0692005417c1e0e690a325a4c5d8bb2b3943ee14?s=96&d=mm&r=g\",\"url\":\"https:\\\/\\\/secure.gravatar.com\\\/avatar\\\/bb65d0283347e303893ba14f0692005417c1e0e690a325a4c5d8bb2b3943ee14?s=96&d=mm&r=g\",\"contentUrl\":\"https:\\\/\\\/secure.gravatar.com\\\/avatar\\\/bb65d0283347e303893ba14f0692005417c1e0e690a325a4c5d8bb2b3943ee14?s=96&d=mm&r=g\",\"caption\":\"Cope Alcoy\"}}]}<\/script>\n<!-- \/ Yoast SEO plugin. -->","yoast_head_json":{"title":"'Balls en Valls', un homenaje po\u00e9tico y musical a Joan Valls - COPE Alcoy","robots":{"index":"index","follow":"follow","max-snippet":"max-snippet:-1","max-image-preview":"max-image-preview:large","max-video-preview":"max-video-preview:-1"},"canonical":"https:\/\/www.copealcoy.es\/es\/balls-en-valls-un-homenaje-poetico-y-musical-a-joan-valls\/","og_locale":"es_ES","og_type":"article","og_title":"'Balls en Valls', un homenaje po\u00e9tico y musical a Joan Valls - COPE Alcoy","og_description":"El C\u00edrculo Industrial de Alcoy servir\u00e1 de escenario esta tarde, a partir de las 20.30 horas, para el espect\u00e1culo &#8216;Balls...","og_url":"https:\/\/www.copealcoy.es\/es\/balls-en-valls-un-homenaje-poetico-y-musical-a-joan-valls\/","og_site_name":"COPE Alcoy","article_published_time":"2017-03-02T15:44:15+00:00","article_modified_time":"2017-03-02T15:46:19+00:00","og_image":[{"width":1024,"height":683,"url":"https:\/\/www.copealcoy.es\/wp-content\/uploads\/2017\/03\/FotoBallsambvalls-1024x683.jpg","type":"image\/jpeg"}],"author":"Cope Alcoy","twitter_misc":{"Escrito por":"Cope Alcoy","Tiempo de lectura":"1 minuto"},"schema":{"@context":"https:\/\/schema.org","@graph":[{"@type":"Article","@id":"https:\/\/www.copealcoy.es\/es\/balls-en-valls-un-homenaje-poetico-y-musical-a-joan-valls\/#article","isPartOf":{"@id":"https:\/\/www.copealcoy.es\/es\/balls-en-valls-un-homenaje-poetico-y-musical-a-joan-valls\/"},"author":{"name":"Cope Alcoy","@id":"https:\/\/www.copealcoy.es\/es\/#\/schema\/person\/e777c87fa024e57d40170af9df39882c"},"headline":"&#8216;Balls en Valls&#8217;, un homenaje po\u00e9tico y musical a Joan Valls","datePublished":"2017-03-02T15:44:15+00:00","dateModified":"2017-03-02T15:46:19+00:00","mainEntityOfPage":{"@id":"https:\/\/www.copealcoy.es\/es\/balls-en-valls-un-homenaje-poetico-y-musical-a-joan-valls\/"},"wordCount":131,"commentCount":0,"image":{"@id":"https:\/\/www.copealcoy.es\/es\/balls-en-valls-un-homenaje-poetico-y-musical-a-joan-valls\/#primaryimage"},"thumbnailUrl":"https:\/\/www.copealcoy.es\/wp-content\/uploads\/2017\/03\/FotoBallsambvalls.jpg","keywords":["Alcoy","C\u00edrculo Industrial","Joan Valls","Jordi Botella","Juli Cant\u00f3","Mois\u00e9s Olcina"],"articleSection":["Alcoy","Fiesta y Cultura","Noticias"],"inLanguage":"es"},{"@type":"WebPage","@id":"https:\/\/www.copealcoy.es\/es\/balls-en-valls-un-homenaje-poetico-y-musical-a-joan-valls\/","url":"https:\/\/www.copealcoy.es\/es\/balls-en-valls-un-homenaje-poetico-y-musical-a-joan-valls\/","name":"'Balls en Valls', un homenaje po\u00e9tico y musical a Joan Valls - COPE Alcoy","isPartOf":{"@id":"https:\/\/www.copealcoy.es\/es\/#website"},"primaryImageOfPage":{"@id":"https:\/\/www.copealcoy.es\/es\/balls-en-valls-un-homenaje-poetico-y-musical-a-joan-valls\/#primaryimage"},"image":{"@id":"https:\/\/www.copealcoy.es\/es\/balls-en-valls-un-homenaje-poetico-y-musical-a-joan-valls\/#primaryimage"},"thumbnailUrl":"https:\/\/www.copealcoy.es\/wp-content\/uploads\/2017\/03\/FotoBallsambvalls.jpg","datePublished":"2017-03-02T15:44:15+00:00","dateModified":"2017-03-02T15:46:19+00:00","author":{"@id":"https:\/\/www.copealcoy.es\/es\/#\/schema\/person\/e777c87fa024e57d40170af9df39882c"},"breadcrumb":{"@id":"https:\/\/www.copealcoy.es\/es\/balls-en-valls-un-homenaje-poetico-y-musical-a-joan-valls\/#breadcrumb"},"inLanguage":"es","potentialAction":[{"@type":"ReadAction","target":["https:\/\/www.copealcoy.es\/es\/balls-en-valls-un-homenaje-poetico-y-musical-a-joan-valls\/"]}]},{"@type":"ImageObject","inLanguage":"es","@id":"https:\/\/www.copealcoy.es\/es\/balls-en-valls-un-homenaje-poetico-y-musical-a-joan-valls\/#primaryimage","url":"https:\/\/www.copealcoy.es\/wp-content\/uploads\/2017\/03\/FotoBallsambvalls.jpg","contentUrl":"https:\/\/www.copealcoy.es\/wp-content\/uploads\/2017\/03\/FotoBallsambvalls.jpg","width":4272,"height":2848},{"@type":"BreadcrumbList","@id":"https:\/\/www.copealcoy.es\/es\/balls-en-valls-un-homenaje-poetico-y-musical-a-joan-valls\/#breadcrumb","itemListElement":[{"@type":"ListItem","position":1,"name":"Portada","item":"https:\/\/www.copealcoy.es\/es\/"},{"@type":"ListItem","position":2,"name":"&#8216;Balls en Valls&#8217;, un homenaje po\u00e9tico y musical a Joan Valls"}]},{"@type":"WebSite","@id":"https:\/\/www.copealcoy.es\/es\/#website","url":"https:\/\/www.copealcoy.es\/es\/","name":"COPE Alcoy","description":"Emisora COPE de radio local con emisi\u00f3n online. Pont de Sant Jordi 8-10 03803 Alcoy","potentialAction":[{"@type":"SearchAction","target":{"@type":"EntryPoint","urlTemplate":"https:\/\/www.copealcoy.es\/es\/?s={search_term_string}"},"query-input":{"@type":"PropertyValueSpecification","valueRequired":true,"valueName":"search_term_string"}}],"inLanguage":"es"},{"@type":"Person","@id":"https:\/\/www.copealcoy.es\/es\/#\/schema\/person\/e777c87fa024e57d40170af9df39882c","name":"Cope Alcoy","image":{"@type":"ImageObject","inLanguage":"es","@id":"https:\/\/secure.gravatar.com\/avatar\/bb65d0283347e303893ba14f0692005417c1e0e690a325a4c5d8bb2b3943ee14?s=96&d=mm&r=g","url":"https:\/\/secure.gravatar.com\/avatar\/bb65d0283347e303893ba14f0692005417c1e0e690a325a4c5d8bb2b3943ee14?s=96&d=mm&r=g","contentUrl":"https:\/\/secure.gravatar.com\/avatar\/bb65d0283347e303893ba14f0692005417c1e0e690a325a4c5d8bb2b3943ee14?s=96&d=mm&r=g","caption":"Cope Alcoy"}}]}},"_links":{"self":[{"href":"https:\/\/www.copealcoy.es\/es\/wp-json\/wp\/v2\/posts\/29349","targetHints":{"allow":["GET"]}}],"collection":[{"href":"https:\/\/www.copealcoy.es\/es\/wp-json\/wp\/v2\/posts"}],"about":[{"href":"https:\/\/www.copealcoy.es\/es\/wp-json\/wp\/v2\/types\/post"}],"author":[{"embeddable":true,"href":"https:\/\/www.copealcoy.es\/es\/wp-json\/wp\/v2\/users\/1"}],"replies":[{"embeddable":true,"href":"https:\/\/www.copealcoy.es\/es\/wp-json\/wp\/v2\/comments?post=29349"}],"version-history":[{"count":0,"href":"https:\/\/www.copealcoy.es\/es\/wp-json\/wp\/v2\/posts\/29349\/revisions"}],"wp:featuredmedia":[{"embeddable":true,"href":"https:\/\/www.copealcoy.es\/es\/wp-json\/wp\/v2\/media\/29350"}],"wp:attachment":[{"href":"https:\/\/www.copealcoy.es\/es\/wp-json\/wp\/v2\/media?parent=29349"}],"wp:term":[{"taxonomy":"category","embeddable":true,"href":"https:\/\/www.copealcoy.es\/es\/wp-json\/wp\/v2\/categories?post=29349"},{"taxonomy":"post_tag","embeddable":true,"href":"https:\/\/www.copealcoy.es\/es\/wp-json\/wp\/v2\/tags?post=29349"}],"curies":[{"name":"wp","href":"https:\/\/api.w.org\/{rel}","templated":true}]}}