{"id":29323,"date":"2017-03-01T16:52:41","date_gmt":"2017-03-01T16:52:41","guid":{"rendered":"http:\/\/copealcoi.es\/new\/?p=29323"},"modified":"2017-03-01T16:55:36","modified_gmt":"2017-03-01T16:55:36","slug":"union-alcoyana-fs-cae-ante-castalla","status":"publish","type":"post","link":"https:\/\/www.copealcoy.es\/es\/union-alcoyana-fs-cae-ante-castalla\/","title":{"rendered":"El Uni\u00f3n Alcoyana FS cae ante el Castalla"},"content":{"rendered":"<p style=\"text-align: justify;\">S\u00e1bado de gala en el Francisco Laporta. Un <strong>gran numero de aficionados<\/strong> de nuestro Uni\u00f3n Alcoyana se congregaron para asistir en directo <strong>al que promet\u00eda ser un gran encuentro ante el CFS Castalla<\/strong>, vigentes campeones de liga.<\/p>\n<p style=\"text-align: justify;\">Los alcoyanos salieron de inicio con: <strong>Jaco, Gomis, Mauro Pastor, Iv\u00e1n Verd\u00fa y Pablito<\/strong>. El partido comenz\u00f3 muy intenso para los dos equipos. Los locales defend\u00edan arriba y <strong>los visitantes controlaban la pelota<\/strong> sin mucha llegada clara. Pronto llegar\u00eda el gol visitante. En el 4\u2019, tras un robo en la frontal mientras el equipo sal\u00eda a la que pod\u00eda ser una contra peligros\u00edsima, <strong>Jacobo no pod\u00eda hacer nada ante dos rivales<\/strong>. Inmediatamente despu\u00e9s <strong>Gomis tendr\u00eda empate tras un pase filtrado de Iv\u00e1n Verd\u00fa<\/strong> pero el bal\u00f3n se ir\u00eda rozando el palo Sin un claro dominador, el partido parec\u00eda se iba a resolver por peque\u00f1os detalles.<\/p>\n<p style=\"text-align: justify;\">El partido transcurrir\u00eda igual, con la defensa de ambos equipos arriba y con <strong>pocas ocasiones<\/strong>. Las m\u00e1s claras para los alcoyanos. La primera de ellas con <strong>un gol anulado a Lloren\u00e7<\/strong> tras un saque de banda supuestamente mal efectuado, y la segunda en una ley de la ventaja, extremadamente clara para dejarla seguir, cuando el bal\u00f3n ya entraba a porter\u00eda. <strong>I\u00f1aki sobre la bocina la volvi\u00f3 a tener<\/strong> pero al descanso se llegar\u00eda con el 0-1.<\/p>\n<p style=\"text-align: justify;\">No hubo muchos cambios en la segunda mitad. Las ocasiones se <strong>las intercambiaban los dos equipos<\/strong> y la igualdad era m\u00e1xima. En cambio <strong>esto no iba a importar y el Castalla conseguir\u00eda el 0-2 (33\u2019) y el 0-3 (37\u2019) en sendos contraataques<\/strong>. En los \u00faltimos 3 minutos los de Javi Silvestre iban a jugar de cinco para intentar dar la vuelta al marcador, pero<strong> lo \u00fanico que conseguir\u00edan ser\u00eda otro gol en contra<\/strong> (38\u2019).<\/p>\n<p style=\"text-align: justify;\">Buen partido y demasiado castigo en l\u00edneas generales para <strong>un Uni\u00f3n Alcoyana que mereci\u00f3 un resultado m\u00e1s positivo<\/strong>.<\/p>\n<p style=\"text-align: justify;\">El juvenil <strong>cay\u00f3 goleado (11-2) en un dur\u00edsimo partido ante el Ribeco Castalla<\/strong>, l\u00edder indiscutible. Levantar la cabeza y trabajar m\u00e1s duro.<\/p>\n","protected":false},"excerpt":{"rendered":"<p>S\u00e1bado de gala en el Francisco Laporta. Un gran numero de aficionados de nuestro Uni\u00f3n Alcoyana se congregaron para asistir&#8230;<\/p>\n","protected":false},"author":1,"featured_media":29324,"comment_status":"open","ping_status":"open","sticky":false,"template":"","format":"standard","meta":{"footnotes":""},"categories":[92,75],"tags":[1494,1619,1820,3284],"class_list":["post-29323","post","type-post","status-publish","format-standard","has-post-thumbnail","hentry","category-deportes","category-noticias","tag-alcoy","tag-castalla","tag-javi-silvestre","tag-union-alcoyana-fs"],"yoast_head":"<!-- This site is optimized with the Yoast SEO plugin v27.3 - https:\/\/yoast.com\/product\/yoast-seo-wordpress\/ -->\n<title>El Uni\u00f3n Alcoyana FS cae ante el Castalla - COPE Alcoy<\/title>\n<meta name=\"robots\" content=\"index, follow, max-snippet:-1, max-image-preview:large, max-video-preview:-1\" \/>\n<link rel=\"canonical\" href=\"https:\/\/www.copealcoy.es\/es\/union-alcoyana-fs-cae-ante-castalla\/\" \/>\n<meta property=\"og:locale\" content=\"es_ES\" \/>\n<meta property=\"og:type\" content=\"article\" \/>\n<meta property=\"og:title\" content=\"El Uni\u00f3n Alcoyana FS cae ante el Castalla - COPE Alcoy\" \/>\n<meta property=\"og:description\" content=\"S\u00e1bado de gala en el Francisco Laporta. Un gran numero de aficionados de nuestro Uni\u00f3n Alcoyana se congregaron para asistir...\" \/>\n<meta property=\"og:url\" content=\"https:\/\/www.copealcoy.es\/es\/union-alcoyana-fs-cae-ante-castalla\/\" \/>\n<meta property=\"og:site_name\" content=\"COPE Alcoy\" \/>\n<meta property=\"article:published_time\" content=\"2017-03-01T16:52:41+00:00\" \/>\n<meta property=\"article:modified_time\" content=\"2017-03-01T16:55:36+00:00\" \/>\n<meta property=\"og:image\" content=\"https:\/\/www.copealcoy.es\/wp-content\/uploads\/2017\/03\/-PSTFotograf\u00eda-0012-250217-e1488387105246.jpg\" \/>\n\t<meta property=\"og:image:width\" content=\"1071\" \/>\n\t<meta property=\"og:image:height\" content=\"597\" \/>\n\t<meta property=\"og:image:type\" content=\"image\/jpeg\" \/>\n<meta name=\"author\" content=\"Cope Alcoy\" \/>\n<meta name=\"twitter:label1\" content=\"Escrito por\" \/>\n\t<meta name=\"twitter:data1\" content=\"Cope Alcoy\" \/>\n\t<meta name=\"twitter:label2\" content=\"Tiempo de lectura\" \/>\n\t<meta name=\"twitter:data2\" content=\"2 minutos\" \/>\n<script type=\"application\/ld+json\" class=\"yoast-schema-graph\">{\"@context\":\"https:\\\/\\\/schema.org\",\"@graph\":[{\"@type\":\"Article\",\"@id\":\"https:\\\/\\\/www.copealcoy.es\\\/es\\\/union-alcoyana-fs-cae-ante-castalla\\\/#article\",\"isPartOf\":{\"@id\":\"https:\\\/\\\/www.copealcoy.es\\\/es\\\/union-alcoyana-fs-cae-ante-castalla\\\/\"},\"author\":{\"name\":\"Cope Alcoy\",\"@id\":\"https:\\\/\\\/www.copealcoy.es\\\/es\\\/#\\\/schema\\\/person\\\/e777c87fa024e57d40170af9df39882c\"},\"headline\":\"El Uni\u00f3n Alcoyana FS cae ante el Castalla\",\"datePublished\":\"2017-03-01T16:52:41+00:00\",\"dateModified\":\"2017-03-01T16:55:36+00:00\",\"mainEntityOfPage\":{\"@id\":\"https:\\\/\\\/www.copealcoy.es\\\/es\\\/union-alcoyana-fs-cae-ante-castalla\\\/\"},\"wordCount\":369,\"commentCount\":0,\"image\":{\"@id\":\"https:\\\/\\\/www.copealcoy.es\\\/es\\\/union-alcoyana-fs-cae-ante-castalla\\\/#primaryimage\"},\"thumbnailUrl\":\"https:\\\/\\\/www.copealcoy.es\\\/wp-content\\\/uploads\\\/2017\\\/03\\\/-PSTFotograf\u00eda-0012-250217-e1488387105246.jpg\",\"keywords\":[\"Alcoy\",\"Castalla\",\"Javi Silvestre\",\"Uni\u00f3n Alcoyana FS\"],\"articleSection\":[\"Deportes\",\"Noticias\"],\"inLanguage\":\"es\"},{\"@type\":\"WebPage\",\"@id\":\"https:\\\/\\\/www.copealcoy.es\\\/es\\\/union-alcoyana-fs-cae-ante-castalla\\\/\",\"url\":\"https:\\\/\\\/www.copealcoy.es\\\/es\\\/union-alcoyana-fs-cae-ante-castalla\\\/\",\"name\":\"El Uni\u00f3n Alcoyana FS cae ante el Castalla - COPE Alcoy\",\"isPartOf\":{\"@id\":\"https:\\\/\\\/www.copealcoy.es\\\/es\\\/#website\"},\"primaryImageOfPage\":{\"@id\":\"https:\\\/\\\/www.copealcoy.es\\\/es\\\/union-alcoyana-fs-cae-ante-castalla\\\/#primaryimage\"},\"image\":{\"@id\":\"https:\\\/\\\/www.copealcoy.es\\\/es\\\/union-alcoyana-fs-cae-ante-castalla\\\/#primaryimage\"},\"thumbnailUrl\":\"https:\\\/\\\/www.copealcoy.es\\\/wp-content\\\/uploads\\\/2017\\\/03\\\/-PSTFotograf\u00eda-0012-250217-e1488387105246.jpg\",\"datePublished\":\"2017-03-01T16:52:41+00:00\",\"dateModified\":\"2017-03-01T16:55:36+00:00\",\"author\":{\"@id\":\"https:\\\/\\\/www.copealcoy.es\\\/es\\\/#\\\/schema\\\/person\\\/e777c87fa024e57d40170af9df39882c\"},\"breadcrumb\":{\"@id\":\"https:\\\/\\\/www.copealcoy.es\\\/es\\\/union-alcoyana-fs-cae-ante-castalla\\\/#breadcrumb\"},\"inLanguage\":\"es\",\"potentialAction\":[{\"@type\":\"ReadAction\",\"target\":[\"https:\\\/\\\/www.copealcoy.es\\\/es\\\/union-alcoyana-fs-cae-ante-castalla\\\/\"]}]},{\"@type\":\"ImageObject\",\"inLanguage\":\"es\",\"@id\":\"https:\\\/\\\/www.copealcoy.es\\\/es\\\/union-alcoyana-fs-cae-ante-castalla\\\/#primaryimage\",\"url\":\"https:\\\/\\\/www.copealcoy.es\\\/wp-content\\\/uploads\\\/2017\\\/03\\\/-PSTFotograf\u00eda-0012-250217-e1488387105246.jpg\",\"contentUrl\":\"https:\\\/\\\/www.copealcoy.es\\\/wp-content\\\/uploads\\\/2017\\\/03\\\/-PSTFotograf\u00eda-0012-250217-e1488387105246.jpg\",\"width\":1071,\"height\":597},{\"@type\":\"BreadcrumbList\",\"@id\":\"https:\\\/\\\/www.copealcoy.es\\\/es\\\/union-alcoyana-fs-cae-ante-castalla\\\/#breadcrumb\",\"itemListElement\":[{\"@type\":\"ListItem\",\"position\":1,\"name\":\"Portada\",\"item\":\"https:\\\/\\\/www.copealcoy.es\\\/es\\\/\"},{\"@type\":\"ListItem\",\"position\":2,\"name\":\"El Uni\u00f3n Alcoyana FS cae ante el Castalla\"}]},{\"@type\":\"WebSite\",\"@id\":\"https:\\\/\\\/www.copealcoy.es\\\/es\\\/#website\",\"url\":\"https:\\\/\\\/www.copealcoy.es\\\/es\\\/\",\"name\":\"COPE Alcoy\",\"description\":\"Emisora COPE de radio local con emisi\u00f3n online. Pont de Sant Jordi 8-10 03803 Alcoy\",\"potentialAction\":[{\"@type\":\"SearchAction\",\"target\":{\"@type\":\"EntryPoint\",\"urlTemplate\":\"https:\\\/\\\/www.copealcoy.es\\\/es\\\/?s={search_term_string}\"},\"query-input\":{\"@type\":\"PropertyValueSpecification\",\"valueRequired\":true,\"valueName\":\"search_term_string\"}}],\"inLanguage\":\"es\"},{\"@type\":\"Person\",\"@id\":\"https:\\\/\\\/www.copealcoy.es\\\/es\\\/#\\\/schema\\\/person\\\/e777c87fa024e57d40170af9df39882c\",\"name\":\"Cope Alcoy\",\"image\":{\"@type\":\"ImageObject\",\"inLanguage\":\"es\",\"@id\":\"https:\\\/\\\/secure.gravatar.com\\\/avatar\\\/bb65d0283347e303893ba14f0692005417c1e0e690a325a4c5d8bb2b3943ee14?s=96&d=mm&r=g\",\"url\":\"https:\\\/\\\/secure.gravatar.com\\\/avatar\\\/bb65d0283347e303893ba14f0692005417c1e0e690a325a4c5d8bb2b3943ee14?s=96&d=mm&r=g\",\"contentUrl\":\"https:\\\/\\\/secure.gravatar.com\\\/avatar\\\/bb65d0283347e303893ba14f0692005417c1e0e690a325a4c5d8bb2b3943ee14?s=96&d=mm&r=g\",\"caption\":\"Cope Alcoy\"}}]}<\/script>\n<!-- \/ Yoast SEO plugin. -->","yoast_head_json":{"title":"El Uni\u00f3n Alcoyana FS cae ante el Castalla - COPE Alcoy","robots":{"index":"index","follow":"follow","max-snippet":"max-snippet:-1","max-image-preview":"max-image-preview:large","max-video-preview":"max-video-preview:-1"},"canonical":"https:\/\/www.copealcoy.es\/es\/union-alcoyana-fs-cae-ante-castalla\/","og_locale":"es_ES","og_type":"article","og_title":"El Uni\u00f3n Alcoyana FS cae ante el Castalla - COPE Alcoy","og_description":"S\u00e1bado de gala en el Francisco Laporta. Un gran numero de aficionados de nuestro Uni\u00f3n Alcoyana se congregaron para asistir...","og_url":"https:\/\/www.copealcoy.es\/es\/union-alcoyana-fs-cae-ante-castalla\/","og_site_name":"COPE Alcoy","article_published_time":"2017-03-01T16:52:41+00:00","article_modified_time":"2017-03-01T16:55:36+00:00","og_image":[{"width":1071,"height":597,"url":"https:\/\/www.copealcoy.es\/wp-content\/uploads\/2017\/03\/-PSTFotograf\u00eda-0012-250217-e1488387105246.jpg","type":"image\/jpeg"}],"author":"Cope Alcoy","twitter_misc":{"Escrito por":"Cope Alcoy","Tiempo de lectura":"2 minutos"},"schema":{"@context":"https:\/\/schema.org","@graph":[{"@type":"Article","@id":"https:\/\/www.copealcoy.es\/es\/union-alcoyana-fs-cae-ante-castalla\/#article","isPartOf":{"@id":"https:\/\/www.copealcoy.es\/es\/union-alcoyana-fs-cae-ante-castalla\/"},"author":{"name":"Cope Alcoy","@id":"https:\/\/www.copealcoy.es\/es\/#\/schema\/person\/e777c87fa024e57d40170af9df39882c"},"headline":"El Uni\u00f3n Alcoyana FS cae ante el Castalla","datePublished":"2017-03-01T16:52:41+00:00","dateModified":"2017-03-01T16:55:36+00:00","mainEntityOfPage":{"@id":"https:\/\/www.copealcoy.es\/es\/union-alcoyana-fs-cae-ante-castalla\/"},"wordCount":369,"commentCount":0,"image":{"@id":"https:\/\/www.copealcoy.es\/es\/union-alcoyana-fs-cae-ante-castalla\/#primaryimage"},"thumbnailUrl":"https:\/\/www.copealcoy.es\/wp-content\/uploads\/2017\/03\/-PSTFotograf\u00eda-0012-250217-e1488387105246.jpg","keywords":["Alcoy","Castalla","Javi Silvestre","Uni\u00f3n Alcoyana FS"],"articleSection":["Deportes","Noticias"],"inLanguage":"es"},{"@type":"WebPage","@id":"https:\/\/www.copealcoy.es\/es\/union-alcoyana-fs-cae-ante-castalla\/","url":"https:\/\/www.copealcoy.es\/es\/union-alcoyana-fs-cae-ante-castalla\/","name":"El Uni\u00f3n Alcoyana FS cae ante el Castalla - COPE Alcoy","isPartOf":{"@id":"https:\/\/www.copealcoy.es\/es\/#website"},"primaryImageOfPage":{"@id":"https:\/\/www.copealcoy.es\/es\/union-alcoyana-fs-cae-ante-castalla\/#primaryimage"},"image":{"@id":"https:\/\/www.copealcoy.es\/es\/union-alcoyana-fs-cae-ante-castalla\/#primaryimage"},"thumbnailUrl":"https:\/\/www.copealcoy.es\/wp-content\/uploads\/2017\/03\/-PSTFotograf\u00eda-0012-250217-e1488387105246.jpg","datePublished":"2017-03-01T16:52:41+00:00","dateModified":"2017-03-01T16:55:36+00:00","author":{"@id":"https:\/\/www.copealcoy.es\/es\/#\/schema\/person\/e777c87fa024e57d40170af9df39882c"},"breadcrumb":{"@id":"https:\/\/www.copealcoy.es\/es\/union-alcoyana-fs-cae-ante-castalla\/#breadcrumb"},"inLanguage":"es","potentialAction":[{"@type":"ReadAction","target":["https:\/\/www.copealcoy.es\/es\/union-alcoyana-fs-cae-ante-castalla\/"]}]},{"@type":"ImageObject","inLanguage":"es","@id":"https:\/\/www.copealcoy.es\/es\/union-alcoyana-fs-cae-ante-castalla\/#primaryimage","url":"https:\/\/www.copealcoy.es\/wp-content\/uploads\/2017\/03\/-PSTFotograf\u00eda-0012-250217-e1488387105246.jpg","contentUrl":"https:\/\/www.copealcoy.es\/wp-content\/uploads\/2017\/03\/-PSTFotograf\u00eda-0012-250217-e1488387105246.jpg","width":1071,"height":597},{"@type":"BreadcrumbList","@id":"https:\/\/www.copealcoy.es\/es\/union-alcoyana-fs-cae-ante-castalla\/#breadcrumb","itemListElement":[{"@type":"ListItem","position":1,"name":"Portada","item":"https:\/\/www.copealcoy.es\/es\/"},{"@type":"ListItem","position":2,"name":"El Uni\u00f3n Alcoyana FS cae ante el Castalla"}]},{"@type":"WebSite","@id":"https:\/\/www.copealcoy.es\/es\/#website","url":"https:\/\/www.copealcoy.es\/es\/","name":"COPE Alcoy","description":"Emisora COPE de radio local con emisi\u00f3n online. Pont de Sant Jordi 8-10 03803 Alcoy","potentialAction":[{"@type":"SearchAction","target":{"@type":"EntryPoint","urlTemplate":"https:\/\/www.copealcoy.es\/es\/?s={search_term_string}"},"query-input":{"@type":"PropertyValueSpecification","valueRequired":true,"valueName":"search_term_string"}}],"inLanguage":"es"},{"@type":"Person","@id":"https:\/\/www.copealcoy.es\/es\/#\/schema\/person\/e777c87fa024e57d40170af9df39882c","name":"Cope Alcoy","image":{"@type":"ImageObject","inLanguage":"es","@id":"https:\/\/secure.gravatar.com\/avatar\/bb65d0283347e303893ba14f0692005417c1e0e690a325a4c5d8bb2b3943ee14?s=96&d=mm&r=g","url":"https:\/\/secure.gravatar.com\/avatar\/bb65d0283347e303893ba14f0692005417c1e0e690a325a4c5d8bb2b3943ee14?s=96&d=mm&r=g","contentUrl":"https:\/\/secure.gravatar.com\/avatar\/bb65d0283347e303893ba14f0692005417c1e0e690a325a4c5d8bb2b3943ee14?s=96&d=mm&r=g","caption":"Cope Alcoy"}}]}},"_links":{"self":[{"href":"https:\/\/www.copealcoy.es\/es\/wp-json\/wp\/v2\/posts\/29323","targetHints":{"allow":["GET"]}}],"collection":[{"href":"https:\/\/www.copealcoy.es\/es\/wp-json\/wp\/v2\/posts"}],"about":[{"href":"https:\/\/www.copealcoy.es\/es\/wp-json\/wp\/v2\/types\/post"}],"author":[{"embeddable":true,"href":"https:\/\/www.copealcoy.es\/es\/wp-json\/wp\/v2\/users\/1"}],"replies":[{"embeddable":true,"href":"https:\/\/www.copealcoy.es\/es\/wp-json\/wp\/v2\/comments?post=29323"}],"version-history":[{"count":0,"href":"https:\/\/www.copealcoy.es\/es\/wp-json\/wp\/v2\/posts\/29323\/revisions"}],"wp:featuredmedia":[{"embeddable":true,"href":"https:\/\/www.copealcoy.es\/es\/wp-json\/wp\/v2\/media\/29324"}],"wp:attachment":[{"href":"https:\/\/www.copealcoy.es\/es\/wp-json\/wp\/v2\/media?parent=29323"}],"wp:term":[{"taxonomy":"category","embeddable":true,"href":"https:\/\/www.copealcoy.es\/es\/wp-json\/wp\/v2\/categories?post=29323"},{"taxonomy":"post_tag","embeddable":true,"href":"https:\/\/www.copealcoy.es\/es\/wp-json\/wp\/v2\/tags?post=29323"}],"curies":[{"name":"wp","href":"https:\/\/api.w.org\/{rel}","templated":true}]}}