{"id":29304,"date":"2017-03-01T06:00:01","date_gmt":"2017-03-01T06:00:01","guid":{"rendered":"http:\/\/copealcoi.es\/new\/?p=29304"},"modified":"2017-02-28T18:05:48","modified_gmt":"2017-02-28T18:05:48","slug":"la-semana-santa-contestana-presenta-un-amplio-programa-de-actividades","status":"publish","type":"post","link":"https:\/\/www.copealcoy.es\/es\/la-semana-santa-contestana-presenta-un-amplio-programa-de-actividades\/","title":{"rendered":"La Semana Santa contestana presenta un amplio programa de actividades"},"content":{"rendered":"<p style=\"text-align: justify;\">La Junta Central de Cofrad\u00edas de Cocentaina, <strong>presidida este a\u00f1o por la Cofrad\u00eda del Cristo de La Columna<\/strong>, ha organizado <strong>un amplio programa de actos<\/strong> para los d\u00edas de Cuaresma y tambi\u00e9n para la Semana Santa Contestana que se llevar\u00e1 cabo entre los meses de marzo y abril.<\/p>\n<p style=\"text-align: justify;\">Las actividades comenzar\u00e1n hoy con las celebraciones del <strong>Mi\u00e9rcoles de Ceniza<\/strong> en cada iglesia del municipio\u00a0mientras que durante las pr\u00f3ximas semanas se realizar\u00e1n varias <strong>oraciones cuaresmales<\/strong> los viernes por la tarde ante las im\u00e1genes de Jes\u00fas del Huerto (Convento de los Franciscanos), La Dolorosa (Parroquia del Salvador), El Nazareno (Monasterio de la Mare de D\u00e9u del Miracle) y el Crist dels Llauradors (Parroquia de Santa Mar\u00eda). Tambi\u00e9n se efectuar\u00e1 e<strong>l rezo del V\u00eda Crucis<\/strong> cada viernes de Cuaresma a las 19:00h en Santa Mar\u00eda y los domingos a las 17:00h en el Calvario de los Franciscanos. Por otra parte el s\u00e1bado 1 de abril arrancar\u00e1 <strong>el Septenario en honor a la Dolorosa<\/strong> en El Salvador mientras que del 10 al 12 de abril se llevar\u00e1 a cabo e<strong>l Triduo al Nazareno<\/strong> en el Monasterio de Las Clarisas. Antes, el s\u00e1bado 25 de marzo, se presentar\u00e1 <strong>el cartel anunciador<\/strong> que ha dise\u00f1ado este a\u00f1o <strong>Pepa Va\u00f1\u00f3 Valls<\/strong> y <strong>Samuel Botella Palacios<\/strong> realizar\u00e1 el <strong>preg\u00f3n<\/strong> de la Semana Santa 2017.<\/p>\n<p style=\"text-align: justify;\">Los actos centrales dar\u00e1n comienzo el s\u00e1bado 8 de abril con la representaci\u00f3n por cuarto a\u00f1o consecutivo de <strong>La Pasi\u00f3n por las calles<\/strong>, una escenificaci\u00f3n que dar\u00e1 comienzo a las 20:30h en el Pla de la Font. A la ma\u00f1ana siguiente, <strong>Domingo de Ramos<\/strong>, tendr\u00e1 lugar la <strong>Bendici\u00f3n de Palmas<\/strong> en el Convento de los Franciscanos y la posterior procesi\u00f3n hasta El Pla para celebrar ante el Palau Comtal la misa. La jornada culminar\u00e1 con la <strong>procesi\u00f3n de La Dolorosa<\/strong>, desde la parroquia del Salvador, y dar\u00e1 paso al Lunes Santo y a la <strong>Oraci\u00f3n de Getseman\u00ed<\/strong> que prepara la Cofrad\u00eda de Jes\u00fas del Huerto.<\/p>\n<p style=\"text-align: justify;\">El <strong>Jueves Santo<\/strong> todas las iglesias acoger\u00e1n las habituales celebraciones mientras que por la noche partir\u00e1 desde Santa Mar\u00eda <strong>la Procesi\u00f3n del Silencio<\/strong> con el\u00a0<em>Crist dels Llauradors.\u00a0<\/em>Ya el\u00a0Viernes Santo se desarrollar\u00e1 el <strong>V\u00eda Crucis Interparroquial<\/strong> con la imagen del Nazareno, desde el Monasterio de la Virgen del Milagro\u00a0hasta el Calvario de los Franciscanos, y a partir de las 20:30h todas las Cofrad\u00edas participar\u00e1n en la <strong>Procesi\u00f3n del Santo Entierro<\/strong>.\u00a0El <strong>S\u00e1bado Santo<\/strong> se reserva para la Vigilia Pascual y la Semana Santa culminar\u00e1 de nuevo con el Encuentro Glorioso el <strong>Domingo de Pascua.<\/strong>\u00a0Este acto se celebrar\u00e1 a las 9:30 de la ma\u00f1ana en El Pla con las im\u00e1genes de\u00a0la Virgen, El Resucitado y San Juan.<\/p>\n<p style=\"text-align: justify;\">Los restantes actos de la programaci\u00f3n de la Semana Santa <strong>se pueden consultar en los folletos que se han repartido por los diferentes domicilios<\/strong> y tambi\u00e9n en las iglesias de Cocentaina. Adem\u00e1s hay disponible <a href=\"http:\/\/semanasantacontestana.tueventoqr.es\/#cofradias\"><span style=\"color: #0000ff;\"><strong>una web con unas breves rese\u00f1as de cada cofrad\u00eda<\/strong><\/span><\/a> y en la que tambi\u00e9n se podr\u00e1 tener acceso a todos los actos preparados en este 2017.<\/p>\n<p>&nbsp;<\/p>\n","protected":false},"excerpt":{"rendered":"<p>La Junta Central de Cofrad\u00edas de Cocentaina, presidida este a\u00f1o por la Cofrad\u00eda del Cristo de La Columna, ha organizado&#8230;<\/p>\n","protected":false},"author":1,"featured_media":11899,"comment_status":"open","ping_status":"open","sticky":false,"template":"","format":"standard","meta":{"footnotes":""},"categories":[98,75],"tags":[3775,132,3776,3777,745],"class_list":["post-29304","post","type-post","status-publish","format-standard","has-post-thumbnail","hentry","category-comarcas","category-noticias","tag-amplio-programa","tag-cocentaina","tag-cristo-de-la-columna","tag-miercoles-de-ceniza","tag-semana-santa"],"yoast_head":"<!-- This site is optimized with the Yoast SEO plugin v27.3 - https:\/\/yoast.com\/product\/yoast-seo-wordpress\/ -->\n<title>La Semana Santa contestana presenta un amplio programa de actividades - COPE Alcoy<\/title>\n<meta name=\"robots\" content=\"index, follow, max-snippet:-1, max-image-preview:large, max-video-preview:-1\" \/>\n<link rel=\"canonical\" href=\"https:\/\/www.copealcoy.es\/es\/la-semana-santa-contestana-presenta-un-amplio-programa-de-actividades\/\" \/>\n<meta property=\"og:locale\" content=\"es_ES\" \/>\n<meta property=\"og:type\" content=\"article\" \/>\n<meta property=\"og:title\" content=\"La Semana Santa contestana presenta un amplio programa de actividades - COPE Alcoy\" \/>\n<meta property=\"og:description\" content=\"La Junta Central de Cofrad\u00edas de Cocentaina, presidida este a\u00f1o por la Cofrad\u00eda del Cristo de La Columna, ha organizado...\" \/>\n<meta property=\"og:url\" content=\"https:\/\/www.copealcoy.es\/es\/la-semana-santa-contestana-presenta-un-amplio-programa-de-actividades\/\" \/>\n<meta property=\"og:site_name\" content=\"COPE Alcoy\" \/>\n<meta property=\"article:published_time\" content=\"2017-03-01T06:00:01+00:00\" \/>\n<meta property=\"og:image\" content=\"https:\/\/www.copealcoy.es\/wp-content\/uploads\/2015\/04\/DSC08958.jpg\" \/>\n\t<meta property=\"og:image:width\" content=\"593\" \/>\n\t<meta property=\"og:image:height\" content=\"349\" \/>\n\t<meta property=\"og:image:type\" content=\"image\/jpeg\" \/>\n<meta name=\"author\" content=\"Cope Alcoy\" \/>\n<meta name=\"twitter:label1\" content=\"Escrito por\" \/>\n\t<meta name=\"twitter:data1\" content=\"Cope Alcoy\" \/>\n\t<meta name=\"twitter:label2\" content=\"Tiempo de lectura\" \/>\n\t<meta name=\"twitter:data2\" content=\"3 minutos\" \/>\n<script type=\"application\/ld+json\" class=\"yoast-schema-graph\">{\"@context\":\"https:\\\/\\\/schema.org\",\"@graph\":[{\"@type\":\"Article\",\"@id\":\"https:\\\/\\\/www.copealcoy.es\\\/es\\\/la-semana-santa-contestana-presenta-un-amplio-programa-de-actividades\\\/#article\",\"isPartOf\":{\"@id\":\"https:\\\/\\\/www.copealcoy.es\\\/es\\\/la-semana-santa-contestana-presenta-un-amplio-programa-de-actividades\\\/\"},\"author\":{\"name\":\"Cope Alcoy\",\"@id\":\"https:\\\/\\\/www.copealcoy.es\\\/es\\\/#\\\/schema\\\/person\\\/e777c87fa024e57d40170af9df39882c\"},\"headline\":\"La Semana Santa contestana presenta un amplio programa de actividades\",\"datePublished\":\"2017-03-01T06:00:01+00:00\",\"mainEntityOfPage\":{\"@id\":\"https:\\\/\\\/www.copealcoy.es\\\/es\\\/la-semana-santa-contestana-presenta-un-amplio-programa-de-actividades\\\/\"},\"wordCount\":556,\"commentCount\":0,\"image\":{\"@id\":\"https:\\\/\\\/www.copealcoy.es\\\/es\\\/la-semana-santa-contestana-presenta-un-amplio-programa-de-actividades\\\/#primaryimage\"},\"thumbnailUrl\":\"https:\\\/\\\/www.copealcoy.es\\\/wp-content\\\/uploads\\\/2015\\\/04\\\/DSC08958.jpg\",\"keywords\":[\"amplio programa\",\"Cocentaina\",\"Cristo de la Columna\",\"Mi\u00e9rcoles de Ceniza\",\"Semana Santa\"],\"articleSection\":[\"Comarcas\",\"Noticias\"],\"inLanguage\":\"es\"},{\"@type\":\"WebPage\",\"@id\":\"https:\\\/\\\/www.copealcoy.es\\\/es\\\/la-semana-santa-contestana-presenta-un-amplio-programa-de-actividades\\\/\",\"url\":\"https:\\\/\\\/www.copealcoy.es\\\/es\\\/la-semana-santa-contestana-presenta-un-amplio-programa-de-actividades\\\/\",\"name\":\"La Semana Santa contestana presenta un amplio programa de actividades - COPE Alcoy\",\"isPartOf\":{\"@id\":\"https:\\\/\\\/www.copealcoy.es\\\/es\\\/#website\"},\"primaryImageOfPage\":{\"@id\":\"https:\\\/\\\/www.copealcoy.es\\\/es\\\/la-semana-santa-contestana-presenta-un-amplio-programa-de-actividades\\\/#primaryimage\"},\"image\":{\"@id\":\"https:\\\/\\\/www.copealcoy.es\\\/es\\\/la-semana-santa-contestana-presenta-un-amplio-programa-de-actividades\\\/#primaryimage\"},\"thumbnailUrl\":\"https:\\\/\\\/www.copealcoy.es\\\/wp-content\\\/uploads\\\/2015\\\/04\\\/DSC08958.jpg\",\"datePublished\":\"2017-03-01T06:00:01+00:00\",\"author\":{\"@id\":\"https:\\\/\\\/www.copealcoy.es\\\/es\\\/#\\\/schema\\\/person\\\/e777c87fa024e57d40170af9df39882c\"},\"breadcrumb\":{\"@id\":\"https:\\\/\\\/www.copealcoy.es\\\/es\\\/la-semana-santa-contestana-presenta-un-amplio-programa-de-actividades\\\/#breadcrumb\"},\"inLanguage\":\"es\",\"potentialAction\":[{\"@type\":\"ReadAction\",\"target\":[\"https:\\\/\\\/www.copealcoy.es\\\/es\\\/la-semana-santa-contestana-presenta-un-amplio-programa-de-actividades\\\/\"]}]},{\"@type\":\"ImageObject\",\"inLanguage\":\"es\",\"@id\":\"https:\\\/\\\/www.copealcoy.es\\\/es\\\/la-semana-santa-contestana-presenta-un-amplio-programa-de-actividades\\\/#primaryimage\",\"url\":\"https:\\\/\\\/www.copealcoy.es\\\/wp-content\\\/uploads\\\/2015\\\/04\\\/DSC08958.jpg\",\"contentUrl\":\"https:\\\/\\\/www.copealcoy.es\\\/wp-content\\\/uploads\\\/2015\\\/04\\\/DSC08958.jpg\",\"width\":593,\"height\":349,\"caption\":\"Imagen del Cristo Yacente en la Procesi\u00f3n del Santo Entierro\"},{\"@type\":\"BreadcrumbList\",\"@id\":\"https:\\\/\\\/www.copealcoy.es\\\/es\\\/la-semana-santa-contestana-presenta-un-amplio-programa-de-actividades\\\/#breadcrumb\",\"itemListElement\":[{\"@type\":\"ListItem\",\"position\":1,\"name\":\"Portada\",\"item\":\"https:\\\/\\\/www.copealcoy.es\\\/es\\\/\"},{\"@type\":\"ListItem\",\"position\":2,\"name\":\"La Semana Santa contestana presenta un amplio programa de actividades\"}]},{\"@type\":\"WebSite\",\"@id\":\"https:\\\/\\\/www.copealcoy.es\\\/es\\\/#website\",\"url\":\"https:\\\/\\\/www.copealcoy.es\\\/es\\\/\",\"name\":\"COPE Alcoy\",\"description\":\"Emisora COPE de radio local con emisi\u00f3n online. Pont de Sant Jordi 8-10 03803 Alcoy\",\"potentialAction\":[{\"@type\":\"SearchAction\",\"target\":{\"@type\":\"EntryPoint\",\"urlTemplate\":\"https:\\\/\\\/www.copealcoy.es\\\/es\\\/?s={search_term_string}\"},\"query-input\":{\"@type\":\"PropertyValueSpecification\",\"valueRequired\":true,\"valueName\":\"search_term_string\"}}],\"inLanguage\":\"es\"},{\"@type\":\"Person\",\"@id\":\"https:\\\/\\\/www.copealcoy.es\\\/es\\\/#\\\/schema\\\/person\\\/e777c87fa024e57d40170af9df39882c\",\"name\":\"Cope Alcoy\",\"image\":{\"@type\":\"ImageObject\",\"inLanguage\":\"es\",\"@id\":\"https:\\\/\\\/secure.gravatar.com\\\/avatar\\\/bb65d0283347e303893ba14f0692005417c1e0e690a325a4c5d8bb2b3943ee14?s=96&d=mm&r=g\",\"url\":\"https:\\\/\\\/secure.gravatar.com\\\/avatar\\\/bb65d0283347e303893ba14f0692005417c1e0e690a325a4c5d8bb2b3943ee14?s=96&d=mm&r=g\",\"contentUrl\":\"https:\\\/\\\/secure.gravatar.com\\\/avatar\\\/bb65d0283347e303893ba14f0692005417c1e0e690a325a4c5d8bb2b3943ee14?s=96&d=mm&r=g\",\"caption\":\"Cope Alcoy\"}}]}<\/script>\n<!-- \/ Yoast SEO plugin. -->","yoast_head_json":{"title":"La Semana Santa contestana presenta un amplio programa de actividades - COPE Alcoy","robots":{"index":"index","follow":"follow","max-snippet":"max-snippet:-1","max-image-preview":"max-image-preview:large","max-video-preview":"max-video-preview:-1"},"canonical":"https:\/\/www.copealcoy.es\/es\/la-semana-santa-contestana-presenta-un-amplio-programa-de-actividades\/","og_locale":"es_ES","og_type":"article","og_title":"La Semana Santa contestana presenta un amplio programa de actividades - COPE Alcoy","og_description":"La Junta Central de Cofrad\u00edas de Cocentaina, presidida este a\u00f1o por la Cofrad\u00eda del Cristo de La Columna, ha organizado...","og_url":"https:\/\/www.copealcoy.es\/es\/la-semana-santa-contestana-presenta-un-amplio-programa-de-actividades\/","og_site_name":"COPE Alcoy","article_published_time":"2017-03-01T06:00:01+00:00","og_image":[{"width":593,"height":349,"url":"https:\/\/www.copealcoy.es\/wp-content\/uploads\/2015\/04\/DSC08958.jpg","type":"image\/jpeg"}],"author":"Cope Alcoy","twitter_misc":{"Escrito por":"Cope Alcoy","Tiempo de lectura":"3 minutos"},"schema":{"@context":"https:\/\/schema.org","@graph":[{"@type":"Article","@id":"https:\/\/www.copealcoy.es\/es\/la-semana-santa-contestana-presenta-un-amplio-programa-de-actividades\/#article","isPartOf":{"@id":"https:\/\/www.copealcoy.es\/es\/la-semana-santa-contestana-presenta-un-amplio-programa-de-actividades\/"},"author":{"name":"Cope Alcoy","@id":"https:\/\/www.copealcoy.es\/es\/#\/schema\/person\/e777c87fa024e57d40170af9df39882c"},"headline":"La Semana Santa contestana presenta un amplio programa de actividades","datePublished":"2017-03-01T06:00:01+00:00","mainEntityOfPage":{"@id":"https:\/\/www.copealcoy.es\/es\/la-semana-santa-contestana-presenta-un-amplio-programa-de-actividades\/"},"wordCount":556,"commentCount":0,"image":{"@id":"https:\/\/www.copealcoy.es\/es\/la-semana-santa-contestana-presenta-un-amplio-programa-de-actividades\/#primaryimage"},"thumbnailUrl":"https:\/\/www.copealcoy.es\/wp-content\/uploads\/2015\/04\/DSC08958.jpg","keywords":["amplio programa","Cocentaina","Cristo de la Columna","Mi\u00e9rcoles de Ceniza","Semana Santa"],"articleSection":["Comarcas","Noticias"],"inLanguage":"es"},{"@type":"WebPage","@id":"https:\/\/www.copealcoy.es\/es\/la-semana-santa-contestana-presenta-un-amplio-programa-de-actividades\/","url":"https:\/\/www.copealcoy.es\/es\/la-semana-santa-contestana-presenta-un-amplio-programa-de-actividades\/","name":"La Semana Santa contestana presenta un amplio programa de actividades - COPE Alcoy","isPartOf":{"@id":"https:\/\/www.copealcoy.es\/es\/#website"},"primaryImageOfPage":{"@id":"https:\/\/www.copealcoy.es\/es\/la-semana-santa-contestana-presenta-un-amplio-programa-de-actividades\/#primaryimage"},"image":{"@id":"https:\/\/www.copealcoy.es\/es\/la-semana-santa-contestana-presenta-un-amplio-programa-de-actividades\/#primaryimage"},"thumbnailUrl":"https:\/\/www.copealcoy.es\/wp-content\/uploads\/2015\/04\/DSC08958.jpg","datePublished":"2017-03-01T06:00:01+00:00","author":{"@id":"https:\/\/www.copealcoy.es\/es\/#\/schema\/person\/e777c87fa024e57d40170af9df39882c"},"breadcrumb":{"@id":"https:\/\/www.copealcoy.es\/es\/la-semana-santa-contestana-presenta-un-amplio-programa-de-actividades\/#breadcrumb"},"inLanguage":"es","potentialAction":[{"@type":"ReadAction","target":["https:\/\/www.copealcoy.es\/es\/la-semana-santa-contestana-presenta-un-amplio-programa-de-actividades\/"]}]},{"@type":"ImageObject","inLanguage":"es","@id":"https:\/\/www.copealcoy.es\/es\/la-semana-santa-contestana-presenta-un-amplio-programa-de-actividades\/#primaryimage","url":"https:\/\/www.copealcoy.es\/wp-content\/uploads\/2015\/04\/DSC08958.jpg","contentUrl":"https:\/\/www.copealcoy.es\/wp-content\/uploads\/2015\/04\/DSC08958.jpg","width":593,"height":349,"caption":"Imagen del Cristo Yacente en la Procesi\u00f3n del Santo Entierro"},{"@type":"BreadcrumbList","@id":"https:\/\/www.copealcoy.es\/es\/la-semana-santa-contestana-presenta-un-amplio-programa-de-actividades\/#breadcrumb","itemListElement":[{"@type":"ListItem","position":1,"name":"Portada","item":"https:\/\/www.copealcoy.es\/es\/"},{"@type":"ListItem","position":2,"name":"La Semana Santa contestana presenta un amplio programa de actividades"}]},{"@type":"WebSite","@id":"https:\/\/www.copealcoy.es\/es\/#website","url":"https:\/\/www.copealcoy.es\/es\/","name":"COPE Alcoy","description":"Emisora COPE de radio local con emisi\u00f3n online. Pont de Sant Jordi 8-10 03803 Alcoy","potentialAction":[{"@type":"SearchAction","target":{"@type":"EntryPoint","urlTemplate":"https:\/\/www.copealcoy.es\/es\/?s={search_term_string}"},"query-input":{"@type":"PropertyValueSpecification","valueRequired":true,"valueName":"search_term_string"}}],"inLanguage":"es"},{"@type":"Person","@id":"https:\/\/www.copealcoy.es\/es\/#\/schema\/person\/e777c87fa024e57d40170af9df39882c","name":"Cope Alcoy","image":{"@type":"ImageObject","inLanguage":"es","@id":"https:\/\/secure.gravatar.com\/avatar\/bb65d0283347e303893ba14f0692005417c1e0e690a325a4c5d8bb2b3943ee14?s=96&d=mm&r=g","url":"https:\/\/secure.gravatar.com\/avatar\/bb65d0283347e303893ba14f0692005417c1e0e690a325a4c5d8bb2b3943ee14?s=96&d=mm&r=g","contentUrl":"https:\/\/secure.gravatar.com\/avatar\/bb65d0283347e303893ba14f0692005417c1e0e690a325a4c5d8bb2b3943ee14?s=96&d=mm&r=g","caption":"Cope Alcoy"}}]}},"_links":{"self":[{"href":"https:\/\/www.copealcoy.es\/es\/wp-json\/wp\/v2\/posts\/29304","targetHints":{"allow":["GET"]}}],"collection":[{"href":"https:\/\/www.copealcoy.es\/es\/wp-json\/wp\/v2\/posts"}],"about":[{"href":"https:\/\/www.copealcoy.es\/es\/wp-json\/wp\/v2\/types\/post"}],"author":[{"embeddable":true,"href":"https:\/\/www.copealcoy.es\/es\/wp-json\/wp\/v2\/users\/1"}],"replies":[{"embeddable":true,"href":"https:\/\/www.copealcoy.es\/es\/wp-json\/wp\/v2\/comments?post=29304"}],"version-history":[{"count":0,"href":"https:\/\/www.copealcoy.es\/es\/wp-json\/wp\/v2\/posts\/29304\/revisions"}],"wp:featuredmedia":[{"embeddable":true,"href":"https:\/\/www.copealcoy.es\/es\/wp-json\/wp\/v2\/media\/11899"}],"wp:attachment":[{"href":"https:\/\/www.copealcoy.es\/es\/wp-json\/wp\/v2\/media?parent=29304"}],"wp:term":[{"taxonomy":"category","embeddable":true,"href":"https:\/\/www.copealcoy.es\/es\/wp-json\/wp\/v2\/categories?post=29304"},{"taxonomy":"post_tag","embeddable":true,"href":"https:\/\/www.copealcoy.es\/es\/wp-json\/wp\/v2\/tags?post=29304"}],"curies":[{"name":"wp","href":"https:\/\/api.w.org\/{rel}","templated":true}]}}