{"id":29285,"date":"2017-02-28T15:55:42","date_gmt":"2017-02-28T15:55:42","guid":{"rendered":"http:\/\/copealcoi.es\/new\/?p=29285"},"modified":"2017-02-28T15:58:20","modified_gmt":"2017-02-28T15:58:20","slug":"cocentaina-recogio-25-toneladas-de-ropa-y-calzado-durante-2016","status":"publish","type":"post","link":"https:\/\/www.copealcoy.es\/es\/cocentaina-recogio-25-toneladas-de-ropa-y-calzado-durante-2016\/","title":{"rendered":"Cocentaina recogi\u00f3 2\u00b45 toneladas de ropa y calzado durante 2016"},"content":{"rendered":"<p style=\"text-align: justify;\">Cocentaina, a trav\u00e9s de las <strong>empresas Arropa Valencia y Koopera<\/strong>, recogi\u00f3 durante el pasado a\u00f1o 2016 <strong>un total de 2.560 toneladas de ropa y calzado<\/strong> por medio de los <strong>ocho contenedores<\/strong> repartidos por diferentes puntos de la poblaci\u00f3n y tambi\u00e9n sus pedan\u00edas. Estas cifras suponen <strong>un 27% m\u00e1s que en 2015<\/strong> y esto\u00a0ha permitido <strong>la contrataci\u00f3n de 40 personas<\/strong> con riesgo de exclusi\u00f3n social as\u00ed como<strong> la reducci\u00f3n de emisiones de CO2 a la atm\u00f3sfera<\/strong>.<\/p>\n<p style=\"text-align: justify;\">Desde C\u00e1ritas Diocesana, colectivo que trabaja con estas dos empresas,<strong> han agradecido la gran implicaci\u00f3n de las ciudadanas y los ciudadanos<\/strong> que han depositado m\u00e1s de 2\u00b45 toneladas de ropa y calzado a los contenedores que les ha permitido llevar adelante esta funci\u00f3n social.<\/p>\n<p style=\"text-align: justify;\">Los contenedores de ropa y calzado de Cocentaina <strong>se encuentran ubicados<\/strong> en las pedan\u00edas de L\u00b4Alc\u00fadia y Els Algars; en la calle del Convento, Just SanSalvador, Font de la Edra, Pla\u00e7a El Tinte, Pla\u00e7a El Teular y Avinguda de X\u00e0tiva.<\/p>\n","protected":false},"excerpt":{"rendered":"<p>Cocentaina, a trav\u00e9s de las empresas Arropa Valencia y Koopera, recogi\u00f3 durante el pasado a\u00f1o 2016 un total de 2.560&#8230;<\/p>\n","protected":false},"author":1,"featured_media":29286,"comment_status":"open","ping_status":"open","sticky":false,"template":"","format":"standard","meta":{"footnotes":""},"categories":[98,75],"tags":[3768,3770,460,132,1218,3769],"class_list":["post-29285","post","type-post","status-publish","format-standard","has-post-thumbnail","hentry","category-comarcas","category-noticias","tag-25-toneladas","tag-calzado","tag-caritas","tag-cocentaina","tag-contenedores","tag-ropa"],"yoast_head":"<!-- This site is optimized with the Yoast SEO plugin v27.3 - https:\/\/yoast.com\/product\/yoast-seo-wordpress\/ -->\n<title>Cocentaina recogi\u00f3 2\u00b45 toneladas de ropa y calzado durante 2016 - COPE Alcoy<\/title>\n<meta name=\"robots\" content=\"index, follow, max-snippet:-1, max-image-preview:large, max-video-preview:-1\" \/>\n<link rel=\"canonical\" href=\"https:\/\/www.copealcoy.es\/es\/cocentaina-recogio-25-toneladas-de-ropa-y-calzado-durante-2016\/\" \/>\n<meta property=\"og:locale\" content=\"es_ES\" \/>\n<meta property=\"og:type\" content=\"article\" \/>\n<meta property=\"og:title\" content=\"Cocentaina recogi\u00f3 2\u00b45 toneladas de ropa y calzado durante 2016 - COPE Alcoy\" \/>\n<meta property=\"og:description\" content=\"Cocentaina, a trav\u00e9s de las empresas Arropa Valencia y Koopera, recogi\u00f3 durante el pasado a\u00f1o 2016 un total de 2.560...\" \/>\n<meta property=\"og:url\" content=\"https:\/\/www.copealcoy.es\/es\/cocentaina-recogio-25-toneladas-de-ropa-y-calzado-durante-2016\/\" \/>\n<meta property=\"og:site_name\" content=\"COPE Alcoy\" \/>\n<meta property=\"article:published_time\" content=\"2017-02-28T15:55:42+00:00\" \/>\n<meta property=\"article:modified_time\" content=\"2017-02-28T15:58:20+00:00\" \/>\n<meta property=\"og:image\" content=\"https:\/\/www.copealcoy.es\/wp-content\/uploads\/2017\/02\/170228-contenidors-roba-usada.jpg\" \/>\n\t<meta property=\"og:image:width\" content=\"2048\" \/>\n\t<meta property=\"og:image:height\" content=\"1536\" \/>\n\t<meta property=\"og:image:type\" content=\"image\/jpeg\" \/>\n<meta name=\"author\" content=\"Cope Alcoy\" \/>\n<meta name=\"twitter:label1\" content=\"Escrito por\" \/>\n\t<meta name=\"twitter:data1\" content=\"Cope Alcoy\" \/>\n\t<meta name=\"twitter:label2\" content=\"Tiempo de lectura\" \/>\n\t<meta name=\"twitter:data2\" content=\"1 minuto\" \/>\n<script type=\"application\/ld+json\" class=\"yoast-schema-graph\">{\"@context\":\"https:\\\/\\\/schema.org\",\"@graph\":[{\"@type\":\"Article\",\"@id\":\"https:\\\/\\\/www.copealcoy.es\\\/es\\\/cocentaina-recogio-25-toneladas-de-ropa-y-calzado-durante-2016\\\/#article\",\"isPartOf\":{\"@id\":\"https:\\\/\\\/www.copealcoy.es\\\/es\\\/cocentaina-recogio-25-toneladas-de-ropa-y-calzado-durante-2016\\\/\"},\"author\":{\"name\":\"Cope Alcoy\",\"@id\":\"https:\\\/\\\/www.copealcoy.es\\\/es\\\/#\\\/schema\\\/person\\\/e777c87fa024e57d40170af9df39882c\"},\"headline\":\"Cocentaina recogi\u00f3 2\u00b45 toneladas de ropa y calzado durante 2016\",\"datePublished\":\"2017-02-28T15:55:42+00:00\",\"dateModified\":\"2017-02-28T15:58:20+00:00\",\"mainEntityOfPage\":{\"@id\":\"https:\\\/\\\/www.copealcoy.es\\\/es\\\/cocentaina-recogio-25-toneladas-de-ropa-y-calzado-durante-2016\\\/\"},\"wordCount\":182,\"commentCount\":0,\"image\":{\"@id\":\"https:\\\/\\\/www.copealcoy.es\\\/es\\\/cocentaina-recogio-25-toneladas-de-ropa-y-calzado-durante-2016\\\/#primaryimage\"},\"thumbnailUrl\":\"https:\\\/\\\/www.copealcoy.es\\\/wp-content\\\/uploads\\\/2017\\\/02\\\/170228-contenidors-roba-usada.jpg\",\"keywords\":[\"2'5 toneladas\",\"calzado\",\"C\u00e1ritas\",\"Cocentaina\",\"contenedores\",\"ropa\"],\"articleSection\":[\"Comarcas\",\"Noticias\"],\"inLanguage\":\"es\"},{\"@type\":\"WebPage\",\"@id\":\"https:\\\/\\\/www.copealcoy.es\\\/es\\\/cocentaina-recogio-25-toneladas-de-ropa-y-calzado-durante-2016\\\/\",\"url\":\"https:\\\/\\\/www.copealcoy.es\\\/es\\\/cocentaina-recogio-25-toneladas-de-ropa-y-calzado-durante-2016\\\/\",\"name\":\"Cocentaina recogi\u00f3 2\u00b45 toneladas de ropa y calzado durante 2016 - COPE Alcoy\",\"isPartOf\":{\"@id\":\"https:\\\/\\\/www.copealcoy.es\\\/es\\\/#website\"},\"primaryImageOfPage\":{\"@id\":\"https:\\\/\\\/www.copealcoy.es\\\/es\\\/cocentaina-recogio-25-toneladas-de-ropa-y-calzado-durante-2016\\\/#primaryimage\"},\"image\":{\"@id\":\"https:\\\/\\\/www.copealcoy.es\\\/es\\\/cocentaina-recogio-25-toneladas-de-ropa-y-calzado-durante-2016\\\/#primaryimage\"},\"thumbnailUrl\":\"https:\\\/\\\/www.copealcoy.es\\\/wp-content\\\/uploads\\\/2017\\\/02\\\/170228-contenidors-roba-usada.jpg\",\"datePublished\":\"2017-02-28T15:55:42+00:00\",\"dateModified\":\"2017-02-28T15:58:20+00:00\",\"author\":{\"@id\":\"https:\\\/\\\/www.copealcoy.es\\\/es\\\/#\\\/schema\\\/person\\\/e777c87fa024e57d40170af9df39882c\"},\"breadcrumb\":{\"@id\":\"https:\\\/\\\/www.copealcoy.es\\\/es\\\/cocentaina-recogio-25-toneladas-de-ropa-y-calzado-durante-2016\\\/#breadcrumb\"},\"inLanguage\":\"es\",\"potentialAction\":[{\"@type\":\"ReadAction\",\"target\":[\"https:\\\/\\\/www.copealcoy.es\\\/es\\\/cocentaina-recogio-25-toneladas-de-ropa-y-calzado-durante-2016\\\/\"]}]},{\"@type\":\"ImageObject\",\"inLanguage\":\"es\",\"@id\":\"https:\\\/\\\/www.copealcoy.es\\\/es\\\/cocentaina-recogio-25-toneladas-de-ropa-y-calzado-durante-2016\\\/#primaryimage\",\"url\":\"https:\\\/\\\/www.copealcoy.es\\\/wp-content\\\/uploads\\\/2017\\\/02\\\/170228-contenidors-roba-usada.jpg\",\"contentUrl\":\"https:\\\/\\\/www.copealcoy.es\\\/wp-content\\\/uploads\\\/2017\\\/02\\\/170228-contenidors-roba-usada.jpg\",\"width\":2048,\"height\":1536,\"caption\":\"Uno de los contenedores instalados en Cocentaina \\\/ Foto: Ajuntament de Cocentaina\"},{\"@type\":\"BreadcrumbList\",\"@id\":\"https:\\\/\\\/www.copealcoy.es\\\/es\\\/cocentaina-recogio-25-toneladas-de-ropa-y-calzado-durante-2016\\\/#breadcrumb\",\"itemListElement\":[{\"@type\":\"ListItem\",\"position\":1,\"name\":\"Portada\",\"item\":\"https:\\\/\\\/www.copealcoy.es\\\/es\\\/\"},{\"@type\":\"ListItem\",\"position\":2,\"name\":\"Cocentaina recogi\u00f3 2\u00b45 toneladas de ropa y calzado durante 2016\"}]},{\"@type\":\"WebSite\",\"@id\":\"https:\\\/\\\/www.copealcoy.es\\\/es\\\/#website\",\"url\":\"https:\\\/\\\/www.copealcoy.es\\\/es\\\/\",\"name\":\"COPE Alcoy\",\"description\":\"Emisora COPE de radio local con emisi\u00f3n online. Pont de Sant Jordi 8-10 03803 Alcoy\",\"potentialAction\":[{\"@type\":\"SearchAction\",\"target\":{\"@type\":\"EntryPoint\",\"urlTemplate\":\"https:\\\/\\\/www.copealcoy.es\\\/es\\\/?s={search_term_string}\"},\"query-input\":{\"@type\":\"PropertyValueSpecification\",\"valueRequired\":true,\"valueName\":\"search_term_string\"}}],\"inLanguage\":\"es\"},{\"@type\":\"Person\",\"@id\":\"https:\\\/\\\/www.copealcoy.es\\\/es\\\/#\\\/schema\\\/person\\\/e777c87fa024e57d40170af9df39882c\",\"name\":\"Cope Alcoy\",\"image\":{\"@type\":\"ImageObject\",\"inLanguage\":\"es\",\"@id\":\"https:\\\/\\\/secure.gravatar.com\\\/avatar\\\/bb65d0283347e303893ba14f0692005417c1e0e690a325a4c5d8bb2b3943ee14?s=96&d=mm&r=g\",\"url\":\"https:\\\/\\\/secure.gravatar.com\\\/avatar\\\/bb65d0283347e303893ba14f0692005417c1e0e690a325a4c5d8bb2b3943ee14?s=96&d=mm&r=g\",\"contentUrl\":\"https:\\\/\\\/secure.gravatar.com\\\/avatar\\\/bb65d0283347e303893ba14f0692005417c1e0e690a325a4c5d8bb2b3943ee14?s=96&d=mm&r=g\",\"caption\":\"Cope Alcoy\"}}]}<\/script>\n<!-- \/ Yoast SEO plugin. -->","yoast_head_json":{"title":"Cocentaina recogi\u00f3 2\u00b45 toneladas de ropa y calzado durante 2016 - COPE Alcoy","robots":{"index":"index","follow":"follow","max-snippet":"max-snippet:-1","max-image-preview":"max-image-preview:large","max-video-preview":"max-video-preview:-1"},"canonical":"https:\/\/www.copealcoy.es\/es\/cocentaina-recogio-25-toneladas-de-ropa-y-calzado-durante-2016\/","og_locale":"es_ES","og_type":"article","og_title":"Cocentaina recogi\u00f3 2\u00b45 toneladas de ropa y calzado durante 2016 - COPE Alcoy","og_description":"Cocentaina, a trav\u00e9s de las empresas Arropa Valencia y Koopera, recogi\u00f3 durante el pasado a\u00f1o 2016 un total de 2.560...","og_url":"https:\/\/www.copealcoy.es\/es\/cocentaina-recogio-25-toneladas-de-ropa-y-calzado-durante-2016\/","og_site_name":"COPE Alcoy","article_published_time":"2017-02-28T15:55:42+00:00","article_modified_time":"2017-02-28T15:58:20+00:00","og_image":[{"width":2048,"height":1536,"url":"https:\/\/www.copealcoy.es\/wp-content\/uploads\/2017\/02\/170228-contenidors-roba-usada.jpg","type":"image\/jpeg"}],"author":"Cope Alcoy","twitter_misc":{"Escrito por":"Cope Alcoy","Tiempo de lectura":"1 minuto"},"schema":{"@context":"https:\/\/schema.org","@graph":[{"@type":"Article","@id":"https:\/\/www.copealcoy.es\/es\/cocentaina-recogio-25-toneladas-de-ropa-y-calzado-durante-2016\/#article","isPartOf":{"@id":"https:\/\/www.copealcoy.es\/es\/cocentaina-recogio-25-toneladas-de-ropa-y-calzado-durante-2016\/"},"author":{"name":"Cope Alcoy","@id":"https:\/\/www.copealcoy.es\/es\/#\/schema\/person\/e777c87fa024e57d40170af9df39882c"},"headline":"Cocentaina recogi\u00f3 2\u00b45 toneladas de ropa y calzado durante 2016","datePublished":"2017-02-28T15:55:42+00:00","dateModified":"2017-02-28T15:58:20+00:00","mainEntityOfPage":{"@id":"https:\/\/www.copealcoy.es\/es\/cocentaina-recogio-25-toneladas-de-ropa-y-calzado-durante-2016\/"},"wordCount":182,"commentCount":0,"image":{"@id":"https:\/\/www.copealcoy.es\/es\/cocentaina-recogio-25-toneladas-de-ropa-y-calzado-durante-2016\/#primaryimage"},"thumbnailUrl":"https:\/\/www.copealcoy.es\/wp-content\/uploads\/2017\/02\/170228-contenidors-roba-usada.jpg","keywords":["2'5 toneladas","calzado","C\u00e1ritas","Cocentaina","contenedores","ropa"],"articleSection":["Comarcas","Noticias"],"inLanguage":"es"},{"@type":"WebPage","@id":"https:\/\/www.copealcoy.es\/es\/cocentaina-recogio-25-toneladas-de-ropa-y-calzado-durante-2016\/","url":"https:\/\/www.copealcoy.es\/es\/cocentaina-recogio-25-toneladas-de-ropa-y-calzado-durante-2016\/","name":"Cocentaina recogi\u00f3 2\u00b45 toneladas de ropa y calzado durante 2016 - COPE Alcoy","isPartOf":{"@id":"https:\/\/www.copealcoy.es\/es\/#website"},"primaryImageOfPage":{"@id":"https:\/\/www.copealcoy.es\/es\/cocentaina-recogio-25-toneladas-de-ropa-y-calzado-durante-2016\/#primaryimage"},"image":{"@id":"https:\/\/www.copealcoy.es\/es\/cocentaina-recogio-25-toneladas-de-ropa-y-calzado-durante-2016\/#primaryimage"},"thumbnailUrl":"https:\/\/www.copealcoy.es\/wp-content\/uploads\/2017\/02\/170228-contenidors-roba-usada.jpg","datePublished":"2017-02-28T15:55:42+00:00","dateModified":"2017-02-28T15:58:20+00:00","author":{"@id":"https:\/\/www.copealcoy.es\/es\/#\/schema\/person\/e777c87fa024e57d40170af9df39882c"},"breadcrumb":{"@id":"https:\/\/www.copealcoy.es\/es\/cocentaina-recogio-25-toneladas-de-ropa-y-calzado-durante-2016\/#breadcrumb"},"inLanguage":"es","potentialAction":[{"@type":"ReadAction","target":["https:\/\/www.copealcoy.es\/es\/cocentaina-recogio-25-toneladas-de-ropa-y-calzado-durante-2016\/"]}]},{"@type":"ImageObject","inLanguage":"es","@id":"https:\/\/www.copealcoy.es\/es\/cocentaina-recogio-25-toneladas-de-ropa-y-calzado-durante-2016\/#primaryimage","url":"https:\/\/www.copealcoy.es\/wp-content\/uploads\/2017\/02\/170228-contenidors-roba-usada.jpg","contentUrl":"https:\/\/www.copealcoy.es\/wp-content\/uploads\/2017\/02\/170228-contenidors-roba-usada.jpg","width":2048,"height":1536,"caption":"Uno de los contenedores instalados en Cocentaina \/ Foto: Ajuntament de Cocentaina"},{"@type":"BreadcrumbList","@id":"https:\/\/www.copealcoy.es\/es\/cocentaina-recogio-25-toneladas-de-ropa-y-calzado-durante-2016\/#breadcrumb","itemListElement":[{"@type":"ListItem","position":1,"name":"Portada","item":"https:\/\/www.copealcoy.es\/es\/"},{"@type":"ListItem","position":2,"name":"Cocentaina recogi\u00f3 2\u00b45 toneladas de ropa y calzado durante 2016"}]},{"@type":"WebSite","@id":"https:\/\/www.copealcoy.es\/es\/#website","url":"https:\/\/www.copealcoy.es\/es\/","name":"COPE Alcoy","description":"Emisora COPE de radio local con emisi\u00f3n online. Pont de Sant Jordi 8-10 03803 Alcoy","potentialAction":[{"@type":"SearchAction","target":{"@type":"EntryPoint","urlTemplate":"https:\/\/www.copealcoy.es\/es\/?s={search_term_string}"},"query-input":{"@type":"PropertyValueSpecification","valueRequired":true,"valueName":"search_term_string"}}],"inLanguage":"es"},{"@type":"Person","@id":"https:\/\/www.copealcoy.es\/es\/#\/schema\/person\/e777c87fa024e57d40170af9df39882c","name":"Cope Alcoy","image":{"@type":"ImageObject","inLanguage":"es","@id":"https:\/\/secure.gravatar.com\/avatar\/bb65d0283347e303893ba14f0692005417c1e0e690a325a4c5d8bb2b3943ee14?s=96&d=mm&r=g","url":"https:\/\/secure.gravatar.com\/avatar\/bb65d0283347e303893ba14f0692005417c1e0e690a325a4c5d8bb2b3943ee14?s=96&d=mm&r=g","contentUrl":"https:\/\/secure.gravatar.com\/avatar\/bb65d0283347e303893ba14f0692005417c1e0e690a325a4c5d8bb2b3943ee14?s=96&d=mm&r=g","caption":"Cope Alcoy"}}]}},"_links":{"self":[{"href":"https:\/\/www.copealcoy.es\/es\/wp-json\/wp\/v2\/posts\/29285","targetHints":{"allow":["GET"]}}],"collection":[{"href":"https:\/\/www.copealcoy.es\/es\/wp-json\/wp\/v2\/posts"}],"about":[{"href":"https:\/\/www.copealcoy.es\/es\/wp-json\/wp\/v2\/types\/post"}],"author":[{"embeddable":true,"href":"https:\/\/www.copealcoy.es\/es\/wp-json\/wp\/v2\/users\/1"}],"replies":[{"embeddable":true,"href":"https:\/\/www.copealcoy.es\/es\/wp-json\/wp\/v2\/comments?post=29285"}],"version-history":[{"count":0,"href":"https:\/\/www.copealcoy.es\/es\/wp-json\/wp\/v2\/posts\/29285\/revisions"}],"wp:featuredmedia":[{"embeddable":true,"href":"https:\/\/www.copealcoy.es\/es\/wp-json\/wp\/v2\/media\/29286"}],"wp:attachment":[{"href":"https:\/\/www.copealcoy.es\/es\/wp-json\/wp\/v2\/media?parent=29285"}],"wp:term":[{"taxonomy":"category","embeddable":true,"href":"https:\/\/www.copealcoy.es\/es\/wp-json\/wp\/v2\/categories?post=29285"},{"taxonomy":"post_tag","embeddable":true,"href":"https:\/\/www.copealcoy.es\/es\/wp-json\/wp\/v2\/tags?post=29285"}],"curies":[{"name":"wp","href":"https:\/\/api.w.org\/{rel}","templated":true}]}}