{"id":29211,"date":"2017-02-24T19:37:21","date_gmt":"2017-02-24T19:37:21","guid":{"rendered":"http:\/\/copealcoi.es\/new\/?p=29211"},"modified":"2017-02-25T10:38:06","modified_gmt":"2017-02-25T10:38:06","slug":"supremo-ratifica-alcoinnova-no-vulnera-las-competencias-urbanisticas-municipales","status":"publish","type":"post","link":"https:\/\/www.copealcoy.es\/es\/supremo-ratifica-alcoinnova-no-vulnera-las-competencias-urbanisticas-municipales\/","title":{"rendered":"El Supremo ratifica que Alcoinnova no vulnera las competencias municipales"},"content":{"rendered":"<p style=\"text-align: justify;\">El Tribunal Supremo <strong>ha rechazado el recurso<\/strong> que <strong><span style=\"color: #0000ff;\"><a style=\"color: #0000ff;\" href=\"https:\/\/www.copealcoy.es\/el-ayuntamiento-de-alcoy-recurrira-la-sentencia-de-alcoinnova\/\">en su momento present\u00f3 el Ayuntamiento<\/a><\/span><\/strong> de Alcoy <strong>contra la sentencia del TSJ <a href=\"https:\/\/www.copealcoy.es\/el-tsj-deja-sin-competencias-al-ayuntamiento-sobre-alcoinnova\/\"><span style=\"color: #0000ff;\">que avalaba el proyecto Alcoinnova en La Canal<\/span><\/a><\/strong> y en la que <strong>tambi\u00e9n se ratificaba<\/strong> que en la Actuaci\u00f3n Territorial Estrat\u00e9gica <strong>no se hab\u00edan\u00a0vulnerado competencias urban\u00edsticas<\/strong> municipales por parte de la Generalitat Valenciana.<\/p>\n<p style=\"text-align: justify;\">Esta nueva resoluci\u00f3n judicial incide en que el mismo Gobierno Auton\u00f3mico <strong>es el responsable de la planificaci\u00f3n urban\u00edstic<\/strong>a para facilitar este proyecto empresarial y destaca que la citada ordenaci\u00f3n territorial <strong>tiene que estar subordinada<\/strong> a la satisfacci\u00f3n de las necesidades sociales y de inter\u00e9s p\u00fablico <em>&#8220;con ausencia de cualquier tipo de arbitrariedad en la soluci\u00f3n de la problem\u00e1tica urban\u00edstica planteada dentro de una realidad social determinada&#8221;<\/em>, menciona el texto.<\/p>\n<p style=\"text-align: justify;\">El Supremo tambi\u00e9n demuestra que e<strong>l proyecto de La Espa\u00f1ola en La Canal encaja perfectamente con la estructura de las ATE<\/strong> porque <em>&#8220;propone una implantaci\u00f3n industrial con elevado contenido tecnol\u00f3gico e innovador en un entorno comarcal caracterizado por su especializaci\u00f3n en el sector industrial y la presencia de una elevada tasa de emprendedores, localiz\u00e1ndose la actuaci\u00f3n en uno de los ejes estrat\u00e9gicos de la Comunidad como es el corredor de la A-7, aprovechando todos sus componentes de excelencia territorial para generar unas tasas elevadas de renta y empleo&#8221;<\/em>, seg\u00fan reza el documento judicial.<\/p>\n<p style=\"text-align: justify;\">En el mismo tambi\u00e9n se\u00a0refleja que<strong> la postura\u00a0adoptada por el Ayuntamiento ha sido contradictoria<\/strong> ya que en un primer momento mostr\u00f3 inter\u00e9s bajo en participar en\u00a0el proyecto empresarial y despu\u00e9s reivindic\u00f3 que\u00a0la sentencia no dio respuesta a algunos de sus argumentos.<\/p>\n<p style=\"text-align: justify;\">Por \u00faltimo significar que una vez rechazado el recurso, <strong>el Consistorio alcoyano tendr\u00e1 que pagar los costes<\/strong> tanto a La Espa\u00f1ola como a la Generalitat.<\/p>\n","protected":false},"excerpt":{"rendered":"<p>El Tribunal Supremo ha rechazado el recurso que en su momento present\u00f3 el Ayuntamiento de Alcoy contra la sentencia del&#8230;<\/p>\n","protected":false},"author":1,"featured_media":9340,"comment_status":"open","ping_status":"open","sticky":false,"template":"","format":"standard","meta":{"footnotes":""},"categories":[97,75,79,125],"tags":[478,1494,757,1963,3760],"class_list":["post-29211","post","type-post","status-publish","format-standard","has-post-thumbnail","hentry","category-alcoy","category-noticias","category-politicayeconomia","category-portada","tag-alcoinnova","tag-alcoy","tag-ate","tag-la-canal","tag-tribunal-supremo"],"yoast_head":"<!-- This site is optimized with the Yoast SEO plugin v27.3 - https:\/\/yoast.com\/product\/yoast-seo-wordpress\/ -->\n<title>El Supremo ratifica que Alcoinnova no vulnera las competencias municipales - COPE Alcoy<\/title>\n<meta name=\"robots\" content=\"index, follow, max-snippet:-1, max-image-preview:large, max-video-preview:-1\" \/>\n<link rel=\"canonical\" href=\"https:\/\/www.copealcoy.es\/es\/supremo-ratifica-alcoinnova-no-vulnera-las-competencias-urbanisticas-municipales\/\" \/>\n<meta property=\"og:locale\" content=\"es_ES\" \/>\n<meta property=\"og:type\" content=\"article\" \/>\n<meta property=\"og:title\" content=\"El Supremo ratifica que Alcoinnova no vulnera las competencias municipales - COPE Alcoy\" \/>\n<meta property=\"og:description\" content=\"El Tribunal Supremo ha rechazado el recurso que en su momento present\u00f3 el Ayuntamiento de Alcoy contra la sentencia del...\" \/>\n<meta property=\"og:url\" content=\"https:\/\/www.copealcoy.es\/es\/supremo-ratifica-alcoinnova-no-vulnera-las-competencias-urbanisticas-municipales\/\" \/>\n<meta property=\"og:site_name\" content=\"COPE Alcoy\" \/>\n<meta property=\"article:published_time\" content=\"2017-02-24T19:37:21+00:00\" \/>\n<meta property=\"article:modified_time\" content=\"2017-02-25T10:38:06+00:00\" \/>\n<meta property=\"og:image\" content=\"https:\/\/www.copealcoy.es\/wp-content\/uploads\/2014\/12\/image142.jpg\" \/>\n\t<meta property=\"og:image:width\" content=\"3960\" \/>\n\t<meta property=\"og:image:height\" content=\"2465\" \/>\n\t<meta property=\"og:image:type\" content=\"image\/jpeg\" \/>\n<meta name=\"author\" content=\"Cope Alcoy\" \/>\n<meta name=\"twitter:label1\" content=\"Escrito por\" \/>\n\t<meta name=\"twitter:data1\" content=\"Cope Alcoy\" \/>\n\t<meta name=\"twitter:label2\" content=\"Tiempo de lectura\" \/>\n\t<meta name=\"twitter:data2\" content=\"2 minutos\" \/>\n<script type=\"application\/ld+json\" class=\"yoast-schema-graph\">{\"@context\":\"https:\\\/\\\/schema.org\",\"@graph\":[{\"@type\":\"Article\",\"@id\":\"https:\\\/\\\/www.copealcoy.es\\\/es\\\/supremo-ratifica-alcoinnova-no-vulnera-las-competencias-urbanisticas-municipales\\\/#article\",\"isPartOf\":{\"@id\":\"https:\\\/\\\/www.copealcoy.es\\\/es\\\/supremo-ratifica-alcoinnova-no-vulnera-las-competencias-urbanisticas-municipales\\\/\"},\"author\":{\"name\":\"Cope Alcoy\",\"@id\":\"https:\\\/\\\/www.copealcoy.es\\\/es\\\/#\\\/schema\\\/person\\\/e777c87fa024e57d40170af9df39882c\"},\"headline\":\"El Supremo ratifica que Alcoinnova no vulnera las competencias municipales\",\"datePublished\":\"2017-02-24T19:37:21+00:00\",\"dateModified\":\"2017-02-25T10:38:06+00:00\",\"mainEntityOfPage\":{\"@id\":\"https:\\\/\\\/www.copealcoy.es\\\/es\\\/supremo-ratifica-alcoinnova-no-vulnera-las-competencias-urbanisticas-municipales\\\/\"},\"wordCount\":326,\"commentCount\":0,\"image\":{\"@id\":\"https:\\\/\\\/www.copealcoy.es\\\/es\\\/supremo-ratifica-alcoinnova-no-vulnera-las-competencias-urbanisticas-municipales\\\/#primaryimage\"},\"thumbnailUrl\":\"https:\\\/\\\/www.copealcoy.es\\\/wp-content\\\/uploads\\\/2014\\\/12\\\/image142.jpg\",\"keywords\":[\"Alcoinnova\",\"Alcoy\",\"ATE\",\"La Canal\",\"Tribunal Supremo\"],\"articleSection\":[\"Alcoy\",\"Noticias\",\"Pol\u00edtica y Econom\u00eda\",\"Portada\"],\"inLanguage\":\"es\"},{\"@type\":\"WebPage\",\"@id\":\"https:\\\/\\\/www.copealcoy.es\\\/es\\\/supremo-ratifica-alcoinnova-no-vulnera-las-competencias-urbanisticas-municipales\\\/\",\"url\":\"https:\\\/\\\/www.copealcoy.es\\\/es\\\/supremo-ratifica-alcoinnova-no-vulnera-las-competencias-urbanisticas-municipales\\\/\",\"name\":\"El Supremo ratifica que Alcoinnova no vulnera las competencias municipales - COPE Alcoy\",\"isPartOf\":{\"@id\":\"https:\\\/\\\/www.copealcoy.es\\\/es\\\/#website\"},\"primaryImageOfPage\":{\"@id\":\"https:\\\/\\\/www.copealcoy.es\\\/es\\\/supremo-ratifica-alcoinnova-no-vulnera-las-competencias-urbanisticas-municipales\\\/#primaryimage\"},\"image\":{\"@id\":\"https:\\\/\\\/www.copealcoy.es\\\/es\\\/supremo-ratifica-alcoinnova-no-vulnera-las-competencias-urbanisticas-municipales\\\/#primaryimage\"},\"thumbnailUrl\":\"https:\\\/\\\/www.copealcoy.es\\\/wp-content\\\/uploads\\\/2014\\\/12\\\/image142.jpg\",\"datePublished\":\"2017-02-24T19:37:21+00:00\",\"dateModified\":\"2017-02-25T10:38:06+00:00\",\"author\":{\"@id\":\"https:\\\/\\\/www.copealcoy.es\\\/es\\\/#\\\/schema\\\/person\\\/e777c87fa024e57d40170af9df39882c\"},\"breadcrumb\":{\"@id\":\"https:\\\/\\\/www.copealcoy.es\\\/es\\\/supremo-ratifica-alcoinnova-no-vulnera-las-competencias-urbanisticas-municipales\\\/#breadcrumb\"},\"inLanguage\":\"es\",\"potentialAction\":[{\"@type\":\"ReadAction\",\"target\":[\"https:\\\/\\\/www.copealcoy.es\\\/es\\\/supremo-ratifica-alcoinnova-no-vulnera-las-competencias-urbanisticas-municipales\\\/\"]}]},{\"@type\":\"ImageObject\",\"inLanguage\":\"es\",\"@id\":\"https:\\\/\\\/www.copealcoy.es\\\/es\\\/supremo-ratifica-alcoinnova-no-vulnera-las-competencias-urbanisticas-municipales\\\/#primaryimage\",\"url\":\"https:\\\/\\\/www.copealcoy.es\\\/wp-content\\\/uploads\\\/2014\\\/12\\\/image142.jpg\",\"contentUrl\":\"https:\\\/\\\/www.copealcoy.es\\\/wp-content\\\/uploads\\\/2014\\\/12\\\/image142.jpg\",\"width\":1735,\"height\":1080,\"caption\":\"\u00c1rea del parque empresarial Alcoinnova\"},{\"@type\":\"BreadcrumbList\",\"@id\":\"https:\\\/\\\/www.copealcoy.es\\\/es\\\/supremo-ratifica-alcoinnova-no-vulnera-las-competencias-urbanisticas-municipales\\\/#breadcrumb\",\"itemListElement\":[{\"@type\":\"ListItem\",\"position\":1,\"name\":\"Portada\",\"item\":\"https:\\\/\\\/www.copealcoy.es\\\/es\\\/\"},{\"@type\":\"ListItem\",\"position\":2,\"name\":\"El Supremo ratifica que Alcoinnova no vulnera las competencias municipales\"}]},{\"@type\":\"WebSite\",\"@id\":\"https:\\\/\\\/www.copealcoy.es\\\/es\\\/#website\",\"url\":\"https:\\\/\\\/www.copealcoy.es\\\/es\\\/\",\"name\":\"COPE Alcoy\",\"description\":\"Emisora COPE de radio local con emisi\u00f3n online. Pont de Sant Jordi 8-10 03803 Alcoy\",\"potentialAction\":[{\"@type\":\"SearchAction\",\"target\":{\"@type\":\"EntryPoint\",\"urlTemplate\":\"https:\\\/\\\/www.copealcoy.es\\\/es\\\/?s={search_term_string}\"},\"query-input\":{\"@type\":\"PropertyValueSpecification\",\"valueRequired\":true,\"valueName\":\"search_term_string\"}}],\"inLanguage\":\"es\"},{\"@type\":\"Person\",\"@id\":\"https:\\\/\\\/www.copealcoy.es\\\/es\\\/#\\\/schema\\\/person\\\/e777c87fa024e57d40170af9df39882c\",\"name\":\"Cope Alcoy\",\"image\":{\"@type\":\"ImageObject\",\"inLanguage\":\"es\",\"@id\":\"https:\\\/\\\/secure.gravatar.com\\\/avatar\\\/bb65d0283347e303893ba14f0692005417c1e0e690a325a4c5d8bb2b3943ee14?s=96&d=mm&r=g\",\"url\":\"https:\\\/\\\/secure.gravatar.com\\\/avatar\\\/bb65d0283347e303893ba14f0692005417c1e0e690a325a4c5d8bb2b3943ee14?s=96&d=mm&r=g\",\"contentUrl\":\"https:\\\/\\\/secure.gravatar.com\\\/avatar\\\/bb65d0283347e303893ba14f0692005417c1e0e690a325a4c5d8bb2b3943ee14?s=96&d=mm&r=g\",\"caption\":\"Cope Alcoy\"}}]}<\/script>\n<!-- \/ Yoast SEO plugin. -->","yoast_head_json":{"title":"El Supremo ratifica que Alcoinnova no vulnera las competencias municipales - COPE Alcoy","robots":{"index":"index","follow":"follow","max-snippet":"max-snippet:-1","max-image-preview":"max-image-preview:large","max-video-preview":"max-video-preview:-1"},"canonical":"https:\/\/www.copealcoy.es\/es\/supremo-ratifica-alcoinnova-no-vulnera-las-competencias-urbanisticas-municipales\/","og_locale":"es_ES","og_type":"article","og_title":"El Supremo ratifica que Alcoinnova no vulnera las competencias municipales - COPE Alcoy","og_description":"El Tribunal Supremo ha rechazado el recurso que en su momento present\u00f3 el Ayuntamiento de Alcoy contra la sentencia del...","og_url":"https:\/\/www.copealcoy.es\/es\/supremo-ratifica-alcoinnova-no-vulnera-las-competencias-urbanisticas-municipales\/","og_site_name":"COPE Alcoy","article_published_time":"2017-02-24T19:37:21+00:00","article_modified_time":"2017-02-25T10:38:06+00:00","og_image":[{"width":3960,"height":2465,"url":"https:\/\/www.copealcoy.es\/wp-content\/uploads\/2014\/12\/image142.jpg","type":"image\/jpeg"}],"author":"Cope Alcoy","twitter_misc":{"Escrito por":"Cope Alcoy","Tiempo de lectura":"2 minutos"},"schema":{"@context":"https:\/\/schema.org","@graph":[{"@type":"Article","@id":"https:\/\/www.copealcoy.es\/es\/supremo-ratifica-alcoinnova-no-vulnera-las-competencias-urbanisticas-municipales\/#article","isPartOf":{"@id":"https:\/\/www.copealcoy.es\/es\/supremo-ratifica-alcoinnova-no-vulnera-las-competencias-urbanisticas-municipales\/"},"author":{"name":"Cope Alcoy","@id":"https:\/\/www.copealcoy.es\/es\/#\/schema\/person\/e777c87fa024e57d40170af9df39882c"},"headline":"El Supremo ratifica que Alcoinnova no vulnera las competencias municipales","datePublished":"2017-02-24T19:37:21+00:00","dateModified":"2017-02-25T10:38:06+00:00","mainEntityOfPage":{"@id":"https:\/\/www.copealcoy.es\/es\/supremo-ratifica-alcoinnova-no-vulnera-las-competencias-urbanisticas-municipales\/"},"wordCount":326,"commentCount":0,"image":{"@id":"https:\/\/www.copealcoy.es\/es\/supremo-ratifica-alcoinnova-no-vulnera-las-competencias-urbanisticas-municipales\/#primaryimage"},"thumbnailUrl":"https:\/\/www.copealcoy.es\/wp-content\/uploads\/2014\/12\/image142.jpg","keywords":["Alcoinnova","Alcoy","ATE","La Canal","Tribunal Supremo"],"articleSection":["Alcoy","Noticias","Pol\u00edtica y Econom\u00eda","Portada"],"inLanguage":"es"},{"@type":"WebPage","@id":"https:\/\/www.copealcoy.es\/es\/supremo-ratifica-alcoinnova-no-vulnera-las-competencias-urbanisticas-municipales\/","url":"https:\/\/www.copealcoy.es\/es\/supremo-ratifica-alcoinnova-no-vulnera-las-competencias-urbanisticas-municipales\/","name":"El Supremo ratifica que Alcoinnova no vulnera las competencias municipales - COPE Alcoy","isPartOf":{"@id":"https:\/\/www.copealcoy.es\/es\/#website"},"primaryImageOfPage":{"@id":"https:\/\/www.copealcoy.es\/es\/supremo-ratifica-alcoinnova-no-vulnera-las-competencias-urbanisticas-municipales\/#primaryimage"},"image":{"@id":"https:\/\/www.copealcoy.es\/es\/supremo-ratifica-alcoinnova-no-vulnera-las-competencias-urbanisticas-municipales\/#primaryimage"},"thumbnailUrl":"https:\/\/www.copealcoy.es\/wp-content\/uploads\/2014\/12\/image142.jpg","datePublished":"2017-02-24T19:37:21+00:00","dateModified":"2017-02-25T10:38:06+00:00","author":{"@id":"https:\/\/www.copealcoy.es\/es\/#\/schema\/person\/e777c87fa024e57d40170af9df39882c"},"breadcrumb":{"@id":"https:\/\/www.copealcoy.es\/es\/supremo-ratifica-alcoinnova-no-vulnera-las-competencias-urbanisticas-municipales\/#breadcrumb"},"inLanguage":"es","potentialAction":[{"@type":"ReadAction","target":["https:\/\/www.copealcoy.es\/es\/supremo-ratifica-alcoinnova-no-vulnera-las-competencias-urbanisticas-municipales\/"]}]},{"@type":"ImageObject","inLanguage":"es","@id":"https:\/\/www.copealcoy.es\/es\/supremo-ratifica-alcoinnova-no-vulnera-las-competencias-urbanisticas-municipales\/#primaryimage","url":"https:\/\/www.copealcoy.es\/wp-content\/uploads\/2014\/12\/image142.jpg","contentUrl":"https:\/\/www.copealcoy.es\/wp-content\/uploads\/2014\/12\/image142.jpg","width":1735,"height":1080,"caption":"\u00c1rea del parque empresarial Alcoinnova"},{"@type":"BreadcrumbList","@id":"https:\/\/www.copealcoy.es\/es\/supremo-ratifica-alcoinnova-no-vulnera-las-competencias-urbanisticas-municipales\/#breadcrumb","itemListElement":[{"@type":"ListItem","position":1,"name":"Portada","item":"https:\/\/www.copealcoy.es\/es\/"},{"@type":"ListItem","position":2,"name":"El Supremo ratifica que Alcoinnova no vulnera las competencias municipales"}]},{"@type":"WebSite","@id":"https:\/\/www.copealcoy.es\/es\/#website","url":"https:\/\/www.copealcoy.es\/es\/","name":"COPE Alcoy","description":"Emisora COPE de radio local con emisi\u00f3n online. Pont de Sant Jordi 8-10 03803 Alcoy","potentialAction":[{"@type":"SearchAction","target":{"@type":"EntryPoint","urlTemplate":"https:\/\/www.copealcoy.es\/es\/?s={search_term_string}"},"query-input":{"@type":"PropertyValueSpecification","valueRequired":true,"valueName":"search_term_string"}}],"inLanguage":"es"},{"@type":"Person","@id":"https:\/\/www.copealcoy.es\/es\/#\/schema\/person\/e777c87fa024e57d40170af9df39882c","name":"Cope Alcoy","image":{"@type":"ImageObject","inLanguage":"es","@id":"https:\/\/secure.gravatar.com\/avatar\/bb65d0283347e303893ba14f0692005417c1e0e690a325a4c5d8bb2b3943ee14?s=96&d=mm&r=g","url":"https:\/\/secure.gravatar.com\/avatar\/bb65d0283347e303893ba14f0692005417c1e0e690a325a4c5d8bb2b3943ee14?s=96&d=mm&r=g","contentUrl":"https:\/\/secure.gravatar.com\/avatar\/bb65d0283347e303893ba14f0692005417c1e0e690a325a4c5d8bb2b3943ee14?s=96&d=mm&r=g","caption":"Cope Alcoy"}}]}},"_links":{"self":[{"href":"https:\/\/www.copealcoy.es\/es\/wp-json\/wp\/v2\/posts\/29211","targetHints":{"allow":["GET"]}}],"collection":[{"href":"https:\/\/www.copealcoy.es\/es\/wp-json\/wp\/v2\/posts"}],"about":[{"href":"https:\/\/www.copealcoy.es\/es\/wp-json\/wp\/v2\/types\/post"}],"author":[{"embeddable":true,"href":"https:\/\/www.copealcoy.es\/es\/wp-json\/wp\/v2\/users\/1"}],"replies":[{"embeddable":true,"href":"https:\/\/www.copealcoy.es\/es\/wp-json\/wp\/v2\/comments?post=29211"}],"version-history":[{"count":0,"href":"https:\/\/www.copealcoy.es\/es\/wp-json\/wp\/v2\/posts\/29211\/revisions"}],"wp:featuredmedia":[{"embeddable":true,"href":"https:\/\/www.copealcoy.es\/es\/wp-json\/wp\/v2\/media\/9340"}],"wp:attachment":[{"href":"https:\/\/www.copealcoy.es\/es\/wp-json\/wp\/v2\/media?parent=29211"}],"wp:term":[{"taxonomy":"category","embeddable":true,"href":"https:\/\/www.copealcoy.es\/es\/wp-json\/wp\/v2\/categories?post=29211"},{"taxonomy":"post_tag","embeddable":true,"href":"https:\/\/www.copealcoy.es\/es\/wp-json\/wp\/v2\/tags?post=29211"}],"curies":[{"name":"wp","href":"https:\/\/api.w.org\/{rel}","templated":true}]}}