{"id":29158,"date":"2017-02-23T22:31:46","date_gmt":"2017-02-23T22:31:46","guid":{"rendered":"http:\/\/copealcoi.es\/new\/?p=29158"},"modified":"2017-02-24T10:42:22","modified_gmt":"2017-02-24T10:42:22","slug":"cocentaina-aprueba-un-presupuesto-que-supera-los-diez-millones-de-euros","status":"publish","type":"post","link":"https:\/\/www.copealcoy.es\/es\/cocentaina-aprueba-un-presupuesto-que-supera-los-diez-millones-de-euros\/","title":{"rendered":"Cocentaina aprueba un presupuesto que supera los diez millones de euros"},"content":{"rendered":"<p style=\"text-align: justify;\">El pleno del Ayuntamiento de Cocentaina ha aprobado este jueves <strong>los Presupuestos Municipales para este a\u00f1o 2017<\/strong> que superan <strong>los diez millones de euros<\/strong>. En esta ocasi\u00f3n las cuentas locales han salido adelante con el <strong>voto favorable del PSOE, Col\u00b7lectiu 03820-Comprom\u00eds, Guanyar Cocentaina y Ciudadanos<\/strong> mientras que <strong>el PP vot\u00f3 en contra<\/strong>.<\/p>\n<p style=\"text-align: justify;\">El concejal de Hacienda, <strong>Marcos Castell\u00f3<\/strong>, inform\u00f3 que el presupuesto se centra en las <strong>pol\u00edticas sociales<\/strong> y <strong>se incrementa un 0&#8217;72% con respecto al a\u00f1o anterior<\/strong> al igual que apunt\u00f3 que este apuesta por la <strong>Promoci\u00f3n Econ\u00f3mica<\/strong> con un aumento de 17.000 euros en esta partida de los cuales 12.000, ir\u00e1n a parar al <strong>Plan de Acci\u00f3n Comercial<\/strong> iniciado en 2016. Castell\u00f3 indic\u00f3 tambi\u00e9n que <strong>el Ayuntamiento goza de una buena salud financiera<\/strong> <em>&#8220;la deuda que tiene actualmente el Consistorio es del 15%, cuando el l\u00edmite permitido por el Ministerio es del 75% sin autorizaci\u00f3n y del 110% con autorizaci\u00f3n. Esta se reducir\u00e1 en 325.000 euros durante este a\u00f1o cuando se contabilicen las aportaciones de la Conselleria de Cultura pendientes del convenio de construcci\u00f3n de la nueva biblioteca&#8221;,\u00a0<\/em>a\u00f1adi\u00f3.<\/p>\n<p style=\"text-align: justify;\">Por su parte\u00a0<strong>Col\u00b7lectiu 03820-Comprom\u00eds justificaron su voto favorable<\/strong> argumentando que <strong>el Gobierno\u00a0Local ha\u00a0aceptado 18 de las 23 propuestas presentadas<\/strong> por la formaci\u00f3n pol\u00edtica. Entre ellas destaca la realizaci\u00f3n de <strong>un estudio econ\u00f3mico y t\u00e9cnico sobre la adecuaci\u00f3n de las calles del barrio de La Vila<\/strong> o el compromiso de buscar una ubicaci\u00f3n id\u00f3nea para instalar Radio Cocentaina,\u00a0la puesta en marcha del Plan Director del Palau, un Plan de Conservaci\u00f3n de las murallas o la <strong>mejora de los Pol\u00edgonos Industriales<\/strong> del municipio. <strong>Xavi Anduix<\/strong>, portavoz de la coalici\u00f3n, <strong>agradeci\u00f3 la predisposici\u00f3n del Equipo de Gobierno<\/strong>\u00a0para desarrollar muchas de estas iniciativas <em>&#8220;que son coherentes y no suponen un elevado gasto&#8221;<\/em>, dijo.<\/p>\n<p style=\"text-align: justify;\">Los presupuestos municipales tambi\u00e9n contaron con el voto favorable de <strong>Guanyar Cocentaina<\/strong> <em>&#8220;estamos ante un presupuesto ajustado que incluye muchos de los planteamientos que nosotros hemos lanzado&#8221;<\/em> asever\u00f3 el portavoz, <strong>Bernardo P\u00e9rez<\/strong>, y <strong>Ciudadanos<\/strong> &#8220;<em>lo m\u00e1s importante es poder cuadrar los gastos e ingresos de forma razonable&#8221;<\/em>, matiz\u00f3 en este caso el portavoz, <strong>Jos\u00e9 Lu\u00eds Vicedo<\/strong>.<\/p>\n<p style=\"text-align: justify;\">Finalmente indicar que <strong>el Partido Popular detall\u00f3 que no pod\u00eda dar respaldo a los presupuestos<\/strong>\u00a0<em>&#8220;porque no son reales y muchas de las inversiones seguro que no se van a hacer&#8221;<\/em> destac\u00f3 el portavoz, <strong>Rafael Montava<\/strong>, que al mismo tiempo\u00a0defendi\u00f3 <strong>la necesidad de crear un plan cuatrienal<\/strong> consensuado para definir las inversiones a realizar en los pr\u00f3ximos a\u00f1os.<\/p>\n<p style=\"text-align: justify;\"><b>M\u00e1s de 400.000 euros para inversiones<\/b><\/p>\n<p style=\"text-align: justify;\">Significar que los presupuestos de Cocentaina para 2017 contemplan, entre otras inversiones,\u00a0<strong>30.000 euros para la creaci\u00f3n de la pasarela de Gormaig<\/strong>, 65.000 para reparar los caminos da\u00f1ados por los \u00faltimos temporales, <strong>70.000 para adecuar la red de agua potable de las pedan\u00edas de Sant Rafael y Algars<\/strong>, 9.000 para instalar\u00a0desfibriladores\u00a0en edificios\u00a0p\u00fablicos, 20.000 para consolidar los Refugios Antia\u00e9reos ubicados dentro del patrimonio municipal \u00a0o 40.000 para mejorar los puntos de luz del Pol\u00edgono Les\u00a0Jovades. Tambi\u00e9n destaca el incremento de la subvenci\u00f3n destinada a la Sede de la Universidad de Alicante, que pasa de 4.000 a 8.000 euros, as\u00ed como la ampliaci\u00f3n de la jornada del personal del TAPIS, de 30 a 34 horas semanales,\u00a0y del personal del Centre de Respir, de 25 a 26 horas semanales.<\/p>\n","protected":false},"excerpt":{"rendered":"<p>El pleno del Ayuntamiento de Cocentaina ha aprobado este jueves los Presupuestos Municipales para este a\u00f1o 2017 que superan los&#8230;<\/p>\n","protected":false},"author":1,"featured_media":29167,"comment_status":"open","ping_status":"open","sticky":false,"template":"","format":"standard","meta":{"footnotes":""},"categories":[98,75],"tags":[132,777,1808,1572],"class_list":["post-29158","post","type-post","status-publish","format-standard","has-post-thumbnail","hentry","category-comarcas","category-noticias","tag-cocentaina","tag-collectiu-03820-compromis","tag-marcos-castello","tag-presupuestos-municipales"],"yoast_head":"<!-- This site is optimized with the Yoast SEO plugin v27.3 - https:\/\/yoast.com\/product\/yoast-seo-wordpress\/ -->\n<title>Cocentaina aprueba un presupuesto que supera los diez millones de euros - COPE Alcoy<\/title>\n<meta name=\"robots\" content=\"index, follow, max-snippet:-1, max-image-preview:large, max-video-preview:-1\" \/>\n<link rel=\"canonical\" href=\"https:\/\/www.copealcoy.es\/es\/cocentaina-aprueba-un-presupuesto-que-supera-los-diez-millones-de-euros\/\" \/>\n<meta property=\"og:locale\" content=\"es_ES\" \/>\n<meta property=\"og:type\" content=\"article\" \/>\n<meta property=\"og:title\" content=\"Cocentaina aprueba un presupuesto que supera los diez millones de euros - COPE Alcoy\" \/>\n<meta property=\"og:description\" content=\"El pleno del Ayuntamiento de Cocentaina ha aprobado este jueves los Presupuestos Municipales para este a\u00f1o 2017 que superan los...\" \/>\n<meta property=\"og:url\" content=\"https:\/\/www.copealcoy.es\/es\/cocentaina-aprueba-un-presupuesto-que-supera-los-diez-millones-de-euros\/\" \/>\n<meta property=\"og:site_name\" content=\"COPE Alcoy\" \/>\n<meta property=\"article:published_time\" content=\"2017-02-23T22:31:46+00:00\" \/>\n<meta property=\"article:modified_time\" content=\"2017-02-24T10:42:22+00:00\" \/>\n<meta property=\"og:image\" content=\"https:\/\/www.copealcoy.es\/wp-content\/uploads\/2017\/02\/IMG_7392.jpg\" \/>\n\t<meta property=\"og:image:width\" content=\"3582\" \/>\n\t<meta property=\"og:image:height\" content=\"2191\" \/>\n\t<meta property=\"og:image:type\" content=\"image\/jpeg\" \/>\n<meta name=\"author\" content=\"Cope Alcoy\" \/>\n<meta name=\"twitter:label1\" content=\"Escrito por\" \/>\n\t<meta name=\"twitter:data1\" content=\"Cope Alcoy\" \/>\n\t<meta name=\"twitter:label2\" content=\"Tiempo de lectura\" \/>\n\t<meta name=\"twitter:data2\" content=\"3 minutos\" \/>\n<script type=\"application\/ld+json\" class=\"yoast-schema-graph\">{\"@context\":\"https:\\\/\\\/schema.org\",\"@graph\":[{\"@type\":\"Article\",\"@id\":\"https:\\\/\\\/www.copealcoy.es\\\/es\\\/cocentaina-aprueba-un-presupuesto-que-supera-los-diez-millones-de-euros\\\/#article\",\"isPartOf\":{\"@id\":\"https:\\\/\\\/www.copealcoy.es\\\/es\\\/cocentaina-aprueba-un-presupuesto-que-supera-los-diez-millones-de-euros\\\/\"},\"author\":{\"name\":\"Cope Alcoy\",\"@id\":\"https:\\\/\\\/www.copealcoy.es\\\/es\\\/#\\\/schema\\\/person\\\/e777c87fa024e57d40170af9df39882c\"},\"headline\":\"Cocentaina aprueba un presupuesto que supera los diez millones de euros\",\"datePublished\":\"2017-02-23T22:31:46+00:00\",\"dateModified\":\"2017-02-24T10:42:22+00:00\",\"mainEntityOfPage\":{\"@id\":\"https:\\\/\\\/www.copealcoy.es\\\/es\\\/cocentaina-aprueba-un-presupuesto-que-supera-los-diez-millones-de-euros\\\/\"},\"wordCount\":581,\"commentCount\":0,\"image\":{\"@id\":\"https:\\\/\\\/www.copealcoy.es\\\/es\\\/cocentaina-aprueba-un-presupuesto-que-supera-los-diez-millones-de-euros\\\/#primaryimage\"},\"thumbnailUrl\":\"https:\\\/\\\/www.copealcoy.es\\\/wp-content\\\/uploads\\\/2017\\\/02\\\/IMG_7392.jpg\",\"keywords\":[\"Cocentaina\",\"Col\u00b7lectiu 03820-Comprom\u00eds\",\"Marcos Castell\u00f3\",\"Presupuestos Municipales\"],\"articleSection\":[\"Comarcas\",\"Noticias\"],\"inLanguage\":\"es\"},{\"@type\":\"WebPage\",\"@id\":\"https:\\\/\\\/www.copealcoy.es\\\/es\\\/cocentaina-aprueba-un-presupuesto-que-supera-los-diez-millones-de-euros\\\/\",\"url\":\"https:\\\/\\\/www.copealcoy.es\\\/es\\\/cocentaina-aprueba-un-presupuesto-que-supera-los-diez-millones-de-euros\\\/\",\"name\":\"Cocentaina aprueba un presupuesto que supera los diez millones de euros - COPE Alcoy\",\"isPartOf\":{\"@id\":\"https:\\\/\\\/www.copealcoy.es\\\/es\\\/#website\"},\"primaryImageOfPage\":{\"@id\":\"https:\\\/\\\/www.copealcoy.es\\\/es\\\/cocentaina-aprueba-un-presupuesto-que-supera-los-diez-millones-de-euros\\\/#primaryimage\"},\"image\":{\"@id\":\"https:\\\/\\\/www.copealcoy.es\\\/es\\\/cocentaina-aprueba-un-presupuesto-que-supera-los-diez-millones-de-euros\\\/#primaryimage\"},\"thumbnailUrl\":\"https:\\\/\\\/www.copealcoy.es\\\/wp-content\\\/uploads\\\/2017\\\/02\\\/IMG_7392.jpg\",\"datePublished\":\"2017-02-23T22:31:46+00:00\",\"dateModified\":\"2017-02-24T10:42:22+00:00\",\"author\":{\"@id\":\"https:\\\/\\\/www.copealcoy.es\\\/es\\\/#\\\/schema\\\/person\\\/e777c87fa024e57d40170af9df39882c\"},\"breadcrumb\":{\"@id\":\"https:\\\/\\\/www.copealcoy.es\\\/es\\\/cocentaina-aprueba-un-presupuesto-que-supera-los-diez-millones-de-euros\\\/#breadcrumb\"},\"inLanguage\":\"es\",\"potentialAction\":[{\"@type\":\"ReadAction\",\"target\":[\"https:\\\/\\\/www.copealcoy.es\\\/es\\\/cocentaina-aprueba-un-presupuesto-que-supera-los-diez-millones-de-euros\\\/\"]}]},{\"@type\":\"ImageObject\",\"inLanguage\":\"es\",\"@id\":\"https:\\\/\\\/www.copealcoy.es\\\/es\\\/cocentaina-aprueba-un-presupuesto-que-supera-los-diez-millones-de-euros\\\/#primaryimage\",\"url\":\"https:\\\/\\\/www.copealcoy.es\\\/wp-content\\\/uploads\\\/2017\\\/02\\\/IMG_7392.jpg\",\"contentUrl\":\"https:\\\/\\\/www.copealcoy.es\\\/wp-content\\\/uploads\\\/2017\\\/02\\\/IMG_7392.jpg\",\"width\":3582,\"height\":2191,\"caption\":\"Votaci\u00f3n llevada a cabo en el pleno \\\/ Foto: G. Pascual\"},{\"@type\":\"BreadcrumbList\",\"@id\":\"https:\\\/\\\/www.copealcoy.es\\\/es\\\/cocentaina-aprueba-un-presupuesto-que-supera-los-diez-millones-de-euros\\\/#breadcrumb\",\"itemListElement\":[{\"@type\":\"ListItem\",\"position\":1,\"name\":\"Portada\",\"item\":\"https:\\\/\\\/www.copealcoy.es\\\/es\\\/\"},{\"@type\":\"ListItem\",\"position\":2,\"name\":\"Cocentaina aprueba un presupuesto que supera los diez millones de euros\"}]},{\"@type\":\"WebSite\",\"@id\":\"https:\\\/\\\/www.copealcoy.es\\\/es\\\/#website\",\"url\":\"https:\\\/\\\/www.copealcoy.es\\\/es\\\/\",\"name\":\"COPE Alcoy\",\"description\":\"Emisora COPE de radio local con emisi\u00f3n online. Pont de Sant Jordi 8-10 03803 Alcoy\",\"potentialAction\":[{\"@type\":\"SearchAction\",\"target\":{\"@type\":\"EntryPoint\",\"urlTemplate\":\"https:\\\/\\\/www.copealcoy.es\\\/es\\\/?s={search_term_string}\"},\"query-input\":{\"@type\":\"PropertyValueSpecification\",\"valueRequired\":true,\"valueName\":\"search_term_string\"}}],\"inLanguage\":\"es\"},{\"@type\":\"Person\",\"@id\":\"https:\\\/\\\/www.copealcoy.es\\\/es\\\/#\\\/schema\\\/person\\\/e777c87fa024e57d40170af9df39882c\",\"name\":\"Cope Alcoy\",\"image\":{\"@type\":\"ImageObject\",\"inLanguage\":\"es\",\"@id\":\"https:\\\/\\\/secure.gravatar.com\\\/avatar\\\/bb65d0283347e303893ba14f0692005417c1e0e690a325a4c5d8bb2b3943ee14?s=96&d=mm&r=g\",\"url\":\"https:\\\/\\\/secure.gravatar.com\\\/avatar\\\/bb65d0283347e303893ba14f0692005417c1e0e690a325a4c5d8bb2b3943ee14?s=96&d=mm&r=g\",\"contentUrl\":\"https:\\\/\\\/secure.gravatar.com\\\/avatar\\\/bb65d0283347e303893ba14f0692005417c1e0e690a325a4c5d8bb2b3943ee14?s=96&d=mm&r=g\",\"caption\":\"Cope Alcoy\"}}]}<\/script>\n<!-- \/ Yoast SEO plugin. -->","yoast_head_json":{"title":"Cocentaina aprueba un presupuesto que supera los diez millones de euros - COPE Alcoy","robots":{"index":"index","follow":"follow","max-snippet":"max-snippet:-1","max-image-preview":"max-image-preview:large","max-video-preview":"max-video-preview:-1"},"canonical":"https:\/\/www.copealcoy.es\/es\/cocentaina-aprueba-un-presupuesto-que-supera-los-diez-millones-de-euros\/","og_locale":"es_ES","og_type":"article","og_title":"Cocentaina aprueba un presupuesto que supera los diez millones de euros - COPE Alcoy","og_description":"El pleno del Ayuntamiento de Cocentaina ha aprobado este jueves los Presupuestos Municipales para este a\u00f1o 2017 que superan los...","og_url":"https:\/\/www.copealcoy.es\/es\/cocentaina-aprueba-un-presupuesto-que-supera-los-diez-millones-de-euros\/","og_site_name":"COPE Alcoy","article_published_time":"2017-02-23T22:31:46+00:00","article_modified_time":"2017-02-24T10:42:22+00:00","og_image":[{"width":3582,"height":2191,"url":"https:\/\/www.copealcoy.es\/wp-content\/uploads\/2017\/02\/IMG_7392.jpg","type":"image\/jpeg"}],"author":"Cope Alcoy","twitter_misc":{"Escrito por":"Cope Alcoy","Tiempo de lectura":"3 minutos"},"schema":{"@context":"https:\/\/schema.org","@graph":[{"@type":"Article","@id":"https:\/\/www.copealcoy.es\/es\/cocentaina-aprueba-un-presupuesto-que-supera-los-diez-millones-de-euros\/#article","isPartOf":{"@id":"https:\/\/www.copealcoy.es\/es\/cocentaina-aprueba-un-presupuesto-que-supera-los-diez-millones-de-euros\/"},"author":{"name":"Cope Alcoy","@id":"https:\/\/www.copealcoy.es\/es\/#\/schema\/person\/e777c87fa024e57d40170af9df39882c"},"headline":"Cocentaina aprueba un presupuesto que supera los diez millones de euros","datePublished":"2017-02-23T22:31:46+00:00","dateModified":"2017-02-24T10:42:22+00:00","mainEntityOfPage":{"@id":"https:\/\/www.copealcoy.es\/es\/cocentaina-aprueba-un-presupuesto-que-supera-los-diez-millones-de-euros\/"},"wordCount":581,"commentCount":0,"image":{"@id":"https:\/\/www.copealcoy.es\/es\/cocentaina-aprueba-un-presupuesto-que-supera-los-diez-millones-de-euros\/#primaryimage"},"thumbnailUrl":"https:\/\/www.copealcoy.es\/wp-content\/uploads\/2017\/02\/IMG_7392.jpg","keywords":["Cocentaina","Col\u00b7lectiu 03820-Comprom\u00eds","Marcos Castell\u00f3","Presupuestos Municipales"],"articleSection":["Comarcas","Noticias"],"inLanguage":"es"},{"@type":"WebPage","@id":"https:\/\/www.copealcoy.es\/es\/cocentaina-aprueba-un-presupuesto-que-supera-los-diez-millones-de-euros\/","url":"https:\/\/www.copealcoy.es\/es\/cocentaina-aprueba-un-presupuesto-que-supera-los-diez-millones-de-euros\/","name":"Cocentaina aprueba un presupuesto que supera los diez millones de euros - COPE Alcoy","isPartOf":{"@id":"https:\/\/www.copealcoy.es\/es\/#website"},"primaryImageOfPage":{"@id":"https:\/\/www.copealcoy.es\/es\/cocentaina-aprueba-un-presupuesto-que-supera-los-diez-millones-de-euros\/#primaryimage"},"image":{"@id":"https:\/\/www.copealcoy.es\/es\/cocentaina-aprueba-un-presupuesto-que-supera-los-diez-millones-de-euros\/#primaryimage"},"thumbnailUrl":"https:\/\/www.copealcoy.es\/wp-content\/uploads\/2017\/02\/IMG_7392.jpg","datePublished":"2017-02-23T22:31:46+00:00","dateModified":"2017-02-24T10:42:22+00:00","author":{"@id":"https:\/\/www.copealcoy.es\/es\/#\/schema\/person\/e777c87fa024e57d40170af9df39882c"},"breadcrumb":{"@id":"https:\/\/www.copealcoy.es\/es\/cocentaina-aprueba-un-presupuesto-que-supera-los-diez-millones-de-euros\/#breadcrumb"},"inLanguage":"es","potentialAction":[{"@type":"ReadAction","target":["https:\/\/www.copealcoy.es\/es\/cocentaina-aprueba-un-presupuesto-que-supera-los-diez-millones-de-euros\/"]}]},{"@type":"ImageObject","inLanguage":"es","@id":"https:\/\/www.copealcoy.es\/es\/cocentaina-aprueba-un-presupuesto-que-supera-los-diez-millones-de-euros\/#primaryimage","url":"https:\/\/www.copealcoy.es\/wp-content\/uploads\/2017\/02\/IMG_7392.jpg","contentUrl":"https:\/\/www.copealcoy.es\/wp-content\/uploads\/2017\/02\/IMG_7392.jpg","width":3582,"height":2191,"caption":"Votaci\u00f3n llevada a cabo en el pleno \/ Foto: G. Pascual"},{"@type":"BreadcrumbList","@id":"https:\/\/www.copealcoy.es\/es\/cocentaina-aprueba-un-presupuesto-que-supera-los-diez-millones-de-euros\/#breadcrumb","itemListElement":[{"@type":"ListItem","position":1,"name":"Portada","item":"https:\/\/www.copealcoy.es\/es\/"},{"@type":"ListItem","position":2,"name":"Cocentaina aprueba un presupuesto que supera los diez millones de euros"}]},{"@type":"WebSite","@id":"https:\/\/www.copealcoy.es\/es\/#website","url":"https:\/\/www.copealcoy.es\/es\/","name":"COPE Alcoy","description":"Emisora COPE de radio local con emisi\u00f3n online. Pont de Sant Jordi 8-10 03803 Alcoy","potentialAction":[{"@type":"SearchAction","target":{"@type":"EntryPoint","urlTemplate":"https:\/\/www.copealcoy.es\/es\/?s={search_term_string}"},"query-input":{"@type":"PropertyValueSpecification","valueRequired":true,"valueName":"search_term_string"}}],"inLanguage":"es"},{"@type":"Person","@id":"https:\/\/www.copealcoy.es\/es\/#\/schema\/person\/e777c87fa024e57d40170af9df39882c","name":"Cope Alcoy","image":{"@type":"ImageObject","inLanguage":"es","@id":"https:\/\/secure.gravatar.com\/avatar\/bb65d0283347e303893ba14f0692005417c1e0e690a325a4c5d8bb2b3943ee14?s=96&d=mm&r=g","url":"https:\/\/secure.gravatar.com\/avatar\/bb65d0283347e303893ba14f0692005417c1e0e690a325a4c5d8bb2b3943ee14?s=96&d=mm&r=g","contentUrl":"https:\/\/secure.gravatar.com\/avatar\/bb65d0283347e303893ba14f0692005417c1e0e690a325a4c5d8bb2b3943ee14?s=96&d=mm&r=g","caption":"Cope Alcoy"}}]}},"_links":{"self":[{"href":"https:\/\/www.copealcoy.es\/es\/wp-json\/wp\/v2\/posts\/29158","targetHints":{"allow":["GET"]}}],"collection":[{"href":"https:\/\/www.copealcoy.es\/es\/wp-json\/wp\/v2\/posts"}],"about":[{"href":"https:\/\/www.copealcoy.es\/es\/wp-json\/wp\/v2\/types\/post"}],"author":[{"embeddable":true,"href":"https:\/\/www.copealcoy.es\/es\/wp-json\/wp\/v2\/users\/1"}],"replies":[{"embeddable":true,"href":"https:\/\/www.copealcoy.es\/es\/wp-json\/wp\/v2\/comments?post=29158"}],"version-history":[{"count":0,"href":"https:\/\/www.copealcoy.es\/es\/wp-json\/wp\/v2\/posts\/29158\/revisions"}],"wp:featuredmedia":[{"embeddable":true,"href":"https:\/\/www.copealcoy.es\/es\/wp-json\/wp\/v2\/media\/29167"}],"wp:attachment":[{"href":"https:\/\/www.copealcoy.es\/es\/wp-json\/wp\/v2\/media?parent=29158"}],"wp:term":[{"taxonomy":"category","embeddable":true,"href":"https:\/\/www.copealcoy.es\/es\/wp-json\/wp\/v2\/categories?post=29158"},{"taxonomy":"post_tag","embeddable":true,"href":"https:\/\/www.copealcoy.es\/es\/wp-json\/wp\/v2\/tags?post=29158"}],"curies":[{"name":"wp","href":"https:\/\/api.w.org\/{rel}","templated":true}]}}