{"id":29054,"date":"2017-02-20T13:07:57","date_gmt":"2017-02-20T13:07:57","guid":{"rendered":"http:\/\/copealcoi.es\/new\/?p=29054"},"modified":"2017-02-20T17:19:35","modified_gmt":"2017-02-20T17:19:35","slug":"guanyar-alcoi-pide-al-gobierno-local-que-vuelva-a-alegar-contra-alcoinnova","status":"publish","type":"post","link":"https:\/\/www.copealcoy.es\/es\/guanyar-alcoi-pide-al-gobierno-local-que-vuelva-a-alegar-contra-alcoinnova\/","title":{"rendered":"Guanyar Alcoi pide al Gobierno Local que vuelva a alegar contra Alcoinnova"},"content":{"rendered":"<p style=\"text-align: justify;\">El Grupo Municipal de <strong>Guanyar Alcoy ha pedido al Gobierno Local del PSOE que alegue contra la Actuaci\u00f3n Territorial Estrat\u00e9gica de Alcoinnova en La Canal<\/strong> ahora que la empresa ha presentado el estudio de impacto ambiental. Desde la plataforma destacan que <strong>ellos ya est\u00e1n analizando con detalle este estudio<\/strong>, para presentar el m\u00e1ximo de alegaciones posibles, y piden al Ejecutivo Socialista que haga lo mismo.<\/p>\n<p style=\"text-align: justify;\"><strong>Aleixandre San Francisco<\/strong>, edil de Guanyar Alcoi, <strong>se ha mostrado cr\u00edtico con los socialistas<\/strong><em> &#8220;hemos preguntado en Comisi\u00f3n Informativa si el Gobierno del PSOE iba a defender los intereses de los alcoyanos y iba a alegar aquellas incorrecciones que pudieran encontrar en el Estudio de Impacto Ambiental, y Manolo Gomicia afirm\u00f3 que no iban a presentar ninguna alegaci\u00f3n, ya que consideraban que con los procesos judiciales abiertos ya hab\u00eda suficiente&#8221;<\/em>, apunta. Adem\u00e1s <strong>el concejal entiende que el Ayuntamiento debe de trabajar\u00a0en este documento<\/strong> para analizarlo y alegar sobre las deficiencias del proyecto <em>&#8220;no podemos seguir con los mismos errores del pasado que cometi\u00f3 el PP, como Serelles o La Rosaleda, debemos defender el principio de precauci\u00f3n y evitar las pol\u00edticas de hechos consumados.\u00a0Si de verdad el PSOE est\u00e1 en contra de la ubicaci\u00f3n de Alcoinnova, que lo demuestre y que haga todo lo posible para evitar poner en peligro el Acu\u00edfero del Molinar y la sostenibilidad de La Canal, por coherencia con su discurso&#8221;<\/em>, asevera.<\/p>\n<p style=\"text-align: justify;\">Por \u00faltimo <strong>desde Guanyar Alcoi recuerdan que el pasado mes de julio se conoci\u00f3 la resoluci\u00f3n por la que se desestimaba la paralizaci\u00f3n cautelar de Alcoinnova<\/strong> &#8220;en aquel momento el Ayuntamiento de Alcoy no recurri\u00f3 y si que lo hizo La Carrasca <em>&#8220;las alegaciones de la abogada de la Generalitat, dependientes de Presidencia, es decir, de Ximo Puig, defend\u00edan las tesis contrarias a las del Ayuntamiento, pidiendo la desestimaci\u00f3n de la paralizaci\u00f3n cautelar&#8221;,<\/em> concluyen.<\/p>\n<p style=\"text-align: justify;\">\n","protected":false},"excerpt":{"rendered":"<p>El Grupo Municipal de Guanyar Alcoy ha pedido al Gobierno Local del PSOE que alegue contra la Actuaci\u00f3n Territorial Estrat\u00e9gica&#8230;<\/p>\n","protected":false},"author":1,"featured_media":9340,"comment_status":"open","ping_status":"open","sticky":false,"template":"","format":"standard","meta":{"footnotes":""},"categories":[97,75,79],"tags":[478,1494,2831,3740,1195,1325],"class_list":["post-29054","post","type-post","status-publish","format-standard","has-post-thumbnail","hentry","category-alcoy","category-noticias","category-politicayeconomia","tag-alcoinnova","tag-alcoy","tag-alegaciones","tag-aleixandre-sanfrancisco","tag-gobierno-local","tag-guanyar-alcoi"],"yoast_head":"<!-- This site is optimized with the Yoast SEO plugin v27.3 - https:\/\/yoast.com\/product\/yoast-seo-wordpress\/ -->\n<title>Guanyar Alcoi pide al Gobierno Local que vuelva a alegar contra Alcoinnova - COPE Alcoy<\/title>\n<meta name=\"robots\" content=\"index, follow, max-snippet:-1, max-image-preview:large, max-video-preview:-1\" \/>\n<link rel=\"canonical\" href=\"https:\/\/www.copealcoy.es\/es\/guanyar-alcoi-pide-al-gobierno-local-que-vuelva-a-alegar-contra-alcoinnova\/\" \/>\n<meta property=\"og:locale\" content=\"es_ES\" \/>\n<meta property=\"og:type\" content=\"article\" \/>\n<meta property=\"og:title\" content=\"Guanyar Alcoi pide al Gobierno Local que vuelva a alegar contra Alcoinnova - COPE Alcoy\" \/>\n<meta property=\"og:description\" content=\"El Grupo Municipal de Guanyar Alcoy ha pedido al Gobierno Local del PSOE que alegue contra la Actuaci\u00f3n Territorial Estrat\u00e9gica...\" \/>\n<meta property=\"og:url\" content=\"https:\/\/www.copealcoy.es\/es\/guanyar-alcoi-pide-al-gobierno-local-que-vuelva-a-alegar-contra-alcoinnova\/\" \/>\n<meta property=\"og:site_name\" content=\"COPE Alcoy\" \/>\n<meta property=\"article:published_time\" content=\"2017-02-20T13:07:57+00:00\" \/>\n<meta property=\"article:modified_time\" content=\"2017-02-20T17:19:35+00:00\" \/>\n<meta property=\"og:image\" content=\"https:\/\/www.copealcoy.es\/wp-content\/uploads\/2014\/12\/image142.jpg\" \/>\n\t<meta property=\"og:image:width\" content=\"3960\" \/>\n\t<meta property=\"og:image:height\" content=\"2465\" \/>\n\t<meta property=\"og:image:type\" content=\"image\/jpeg\" \/>\n<meta name=\"author\" content=\"Cope Alcoy\" \/>\n<meta name=\"twitter:label1\" content=\"Escrito por\" \/>\n\t<meta name=\"twitter:data1\" content=\"Cope Alcoy\" \/>\n\t<meta name=\"twitter:label2\" content=\"Tiempo de lectura\" \/>\n\t<meta name=\"twitter:data2\" content=\"2 minutos\" \/>\n<script type=\"application\/ld+json\" class=\"yoast-schema-graph\">{\"@context\":\"https:\\\/\\\/schema.org\",\"@graph\":[{\"@type\":\"Article\",\"@id\":\"https:\\\/\\\/www.copealcoy.es\\\/es\\\/guanyar-alcoi-pide-al-gobierno-local-que-vuelva-a-alegar-contra-alcoinnova\\\/#article\",\"isPartOf\":{\"@id\":\"https:\\\/\\\/www.copealcoy.es\\\/es\\\/guanyar-alcoi-pide-al-gobierno-local-que-vuelva-a-alegar-contra-alcoinnova\\\/\"},\"author\":{\"name\":\"Cope Alcoy\",\"@id\":\"https:\\\/\\\/www.copealcoy.es\\\/es\\\/#\\\/schema\\\/person\\\/e777c87fa024e57d40170af9df39882c\"},\"headline\":\"Guanyar Alcoi pide al Gobierno Local que vuelva a alegar contra Alcoinnova\",\"datePublished\":\"2017-02-20T13:07:57+00:00\",\"dateModified\":\"2017-02-20T17:19:35+00:00\",\"mainEntityOfPage\":{\"@id\":\"https:\\\/\\\/www.copealcoy.es\\\/es\\\/guanyar-alcoi-pide-al-gobierno-local-que-vuelva-a-alegar-contra-alcoinnova\\\/\"},\"wordCount\":336,\"commentCount\":0,\"image\":{\"@id\":\"https:\\\/\\\/www.copealcoy.es\\\/es\\\/guanyar-alcoi-pide-al-gobierno-local-que-vuelva-a-alegar-contra-alcoinnova\\\/#primaryimage\"},\"thumbnailUrl\":\"https:\\\/\\\/www.copealcoy.es\\\/wp-content\\\/uploads\\\/2014\\\/12\\\/image142.jpg\",\"keywords\":[\"Alcoinnova\",\"Alcoy\",\"alegaciones\",\"Aleixandre Sanfrancisco\",\"Gobierno Local\",\"Guanyar Alcoi\"],\"articleSection\":[\"Alcoy\",\"Noticias\",\"Pol\u00edtica y Econom\u00eda\"],\"inLanguage\":\"es\"},{\"@type\":\"WebPage\",\"@id\":\"https:\\\/\\\/www.copealcoy.es\\\/es\\\/guanyar-alcoi-pide-al-gobierno-local-que-vuelva-a-alegar-contra-alcoinnova\\\/\",\"url\":\"https:\\\/\\\/www.copealcoy.es\\\/es\\\/guanyar-alcoi-pide-al-gobierno-local-que-vuelva-a-alegar-contra-alcoinnova\\\/\",\"name\":\"Guanyar Alcoi pide al Gobierno Local que vuelva a alegar contra Alcoinnova - COPE Alcoy\",\"isPartOf\":{\"@id\":\"https:\\\/\\\/www.copealcoy.es\\\/es\\\/#website\"},\"primaryImageOfPage\":{\"@id\":\"https:\\\/\\\/www.copealcoy.es\\\/es\\\/guanyar-alcoi-pide-al-gobierno-local-que-vuelva-a-alegar-contra-alcoinnova\\\/#primaryimage\"},\"image\":{\"@id\":\"https:\\\/\\\/www.copealcoy.es\\\/es\\\/guanyar-alcoi-pide-al-gobierno-local-que-vuelva-a-alegar-contra-alcoinnova\\\/#primaryimage\"},\"thumbnailUrl\":\"https:\\\/\\\/www.copealcoy.es\\\/wp-content\\\/uploads\\\/2014\\\/12\\\/image142.jpg\",\"datePublished\":\"2017-02-20T13:07:57+00:00\",\"dateModified\":\"2017-02-20T17:19:35+00:00\",\"author\":{\"@id\":\"https:\\\/\\\/www.copealcoy.es\\\/es\\\/#\\\/schema\\\/person\\\/e777c87fa024e57d40170af9df39882c\"},\"breadcrumb\":{\"@id\":\"https:\\\/\\\/www.copealcoy.es\\\/es\\\/guanyar-alcoi-pide-al-gobierno-local-que-vuelva-a-alegar-contra-alcoinnova\\\/#breadcrumb\"},\"inLanguage\":\"es\",\"potentialAction\":[{\"@type\":\"ReadAction\",\"target\":[\"https:\\\/\\\/www.copealcoy.es\\\/es\\\/guanyar-alcoi-pide-al-gobierno-local-que-vuelva-a-alegar-contra-alcoinnova\\\/\"]}]},{\"@type\":\"ImageObject\",\"inLanguage\":\"es\",\"@id\":\"https:\\\/\\\/www.copealcoy.es\\\/es\\\/guanyar-alcoi-pide-al-gobierno-local-que-vuelva-a-alegar-contra-alcoinnova\\\/#primaryimage\",\"url\":\"https:\\\/\\\/www.copealcoy.es\\\/wp-content\\\/uploads\\\/2014\\\/12\\\/image142.jpg\",\"contentUrl\":\"https:\\\/\\\/www.copealcoy.es\\\/wp-content\\\/uploads\\\/2014\\\/12\\\/image142.jpg\",\"width\":1735,\"height\":1080,\"caption\":\"\u00c1rea del parque empresarial Alcoinnova\"},{\"@type\":\"BreadcrumbList\",\"@id\":\"https:\\\/\\\/www.copealcoy.es\\\/es\\\/guanyar-alcoi-pide-al-gobierno-local-que-vuelva-a-alegar-contra-alcoinnova\\\/#breadcrumb\",\"itemListElement\":[{\"@type\":\"ListItem\",\"position\":1,\"name\":\"Portada\",\"item\":\"https:\\\/\\\/www.copealcoy.es\\\/es\\\/\"},{\"@type\":\"ListItem\",\"position\":2,\"name\":\"Guanyar Alcoi pide al Gobierno Local que vuelva a alegar contra Alcoinnova\"}]},{\"@type\":\"WebSite\",\"@id\":\"https:\\\/\\\/www.copealcoy.es\\\/es\\\/#website\",\"url\":\"https:\\\/\\\/www.copealcoy.es\\\/es\\\/\",\"name\":\"COPE Alcoy\",\"description\":\"Emisora COPE de radio local con emisi\u00f3n online. Pont de Sant Jordi 8-10 03803 Alcoy\",\"potentialAction\":[{\"@type\":\"SearchAction\",\"target\":{\"@type\":\"EntryPoint\",\"urlTemplate\":\"https:\\\/\\\/www.copealcoy.es\\\/es\\\/?s={search_term_string}\"},\"query-input\":{\"@type\":\"PropertyValueSpecification\",\"valueRequired\":true,\"valueName\":\"search_term_string\"}}],\"inLanguage\":\"es\"},{\"@type\":\"Person\",\"@id\":\"https:\\\/\\\/www.copealcoy.es\\\/es\\\/#\\\/schema\\\/person\\\/e777c87fa024e57d40170af9df39882c\",\"name\":\"Cope Alcoy\",\"image\":{\"@type\":\"ImageObject\",\"inLanguage\":\"es\",\"@id\":\"https:\\\/\\\/secure.gravatar.com\\\/avatar\\\/bb65d0283347e303893ba14f0692005417c1e0e690a325a4c5d8bb2b3943ee14?s=96&d=mm&r=g\",\"url\":\"https:\\\/\\\/secure.gravatar.com\\\/avatar\\\/bb65d0283347e303893ba14f0692005417c1e0e690a325a4c5d8bb2b3943ee14?s=96&d=mm&r=g\",\"contentUrl\":\"https:\\\/\\\/secure.gravatar.com\\\/avatar\\\/bb65d0283347e303893ba14f0692005417c1e0e690a325a4c5d8bb2b3943ee14?s=96&d=mm&r=g\",\"caption\":\"Cope Alcoy\"}}]}<\/script>\n<!-- \/ Yoast SEO plugin. -->","yoast_head_json":{"title":"Guanyar Alcoi pide al Gobierno Local que vuelva a alegar contra Alcoinnova - COPE Alcoy","robots":{"index":"index","follow":"follow","max-snippet":"max-snippet:-1","max-image-preview":"max-image-preview:large","max-video-preview":"max-video-preview:-1"},"canonical":"https:\/\/www.copealcoy.es\/es\/guanyar-alcoi-pide-al-gobierno-local-que-vuelva-a-alegar-contra-alcoinnova\/","og_locale":"es_ES","og_type":"article","og_title":"Guanyar Alcoi pide al Gobierno Local que vuelva a alegar contra Alcoinnova - COPE Alcoy","og_description":"El Grupo Municipal de Guanyar Alcoy ha pedido al Gobierno Local del PSOE que alegue contra la Actuaci\u00f3n Territorial Estrat\u00e9gica...","og_url":"https:\/\/www.copealcoy.es\/es\/guanyar-alcoi-pide-al-gobierno-local-que-vuelva-a-alegar-contra-alcoinnova\/","og_site_name":"COPE Alcoy","article_published_time":"2017-02-20T13:07:57+00:00","article_modified_time":"2017-02-20T17:19:35+00:00","og_image":[{"width":3960,"height":2465,"url":"https:\/\/www.copealcoy.es\/wp-content\/uploads\/2014\/12\/image142.jpg","type":"image\/jpeg"}],"author":"Cope Alcoy","twitter_misc":{"Escrito por":"Cope Alcoy","Tiempo de lectura":"2 minutos"},"schema":{"@context":"https:\/\/schema.org","@graph":[{"@type":"Article","@id":"https:\/\/www.copealcoy.es\/es\/guanyar-alcoi-pide-al-gobierno-local-que-vuelva-a-alegar-contra-alcoinnova\/#article","isPartOf":{"@id":"https:\/\/www.copealcoy.es\/es\/guanyar-alcoi-pide-al-gobierno-local-que-vuelva-a-alegar-contra-alcoinnova\/"},"author":{"name":"Cope Alcoy","@id":"https:\/\/www.copealcoy.es\/es\/#\/schema\/person\/e777c87fa024e57d40170af9df39882c"},"headline":"Guanyar Alcoi pide al Gobierno Local que vuelva a alegar contra Alcoinnova","datePublished":"2017-02-20T13:07:57+00:00","dateModified":"2017-02-20T17:19:35+00:00","mainEntityOfPage":{"@id":"https:\/\/www.copealcoy.es\/es\/guanyar-alcoi-pide-al-gobierno-local-que-vuelva-a-alegar-contra-alcoinnova\/"},"wordCount":336,"commentCount":0,"image":{"@id":"https:\/\/www.copealcoy.es\/es\/guanyar-alcoi-pide-al-gobierno-local-que-vuelva-a-alegar-contra-alcoinnova\/#primaryimage"},"thumbnailUrl":"https:\/\/www.copealcoy.es\/wp-content\/uploads\/2014\/12\/image142.jpg","keywords":["Alcoinnova","Alcoy","alegaciones","Aleixandre Sanfrancisco","Gobierno Local","Guanyar Alcoi"],"articleSection":["Alcoy","Noticias","Pol\u00edtica y Econom\u00eda"],"inLanguage":"es"},{"@type":"WebPage","@id":"https:\/\/www.copealcoy.es\/es\/guanyar-alcoi-pide-al-gobierno-local-que-vuelva-a-alegar-contra-alcoinnova\/","url":"https:\/\/www.copealcoy.es\/es\/guanyar-alcoi-pide-al-gobierno-local-que-vuelva-a-alegar-contra-alcoinnova\/","name":"Guanyar Alcoi pide al Gobierno Local que vuelva a alegar contra Alcoinnova - COPE Alcoy","isPartOf":{"@id":"https:\/\/www.copealcoy.es\/es\/#website"},"primaryImageOfPage":{"@id":"https:\/\/www.copealcoy.es\/es\/guanyar-alcoi-pide-al-gobierno-local-que-vuelva-a-alegar-contra-alcoinnova\/#primaryimage"},"image":{"@id":"https:\/\/www.copealcoy.es\/es\/guanyar-alcoi-pide-al-gobierno-local-que-vuelva-a-alegar-contra-alcoinnova\/#primaryimage"},"thumbnailUrl":"https:\/\/www.copealcoy.es\/wp-content\/uploads\/2014\/12\/image142.jpg","datePublished":"2017-02-20T13:07:57+00:00","dateModified":"2017-02-20T17:19:35+00:00","author":{"@id":"https:\/\/www.copealcoy.es\/es\/#\/schema\/person\/e777c87fa024e57d40170af9df39882c"},"breadcrumb":{"@id":"https:\/\/www.copealcoy.es\/es\/guanyar-alcoi-pide-al-gobierno-local-que-vuelva-a-alegar-contra-alcoinnova\/#breadcrumb"},"inLanguage":"es","potentialAction":[{"@type":"ReadAction","target":["https:\/\/www.copealcoy.es\/es\/guanyar-alcoi-pide-al-gobierno-local-que-vuelva-a-alegar-contra-alcoinnova\/"]}]},{"@type":"ImageObject","inLanguage":"es","@id":"https:\/\/www.copealcoy.es\/es\/guanyar-alcoi-pide-al-gobierno-local-que-vuelva-a-alegar-contra-alcoinnova\/#primaryimage","url":"https:\/\/www.copealcoy.es\/wp-content\/uploads\/2014\/12\/image142.jpg","contentUrl":"https:\/\/www.copealcoy.es\/wp-content\/uploads\/2014\/12\/image142.jpg","width":1735,"height":1080,"caption":"\u00c1rea del parque empresarial Alcoinnova"},{"@type":"BreadcrumbList","@id":"https:\/\/www.copealcoy.es\/es\/guanyar-alcoi-pide-al-gobierno-local-que-vuelva-a-alegar-contra-alcoinnova\/#breadcrumb","itemListElement":[{"@type":"ListItem","position":1,"name":"Portada","item":"https:\/\/www.copealcoy.es\/es\/"},{"@type":"ListItem","position":2,"name":"Guanyar Alcoi pide al Gobierno Local que vuelva a alegar contra Alcoinnova"}]},{"@type":"WebSite","@id":"https:\/\/www.copealcoy.es\/es\/#website","url":"https:\/\/www.copealcoy.es\/es\/","name":"COPE Alcoy","description":"Emisora COPE de radio local con emisi\u00f3n online. Pont de Sant Jordi 8-10 03803 Alcoy","potentialAction":[{"@type":"SearchAction","target":{"@type":"EntryPoint","urlTemplate":"https:\/\/www.copealcoy.es\/es\/?s={search_term_string}"},"query-input":{"@type":"PropertyValueSpecification","valueRequired":true,"valueName":"search_term_string"}}],"inLanguage":"es"},{"@type":"Person","@id":"https:\/\/www.copealcoy.es\/es\/#\/schema\/person\/e777c87fa024e57d40170af9df39882c","name":"Cope Alcoy","image":{"@type":"ImageObject","inLanguage":"es","@id":"https:\/\/secure.gravatar.com\/avatar\/bb65d0283347e303893ba14f0692005417c1e0e690a325a4c5d8bb2b3943ee14?s=96&d=mm&r=g","url":"https:\/\/secure.gravatar.com\/avatar\/bb65d0283347e303893ba14f0692005417c1e0e690a325a4c5d8bb2b3943ee14?s=96&d=mm&r=g","contentUrl":"https:\/\/secure.gravatar.com\/avatar\/bb65d0283347e303893ba14f0692005417c1e0e690a325a4c5d8bb2b3943ee14?s=96&d=mm&r=g","caption":"Cope Alcoy"}}]}},"_links":{"self":[{"href":"https:\/\/www.copealcoy.es\/es\/wp-json\/wp\/v2\/posts\/29054","targetHints":{"allow":["GET"]}}],"collection":[{"href":"https:\/\/www.copealcoy.es\/es\/wp-json\/wp\/v2\/posts"}],"about":[{"href":"https:\/\/www.copealcoy.es\/es\/wp-json\/wp\/v2\/types\/post"}],"author":[{"embeddable":true,"href":"https:\/\/www.copealcoy.es\/es\/wp-json\/wp\/v2\/users\/1"}],"replies":[{"embeddable":true,"href":"https:\/\/www.copealcoy.es\/es\/wp-json\/wp\/v2\/comments?post=29054"}],"version-history":[{"count":0,"href":"https:\/\/www.copealcoy.es\/es\/wp-json\/wp\/v2\/posts\/29054\/revisions"}],"wp:featuredmedia":[{"embeddable":true,"href":"https:\/\/www.copealcoy.es\/es\/wp-json\/wp\/v2\/media\/9340"}],"wp:attachment":[{"href":"https:\/\/www.copealcoy.es\/es\/wp-json\/wp\/v2\/media?parent=29054"}],"wp:term":[{"taxonomy":"category","embeddable":true,"href":"https:\/\/www.copealcoy.es\/es\/wp-json\/wp\/v2\/categories?post=29054"},{"taxonomy":"post_tag","embeddable":true,"href":"https:\/\/www.copealcoy.es\/es\/wp-json\/wp\/v2\/tags?post=29054"}],"curies":[{"name":"wp","href":"https:\/\/api.w.org\/{rel}","templated":true}]}}