{"id":28881,"date":"2017-02-15T16:40:51","date_gmt":"2017-02-15T16:40:51","guid":{"rendered":"http:\/\/copealcoi.es\/new\/?p=28881"},"modified":"2017-02-15T16:40:51","modified_gmt":"2017-02-15T16:40:51","slug":"concluye-la-restauracion-de-la-ermita-de-sant-cristofol","status":"publish","type":"post","link":"https:\/\/www.copealcoy.es\/es\/concluye-la-restauracion-de-la-ermita-de-sant-cristofol\/","title":{"rendered":"Concluye la restauraci\u00f3n de la Ermita de Sant Crist\u00f2fol"},"content":{"rendered":"<p style=\"text-align: justify;\">La <strong>ermita de Sant Crist\u00f2fol<\/strong> de Alcoy ya <strong>luce nuevo aspecto<\/strong> despu\u00e9s de los <strong>trabajos de restauraci\u00f3n<\/strong> que se han llevado a cabo en las \u00faltimas semanas en este edificio religioso situado en la cima del Preventorio.<\/p>\n<p style=\"text-align: justify;\">En total <strong>se han invertido cerca de 32.000 euros<\/strong> y la actuaci\u00f3n se ha centrado en <strong>consolidar los muros exteriores de la ermita<\/strong> as\u00ed como los<strong> muretes perimetrales<\/strong> de la zona. Tambi\u00e9n se han subsanado los <strong>problemas de filtraciones y humedades<\/strong> que presentaba el inmueble.<\/p>\n<p style=\"text-align: justify;\"><strong>Jordi Mart\u00ednez<\/strong>, concejal de Obras y Servicios en el Ayuntamiento de Alcoy, ha recordado que a pesar de las <strong>dificultades de acceso<\/strong> al Preventorio<strong> las obras ya han finalizado<\/strong>\u00a0&#8220;<em>este espacio est\u00e1 situado en un paraje muy querido y utilizado por muchos alcoyanos, y nosotros somos responsables en \u00faltima instancia de que nuestros hijos y nietos tambi\u00e9n puedan disfrutar del maravilloso entorno natural que tenemos en Alcoy. A lo largo de 2016 hemos seguido trabajando para mantener ese per\u00edmetro natural \u00fanico que tenemos los alcoyanos, realizando mejoras y actuaciones en diferentes espacios como la Font Roja, Rac\u00f3 Sant Bonaventura, Sant Antoni, el Molinar, la Via Verda, y el Preventorio<\/em>&#8220;, afirma.<\/p>\n","protected":false},"excerpt":{"rendered":"<p>La ermita de Sant Crist\u00f2fol de Alcoy ya luce nuevo aspecto despu\u00e9s de los trabajos de restauraci\u00f3n que se han&#8230;<\/p>\n","protected":false},"author":1,"featured_media":28882,"comment_status":"open","ping_status":"open","sticky":false,"template":"","format":"standard","meta":{"footnotes":""},"categories":[97,75],"tags":[1494,3721,927,250],"class_list":["post-28881","post","type-post","status-publish","format-standard","has-post-thumbnail","hentry","category-alcoy","category-noticias","tag-alcoy","tag-ermita-de-sant-cristofol","tag-jordi-martinez","tag-restauracion"],"yoast_head":"<!-- This site is optimized with the Yoast SEO plugin v27.3 - https:\/\/yoast.com\/product\/yoast-seo-wordpress\/ -->\n<title>Concluye la restauraci\u00f3n de la Ermita de Sant Crist\u00f2fol - COPE Alcoy<\/title>\n<meta name=\"robots\" content=\"index, follow, max-snippet:-1, max-image-preview:large, max-video-preview:-1\" \/>\n<link rel=\"canonical\" href=\"https:\/\/www.copealcoy.es\/es\/concluye-la-restauracion-de-la-ermita-de-sant-cristofol\/\" \/>\n<meta property=\"og:locale\" content=\"es_ES\" \/>\n<meta property=\"og:type\" content=\"article\" \/>\n<meta property=\"og:title\" content=\"Concluye la restauraci\u00f3n de la Ermita de Sant Crist\u00f2fol - COPE Alcoy\" \/>\n<meta property=\"og:description\" content=\"La ermita de Sant Crist\u00f2fol de Alcoy ya luce nuevo aspecto despu\u00e9s de los trabajos de restauraci\u00f3n que se han...\" \/>\n<meta property=\"og:url\" content=\"https:\/\/www.copealcoy.es\/es\/concluye-la-restauracion-de-la-ermita-de-sant-cristofol\/\" \/>\n<meta property=\"og:site_name\" content=\"COPE Alcoy\" \/>\n<meta property=\"article:published_time\" content=\"2017-02-15T16:40:51+00:00\" \/>\n<meta property=\"og:image\" content=\"https:\/\/www.copealcoy.es\/wp-content\/uploads\/2017\/02\/img_35055.jpg\" \/>\n\t<meta property=\"og:image:width\" content=\"670\" \/>\n\t<meta property=\"og:image:height\" content=\"377\" \/>\n\t<meta property=\"og:image:type\" content=\"image\/jpeg\" \/>\n<meta name=\"author\" content=\"Cope Alcoy\" \/>\n<meta name=\"twitter:label1\" content=\"Escrito por\" \/>\n\t<meta name=\"twitter:data1\" content=\"Cope Alcoy\" \/>\n\t<meta name=\"twitter:label2\" content=\"Tiempo de lectura\" \/>\n\t<meta name=\"twitter:data2\" content=\"1 minuto\" \/>\n<script type=\"application\/ld+json\" class=\"yoast-schema-graph\">{\"@context\":\"https:\\\/\\\/schema.org\",\"@graph\":[{\"@type\":\"Article\",\"@id\":\"https:\\\/\\\/www.copealcoy.es\\\/es\\\/concluye-la-restauracion-de-la-ermita-de-sant-cristofol\\\/#article\",\"isPartOf\":{\"@id\":\"https:\\\/\\\/www.copealcoy.es\\\/es\\\/concluye-la-restauracion-de-la-ermita-de-sant-cristofol\\\/\"},\"author\":{\"name\":\"Cope Alcoy\",\"@id\":\"https:\\\/\\\/www.copealcoy.es\\\/es\\\/#\\\/schema\\\/person\\\/e777c87fa024e57d40170af9df39882c\"},\"headline\":\"Concluye la restauraci\u00f3n de la Ermita de Sant Crist\u00f2fol\",\"datePublished\":\"2017-02-15T16:40:51+00:00\",\"mainEntityOfPage\":{\"@id\":\"https:\\\/\\\/www.copealcoy.es\\\/es\\\/concluye-la-restauracion-de-la-ermita-de-sant-cristofol\\\/\"},\"wordCount\":209,\"commentCount\":0,\"image\":{\"@id\":\"https:\\\/\\\/www.copealcoy.es\\\/es\\\/concluye-la-restauracion-de-la-ermita-de-sant-cristofol\\\/#primaryimage\"},\"thumbnailUrl\":\"https:\\\/\\\/www.copealcoy.es\\\/wp-content\\\/uploads\\\/2017\\\/02\\\/img_35055.jpg\",\"keywords\":[\"Alcoy\",\"Ermita de Sant Crist\u00f2fol\",\"Jordi Mart\u00ednez\",\"Restauraci\u00f3n\"],\"articleSection\":[\"Alcoy\",\"Noticias\"],\"inLanguage\":\"es\"},{\"@type\":\"WebPage\",\"@id\":\"https:\\\/\\\/www.copealcoy.es\\\/es\\\/concluye-la-restauracion-de-la-ermita-de-sant-cristofol\\\/\",\"url\":\"https:\\\/\\\/www.copealcoy.es\\\/es\\\/concluye-la-restauracion-de-la-ermita-de-sant-cristofol\\\/\",\"name\":\"Concluye la restauraci\u00f3n de la Ermita de Sant Crist\u00f2fol - COPE Alcoy\",\"isPartOf\":{\"@id\":\"https:\\\/\\\/www.copealcoy.es\\\/es\\\/#website\"},\"primaryImageOfPage\":{\"@id\":\"https:\\\/\\\/www.copealcoy.es\\\/es\\\/concluye-la-restauracion-de-la-ermita-de-sant-cristofol\\\/#primaryimage\"},\"image\":{\"@id\":\"https:\\\/\\\/www.copealcoy.es\\\/es\\\/concluye-la-restauracion-de-la-ermita-de-sant-cristofol\\\/#primaryimage\"},\"thumbnailUrl\":\"https:\\\/\\\/www.copealcoy.es\\\/wp-content\\\/uploads\\\/2017\\\/02\\\/img_35055.jpg\",\"datePublished\":\"2017-02-15T16:40:51+00:00\",\"author\":{\"@id\":\"https:\\\/\\\/www.copealcoy.es\\\/es\\\/#\\\/schema\\\/person\\\/e777c87fa024e57d40170af9df39882c\"},\"breadcrumb\":{\"@id\":\"https:\\\/\\\/www.copealcoy.es\\\/es\\\/concluye-la-restauracion-de-la-ermita-de-sant-cristofol\\\/#breadcrumb\"},\"inLanguage\":\"es\",\"potentialAction\":[{\"@type\":\"ReadAction\",\"target\":[\"https:\\\/\\\/www.copealcoy.es\\\/es\\\/concluye-la-restauracion-de-la-ermita-de-sant-cristofol\\\/\"]}]},{\"@type\":\"ImageObject\",\"inLanguage\":\"es\",\"@id\":\"https:\\\/\\\/www.copealcoy.es\\\/es\\\/concluye-la-restauracion-de-la-ermita-de-sant-cristofol\\\/#primaryimage\",\"url\":\"https:\\\/\\\/www.copealcoy.es\\\/wp-content\\\/uploads\\\/2017\\\/02\\\/img_35055.jpg\",\"contentUrl\":\"https:\\\/\\\/www.copealcoy.es\\\/wp-content\\\/uploads\\\/2017\\\/02\\\/img_35055.jpg\",\"width\":670,\"height\":377,\"caption\":\"La Ermita de Sant Crist\u00f2fol luce nuevo aspecto tras la restauraci\u00f3n \\\/ Foto: Ajuntament d\u00b4Alcoi\"},{\"@type\":\"BreadcrumbList\",\"@id\":\"https:\\\/\\\/www.copealcoy.es\\\/es\\\/concluye-la-restauracion-de-la-ermita-de-sant-cristofol\\\/#breadcrumb\",\"itemListElement\":[{\"@type\":\"ListItem\",\"position\":1,\"name\":\"Portada\",\"item\":\"https:\\\/\\\/www.copealcoy.es\\\/es\\\/\"},{\"@type\":\"ListItem\",\"position\":2,\"name\":\"Concluye la restauraci\u00f3n de la Ermita de Sant Crist\u00f2fol\"}]},{\"@type\":\"WebSite\",\"@id\":\"https:\\\/\\\/www.copealcoy.es\\\/es\\\/#website\",\"url\":\"https:\\\/\\\/www.copealcoy.es\\\/es\\\/\",\"name\":\"COPE Alcoy\",\"description\":\"Emisora COPE de radio local con emisi\u00f3n online. Pont de Sant Jordi 8-10 03803 Alcoy\",\"potentialAction\":[{\"@type\":\"SearchAction\",\"target\":{\"@type\":\"EntryPoint\",\"urlTemplate\":\"https:\\\/\\\/www.copealcoy.es\\\/es\\\/?s={search_term_string}\"},\"query-input\":{\"@type\":\"PropertyValueSpecification\",\"valueRequired\":true,\"valueName\":\"search_term_string\"}}],\"inLanguage\":\"es\"},{\"@type\":\"Person\",\"@id\":\"https:\\\/\\\/www.copealcoy.es\\\/es\\\/#\\\/schema\\\/person\\\/e777c87fa024e57d40170af9df39882c\",\"name\":\"Cope Alcoy\",\"image\":{\"@type\":\"ImageObject\",\"inLanguage\":\"es\",\"@id\":\"https:\\\/\\\/secure.gravatar.com\\\/avatar\\\/bb65d0283347e303893ba14f0692005417c1e0e690a325a4c5d8bb2b3943ee14?s=96&d=mm&r=g\",\"url\":\"https:\\\/\\\/secure.gravatar.com\\\/avatar\\\/bb65d0283347e303893ba14f0692005417c1e0e690a325a4c5d8bb2b3943ee14?s=96&d=mm&r=g\",\"contentUrl\":\"https:\\\/\\\/secure.gravatar.com\\\/avatar\\\/bb65d0283347e303893ba14f0692005417c1e0e690a325a4c5d8bb2b3943ee14?s=96&d=mm&r=g\",\"caption\":\"Cope Alcoy\"}}]}<\/script>\n<!-- \/ Yoast SEO plugin. -->","yoast_head_json":{"title":"Concluye la restauraci\u00f3n de la Ermita de Sant Crist\u00f2fol - COPE Alcoy","robots":{"index":"index","follow":"follow","max-snippet":"max-snippet:-1","max-image-preview":"max-image-preview:large","max-video-preview":"max-video-preview:-1"},"canonical":"https:\/\/www.copealcoy.es\/es\/concluye-la-restauracion-de-la-ermita-de-sant-cristofol\/","og_locale":"es_ES","og_type":"article","og_title":"Concluye la restauraci\u00f3n de la Ermita de Sant Crist\u00f2fol - COPE Alcoy","og_description":"La ermita de Sant Crist\u00f2fol de Alcoy ya luce nuevo aspecto despu\u00e9s de los trabajos de restauraci\u00f3n que se han...","og_url":"https:\/\/www.copealcoy.es\/es\/concluye-la-restauracion-de-la-ermita-de-sant-cristofol\/","og_site_name":"COPE Alcoy","article_published_time":"2017-02-15T16:40:51+00:00","og_image":[{"width":670,"height":377,"url":"https:\/\/www.copealcoy.es\/wp-content\/uploads\/2017\/02\/img_35055.jpg","type":"image\/jpeg"}],"author":"Cope Alcoy","twitter_misc":{"Escrito por":"Cope Alcoy","Tiempo de lectura":"1 minuto"},"schema":{"@context":"https:\/\/schema.org","@graph":[{"@type":"Article","@id":"https:\/\/www.copealcoy.es\/es\/concluye-la-restauracion-de-la-ermita-de-sant-cristofol\/#article","isPartOf":{"@id":"https:\/\/www.copealcoy.es\/es\/concluye-la-restauracion-de-la-ermita-de-sant-cristofol\/"},"author":{"name":"Cope Alcoy","@id":"https:\/\/www.copealcoy.es\/es\/#\/schema\/person\/e777c87fa024e57d40170af9df39882c"},"headline":"Concluye la restauraci\u00f3n de la Ermita de Sant Crist\u00f2fol","datePublished":"2017-02-15T16:40:51+00:00","mainEntityOfPage":{"@id":"https:\/\/www.copealcoy.es\/es\/concluye-la-restauracion-de-la-ermita-de-sant-cristofol\/"},"wordCount":209,"commentCount":0,"image":{"@id":"https:\/\/www.copealcoy.es\/es\/concluye-la-restauracion-de-la-ermita-de-sant-cristofol\/#primaryimage"},"thumbnailUrl":"https:\/\/www.copealcoy.es\/wp-content\/uploads\/2017\/02\/img_35055.jpg","keywords":["Alcoy","Ermita de Sant Crist\u00f2fol","Jordi Mart\u00ednez","Restauraci\u00f3n"],"articleSection":["Alcoy","Noticias"],"inLanguage":"es"},{"@type":"WebPage","@id":"https:\/\/www.copealcoy.es\/es\/concluye-la-restauracion-de-la-ermita-de-sant-cristofol\/","url":"https:\/\/www.copealcoy.es\/es\/concluye-la-restauracion-de-la-ermita-de-sant-cristofol\/","name":"Concluye la restauraci\u00f3n de la Ermita de Sant Crist\u00f2fol - COPE Alcoy","isPartOf":{"@id":"https:\/\/www.copealcoy.es\/es\/#website"},"primaryImageOfPage":{"@id":"https:\/\/www.copealcoy.es\/es\/concluye-la-restauracion-de-la-ermita-de-sant-cristofol\/#primaryimage"},"image":{"@id":"https:\/\/www.copealcoy.es\/es\/concluye-la-restauracion-de-la-ermita-de-sant-cristofol\/#primaryimage"},"thumbnailUrl":"https:\/\/www.copealcoy.es\/wp-content\/uploads\/2017\/02\/img_35055.jpg","datePublished":"2017-02-15T16:40:51+00:00","author":{"@id":"https:\/\/www.copealcoy.es\/es\/#\/schema\/person\/e777c87fa024e57d40170af9df39882c"},"breadcrumb":{"@id":"https:\/\/www.copealcoy.es\/es\/concluye-la-restauracion-de-la-ermita-de-sant-cristofol\/#breadcrumb"},"inLanguage":"es","potentialAction":[{"@type":"ReadAction","target":["https:\/\/www.copealcoy.es\/es\/concluye-la-restauracion-de-la-ermita-de-sant-cristofol\/"]}]},{"@type":"ImageObject","inLanguage":"es","@id":"https:\/\/www.copealcoy.es\/es\/concluye-la-restauracion-de-la-ermita-de-sant-cristofol\/#primaryimage","url":"https:\/\/www.copealcoy.es\/wp-content\/uploads\/2017\/02\/img_35055.jpg","contentUrl":"https:\/\/www.copealcoy.es\/wp-content\/uploads\/2017\/02\/img_35055.jpg","width":670,"height":377,"caption":"La Ermita de Sant Crist\u00f2fol luce nuevo aspecto tras la restauraci\u00f3n \/ Foto: Ajuntament d\u00b4Alcoi"},{"@type":"BreadcrumbList","@id":"https:\/\/www.copealcoy.es\/es\/concluye-la-restauracion-de-la-ermita-de-sant-cristofol\/#breadcrumb","itemListElement":[{"@type":"ListItem","position":1,"name":"Portada","item":"https:\/\/www.copealcoy.es\/es\/"},{"@type":"ListItem","position":2,"name":"Concluye la restauraci\u00f3n de la Ermita de Sant Crist\u00f2fol"}]},{"@type":"WebSite","@id":"https:\/\/www.copealcoy.es\/es\/#website","url":"https:\/\/www.copealcoy.es\/es\/","name":"COPE Alcoy","description":"Emisora COPE de radio local con emisi\u00f3n online. Pont de Sant Jordi 8-10 03803 Alcoy","potentialAction":[{"@type":"SearchAction","target":{"@type":"EntryPoint","urlTemplate":"https:\/\/www.copealcoy.es\/es\/?s={search_term_string}"},"query-input":{"@type":"PropertyValueSpecification","valueRequired":true,"valueName":"search_term_string"}}],"inLanguage":"es"},{"@type":"Person","@id":"https:\/\/www.copealcoy.es\/es\/#\/schema\/person\/e777c87fa024e57d40170af9df39882c","name":"Cope Alcoy","image":{"@type":"ImageObject","inLanguage":"es","@id":"https:\/\/secure.gravatar.com\/avatar\/bb65d0283347e303893ba14f0692005417c1e0e690a325a4c5d8bb2b3943ee14?s=96&d=mm&r=g","url":"https:\/\/secure.gravatar.com\/avatar\/bb65d0283347e303893ba14f0692005417c1e0e690a325a4c5d8bb2b3943ee14?s=96&d=mm&r=g","contentUrl":"https:\/\/secure.gravatar.com\/avatar\/bb65d0283347e303893ba14f0692005417c1e0e690a325a4c5d8bb2b3943ee14?s=96&d=mm&r=g","caption":"Cope Alcoy"}}]}},"_links":{"self":[{"href":"https:\/\/www.copealcoy.es\/es\/wp-json\/wp\/v2\/posts\/28881","targetHints":{"allow":["GET"]}}],"collection":[{"href":"https:\/\/www.copealcoy.es\/es\/wp-json\/wp\/v2\/posts"}],"about":[{"href":"https:\/\/www.copealcoy.es\/es\/wp-json\/wp\/v2\/types\/post"}],"author":[{"embeddable":true,"href":"https:\/\/www.copealcoy.es\/es\/wp-json\/wp\/v2\/users\/1"}],"replies":[{"embeddable":true,"href":"https:\/\/www.copealcoy.es\/es\/wp-json\/wp\/v2\/comments?post=28881"}],"version-history":[{"count":0,"href":"https:\/\/www.copealcoy.es\/es\/wp-json\/wp\/v2\/posts\/28881\/revisions"}],"wp:featuredmedia":[{"embeddable":true,"href":"https:\/\/www.copealcoy.es\/es\/wp-json\/wp\/v2\/media\/28882"}],"wp:attachment":[{"href":"https:\/\/www.copealcoy.es\/es\/wp-json\/wp\/v2\/media?parent=28881"}],"wp:term":[{"taxonomy":"category","embeddable":true,"href":"https:\/\/www.copealcoy.es\/es\/wp-json\/wp\/v2\/categories?post=28881"},{"taxonomy":"post_tag","embeddable":true,"href":"https:\/\/www.copealcoy.es\/es\/wp-json\/wp\/v2\/tags?post=28881"}],"curies":[{"name":"wp","href":"https:\/\/api.w.org\/{rel}","templated":true}]}}