{"id":28870,"date":"2017-02-15T16:12:31","date_gmt":"2017-02-15T16:12:31","guid":{"rendered":"http:\/\/copealcoi.es\/new\/?p=28870"},"modified":"2017-02-17T09:26:00","modified_gmt":"2017-02-17T09:26:00","slug":"las-clarisas-recibiran-el-homenaje-a-los-mayores-en-las-fiestas-de-la-mareta","status":"publish","type":"post","link":"https:\/\/www.copealcoy.es\/es\/las-clarisas-recibiran-el-homenaje-a-los-mayores-en-las-fiestas-de-la-mareta\/","title":{"rendered":"Las Clarisas recibir\u00e1n el Homenaje a los Mayores en las fiestas de la Mareta"},"content":{"rendered":"<p style=\"text-align: justify;\">Las\u00a0<strong>Clarisas de Cocentaina<\/strong> recibir\u00e1n el<strong> Homenaje a los Mayores<\/strong> durante las pr\u00f3ximas <strong>fiestas patronales en honor a la Mare de D\u00e9u del Miracle<\/strong> que se celebrar\u00e1n en el mes de abril.\u00a0Desde la P\u00eda Uni\u00f3n Virgen del Milagro,\u00a0entidad encargada de organizar los festejos patronales, han comunicado la noticia a las religiosas y <strong>las mismas ya esperan con ilusi\u00f3n este homenaje<\/strong> que cada a\u00f1o recae en aquellos mayores que\u00a0durante su vida han profesado <strong>una gran devoci\u00f3n<\/strong> a la Mareta.<\/p>\n<p style=\"text-align: justify;\"><strong>Reis Pascual,<\/strong> presidenta de la P\u00eda Uni\u00f3n, explicaba este mi\u00e9rcoles en el Informativo Comarcal de COPE ALCOY que <strong>las Clarisas son muy queridas en Cocentaina<\/strong> y afirmaba que el Homenaje a los Mayores\u00a0es tambi\u00e9n <strong>un reconocimiento de todo el pueblo<\/strong><em> &#8220;ellas est\u00e1n muy emocionadas. \u00a0 Tres religiosas eran de aqu\u00ed y hace poco nos dejaron dos. Queda Sor Consuelo y seguro que vivir\u00e1 las pr\u00f3ximas fiestas patronales con mucha ilusi\u00f3n. Toda la Junta de la P\u00eda Uni\u00f3n ten\u00edamos claro que eran merecedoras de este reconocimiento por su entrega a la Mare de D\u00e9u&#8221;<\/em>, detalla.<\/p>\n<p style=\"text-align: justify;\">Recordar que la Comunidad de Clarisas lleva adelante<strong> su actividad pastoral en el Monasterio de la Mare de D\u00e9u<\/strong>, sin olvidar varias tareas como la confecci\u00f3n o la elaboraci\u00f3n de art\u00edculos religiosas, y las monjas son tambi\u00e9n las <strong>encargadas de custodiar a la Mareta<\/strong> desde el 18 de diciembre del a\u00f1o 1.653. Fue aquel d\u00eda cuando a petici\u00f3n del entonces Conde de Cocentaina, Don Diego de Benavides, <strong>llegaron procedentes de Granada las primeras religiosas<\/strong> hasta el municipio para fundar el Convento.<\/p>\n<p>&nbsp;<\/p>\n<p>&nbsp;<\/p>\n","protected":false},"excerpt":{"rendered":"<p>Las\u00a0Clarisas de Cocentaina recibir\u00e1n el Homenaje a los Mayores durante las pr\u00f3ximas fiestas patronales en honor a la Mare de&#8230;<\/p>\n","protected":false},"author":1,"featured_media":28871,"comment_status":"open","ping_status":"open","sticky":false,"template":"","format":"standard","meta":{"footnotes":""},"categories":[98,75],"tags":[2759,132,1984,864,1953,3718],"class_list":["post-28870","post","type-post","status-publish","format-standard","has-post-thumbnail","hentry","category-comarcas","category-noticias","tag-clarisas","tag-cocentaina","tag-mare-de-deu-del-miracle","tag-mareta","tag-pia-union","tag-reis-pascual"],"yoast_head":"<!-- This site is optimized with the Yoast SEO plugin v27.3 - https:\/\/yoast.com\/product\/yoast-seo-wordpress\/ -->\n<title>Las Clarisas recibir\u00e1n el Homenaje a los Mayores en las fiestas de la Mareta - COPE Alcoy<\/title>\n<meta name=\"robots\" content=\"index, follow, max-snippet:-1, max-image-preview:large, max-video-preview:-1\" \/>\n<link rel=\"canonical\" href=\"https:\/\/www.copealcoy.es\/es\/las-clarisas-recibiran-el-homenaje-a-los-mayores-en-las-fiestas-de-la-mareta\/\" \/>\n<meta property=\"og:locale\" content=\"es_ES\" \/>\n<meta property=\"og:type\" content=\"article\" \/>\n<meta property=\"og:title\" content=\"Las Clarisas recibir\u00e1n el Homenaje a los Mayores en las fiestas de la Mareta - COPE Alcoy\" \/>\n<meta property=\"og:description\" content=\"Las\u00a0Clarisas de Cocentaina recibir\u00e1n el Homenaje a los Mayores durante las pr\u00f3ximas fiestas patronales en honor a la Mare de...\" \/>\n<meta property=\"og:url\" content=\"https:\/\/www.copealcoy.es\/es\/las-clarisas-recibiran-el-homenaje-a-los-mayores-en-las-fiestas-de-la-mareta\/\" \/>\n<meta property=\"og:site_name\" content=\"COPE Alcoy\" \/>\n<meta property=\"article:published_time\" content=\"2017-02-15T16:12:31+00:00\" \/>\n<meta property=\"article:modified_time\" content=\"2017-02-17T09:26:00+00:00\" \/>\n<meta property=\"og:image\" content=\"https:\/\/www.copealcoy.es\/wp-content\/uploads\/2017\/02\/15826134_1799690480292748_4267820156029895800_n.jpg\" \/>\n\t<meta property=\"og:image:width\" content=\"960\" \/>\n\t<meta property=\"og:image:height\" content=\"540\" \/>\n\t<meta property=\"og:image:type\" content=\"image\/jpeg\" \/>\n<meta name=\"author\" content=\"Cope Alcoy\" \/>\n<meta name=\"twitter:label1\" content=\"Escrito por\" \/>\n\t<meta name=\"twitter:data1\" content=\"Cope Alcoy\" \/>\n\t<meta name=\"twitter:label2\" content=\"Tiempo de lectura\" \/>\n\t<meta name=\"twitter:data2\" content=\"1 minuto\" \/>\n<script type=\"application\/ld+json\" class=\"yoast-schema-graph\">{\"@context\":\"https:\\\/\\\/schema.org\",\"@graph\":[{\"@type\":\"Article\",\"@id\":\"https:\\\/\\\/www.copealcoy.es\\\/es\\\/las-clarisas-recibiran-el-homenaje-a-los-mayores-en-las-fiestas-de-la-mareta\\\/#article\",\"isPartOf\":{\"@id\":\"https:\\\/\\\/www.copealcoy.es\\\/es\\\/las-clarisas-recibiran-el-homenaje-a-los-mayores-en-las-fiestas-de-la-mareta\\\/\"},\"author\":{\"name\":\"Cope Alcoy\",\"@id\":\"https:\\\/\\\/www.copealcoy.es\\\/es\\\/#\\\/schema\\\/person\\\/e777c87fa024e57d40170af9df39882c\"},\"headline\":\"Las Clarisas recibir\u00e1n el Homenaje a los Mayores en las fiestas de la Mareta\",\"datePublished\":\"2017-02-15T16:12:31+00:00\",\"dateModified\":\"2017-02-17T09:26:00+00:00\",\"mainEntityOfPage\":{\"@id\":\"https:\\\/\\\/www.copealcoy.es\\\/es\\\/las-clarisas-recibiran-el-homenaje-a-los-mayores-en-las-fiestas-de-la-mareta\\\/\"},\"wordCount\":299,\"commentCount\":0,\"image\":{\"@id\":\"https:\\\/\\\/www.copealcoy.es\\\/es\\\/las-clarisas-recibiran-el-homenaje-a-los-mayores-en-las-fiestas-de-la-mareta\\\/#primaryimage\"},\"thumbnailUrl\":\"https:\\\/\\\/www.copealcoy.es\\\/wp-content\\\/uploads\\\/2017\\\/02\\\/15826134_1799690480292748_4267820156029895800_n.jpg\",\"keywords\":[\"Clarisas\",\"Cocentaina\",\"Mare de D\u00e9u del Miracle\",\"Mareta\",\"P\u00eda Uni\u00f3n\",\"Reis Pascual\"],\"articleSection\":[\"Comarcas\",\"Noticias\"],\"inLanguage\":\"es\"},{\"@type\":\"WebPage\",\"@id\":\"https:\\\/\\\/www.copealcoy.es\\\/es\\\/las-clarisas-recibiran-el-homenaje-a-los-mayores-en-las-fiestas-de-la-mareta\\\/\",\"url\":\"https:\\\/\\\/www.copealcoy.es\\\/es\\\/las-clarisas-recibiran-el-homenaje-a-los-mayores-en-las-fiestas-de-la-mareta\\\/\",\"name\":\"Las Clarisas recibir\u00e1n el Homenaje a los Mayores en las fiestas de la Mareta - COPE Alcoy\",\"isPartOf\":{\"@id\":\"https:\\\/\\\/www.copealcoy.es\\\/es\\\/#website\"},\"primaryImageOfPage\":{\"@id\":\"https:\\\/\\\/www.copealcoy.es\\\/es\\\/las-clarisas-recibiran-el-homenaje-a-los-mayores-en-las-fiestas-de-la-mareta\\\/#primaryimage\"},\"image\":{\"@id\":\"https:\\\/\\\/www.copealcoy.es\\\/es\\\/las-clarisas-recibiran-el-homenaje-a-los-mayores-en-las-fiestas-de-la-mareta\\\/#primaryimage\"},\"thumbnailUrl\":\"https:\\\/\\\/www.copealcoy.es\\\/wp-content\\\/uploads\\\/2017\\\/02\\\/15826134_1799690480292748_4267820156029895800_n.jpg\",\"datePublished\":\"2017-02-15T16:12:31+00:00\",\"dateModified\":\"2017-02-17T09:26:00+00:00\",\"author\":{\"@id\":\"https:\\\/\\\/www.copealcoy.es\\\/es\\\/#\\\/schema\\\/person\\\/e777c87fa024e57d40170af9df39882c\"},\"breadcrumb\":{\"@id\":\"https:\\\/\\\/www.copealcoy.es\\\/es\\\/las-clarisas-recibiran-el-homenaje-a-los-mayores-en-las-fiestas-de-la-mareta\\\/#breadcrumb\"},\"inLanguage\":\"es\",\"potentialAction\":[{\"@type\":\"ReadAction\",\"target\":[\"https:\\\/\\\/www.copealcoy.es\\\/es\\\/las-clarisas-recibiran-el-homenaje-a-los-mayores-en-las-fiestas-de-la-mareta\\\/\"]}]},{\"@type\":\"ImageObject\",\"inLanguage\":\"es\",\"@id\":\"https:\\\/\\\/www.copealcoy.es\\\/es\\\/las-clarisas-recibiran-el-homenaje-a-los-mayores-en-las-fiestas-de-la-mareta\\\/#primaryimage\",\"url\":\"https:\\\/\\\/www.copealcoy.es\\\/wp-content\\\/uploads\\\/2017\\\/02\\\/15826134_1799690480292748_4267820156029895800_n.jpg\",\"contentUrl\":\"https:\\\/\\\/www.copealcoy.es\\\/wp-content\\\/uploads\\\/2017\\\/02\\\/15826134_1799690480292748_4267820156029895800_n.jpg\",\"width\":960,\"height\":540,\"caption\":\"Las Clarisas recibiendo la visita de los Reyes Magos el pasado mes de enero\"},{\"@type\":\"BreadcrumbList\",\"@id\":\"https:\\\/\\\/www.copealcoy.es\\\/es\\\/las-clarisas-recibiran-el-homenaje-a-los-mayores-en-las-fiestas-de-la-mareta\\\/#breadcrumb\",\"itemListElement\":[{\"@type\":\"ListItem\",\"position\":1,\"name\":\"Portada\",\"item\":\"https:\\\/\\\/www.copealcoy.es\\\/es\\\/\"},{\"@type\":\"ListItem\",\"position\":2,\"name\":\"Las Clarisas recibir\u00e1n el Homenaje a los Mayores en las fiestas de la Mareta\"}]},{\"@type\":\"WebSite\",\"@id\":\"https:\\\/\\\/www.copealcoy.es\\\/es\\\/#website\",\"url\":\"https:\\\/\\\/www.copealcoy.es\\\/es\\\/\",\"name\":\"COPE Alcoy\",\"description\":\"Emisora COPE de radio local con emisi\u00f3n online. Pont de Sant Jordi 8-10 03803 Alcoy\",\"potentialAction\":[{\"@type\":\"SearchAction\",\"target\":{\"@type\":\"EntryPoint\",\"urlTemplate\":\"https:\\\/\\\/www.copealcoy.es\\\/es\\\/?s={search_term_string}\"},\"query-input\":{\"@type\":\"PropertyValueSpecification\",\"valueRequired\":true,\"valueName\":\"search_term_string\"}}],\"inLanguage\":\"es\"},{\"@type\":\"Person\",\"@id\":\"https:\\\/\\\/www.copealcoy.es\\\/es\\\/#\\\/schema\\\/person\\\/e777c87fa024e57d40170af9df39882c\",\"name\":\"Cope Alcoy\",\"image\":{\"@type\":\"ImageObject\",\"inLanguage\":\"es\",\"@id\":\"https:\\\/\\\/secure.gravatar.com\\\/avatar\\\/bb65d0283347e303893ba14f0692005417c1e0e690a325a4c5d8bb2b3943ee14?s=96&d=mm&r=g\",\"url\":\"https:\\\/\\\/secure.gravatar.com\\\/avatar\\\/bb65d0283347e303893ba14f0692005417c1e0e690a325a4c5d8bb2b3943ee14?s=96&d=mm&r=g\",\"contentUrl\":\"https:\\\/\\\/secure.gravatar.com\\\/avatar\\\/bb65d0283347e303893ba14f0692005417c1e0e690a325a4c5d8bb2b3943ee14?s=96&d=mm&r=g\",\"caption\":\"Cope Alcoy\"}}]}<\/script>\n<!-- \/ Yoast SEO plugin. -->","yoast_head_json":{"title":"Las Clarisas recibir\u00e1n el Homenaje a los Mayores en las fiestas de la Mareta - COPE Alcoy","robots":{"index":"index","follow":"follow","max-snippet":"max-snippet:-1","max-image-preview":"max-image-preview:large","max-video-preview":"max-video-preview:-1"},"canonical":"https:\/\/www.copealcoy.es\/es\/las-clarisas-recibiran-el-homenaje-a-los-mayores-en-las-fiestas-de-la-mareta\/","og_locale":"es_ES","og_type":"article","og_title":"Las Clarisas recibir\u00e1n el Homenaje a los Mayores en las fiestas de la Mareta - COPE Alcoy","og_description":"Las\u00a0Clarisas de Cocentaina recibir\u00e1n el Homenaje a los Mayores durante las pr\u00f3ximas fiestas patronales en honor a la Mare de...","og_url":"https:\/\/www.copealcoy.es\/es\/las-clarisas-recibiran-el-homenaje-a-los-mayores-en-las-fiestas-de-la-mareta\/","og_site_name":"COPE Alcoy","article_published_time":"2017-02-15T16:12:31+00:00","article_modified_time":"2017-02-17T09:26:00+00:00","og_image":[{"width":960,"height":540,"url":"https:\/\/www.copealcoy.es\/wp-content\/uploads\/2017\/02\/15826134_1799690480292748_4267820156029895800_n.jpg","type":"image\/jpeg"}],"author":"Cope Alcoy","twitter_misc":{"Escrito por":"Cope Alcoy","Tiempo de lectura":"1 minuto"},"schema":{"@context":"https:\/\/schema.org","@graph":[{"@type":"Article","@id":"https:\/\/www.copealcoy.es\/es\/las-clarisas-recibiran-el-homenaje-a-los-mayores-en-las-fiestas-de-la-mareta\/#article","isPartOf":{"@id":"https:\/\/www.copealcoy.es\/es\/las-clarisas-recibiran-el-homenaje-a-los-mayores-en-las-fiestas-de-la-mareta\/"},"author":{"name":"Cope Alcoy","@id":"https:\/\/www.copealcoy.es\/es\/#\/schema\/person\/e777c87fa024e57d40170af9df39882c"},"headline":"Las Clarisas recibir\u00e1n el Homenaje a los Mayores en las fiestas de la Mareta","datePublished":"2017-02-15T16:12:31+00:00","dateModified":"2017-02-17T09:26:00+00:00","mainEntityOfPage":{"@id":"https:\/\/www.copealcoy.es\/es\/las-clarisas-recibiran-el-homenaje-a-los-mayores-en-las-fiestas-de-la-mareta\/"},"wordCount":299,"commentCount":0,"image":{"@id":"https:\/\/www.copealcoy.es\/es\/las-clarisas-recibiran-el-homenaje-a-los-mayores-en-las-fiestas-de-la-mareta\/#primaryimage"},"thumbnailUrl":"https:\/\/www.copealcoy.es\/wp-content\/uploads\/2017\/02\/15826134_1799690480292748_4267820156029895800_n.jpg","keywords":["Clarisas","Cocentaina","Mare de D\u00e9u del Miracle","Mareta","P\u00eda Uni\u00f3n","Reis Pascual"],"articleSection":["Comarcas","Noticias"],"inLanguage":"es"},{"@type":"WebPage","@id":"https:\/\/www.copealcoy.es\/es\/las-clarisas-recibiran-el-homenaje-a-los-mayores-en-las-fiestas-de-la-mareta\/","url":"https:\/\/www.copealcoy.es\/es\/las-clarisas-recibiran-el-homenaje-a-los-mayores-en-las-fiestas-de-la-mareta\/","name":"Las Clarisas recibir\u00e1n el Homenaje a los Mayores en las fiestas de la Mareta - COPE Alcoy","isPartOf":{"@id":"https:\/\/www.copealcoy.es\/es\/#website"},"primaryImageOfPage":{"@id":"https:\/\/www.copealcoy.es\/es\/las-clarisas-recibiran-el-homenaje-a-los-mayores-en-las-fiestas-de-la-mareta\/#primaryimage"},"image":{"@id":"https:\/\/www.copealcoy.es\/es\/las-clarisas-recibiran-el-homenaje-a-los-mayores-en-las-fiestas-de-la-mareta\/#primaryimage"},"thumbnailUrl":"https:\/\/www.copealcoy.es\/wp-content\/uploads\/2017\/02\/15826134_1799690480292748_4267820156029895800_n.jpg","datePublished":"2017-02-15T16:12:31+00:00","dateModified":"2017-02-17T09:26:00+00:00","author":{"@id":"https:\/\/www.copealcoy.es\/es\/#\/schema\/person\/e777c87fa024e57d40170af9df39882c"},"breadcrumb":{"@id":"https:\/\/www.copealcoy.es\/es\/las-clarisas-recibiran-el-homenaje-a-los-mayores-en-las-fiestas-de-la-mareta\/#breadcrumb"},"inLanguage":"es","potentialAction":[{"@type":"ReadAction","target":["https:\/\/www.copealcoy.es\/es\/las-clarisas-recibiran-el-homenaje-a-los-mayores-en-las-fiestas-de-la-mareta\/"]}]},{"@type":"ImageObject","inLanguage":"es","@id":"https:\/\/www.copealcoy.es\/es\/las-clarisas-recibiran-el-homenaje-a-los-mayores-en-las-fiestas-de-la-mareta\/#primaryimage","url":"https:\/\/www.copealcoy.es\/wp-content\/uploads\/2017\/02\/15826134_1799690480292748_4267820156029895800_n.jpg","contentUrl":"https:\/\/www.copealcoy.es\/wp-content\/uploads\/2017\/02\/15826134_1799690480292748_4267820156029895800_n.jpg","width":960,"height":540,"caption":"Las Clarisas recibiendo la visita de los Reyes Magos el pasado mes de enero"},{"@type":"BreadcrumbList","@id":"https:\/\/www.copealcoy.es\/es\/las-clarisas-recibiran-el-homenaje-a-los-mayores-en-las-fiestas-de-la-mareta\/#breadcrumb","itemListElement":[{"@type":"ListItem","position":1,"name":"Portada","item":"https:\/\/www.copealcoy.es\/es\/"},{"@type":"ListItem","position":2,"name":"Las Clarisas recibir\u00e1n el Homenaje a los Mayores en las fiestas de la Mareta"}]},{"@type":"WebSite","@id":"https:\/\/www.copealcoy.es\/es\/#website","url":"https:\/\/www.copealcoy.es\/es\/","name":"COPE Alcoy","description":"Emisora COPE de radio local con emisi\u00f3n online. Pont de Sant Jordi 8-10 03803 Alcoy","potentialAction":[{"@type":"SearchAction","target":{"@type":"EntryPoint","urlTemplate":"https:\/\/www.copealcoy.es\/es\/?s={search_term_string}"},"query-input":{"@type":"PropertyValueSpecification","valueRequired":true,"valueName":"search_term_string"}}],"inLanguage":"es"},{"@type":"Person","@id":"https:\/\/www.copealcoy.es\/es\/#\/schema\/person\/e777c87fa024e57d40170af9df39882c","name":"Cope Alcoy","image":{"@type":"ImageObject","inLanguage":"es","@id":"https:\/\/secure.gravatar.com\/avatar\/bb65d0283347e303893ba14f0692005417c1e0e690a325a4c5d8bb2b3943ee14?s=96&d=mm&r=g","url":"https:\/\/secure.gravatar.com\/avatar\/bb65d0283347e303893ba14f0692005417c1e0e690a325a4c5d8bb2b3943ee14?s=96&d=mm&r=g","contentUrl":"https:\/\/secure.gravatar.com\/avatar\/bb65d0283347e303893ba14f0692005417c1e0e690a325a4c5d8bb2b3943ee14?s=96&d=mm&r=g","caption":"Cope Alcoy"}}]}},"_links":{"self":[{"href":"https:\/\/www.copealcoy.es\/es\/wp-json\/wp\/v2\/posts\/28870","targetHints":{"allow":["GET"]}}],"collection":[{"href":"https:\/\/www.copealcoy.es\/es\/wp-json\/wp\/v2\/posts"}],"about":[{"href":"https:\/\/www.copealcoy.es\/es\/wp-json\/wp\/v2\/types\/post"}],"author":[{"embeddable":true,"href":"https:\/\/www.copealcoy.es\/es\/wp-json\/wp\/v2\/users\/1"}],"replies":[{"embeddable":true,"href":"https:\/\/www.copealcoy.es\/es\/wp-json\/wp\/v2\/comments?post=28870"}],"version-history":[{"count":0,"href":"https:\/\/www.copealcoy.es\/es\/wp-json\/wp\/v2\/posts\/28870\/revisions"}],"wp:featuredmedia":[{"embeddable":true,"href":"https:\/\/www.copealcoy.es\/es\/wp-json\/wp\/v2\/media\/28871"}],"wp:attachment":[{"href":"https:\/\/www.copealcoy.es\/es\/wp-json\/wp\/v2\/media?parent=28870"}],"wp:term":[{"taxonomy":"category","embeddable":true,"href":"https:\/\/www.copealcoy.es\/es\/wp-json\/wp\/v2\/categories?post=28870"},{"taxonomy":"post_tag","embeddable":true,"href":"https:\/\/www.copealcoy.es\/es\/wp-json\/wp\/v2\/tags?post=28870"}],"curies":[{"name":"wp","href":"https:\/\/api.w.org\/{rel}","templated":true}]}}