{"id":28863,"date":"2017-02-15T15:36:37","date_gmt":"2017-02-15T15:36:37","guid":{"rendered":"http:\/\/copealcoi.es\/new\/?p=28863"},"modified":"2017-02-16T18:09:52","modified_gmt":"2017-02-16T18:09:52","slug":"la-caida-de-una-casa-en-el-cami-obliga-a-modificar-el-trafico-en-el-centro","status":"publish","type":"post","link":"https:\/\/www.copealcoy.es\/es\/la-caida-de-una-casa-en-el-cami-obliga-a-modificar-el-trafico-en-el-centro\/","title":{"rendered":"La ca\u00edda de una casa en El Cam\u00ed obliga a modificar el tr\u00e1fico en el Centro"},"content":{"rendered":"<p style=\"text-align: justify;\">Una casa se ha venido abajo en <strong>El Cam\u00ed n\u00famero 15 de Alcoy<\/strong>\u00a0al filo de la una del mediod\u00eda de este mi\u00e9rcoles <strong>sin provocar da\u00f1os personales<\/strong> puesto que la vivienda estaba desocupada. El hecho ha obligado a <strong>acordonar la zona y los peatones han tenido que transitar por La Glorieta<\/strong> mientras que<strong>\u00a0se ha cortado al tr\u00e1fico<\/strong> la calle San Nicol\u00e1s y el primer tramo de El Cam\u00ed en sentido de subida. Ante esto, seg\u00fan ha informado el Ayuntamiento de Alcoy, <strong>se ha abierto provisionalmente la plaza Ferr\u00e1ndiz y Carbonell<\/strong> para facilitar el acceso a la Zona Alta y aliviar tambi\u00e9n el tr\u00e1fico en el Centro.<\/p>\n<p style=\"text-align: justify;\"><strong>Jordi Mart\u00ednez<\/strong>, concejal de Obras y Servicios en el Ayuntamiento de Alcoy, explicaba en el informativo mediod\u00eda de COPE ALCOY que <strong>la aparici\u00f3n de una grieta<\/strong> en la parte trasera de la vivienda que ha ca\u00eddo hab\u00eda servido para <strong>alertar a la Polic\u00eda Local<\/strong><em> &#8220;afortunadamente no hemos tenido que lamentar ning\u00fan da\u00f1o personal ni material. Son edificios que presentaban problemas estructurales que se han agravado en los \u00faltimos temporales. Ahora los t\u00e9cnicos municipales evaluar\u00e1n los inmuebles colindantes y esperamos cuanto antes poder normalizar el tr\u00e1fico en la Zona Alta&#8221;<\/em>, detalla.<\/p>\n<p style=\"text-align: justify;\">La ca\u00edda del inmueble ha causado tambi\u00e9n <strong>cambios en el autob\u00fas<\/strong> urbano. La <strong>l\u00ednea 1<\/strong> discurre\u00a0por la calle Gabriel Mir\u00f3 y sigue\u00a0por Entenza hacia Santa Rosa, Oliver, la Beniata, Avenida de Elx, Caballero Merita y M\u00fasico Carbonell<strong> quedando anuladas las paradas<\/strong> del Puente de San Jorge y Santo Tom\u00e1s. En la <strong>l\u00ednea 2<\/strong> el bus gira hacia Entenza por Isabel La Cat\u00f3lica y avanza hacia Santa Rosa, Oliver, la Beniata, Avenida de Elx, Caballero Merita y M\u00fasico Carbonell. En este caso <strong>se anulan las paradas<\/strong> de La Alameda, Puente de Sant Jorge y Santo Tom\u00e1s.<\/p>\n","protected":false},"excerpt":{"rendered":"<p>Una casa se ha venido abajo en El Cam\u00ed n\u00famero 15 de Alcoy\u00a0al filo de la una del mediod\u00eda de&#8230;<\/p>\n","protected":false},"author":1,"featured_media":28865,"comment_status":"open","ping_status":"open","sticky":false,"template":"","format":"standard","meta":{"footnotes":""},"categories":[97,75,125],"tags":[1494,3717,295,869,927],"class_list":["post-28863","post","type-post","status-publish","format-standard","has-post-thumbnail","hentry","category-alcoy","category-noticias","category-portada","tag-alcoy","tag-casa","tag-centro","tag-el-cami","tag-jordi-martinez"],"yoast_head":"<!-- This site is optimized with the Yoast SEO plugin v27.3 - https:\/\/yoast.com\/product\/yoast-seo-wordpress\/ -->\n<title>La ca\u00edda de una casa en El Cam\u00ed obliga a modificar el tr\u00e1fico en el Centro - COPE Alcoy<\/title>\n<meta name=\"robots\" content=\"index, follow, max-snippet:-1, max-image-preview:large, max-video-preview:-1\" \/>\n<link rel=\"canonical\" href=\"https:\/\/www.copealcoy.es\/es\/la-caida-de-una-casa-en-el-cami-obliga-a-modificar-el-trafico-en-el-centro\/\" \/>\n<meta property=\"og:locale\" content=\"es_ES\" \/>\n<meta property=\"og:type\" content=\"article\" \/>\n<meta property=\"og:title\" content=\"La ca\u00edda de una casa en El Cam\u00ed obliga a modificar el tr\u00e1fico en el Centro - COPE Alcoy\" \/>\n<meta property=\"og:description\" content=\"Una casa se ha venido abajo en El Cam\u00ed n\u00famero 15 de Alcoy\u00a0al filo de la una del mediod\u00eda de...\" \/>\n<meta property=\"og:url\" content=\"https:\/\/www.copealcoy.es\/es\/la-caida-de-una-casa-en-el-cami-obliga-a-modificar-el-trafico-en-el-centro\/\" \/>\n<meta property=\"og:site_name\" content=\"COPE Alcoy\" \/>\n<meta property=\"article:published_time\" content=\"2017-02-15T15:36:37+00:00\" \/>\n<meta property=\"article:modified_time\" content=\"2017-02-16T18:09:52+00:00\" \/>\n<meta property=\"og:image\" content=\"https:\/\/www.copealcoy.es\/wp-content\/uploads\/2017\/02\/4132a86a8e0449a09a05a1550a72e52f-e1487172958962.jpg\" \/>\n\t<meta property=\"og:image:width\" content=\"419\" \/>\n\t<meta property=\"og:image:height\" content=\"243\" \/>\n\t<meta property=\"og:image:type\" content=\"image\/jpeg\" \/>\n<meta name=\"author\" content=\"Cope Alcoy\" \/>\n<meta name=\"twitter:label1\" content=\"Escrito por\" \/>\n\t<meta name=\"twitter:data1\" content=\"Cope Alcoy\" \/>\n\t<meta name=\"twitter:label2\" content=\"Tiempo de lectura\" \/>\n\t<meta name=\"twitter:data2\" content=\"2 minutos\" \/>\n<script type=\"application\/ld+json\" class=\"yoast-schema-graph\">{\"@context\":\"https:\\\/\\\/schema.org\",\"@graph\":[{\"@type\":\"Article\",\"@id\":\"https:\\\/\\\/www.copealcoy.es\\\/es\\\/la-caida-de-una-casa-en-el-cami-obliga-a-modificar-el-trafico-en-el-centro\\\/#article\",\"isPartOf\":{\"@id\":\"https:\\\/\\\/www.copealcoy.es\\\/es\\\/la-caida-de-una-casa-en-el-cami-obliga-a-modificar-el-trafico-en-el-centro\\\/\"},\"author\":{\"name\":\"Cope Alcoy\",\"@id\":\"https:\\\/\\\/www.copealcoy.es\\\/es\\\/#\\\/schema\\\/person\\\/e777c87fa024e57d40170af9df39882c\"},\"headline\":\"La ca\u00edda de una casa en El Cam\u00ed obliga a modificar el tr\u00e1fico en el Centro\",\"datePublished\":\"2017-02-15T15:36:37+00:00\",\"dateModified\":\"2017-02-16T18:09:52+00:00\",\"mainEntityOfPage\":{\"@id\":\"https:\\\/\\\/www.copealcoy.es\\\/es\\\/la-caida-de-una-casa-en-el-cami-obliga-a-modificar-el-trafico-en-el-centro\\\/\"},\"wordCount\":340,\"commentCount\":0,\"image\":{\"@id\":\"https:\\\/\\\/www.copealcoy.es\\\/es\\\/la-caida-de-una-casa-en-el-cami-obliga-a-modificar-el-trafico-en-el-centro\\\/#primaryimage\"},\"thumbnailUrl\":\"https:\\\/\\\/www.copealcoy.es\\\/wp-content\\\/uploads\\\/2017\\\/02\\\/4132a86a8e0449a09a05a1550a72e52f-e1487172958962.jpg\",\"keywords\":[\"Alcoy\",\"Casa\",\"Centro\",\"El Cam\u00ed\",\"Jordi Mart\u00ednez\"],\"articleSection\":[\"Alcoy\",\"Noticias\",\"Portada\"],\"inLanguage\":\"es\"},{\"@type\":\"WebPage\",\"@id\":\"https:\\\/\\\/www.copealcoy.es\\\/es\\\/la-caida-de-una-casa-en-el-cami-obliga-a-modificar-el-trafico-en-el-centro\\\/\",\"url\":\"https:\\\/\\\/www.copealcoy.es\\\/es\\\/la-caida-de-una-casa-en-el-cami-obliga-a-modificar-el-trafico-en-el-centro\\\/\",\"name\":\"La ca\u00edda de una casa en El Cam\u00ed obliga a modificar el tr\u00e1fico en el Centro - COPE Alcoy\",\"isPartOf\":{\"@id\":\"https:\\\/\\\/www.copealcoy.es\\\/es\\\/#website\"},\"primaryImageOfPage\":{\"@id\":\"https:\\\/\\\/www.copealcoy.es\\\/es\\\/la-caida-de-una-casa-en-el-cami-obliga-a-modificar-el-trafico-en-el-centro\\\/#primaryimage\"},\"image\":{\"@id\":\"https:\\\/\\\/www.copealcoy.es\\\/es\\\/la-caida-de-una-casa-en-el-cami-obliga-a-modificar-el-trafico-en-el-centro\\\/#primaryimage\"},\"thumbnailUrl\":\"https:\\\/\\\/www.copealcoy.es\\\/wp-content\\\/uploads\\\/2017\\\/02\\\/4132a86a8e0449a09a05a1550a72e52f-e1487172958962.jpg\",\"datePublished\":\"2017-02-15T15:36:37+00:00\",\"dateModified\":\"2017-02-16T18:09:52+00:00\",\"author\":{\"@id\":\"https:\\\/\\\/www.copealcoy.es\\\/es\\\/#\\\/schema\\\/person\\\/e777c87fa024e57d40170af9df39882c\"},\"breadcrumb\":{\"@id\":\"https:\\\/\\\/www.copealcoy.es\\\/es\\\/la-caida-de-una-casa-en-el-cami-obliga-a-modificar-el-trafico-en-el-centro\\\/#breadcrumb\"},\"inLanguage\":\"es\",\"potentialAction\":[{\"@type\":\"ReadAction\",\"target\":[\"https:\\\/\\\/www.copealcoy.es\\\/es\\\/la-caida-de-una-casa-en-el-cami-obliga-a-modificar-el-trafico-en-el-centro\\\/\"]}]},{\"@type\":\"ImageObject\",\"inLanguage\":\"es\",\"@id\":\"https:\\\/\\\/www.copealcoy.es\\\/es\\\/la-caida-de-una-casa-en-el-cami-obliga-a-modificar-el-trafico-en-el-centro\\\/#primaryimage\",\"url\":\"https:\\\/\\\/www.copealcoy.es\\\/wp-content\\\/uploads\\\/2017\\\/02\\\/4132a86a8e0449a09a05a1550a72e52f-e1487172958962.jpg\",\"contentUrl\":\"https:\\\/\\\/www.copealcoy.es\\\/wp-content\\\/uploads\\\/2017\\\/02\\\/4132a86a8e0449a09a05a1550a72e52f-e1487172958962.jpg\",\"width\":419,\"height\":243,\"caption\":\"Estado en el que ha quedado la vivienda de El Cam\u00ed \\\/ Foto: El Nostre Ciutat\"},{\"@type\":\"BreadcrumbList\",\"@id\":\"https:\\\/\\\/www.copealcoy.es\\\/es\\\/la-caida-de-una-casa-en-el-cami-obliga-a-modificar-el-trafico-en-el-centro\\\/#breadcrumb\",\"itemListElement\":[{\"@type\":\"ListItem\",\"position\":1,\"name\":\"Portada\",\"item\":\"https:\\\/\\\/www.copealcoy.es\\\/es\\\/\"},{\"@type\":\"ListItem\",\"position\":2,\"name\":\"La ca\u00edda de una casa en El Cam\u00ed obliga a modificar el tr\u00e1fico en el Centro\"}]},{\"@type\":\"WebSite\",\"@id\":\"https:\\\/\\\/www.copealcoy.es\\\/es\\\/#website\",\"url\":\"https:\\\/\\\/www.copealcoy.es\\\/es\\\/\",\"name\":\"COPE Alcoy\",\"description\":\"Emisora COPE de radio local con emisi\u00f3n online. Pont de Sant Jordi 8-10 03803 Alcoy\",\"potentialAction\":[{\"@type\":\"SearchAction\",\"target\":{\"@type\":\"EntryPoint\",\"urlTemplate\":\"https:\\\/\\\/www.copealcoy.es\\\/es\\\/?s={search_term_string}\"},\"query-input\":{\"@type\":\"PropertyValueSpecification\",\"valueRequired\":true,\"valueName\":\"search_term_string\"}}],\"inLanguage\":\"es\"},{\"@type\":\"Person\",\"@id\":\"https:\\\/\\\/www.copealcoy.es\\\/es\\\/#\\\/schema\\\/person\\\/e777c87fa024e57d40170af9df39882c\",\"name\":\"Cope Alcoy\",\"image\":{\"@type\":\"ImageObject\",\"inLanguage\":\"es\",\"@id\":\"https:\\\/\\\/secure.gravatar.com\\\/avatar\\\/bb65d0283347e303893ba14f0692005417c1e0e690a325a4c5d8bb2b3943ee14?s=96&d=mm&r=g\",\"url\":\"https:\\\/\\\/secure.gravatar.com\\\/avatar\\\/bb65d0283347e303893ba14f0692005417c1e0e690a325a4c5d8bb2b3943ee14?s=96&d=mm&r=g\",\"contentUrl\":\"https:\\\/\\\/secure.gravatar.com\\\/avatar\\\/bb65d0283347e303893ba14f0692005417c1e0e690a325a4c5d8bb2b3943ee14?s=96&d=mm&r=g\",\"caption\":\"Cope Alcoy\"}}]}<\/script>\n<!-- \/ Yoast SEO plugin. -->","yoast_head_json":{"title":"La ca\u00edda de una casa en El Cam\u00ed obliga a modificar el tr\u00e1fico en el Centro - COPE Alcoy","robots":{"index":"index","follow":"follow","max-snippet":"max-snippet:-1","max-image-preview":"max-image-preview:large","max-video-preview":"max-video-preview:-1"},"canonical":"https:\/\/www.copealcoy.es\/es\/la-caida-de-una-casa-en-el-cami-obliga-a-modificar-el-trafico-en-el-centro\/","og_locale":"es_ES","og_type":"article","og_title":"La ca\u00edda de una casa en El Cam\u00ed obliga a modificar el tr\u00e1fico en el Centro - COPE Alcoy","og_description":"Una casa se ha venido abajo en El Cam\u00ed n\u00famero 15 de Alcoy\u00a0al filo de la una del mediod\u00eda de...","og_url":"https:\/\/www.copealcoy.es\/es\/la-caida-de-una-casa-en-el-cami-obliga-a-modificar-el-trafico-en-el-centro\/","og_site_name":"COPE Alcoy","article_published_time":"2017-02-15T15:36:37+00:00","article_modified_time":"2017-02-16T18:09:52+00:00","og_image":[{"width":419,"height":243,"url":"https:\/\/www.copealcoy.es\/wp-content\/uploads\/2017\/02\/4132a86a8e0449a09a05a1550a72e52f-e1487172958962.jpg","type":"image\/jpeg"}],"author":"Cope Alcoy","twitter_misc":{"Escrito por":"Cope Alcoy","Tiempo de lectura":"2 minutos"},"schema":{"@context":"https:\/\/schema.org","@graph":[{"@type":"Article","@id":"https:\/\/www.copealcoy.es\/es\/la-caida-de-una-casa-en-el-cami-obliga-a-modificar-el-trafico-en-el-centro\/#article","isPartOf":{"@id":"https:\/\/www.copealcoy.es\/es\/la-caida-de-una-casa-en-el-cami-obliga-a-modificar-el-trafico-en-el-centro\/"},"author":{"name":"Cope Alcoy","@id":"https:\/\/www.copealcoy.es\/es\/#\/schema\/person\/e777c87fa024e57d40170af9df39882c"},"headline":"La ca\u00edda de una casa en El Cam\u00ed obliga a modificar el tr\u00e1fico en el Centro","datePublished":"2017-02-15T15:36:37+00:00","dateModified":"2017-02-16T18:09:52+00:00","mainEntityOfPage":{"@id":"https:\/\/www.copealcoy.es\/es\/la-caida-de-una-casa-en-el-cami-obliga-a-modificar-el-trafico-en-el-centro\/"},"wordCount":340,"commentCount":0,"image":{"@id":"https:\/\/www.copealcoy.es\/es\/la-caida-de-una-casa-en-el-cami-obliga-a-modificar-el-trafico-en-el-centro\/#primaryimage"},"thumbnailUrl":"https:\/\/www.copealcoy.es\/wp-content\/uploads\/2017\/02\/4132a86a8e0449a09a05a1550a72e52f-e1487172958962.jpg","keywords":["Alcoy","Casa","Centro","El Cam\u00ed","Jordi Mart\u00ednez"],"articleSection":["Alcoy","Noticias","Portada"],"inLanguage":"es"},{"@type":"WebPage","@id":"https:\/\/www.copealcoy.es\/es\/la-caida-de-una-casa-en-el-cami-obliga-a-modificar-el-trafico-en-el-centro\/","url":"https:\/\/www.copealcoy.es\/es\/la-caida-de-una-casa-en-el-cami-obliga-a-modificar-el-trafico-en-el-centro\/","name":"La ca\u00edda de una casa en El Cam\u00ed obliga a modificar el tr\u00e1fico en el Centro - COPE Alcoy","isPartOf":{"@id":"https:\/\/www.copealcoy.es\/es\/#website"},"primaryImageOfPage":{"@id":"https:\/\/www.copealcoy.es\/es\/la-caida-de-una-casa-en-el-cami-obliga-a-modificar-el-trafico-en-el-centro\/#primaryimage"},"image":{"@id":"https:\/\/www.copealcoy.es\/es\/la-caida-de-una-casa-en-el-cami-obliga-a-modificar-el-trafico-en-el-centro\/#primaryimage"},"thumbnailUrl":"https:\/\/www.copealcoy.es\/wp-content\/uploads\/2017\/02\/4132a86a8e0449a09a05a1550a72e52f-e1487172958962.jpg","datePublished":"2017-02-15T15:36:37+00:00","dateModified":"2017-02-16T18:09:52+00:00","author":{"@id":"https:\/\/www.copealcoy.es\/es\/#\/schema\/person\/e777c87fa024e57d40170af9df39882c"},"breadcrumb":{"@id":"https:\/\/www.copealcoy.es\/es\/la-caida-de-una-casa-en-el-cami-obliga-a-modificar-el-trafico-en-el-centro\/#breadcrumb"},"inLanguage":"es","potentialAction":[{"@type":"ReadAction","target":["https:\/\/www.copealcoy.es\/es\/la-caida-de-una-casa-en-el-cami-obliga-a-modificar-el-trafico-en-el-centro\/"]}]},{"@type":"ImageObject","inLanguage":"es","@id":"https:\/\/www.copealcoy.es\/es\/la-caida-de-una-casa-en-el-cami-obliga-a-modificar-el-trafico-en-el-centro\/#primaryimage","url":"https:\/\/www.copealcoy.es\/wp-content\/uploads\/2017\/02\/4132a86a8e0449a09a05a1550a72e52f-e1487172958962.jpg","contentUrl":"https:\/\/www.copealcoy.es\/wp-content\/uploads\/2017\/02\/4132a86a8e0449a09a05a1550a72e52f-e1487172958962.jpg","width":419,"height":243,"caption":"Estado en el que ha quedado la vivienda de El Cam\u00ed \/ Foto: El Nostre Ciutat"},{"@type":"BreadcrumbList","@id":"https:\/\/www.copealcoy.es\/es\/la-caida-de-una-casa-en-el-cami-obliga-a-modificar-el-trafico-en-el-centro\/#breadcrumb","itemListElement":[{"@type":"ListItem","position":1,"name":"Portada","item":"https:\/\/www.copealcoy.es\/es\/"},{"@type":"ListItem","position":2,"name":"La ca\u00edda de una casa en El Cam\u00ed obliga a modificar el tr\u00e1fico en el Centro"}]},{"@type":"WebSite","@id":"https:\/\/www.copealcoy.es\/es\/#website","url":"https:\/\/www.copealcoy.es\/es\/","name":"COPE Alcoy","description":"Emisora COPE de radio local con emisi\u00f3n online. Pont de Sant Jordi 8-10 03803 Alcoy","potentialAction":[{"@type":"SearchAction","target":{"@type":"EntryPoint","urlTemplate":"https:\/\/www.copealcoy.es\/es\/?s={search_term_string}"},"query-input":{"@type":"PropertyValueSpecification","valueRequired":true,"valueName":"search_term_string"}}],"inLanguage":"es"},{"@type":"Person","@id":"https:\/\/www.copealcoy.es\/es\/#\/schema\/person\/e777c87fa024e57d40170af9df39882c","name":"Cope Alcoy","image":{"@type":"ImageObject","inLanguage":"es","@id":"https:\/\/secure.gravatar.com\/avatar\/bb65d0283347e303893ba14f0692005417c1e0e690a325a4c5d8bb2b3943ee14?s=96&d=mm&r=g","url":"https:\/\/secure.gravatar.com\/avatar\/bb65d0283347e303893ba14f0692005417c1e0e690a325a4c5d8bb2b3943ee14?s=96&d=mm&r=g","contentUrl":"https:\/\/secure.gravatar.com\/avatar\/bb65d0283347e303893ba14f0692005417c1e0e690a325a4c5d8bb2b3943ee14?s=96&d=mm&r=g","caption":"Cope Alcoy"}}]}},"_links":{"self":[{"href":"https:\/\/www.copealcoy.es\/es\/wp-json\/wp\/v2\/posts\/28863","targetHints":{"allow":["GET"]}}],"collection":[{"href":"https:\/\/www.copealcoy.es\/es\/wp-json\/wp\/v2\/posts"}],"about":[{"href":"https:\/\/www.copealcoy.es\/es\/wp-json\/wp\/v2\/types\/post"}],"author":[{"embeddable":true,"href":"https:\/\/www.copealcoy.es\/es\/wp-json\/wp\/v2\/users\/1"}],"replies":[{"embeddable":true,"href":"https:\/\/www.copealcoy.es\/es\/wp-json\/wp\/v2\/comments?post=28863"}],"version-history":[{"count":0,"href":"https:\/\/www.copealcoy.es\/es\/wp-json\/wp\/v2\/posts\/28863\/revisions"}],"wp:featuredmedia":[{"embeddable":true,"href":"https:\/\/www.copealcoy.es\/es\/wp-json\/wp\/v2\/media\/28865"}],"wp:attachment":[{"href":"https:\/\/www.copealcoy.es\/es\/wp-json\/wp\/v2\/media?parent=28863"}],"wp:term":[{"taxonomy":"category","embeddable":true,"href":"https:\/\/www.copealcoy.es\/es\/wp-json\/wp\/v2\/categories?post=28863"},{"taxonomy":"post_tag","embeddable":true,"href":"https:\/\/www.copealcoy.es\/es\/wp-json\/wp\/v2\/tags?post=28863"}],"curies":[{"name":"wp","href":"https:\/\/api.w.org\/{rel}","templated":true}]}}