{"id":28854,"date":"2017-02-14T17:05:12","date_gmt":"2017-02-14T17:05:12","guid":{"rendered":"http:\/\/copealcoi.es\/new\/?p=28854"},"modified":"2017-02-14T17:05:12","modified_gmt":"2017-02-14T17:05:12","slug":"alcoy-acondiciona-los-nuevos-juzgados","status":"publish","type":"post","link":"https:\/\/www.copealcoy.es\/es\/alcoy-acondiciona-los-nuevos-juzgados\/","title":{"rendered":"Alcoy acondiciona los nuevos juzgados"},"content":{"rendered":"<p style=\"text-align: justify;\">El <strong>Ayuntamiento de Alcoy,<\/strong> a trav\u00e9s de las\u00a0Concejal\u00edas de Obras, Seguridad, Movilidad y Patrimonio Municipal; \u00a0est\u00e1 llevando a cabo varias actuaciones para<strong> acondicionar el Palacio de Justicia de la Verge Mar\u00eda<\/strong> antes de que se\u00a0produzca el <strong>traslado de los juzgados<\/strong> a este inmueble.<\/p>\n<p style=\"text-align: justify;\">Las actuaciones se centran en la<strong> mejora de la se\u00f1alizaci\u00f3n<\/strong> y tambi\u00e9n se ha procedido al <strong>asfaltado de\u00a0una parte del aparcamiento<\/strong> que no se acab\u00f3 en su momento. Tambi\u00e9n se han realizado pruebas con el <strong>microb\u00fas<\/strong> que ha comprado el Consistorio para comprobar su acceso por las calles estrechas en las que <strong>se ubicar\u00e1n los nuevos juzgados<\/strong> y en estos momentos se est\u00e1<strong> ultimando\u00a0la ruta con la empresa adjudicataria<\/strong> despu\u00e9s de\u00a0la experiencia de las \u00faltimas semanas. En cuanto a la seguridad hay que destacar que <strong>han entrado en funcionamiento seis\u00a0c\u00e1maras<\/strong>\u00a0que servir\u00e1n para mejorar la vigilancia y seguridad del nuevo edificio, sus trabajadores y la ciudadan\u00eda en general. Adem\u00e1s en este apartado <strong>la Polic\u00eda Local\u00a0tambi\u00e9n aumentar\u00e1 las tareas de vigilancia<\/strong>\u00a0y control de esta parte del casco hist\u00f3rico de Alcoy.<\/p>\n<p style=\"text-align: justify;\">El alcalde de Alcoy, <strong>Antonio Franc\u00e9s<\/strong>, se\u00f1ala que los trabajos <strong>se han intensificado en las \u00faltimas semanas<\/strong> y se ha mostrado confiado en que<strong> los juzgados puedan trasladarse en breve al nuevo Palacio de \u00a0Justicia<\/strong> <em>&#8220;desde el Ayuntamiento siempre hemos considerado prioritaria la soluci\u00f3n de los juzgados y, por eso hemos trabajado de la mano de Conselleria para solucionar los graves problemas que exist\u00edan en la Plaza Al-Azraq y al mismo tiempo, dar una soluci\u00f3n razonable a un palacio fantasma pagado con dinero de todos los alcoyanos. Los nuevos juzgados van a suponer un cambio importante en el barrio del centro de la ciudad. Tras m\u00e1s de una d\u00e9cada, Alcoy y la comarca tendr\u00e1 un edificio nuevo para prestar uno de los servicios p\u00fablicos m\u00e1s importantes que tenemos, la justicia&#8221;<\/em>, concluye.<\/p>\n","protected":false},"excerpt":{"rendered":"<p>El Ayuntamiento de Alcoy, a trav\u00e9s de las\u00a0Concejal\u00edas de Obras, Seguridad, Movilidad y Patrimonio Municipal; \u00a0est\u00e1 llevando a cabo varias&#8230;<\/p>\n","protected":false},"author":1,"featured_media":28855,"comment_status":"open","ping_status":"open","sticky":false,"template":"","format":"standard","meta":{"footnotes":""},"categories":[97,75,125],"tags":[1494,1793,245,1038,1883],"class_list":["post-28854","post","type-post","status-publish","format-standard","has-post-thumbnail","hentry","category-alcoy","category-noticias","category-portada","tag-alcoy","tag-antonio-frances","tag-juzgados","tag-palacio-justicia","tag-verge-maria"],"yoast_head":"<!-- This site is optimized with the Yoast SEO plugin v27.3 - https:\/\/yoast.com\/product\/yoast-seo-wordpress\/ -->\n<title>Alcoy acondiciona los nuevos juzgados - COPE Alcoy<\/title>\n<meta name=\"robots\" content=\"index, follow, max-snippet:-1, max-image-preview:large, max-video-preview:-1\" \/>\n<link rel=\"canonical\" href=\"https:\/\/www.copealcoy.es\/es\/alcoy-acondiciona-los-nuevos-juzgados\/\" \/>\n<meta property=\"og:locale\" content=\"es_ES\" \/>\n<meta property=\"og:type\" content=\"article\" \/>\n<meta property=\"og:title\" content=\"Alcoy acondiciona los nuevos juzgados - COPE Alcoy\" \/>\n<meta property=\"og:description\" content=\"El Ayuntamiento de Alcoy, a trav\u00e9s de las\u00a0Concejal\u00edas de Obras, Seguridad, Movilidad y Patrimonio Municipal; \u00a0est\u00e1 llevando a cabo varias...\" \/>\n<meta property=\"og:url\" content=\"https:\/\/www.copealcoy.es\/es\/alcoy-acondiciona-los-nuevos-juzgados\/\" \/>\n<meta property=\"og:site_name\" content=\"COPE Alcoy\" \/>\n<meta property=\"article:published_time\" content=\"2017-02-14T17:05:12+00:00\" \/>\n<meta property=\"og:image\" content=\"https:\/\/www.copealcoy.es\/wp-content\/uploads\/2017\/02\/IMG_0009-e1487091244305.jpg\" \/>\n\t<meta property=\"og:image:width\" content=\"4272\" \/>\n\t<meta property=\"og:image:height\" content=\"2293\" \/>\n\t<meta property=\"og:image:type\" content=\"image\/jpeg\" \/>\n<meta name=\"author\" content=\"Cope Alcoy\" \/>\n<meta name=\"twitter:label1\" content=\"Escrito por\" \/>\n\t<meta name=\"twitter:data1\" content=\"Cope Alcoy\" \/>\n\t<meta name=\"twitter:label2\" content=\"Tiempo de lectura\" \/>\n\t<meta name=\"twitter:data2\" content=\"2 minutos\" \/>\n<script type=\"application\/ld+json\" class=\"yoast-schema-graph\">{\"@context\":\"https:\\\/\\\/schema.org\",\"@graph\":[{\"@type\":\"Article\",\"@id\":\"https:\\\/\\\/www.copealcoy.es\\\/es\\\/alcoy-acondiciona-los-nuevos-juzgados\\\/#article\",\"isPartOf\":{\"@id\":\"https:\\\/\\\/www.copealcoy.es\\\/es\\\/alcoy-acondiciona-los-nuevos-juzgados\\\/\"},\"author\":{\"name\":\"Cope Alcoy\",\"@id\":\"https:\\\/\\\/www.copealcoy.es\\\/es\\\/#\\\/schema\\\/person\\\/e777c87fa024e57d40170af9df39882c\"},\"headline\":\"Alcoy acondiciona los nuevos juzgados\",\"datePublished\":\"2017-02-14T17:05:12+00:00\",\"mainEntityOfPage\":{\"@id\":\"https:\\\/\\\/www.copealcoy.es\\\/es\\\/alcoy-acondiciona-los-nuevos-juzgados\\\/\"},\"wordCount\":342,\"commentCount\":0,\"image\":{\"@id\":\"https:\\\/\\\/www.copealcoy.es\\\/es\\\/alcoy-acondiciona-los-nuevos-juzgados\\\/#primaryimage\"},\"thumbnailUrl\":\"https:\\\/\\\/www.copealcoy.es\\\/wp-content\\\/uploads\\\/2017\\\/02\\\/IMG_0009-e1487091244305.jpg\",\"keywords\":[\"Alcoy\",\"Antonio Franc\u00e9s\",\"Juzgados\",\"Palacio Justicia\",\"Verge Mar\u00eda\"],\"articleSection\":[\"Alcoy\",\"Noticias\",\"Portada\"],\"inLanguage\":\"es\"},{\"@type\":\"WebPage\",\"@id\":\"https:\\\/\\\/www.copealcoy.es\\\/es\\\/alcoy-acondiciona-los-nuevos-juzgados\\\/\",\"url\":\"https:\\\/\\\/www.copealcoy.es\\\/es\\\/alcoy-acondiciona-los-nuevos-juzgados\\\/\",\"name\":\"Alcoy acondiciona los nuevos juzgados - COPE Alcoy\",\"isPartOf\":{\"@id\":\"https:\\\/\\\/www.copealcoy.es\\\/es\\\/#website\"},\"primaryImageOfPage\":{\"@id\":\"https:\\\/\\\/www.copealcoy.es\\\/es\\\/alcoy-acondiciona-los-nuevos-juzgados\\\/#primaryimage\"},\"image\":{\"@id\":\"https:\\\/\\\/www.copealcoy.es\\\/es\\\/alcoy-acondiciona-los-nuevos-juzgados\\\/#primaryimage\"},\"thumbnailUrl\":\"https:\\\/\\\/www.copealcoy.es\\\/wp-content\\\/uploads\\\/2017\\\/02\\\/IMG_0009-e1487091244305.jpg\",\"datePublished\":\"2017-02-14T17:05:12+00:00\",\"author\":{\"@id\":\"https:\\\/\\\/www.copealcoy.es\\\/es\\\/#\\\/schema\\\/person\\\/e777c87fa024e57d40170af9df39882c\"},\"breadcrumb\":{\"@id\":\"https:\\\/\\\/www.copealcoy.es\\\/es\\\/alcoy-acondiciona-los-nuevos-juzgados\\\/#breadcrumb\"},\"inLanguage\":\"es\",\"potentialAction\":[{\"@type\":\"ReadAction\",\"target\":[\"https:\\\/\\\/www.copealcoy.es\\\/es\\\/alcoy-acondiciona-los-nuevos-juzgados\\\/\"]}]},{\"@type\":\"ImageObject\",\"inLanguage\":\"es\",\"@id\":\"https:\\\/\\\/www.copealcoy.es\\\/es\\\/alcoy-acondiciona-los-nuevos-juzgados\\\/#primaryimage\",\"url\":\"https:\\\/\\\/www.copealcoy.es\\\/wp-content\\\/uploads\\\/2017\\\/02\\\/IMG_0009-e1487091244305.jpg\",\"contentUrl\":\"https:\\\/\\\/www.copealcoy.es\\\/wp-content\\\/uploads\\\/2017\\\/02\\\/IMG_0009-e1487091244305.jpg\",\"width\":4272,\"height\":2293},{\"@type\":\"BreadcrumbList\",\"@id\":\"https:\\\/\\\/www.copealcoy.es\\\/es\\\/alcoy-acondiciona-los-nuevos-juzgados\\\/#breadcrumb\",\"itemListElement\":[{\"@type\":\"ListItem\",\"position\":1,\"name\":\"Portada\",\"item\":\"https:\\\/\\\/www.copealcoy.es\\\/es\\\/\"},{\"@type\":\"ListItem\",\"position\":2,\"name\":\"Alcoy acondiciona los nuevos juzgados\"}]},{\"@type\":\"WebSite\",\"@id\":\"https:\\\/\\\/www.copealcoy.es\\\/es\\\/#website\",\"url\":\"https:\\\/\\\/www.copealcoy.es\\\/es\\\/\",\"name\":\"COPE Alcoy\",\"description\":\"Emisora COPE de radio local con emisi\u00f3n online. Pont de Sant Jordi 8-10 03803 Alcoy\",\"potentialAction\":[{\"@type\":\"SearchAction\",\"target\":{\"@type\":\"EntryPoint\",\"urlTemplate\":\"https:\\\/\\\/www.copealcoy.es\\\/es\\\/?s={search_term_string}\"},\"query-input\":{\"@type\":\"PropertyValueSpecification\",\"valueRequired\":true,\"valueName\":\"search_term_string\"}}],\"inLanguage\":\"es\"},{\"@type\":\"Person\",\"@id\":\"https:\\\/\\\/www.copealcoy.es\\\/es\\\/#\\\/schema\\\/person\\\/e777c87fa024e57d40170af9df39882c\",\"name\":\"Cope Alcoy\",\"image\":{\"@type\":\"ImageObject\",\"inLanguage\":\"es\",\"@id\":\"https:\\\/\\\/secure.gravatar.com\\\/avatar\\\/bb65d0283347e303893ba14f0692005417c1e0e690a325a4c5d8bb2b3943ee14?s=96&d=mm&r=g\",\"url\":\"https:\\\/\\\/secure.gravatar.com\\\/avatar\\\/bb65d0283347e303893ba14f0692005417c1e0e690a325a4c5d8bb2b3943ee14?s=96&d=mm&r=g\",\"contentUrl\":\"https:\\\/\\\/secure.gravatar.com\\\/avatar\\\/bb65d0283347e303893ba14f0692005417c1e0e690a325a4c5d8bb2b3943ee14?s=96&d=mm&r=g\",\"caption\":\"Cope Alcoy\"}}]}<\/script>\n<!-- \/ Yoast SEO plugin. -->","yoast_head_json":{"title":"Alcoy acondiciona los nuevos juzgados - COPE Alcoy","robots":{"index":"index","follow":"follow","max-snippet":"max-snippet:-1","max-image-preview":"max-image-preview:large","max-video-preview":"max-video-preview:-1"},"canonical":"https:\/\/www.copealcoy.es\/es\/alcoy-acondiciona-los-nuevos-juzgados\/","og_locale":"es_ES","og_type":"article","og_title":"Alcoy acondiciona los nuevos juzgados - COPE Alcoy","og_description":"El Ayuntamiento de Alcoy, a trav\u00e9s de las\u00a0Concejal\u00edas de Obras, Seguridad, Movilidad y Patrimonio Municipal; \u00a0est\u00e1 llevando a cabo varias...","og_url":"https:\/\/www.copealcoy.es\/es\/alcoy-acondiciona-los-nuevos-juzgados\/","og_site_name":"COPE Alcoy","article_published_time":"2017-02-14T17:05:12+00:00","og_image":[{"width":4272,"height":2293,"url":"https:\/\/www.copealcoy.es\/wp-content\/uploads\/2017\/02\/IMG_0009-e1487091244305.jpg","type":"image\/jpeg"}],"author":"Cope Alcoy","twitter_misc":{"Escrito por":"Cope Alcoy","Tiempo de lectura":"2 minutos"},"schema":{"@context":"https:\/\/schema.org","@graph":[{"@type":"Article","@id":"https:\/\/www.copealcoy.es\/es\/alcoy-acondiciona-los-nuevos-juzgados\/#article","isPartOf":{"@id":"https:\/\/www.copealcoy.es\/es\/alcoy-acondiciona-los-nuevos-juzgados\/"},"author":{"name":"Cope Alcoy","@id":"https:\/\/www.copealcoy.es\/es\/#\/schema\/person\/e777c87fa024e57d40170af9df39882c"},"headline":"Alcoy acondiciona los nuevos juzgados","datePublished":"2017-02-14T17:05:12+00:00","mainEntityOfPage":{"@id":"https:\/\/www.copealcoy.es\/es\/alcoy-acondiciona-los-nuevos-juzgados\/"},"wordCount":342,"commentCount":0,"image":{"@id":"https:\/\/www.copealcoy.es\/es\/alcoy-acondiciona-los-nuevos-juzgados\/#primaryimage"},"thumbnailUrl":"https:\/\/www.copealcoy.es\/wp-content\/uploads\/2017\/02\/IMG_0009-e1487091244305.jpg","keywords":["Alcoy","Antonio Franc\u00e9s","Juzgados","Palacio Justicia","Verge Mar\u00eda"],"articleSection":["Alcoy","Noticias","Portada"],"inLanguage":"es"},{"@type":"WebPage","@id":"https:\/\/www.copealcoy.es\/es\/alcoy-acondiciona-los-nuevos-juzgados\/","url":"https:\/\/www.copealcoy.es\/es\/alcoy-acondiciona-los-nuevos-juzgados\/","name":"Alcoy acondiciona los nuevos juzgados - COPE Alcoy","isPartOf":{"@id":"https:\/\/www.copealcoy.es\/es\/#website"},"primaryImageOfPage":{"@id":"https:\/\/www.copealcoy.es\/es\/alcoy-acondiciona-los-nuevos-juzgados\/#primaryimage"},"image":{"@id":"https:\/\/www.copealcoy.es\/es\/alcoy-acondiciona-los-nuevos-juzgados\/#primaryimage"},"thumbnailUrl":"https:\/\/www.copealcoy.es\/wp-content\/uploads\/2017\/02\/IMG_0009-e1487091244305.jpg","datePublished":"2017-02-14T17:05:12+00:00","author":{"@id":"https:\/\/www.copealcoy.es\/es\/#\/schema\/person\/e777c87fa024e57d40170af9df39882c"},"breadcrumb":{"@id":"https:\/\/www.copealcoy.es\/es\/alcoy-acondiciona-los-nuevos-juzgados\/#breadcrumb"},"inLanguage":"es","potentialAction":[{"@type":"ReadAction","target":["https:\/\/www.copealcoy.es\/es\/alcoy-acondiciona-los-nuevos-juzgados\/"]}]},{"@type":"ImageObject","inLanguage":"es","@id":"https:\/\/www.copealcoy.es\/es\/alcoy-acondiciona-los-nuevos-juzgados\/#primaryimage","url":"https:\/\/www.copealcoy.es\/wp-content\/uploads\/2017\/02\/IMG_0009-e1487091244305.jpg","contentUrl":"https:\/\/www.copealcoy.es\/wp-content\/uploads\/2017\/02\/IMG_0009-e1487091244305.jpg","width":4272,"height":2293},{"@type":"BreadcrumbList","@id":"https:\/\/www.copealcoy.es\/es\/alcoy-acondiciona-los-nuevos-juzgados\/#breadcrumb","itemListElement":[{"@type":"ListItem","position":1,"name":"Portada","item":"https:\/\/www.copealcoy.es\/es\/"},{"@type":"ListItem","position":2,"name":"Alcoy acondiciona los nuevos juzgados"}]},{"@type":"WebSite","@id":"https:\/\/www.copealcoy.es\/es\/#website","url":"https:\/\/www.copealcoy.es\/es\/","name":"COPE Alcoy","description":"Emisora COPE de radio local con emisi\u00f3n online. Pont de Sant Jordi 8-10 03803 Alcoy","potentialAction":[{"@type":"SearchAction","target":{"@type":"EntryPoint","urlTemplate":"https:\/\/www.copealcoy.es\/es\/?s={search_term_string}"},"query-input":{"@type":"PropertyValueSpecification","valueRequired":true,"valueName":"search_term_string"}}],"inLanguage":"es"},{"@type":"Person","@id":"https:\/\/www.copealcoy.es\/es\/#\/schema\/person\/e777c87fa024e57d40170af9df39882c","name":"Cope Alcoy","image":{"@type":"ImageObject","inLanguage":"es","@id":"https:\/\/secure.gravatar.com\/avatar\/bb65d0283347e303893ba14f0692005417c1e0e690a325a4c5d8bb2b3943ee14?s=96&d=mm&r=g","url":"https:\/\/secure.gravatar.com\/avatar\/bb65d0283347e303893ba14f0692005417c1e0e690a325a4c5d8bb2b3943ee14?s=96&d=mm&r=g","contentUrl":"https:\/\/secure.gravatar.com\/avatar\/bb65d0283347e303893ba14f0692005417c1e0e690a325a4c5d8bb2b3943ee14?s=96&d=mm&r=g","caption":"Cope Alcoy"}}]}},"_links":{"self":[{"href":"https:\/\/www.copealcoy.es\/es\/wp-json\/wp\/v2\/posts\/28854","targetHints":{"allow":["GET"]}}],"collection":[{"href":"https:\/\/www.copealcoy.es\/es\/wp-json\/wp\/v2\/posts"}],"about":[{"href":"https:\/\/www.copealcoy.es\/es\/wp-json\/wp\/v2\/types\/post"}],"author":[{"embeddable":true,"href":"https:\/\/www.copealcoy.es\/es\/wp-json\/wp\/v2\/users\/1"}],"replies":[{"embeddable":true,"href":"https:\/\/www.copealcoy.es\/es\/wp-json\/wp\/v2\/comments?post=28854"}],"version-history":[{"count":0,"href":"https:\/\/www.copealcoy.es\/es\/wp-json\/wp\/v2\/posts\/28854\/revisions"}],"wp:featuredmedia":[{"embeddable":true,"href":"https:\/\/www.copealcoy.es\/es\/wp-json\/wp\/v2\/media\/28855"}],"wp:attachment":[{"href":"https:\/\/www.copealcoy.es\/es\/wp-json\/wp\/v2\/media?parent=28854"}],"wp:term":[{"taxonomy":"category","embeddable":true,"href":"https:\/\/www.copealcoy.es\/es\/wp-json\/wp\/v2\/categories?post=28854"},{"taxonomy":"post_tag","embeddable":true,"href":"https:\/\/www.copealcoy.es\/es\/wp-json\/wp\/v2\/tags?post=28854"}],"curies":[{"name":"wp","href":"https:\/\/api.w.org\/{rel}","templated":true}]}}