{"id":28842,"date":"2017-02-14T16:14:22","date_gmt":"2017-02-14T16:14:22","guid":{"rendered":"http:\/\/copealcoi.es\/new\/?p=28842"},"modified":"2017-02-14T16:21:07","modified_gmt":"2017-02-14T16:21:07","slug":"la-nova-abre-el-programa-para-celebrar-su-175-aniversario","status":"publish","type":"post","link":"https:\/\/www.copealcoy.es\/es\/la-nova-abre-el-programa-para-celebrar-su-175-aniversario\/","title":{"rendered":"La Nova abre el programa para celebrar su 175 aniversario"},"content":{"rendered":"<p style=\"text-align: justify;\">La <strong>Societat Musical Nova d\u00b4Alcoi\u00a0<\/strong>ha preparado un amplio<strong> programa de actividades<\/strong> para celebrar su <strong>175 aniversario<\/strong> que incluye conciertos de diferentes tem\u00e1ticas, exposiciones, la grabaci\u00f3n\u00a0de un disco y <strong>alguna que otra sorpresa<\/strong> de la que se dar\u00e1 informaci\u00f3n pr\u00f3ximamente.<\/p>\n<p style=\"text-align: justify;\">Este domingo <strong>19 de febrero<\/strong> la banda alcoyana arrancar\u00e1 <strong>la celebraci\u00f3n de esta efem\u00e9ride<\/strong> con un concierto en el que los m\u00fasicos<strong> interpretar\u00e1n varias obras de destacados compositores alcoyanos<\/strong> como Jos\u00e9 Carbonell, Gonzalo Barrachina, Jos\u00e9 Esp\u00ed, Gonzalo Blanes, Jos\u00e9 Mar\u00eda Valls Satorres y Rafael Casasempere Juan. Todo ello bajo <strong>la direcci\u00f3n de Juan Dom\u00e9nech<\/strong>. La cita ser\u00e1 a las 11:45 en el Teatro Calder\u00f3n <em>&#8220;y las entradas para asistir al mismo estar\u00e1n disponibles a partir del jueves en la taquilla de este espacio cultural&#8221;<\/em>, explica <strong>Jos\u00e9 Antonio Llinares<\/strong>, presidente de la Nova.<\/p>\n<p style=\"text-align: justify;\">La programaci\u00f3n continuar\u00e1 el 2 de marzo con<strong> una actuaci\u00f3n para rendir homenaje a Joan Valls<\/strong>, en el centenario de su nacimiento, mientras que el d\u00eda 5 <strong>la formaci\u00f3n musical se trasladar\u00e1 hasta el Auditorio de la Diputaci\u00f3n de Alicante<\/strong> (ADDA). Ya en el mes de abril la fiesta ser\u00e1 la protagonista con el<strong> concierto de exaltaci\u00f3n a la m\u00fasica festera<\/strong>, que se llevar\u00e1 a cabo el 2 de abril en el Teatro Calder\u00f3n, y la <strong>participaci\u00f3n de la banda en los diferentes actos de la trilog\u00eda<\/strong> en honor a San Jorge. Por \u00faltimo el d\u00eda 29 \u00a0la Nova ofrecer\u00e1 <strong>un pasacalle y un concierto<\/strong> junto a la Banda Militar de Valencia.<\/p>\n<p style=\"text-align: justify;\">En la segunda mitad de este 2017, la Societat Musical Nova d\u00b4Alcoi tiene previsto actuar el 15 de julio <strong>junto al cantautor de Cocentaina Andreu Valor<\/strong> y ser\u00e1 testigo de un homenaje por parte de la <strong>Banda Municipal de Alicante<\/strong> que ofrecer\u00e1 un concierto en el Teatro Calder\u00f3n el 4 de noviembre. Esta \u00faltima audici\u00f3n dar\u00e1 paso a las <strong>celebraciones en honor a Santa Cecilia<\/strong>, patrona de los m\u00fasicos, en las que de nuevo el 175 aniversario estar\u00e1 muy presentes.<\/p>\n<p style=\"text-align: justify;\">Las diferentes actividades as\u00ed como toda la informaci\u00f3n de la banda se pueden consultar en la nueva p\u00e1gina web de la formaci\u00f3n\u00a0<span style=\"color: #0000ff;\"><a style=\"color: #0000ff;\" href=\"http:\/\/musicanovaalcoi.com\"><strong>www.musicanovaalcoi.com<\/strong><\/a><\/span>, un portal que fue estrenado a finales del pasado a\u00f1o 2016.<\/p>\n<p>&nbsp;<\/p>\n","protected":false},"excerpt":{"rendered":"<p>La Societat Musical Nova d\u00b4Alcoi\u00a0ha preparado un amplio programa de actividades para celebrar su 175 aniversario que incluye conciertos de&#8230;<\/p>\n","protected":false},"author":1,"featured_media":28843,"comment_status":"open","ping_status":"open","sticky":false,"template":"","format":"standard","meta":{"footnotes":""},"categories":[97,78,75],"tags":[3592,1494,2081],"class_list":["post-28842","post","type-post","status-publish","format-standard","has-post-thumbnail","hentry","category-alcoy","category-fiestaycultura","category-noticias","tag-175-aniversario","tag-alcoy","tag-societat-musical-nova"],"yoast_head":"<!-- This site is optimized with the Yoast SEO plugin v27.3 - https:\/\/yoast.com\/product\/yoast-seo-wordpress\/ -->\n<title>La Nova abre el programa para celebrar su 175 aniversario - COPE Alcoy<\/title>\n<meta name=\"robots\" content=\"index, follow, max-snippet:-1, max-image-preview:large, max-video-preview:-1\" \/>\n<link rel=\"canonical\" href=\"https:\/\/www.copealcoy.es\/es\/la-nova-abre-el-programa-para-celebrar-su-175-aniversario\/\" \/>\n<meta property=\"og:locale\" content=\"es_ES\" \/>\n<meta property=\"og:type\" content=\"article\" \/>\n<meta property=\"og:title\" content=\"La Nova abre el programa para celebrar su 175 aniversario - COPE Alcoy\" \/>\n<meta property=\"og:description\" content=\"La Societat Musical Nova d\u00b4Alcoi\u00a0ha preparado un amplio programa de actividades para celebrar su 175 aniversario que incluye conciertos de...\" \/>\n<meta property=\"og:url\" content=\"https:\/\/www.copealcoy.es\/es\/la-nova-abre-el-programa-para-celebrar-su-175-aniversario\/\" \/>\n<meta property=\"og:site_name\" content=\"COPE Alcoy\" \/>\n<meta property=\"article:published_time\" content=\"2017-02-14T16:14:22+00:00\" \/>\n<meta property=\"article:modified_time\" content=\"2017-02-14T16:21:07+00:00\" \/>\n<meta property=\"og:image\" content=\"https:\/\/www.copealcoy.es\/wp-content\/uploads\/2017\/02\/C4iSjZNWMAA8yqY.jpg\" \/>\n\t<meta property=\"og:image:width\" content=\"1200\" \/>\n\t<meta property=\"og:image:height\" content=\"900\" \/>\n\t<meta property=\"og:image:type\" content=\"image\/jpeg\" \/>\n<meta name=\"author\" content=\"Cope Alcoy\" \/>\n<meta name=\"twitter:label1\" content=\"Escrito por\" \/>\n\t<meta name=\"twitter:data1\" content=\"Cope Alcoy\" \/>\n\t<meta name=\"twitter:label2\" content=\"Tiempo de lectura\" \/>\n\t<meta name=\"twitter:data2\" content=\"2 minutos\" \/>\n<script type=\"application\/ld+json\" class=\"yoast-schema-graph\">{\"@context\":\"https:\\\/\\\/schema.org\",\"@graph\":[{\"@type\":\"Article\",\"@id\":\"https:\\\/\\\/www.copealcoy.es\\\/es\\\/la-nova-abre-el-programa-para-celebrar-su-175-aniversario\\\/#article\",\"isPartOf\":{\"@id\":\"https:\\\/\\\/www.copealcoy.es\\\/es\\\/la-nova-abre-el-programa-para-celebrar-su-175-aniversario\\\/\"},\"author\":{\"name\":\"Cope Alcoy\",\"@id\":\"https:\\\/\\\/www.copealcoy.es\\\/es\\\/#\\\/schema\\\/person\\\/e777c87fa024e57d40170af9df39882c\"},\"headline\":\"La Nova abre el programa para celebrar su 175 aniversario\",\"datePublished\":\"2017-02-14T16:14:22+00:00\",\"dateModified\":\"2017-02-14T16:21:07+00:00\",\"mainEntityOfPage\":{\"@id\":\"https:\\\/\\\/www.copealcoy.es\\\/es\\\/la-nova-abre-el-programa-para-celebrar-su-175-aniversario\\\/\"},\"wordCount\":392,\"commentCount\":0,\"image\":{\"@id\":\"https:\\\/\\\/www.copealcoy.es\\\/es\\\/la-nova-abre-el-programa-para-celebrar-su-175-aniversario\\\/#primaryimage\"},\"thumbnailUrl\":\"https:\\\/\\\/www.copealcoy.es\\\/wp-content\\\/uploads\\\/2017\\\/02\\\/C4iSjZNWMAA8yqY.jpg\",\"keywords\":[\"175 aniversario\",\"Alcoy\",\"Societat Musical Nova\"],\"articleSection\":[\"Alcoy\",\"Fiesta y Cultura\",\"Noticias\"],\"inLanguage\":\"es\"},{\"@type\":\"WebPage\",\"@id\":\"https:\\\/\\\/www.copealcoy.es\\\/es\\\/la-nova-abre-el-programa-para-celebrar-su-175-aniversario\\\/\",\"url\":\"https:\\\/\\\/www.copealcoy.es\\\/es\\\/la-nova-abre-el-programa-para-celebrar-su-175-aniversario\\\/\",\"name\":\"La Nova abre el programa para celebrar su 175 aniversario - COPE Alcoy\",\"isPartOf\":{\"@id\":\"https:\\\/\\\/www.copealcoy.es\\\/es\\\/#website\"},\"primaryImageOfPage\":{\"@id\":\"https:\\\/\\\/www.copealcoy.es\\\/es\\\/la-nova-abre-el-programa-para-celebrar-su-175-aniversario\\\/#primaryimage\"},\"image\":{\"@id\":\"https:\\\/\\\/www.copealcoy.es\\\/es\\\/la-nova-abre-el-programa-para-celebrar-su-175-aniversario\\\/#primaryimage\"},\"thumbnailUrl\":\"https:\\\/\\\/www.copealcoy.es\\\/wp-content\\\/uploads\\\/2017\\\/02\\\/C4iSjZNWMAA8yqY.jpg\",\"datePublished\":\"2017-02-14T16:14:22+00:00\",\"dateModified\":\"2017-02-14T16:21:07+00:00\",\"author\":{\"@id\":\"https:\\\/\\\/www.copealcoy.es\\\/es\\\/#\\\/schema\\\/person\\\/e777c87fa024e57d40170af9df39882c\"},\"breadcrumb\":{\"@id\":\"https:\\\/\\\/www.copealcoy.es\\\/es\\\/la-nova-abre-el-programa-para-celebrar-su-175-aniversario\\\/#breadcrumb\"},\"inLanguage\":\"es\",\"potentialAction\":[{\"@type\":\"ReadAction\",\"target\":[\"https:\\\/\\\/www.copealcoy.es\\\/es\\\/la-nova-abre-el-programa-para-celebrar-su-175-aniversario\\\/\"]}]},{\"@type\":\"ImageObject\",\"inLanguage\":\"es\",\"@id\":\"https:\\\/\\\/www.copealcoy.es\\\/es\\\/la-nova-abre-el-programa-para-celebrar-su-175-aniversario\\\/#primaryimage\",\"url\":\"https:\\\/\\\/www.copealcoy.es\\\/wp-content\\\/uploads\\\/2017\\\/02\\\/C4iSjZNWMAA8yqY.jpg\",\"contentUrl\":\"https:\\\/\\\/www.copealcoy.es\\\/wp-content\\\/uploads\\\/2017\\\/02\\\/C4iSjZNWMAA8yqY.jpg\",\"width\":1200,\"height\":900},{\"@type\":\"BreadcrumbList\",\"@id\":\"https:\\\/\\\/www.copealcoy.es\\\/es\\\/la-nova-abre-el-programa-para-celebrar-su-175-aniversario\\\/#breadcrumb\",\"itemListElement\":[{\"@type\":\"ListItem\",\"position\":1,\"name\":\"Portada\",\"item\":\"https:\\\/\\\/www.copealcoy.es\\\/es\\\/\"},{\"@type\":\"ListItem\",\"position\":2,\"name\":\"La Nova abre el programa para celebrar su 175 aniversario\"}]},{\"@type\":\"WebSite\",\"@id\":\"https:\\\/\\\/www.copealcoy.es\\\/es\\\/#website\",\"url\":\"https:\\\/\\\/www.copealcoy.es\\\/es\\\/\",\"name\":\"COPE Alcoy\",\"description\":\"Emisora COPE de radio local con emisi\u00f3n online. Pont de Sant Jordi 8-10 03803 Alcoy\",\"potentialAction\":[{\"@type\":\"SearchAction\",\"target\":{\"@type\":\"EntryPoint\",\"urlTemplate\":\"https:\\\/\\\/www.copealcoy.es\\\/es\\\/?s={search_term_string}\"},\"query-input\":{\"@type\":\"PropertyValueSpecification\",\"valueRequired\":true,\"valueName\":\"search_term_string\"}}],\"inLanguage\":\"es\"},{\"@type\":\"Person\",\"@id\":\"https:\\\/\\\/www.copealcoy.es\\\/es\\\/#\\\/schema\\\/person\\\/e777c87fa024e57d40170af9df39882c\",\"name\":\"Cope Alcoy\",\"image\":{\"@type\":\"ImageObject\",\"inLanguage\":\"es\",\"@id\":\"https:\\\/\\\/secure.gravatar.com\\\/avatar\\\/bb65d0283347e303893ba14f0692005417c1e0e690a325a4c5d8bb2b3943ee14?s=96&d=mm&r=g\",\"url\":\"https:\\\/\\\/secure.gravatar.com\\\/avatar\\\/bb65d0283347e303893ba14f0692005417c1e0e690a325a4c5d8bb2b3943ee14?s=96&d=mm&r=g\",\"contentUrl\":\"https:\\\/\\\/secure.gravatar.com\\\/avatar\\\/bb65d0283347e303893ba14f0692005417c1e0e690a325a4c5d8bb2b3943ee14?s=96&d=mm&r=g\",\"caption\":\"Cope Alcoy\"}}]}<\/script>\n<!-- \/ Yoast SEO plugin. -->","yoast_head_json":{"title":"La Nova abre el programa para celebrar su 175 aniversario - COPE Alcoy","robots":{"index":"index","follow":"follow","max-snippet":"max-snippet:-1","max-image-preview":"max-image-preview:large","max-video-preview":"max-video-preview:-1"},"canonical":"https:\/\/www.copealcoy.es\/es\/la-nova-abre-el-programa-para-celebrar-su-175-aniversario\/","og_locale":"es_ES","og_type":"article","og_title":"La Nova abre el programa para celebrar su 175 aniversario - COPE Alcoy","og_description":"La Societat Musical Nova d\u00b4Alcoi\u00a0ha preparado un amplio programa de actividades para celebrar su 175 aniversario que incluye conciertos de...","og_url":"https:\/\/www.copealcoy.es\/es\/la-nova-abre-el-programa-para-celebrar-su-175-aniversario\/","og_site_name":"COPE Alcoy","article_published_time":"2017-02-14T16:14:22+00:00","article_modified_time":"2017-02-14T16:21:07+00:00","og_image":[{"width":1200,"height":900,"url":"https:\/\/www.copealcoy.es\/wp-content\/uploads\/2017\/02\/C4iSjZNWMAA8yqY.jpg","type":"image\/jpeg"}],"author":"Cope Alcoy","twitter_misc":{"Escrito por":"Cope Alcoy","Tiempo de lectura":"2 minutos"},"schema":{"@context":"https:\/\/schema.org","@graph":[{"@type":"Article","@id":"https:\/\/www.copealcoy.es\/es\/la-nova-abre-el-programa-para-celebrar-su-175-aniversario\/#article","isPartOf":{"@id":"https:\/\/www.copealcoy.es\/es\/la-nova-abre-el-programa-para-celebrar-su-175-aniversario\/"},"author":{"name":"Cope Alcoy","@id":"https:\/\/www.copealcoy.es\/es\/#\/schema\/person\/e777c87fa024e57d40170af9df39882c"},"headline":"La Nova abre el programa para celebrar su 175 aniversario","datePublished":"2017-02-14T16:14:22+00:00","dateModified":"2017-02-14T16:21:07+00:00","mainEntityOfPage":{"@id":"https:\/\/www.copealcoy.es\/es\/la-nova-abre-el-programa-para-celebrar-su-175-aniversario\/"},"wordCount":392,"commentCount":0,"image":{"@id":"https:\/\/www.copealcoy.es\/es\/la-nova-abre-el-programa-para-celebrar-su-175-aniversario\/#primaryimage"},"thumbnailUrl":"https:\/\/www.copealcoy.es\/wp-content\/uploads\/2017\/02\/C4iSjZNWMAA8yqY.jpg","keywords":["175 aniversario","Alcoy","Societat Musical Nova"],"articleSection":["Alcoy","Fiesta y Cultura","Noticias"],"inLanguage":"es"},{"@type":"WebPage","@id":"https:\/\/www.copealcoy.es\/es\/la-nova-abre-el-programa-para-celebrar-su-175-aniversario\/","url":"https:\/\/www.copealcoy.es\/es\/la-nova-abre-el-programa-para-celebrar-su-175-aniversario\/","name":"La Nova abre el programa para celebrar su 175 aniversario - COPE Alcoy","isPartOf":{"@id":"https:\/\/www.copealcoy.es\/es\/#website"},"primaryImageOfPage":{"@id":"https:\/\/www.copealcoy.es\/es\/la-nova-abre-el-programa-para-celebrar-su-175-aniversario\/#primaryimage"},"image":{"@id":"https:\/\/www.copealcoy.es\/es\/la-nova-abre-el-programa-para-celebrar-su-175-aniversario\/#primaryimage"},"thumbnailUrl":"https:\/\/www.copealcoy.es\/wp-content\/uploads\/2017\/02\/C4iSjZNWMAA8yqY.jpg","datePublished":"2017-02-14T16:14:22+00:00","dateModified":"2017-02-14T16:21:07+00:00","author":{"@id":"https:\/\/www.copealcoy.es\/es\/#\/schema\/person\/e777c87fa024e57d40170af9df39882c"},"breadcrumb":{"@id":"https:\/\/www.copealcoy.es\/es\/la-nova-abre-el-programa-para-celebrar-su-175-aniversario\/#breadcrumb"},"inLanguage":"es","potentialAction":[{"@type":"ReadAction","target":["https:\/\/www.copealcoy.es\/es\/la-nova-abre-el-programa-para-celebrar-su-175-aniversario\/"]}]},{"@type":"ImageObject","inLanguage":"es","@id":"https:\/\/www.copealcoy.es\/es\/la-nova-abre-el-programa-para-celebrar-su-175-aniversario\/#primaryimage","url":"https:\/\/www.copealcoy.es\/wp-content\/uploads\/2017\/02\/C4iSjZNWMAA8yqY.jpg","contentUrl":"https:\/\/www.copealcoy.es\/wp-content\/uploads\/2017\/02\/C4iSjZNWMAA8yqY.jpg","width":1200,"height":900},{"@type":"BreadcrumbList","@id":"https:\/\/www.copealcoy.es\/es\/la-nova-abre-el-programa-para-celebrar-su-175-aniversario\/#breadcrumb","itemListElement":[{"@type":"ListItem","position":1,"name":"Portada","item":"https:\/\/www.copealcoy.es\/es\/"},{"@type":"ListItem","position":2,"name":"La Nova abre el programa para celebrar su 175 aniversario"}]},{"@type":"WebSite","@id":"https:\/\/www.copealcoy.es\/es\/#website","url":"https:\/\/www.copealcoy.es\/es\/","name":"COPE Alcoy","description":"Emisora COPE de radio local con emisi\u00f3n online. Pont de Sant Jordi 8-10 03803 Alcoy","potentialAction":[{"@type":"SearchAction","target":{"@type":"EntryPoint","urlTemplate":"https:\/\/www.copealcoy.es\/es\/?s={search_term_string}"},"query-input":{"@type":"PropertyValueSpecification","valueRequired":true,"valueName":"search_term_string"}}],"inLanguage":"es"},{"@type":"Person","@id":"https:\/\/www.copealcoy.es\/es\/#\/schema\/person\/e777c87fa024e57d40170af9df39882c","name":"Cope Alcoy","image":{"@type":"ImageObject","inLanguage":"es","@id":"https:\/\/secure.gravatar.com\/avatar\/bb65d0283347e303893ba14f0692005417c1e0e690a325a4c5d8bb2b3943ee14?s=96&d=mm&r=g","url":"https:\/\/secure.gravatar.com\/avatar\/bb65d0283347e303893ba14f0692005417c1e0e690a325a4c5d8bb2b3943ee14?s=96&d=mm&r=g","contentUrl":"https:\/\/secure.gravatar.com\/avatar\/bb65d0283347e303893ba14f0692005417c1e0e690a325a4c5d8bb2b3943ee14?s=96&d=mm&r=g","caption":"Cope Alcoy"}}]}},"_links":{"self":[{"href":"https:\/\/www.copealcoy.es\/es\/wp-json\/wp\/v2\/posts\/28842","targetHints":{"allow":["GET"]}}],"collection":[{"href":"https:\/\/www.copealcoy.es\/es\/wp-json\/wp\/v2\/posts"}],"about":[{"href":"https:\/\/www.copealcoy.es\/es\/wp-json\/wp\/v2\/types\/post"}],"author":[{"embeddable":true,"href":"https:\/\/www.copealcoy.es\/es\/wp-json\/wp\/v2\/users\/1"}],"replies":[{"embeddable":true,"href":"https:\/\/www.copealcoy.es\/es\/wp-json\/wp\/v2\/comments?post=28842"}],"version-history":[{"count":0,"href":"https:\/\/www.copealcoy.es\/es\/wp-json\/wp\/v2\/posts\/28842\/revisions"}],"wp:featuredmedia":[{"embeddable":true,"href":"https:\/\/www.copealcoy.es\/es\/wp-json\/wp\/v2\/media\/28843"}],"wp:attachment":[{"href":"https:\/\/www.copealcoy.es\/es\/wp-json\/wp\/v2\/media?parent=28842"}],"wp:term":[{"taxonomy":"category","embeddable":true,"href":"https:\/\/www.copealcoy.es\/es\/wp-json\/wp\/v2\/categories?post=28842"},{"taxonomy":"post_tag","embeddable":true,"href":"https:\/\/www.copealcoy.es\/es\/wp-json\/wp\/v2\/tags?post=28842"}],"curies":[{"name":"wp","href":"https:\/\/api.w.org\/{rel}","templated":true}]}}