{"id":28775,"date":"2017-02-11T11:05:48","date_gmt":"2017-02-11T11:05:48","guid":{"rendered":"http:\/\/copealcoi.es\/new\/?p=28775"},"modified":"2017-02-11T11:06:52","modified_gmt":"2017-02-11T11:06:52","slug":"col%c2%b7lectiu-compromis-propone-medidas-para-la-mejora-de-los-poligonos","status":"publish","type":"post","link":"https:\/\/www.copealcoy.es\/es\/col%c2%b7lectiu-compromis-propone-medidas-para-la-mejora-de-los-poligonos\/","title":{"rendered":"Col\u00b7lectiu-Comprom\u00eds propone medidas para la mejora de los Pol\u00edgonos"},"content":{"rendered":"<p style=\"text-align: justify;\">El grupo municipal\u00a0<strong>Col\u00b7lectiu 03820-Comprom\u00eds de Cocentaina<\/strong> insta a que se adopten varias medidas para <strong>mejorar los pol\u00edgonos industriales<\/strong> del municipio.<\/p>\n<p style=\"text-align: justify;\"><strong>Jordi Pla<\/strong>, concejal de la coalici\u00f3n, ha insistido en\u00a0que\u00a0<strong>modernizar las actuales \u00e1reas industriales es una prioridad<\/strong> y para ello aboga por<strong>\u00a0elaborar un estudio<\/strong> que permita\u00a0conocer las necesidades reales de los citados pol\u00edgonos. Adem\u00e1s desde\u00a0Col\u00b7lectiu 03820-Comprom\u00eds destacan que <strong>se puede conseguir financiaci\u00f3n,<\/strong>\u00a0para realizar este plan y las actuaciones pertinentes, a trav\u00e9s de la <strong>Conseller\u00eda de Econom\u00eda Sostenible<\/strong> <em>&#8220;actualmente la modernizaci\u00f3n de los pol\u00edgonos industriales es deficiente y tienen muchas carencias tecnol\u00f3gicas y de infraestructuras&#8221;,<\/em> a\u00f1ade Pla.<\/p>\n<p style=\"text-align: justify;\">Por \u00faltimo el mun\u00edcipe defiende la necesidad de <strong>impulsar una planificaci\u00f3n del suelo industrial<\/strong> <em>&#8220;e<\/em><span lang=\"es\"><em>s imprescindible tener en cuenta el documento de Suelo Industrial de Calidad elaborado por la Plataforma de la Reindustrializaci\u00f3n y contar con la presencia y la participaci\u00f3n del empresariado para conocer de primera mano la situaci\u00f3n y hacer un correcto seguimiento por tener unos pol\u00edgonos del siglo XXI&#8221;<\/em>, concluye <strong>Jordi Pla<\/strong>.\u00a0<\/span><\/p>\n","protected":false},"excerpt":{"rendered":"<p>El grupo municipal\u00a0Col\u00b7lectiu 03820-Comprom\u00eds de Cocentaina insta a que se adopten varias medidas para mejorar los pol\u00edgonos industriales del municipio&#8230;.<\/p>\n","protected":false},"author":1,"featured_media":19184,"comment_status":"open","ping_status":"open","sticky":false,"template":"","format":"standard","meta":{"footnotes":""},"categories":[98,75],"tags":[132,610,2092,164,1469],"class_list":["post-28775","post","type-post","status-publish","format-standard","has-post-thumbnail","hentry","category-comarcas","category-noticias","tag-cocentaina","tag-col-lectiu-03820","tag-jordi-pla","tag-mejoras","tag-poligonos-industriales"],"yoast_head":"<!-- This site is optimized with the Yoast SEO plugin v27.3 - https:\/\/yoast.com\/product\/yoast-seo-wordpress\/ -->\n<title>Col\u00b7lectiu-Comprom\u00eds propone medidas para la mejora de los Pol\u00edgonos - COPE Alcoy<\/title>\n<meta name=\"robots\" content=\"index, follow, max-snippet:-1, max-image-preview:large, max-video-preview:-1\" \/>\n<link rel=\"canonical\" href=\"https:\/\/www.copealcoy.es\/es\/col%c2%b7lectiu-compromis-propone-medidas-para-la-mejora-de-los-poligonos\/\" \/>\n<meta property=\"og:locale\" content=\"es_ES\" \/>\n<meta property=\"og:type\" content=\"article\" \/>\n<meta property=\"og:title\" content=\"Col\u00b7lectiu-Comprom\u00eds propone medidas para la mejora de los Pol\u00edgonos - COPE Alcoy\" \/>\n<meta property=\"og:description\" content=\"El grupo municipal\u00a0Col\u00b7lectiu 03820-Comprom\u00eds de Cocentaina insta a que se adopten varias medidas para mejorar los pol\u00edgonos industriales del municipio....\" \/>\n<meta property=\"og:url\" content=\"https:\/\/www.copealcoy.es\/es\/col%c2%b7lectiu-compromis-propone-medidas-para-la-mejora-de-los-poligonos\/\" \/>\n<meta property=\"og:site_name\" content=\"COPE Alcoy\" \/>\n<meta property=\"article:published_time\" content=\"2017-02-11T11:05:48+00:00\" \/>\n<meta property=\"article:modified_time\" content=\"2017-02-11T11:06:52+00:00\" \/>\n<meta property=\"og:image\" content=\"https:\/\/www.copealcoy.es\/wp-content\/uploads\/2016\/02\/Pol\u00edgono-Jovades.jpg\" \/>\n\t<meta property=\"og:image:width\" content=\"960\" \/>\n\t<meta property=\"og:image:height\" content=\"719\" \/>\n\t<meta property=\"og:image:type\" content=\"image\/jpeg\" \/>\n<meta name=\"author\" content=\"Cope Alcoy\" \/>\n<meta name=\"twitter:label1\" content=\"Escrito por\" \/>\n\t<meta name=\"twitter:data1\" content=\"Cope Alcoy\" \/>\n\t<meta name=\"twitter:label2\" content=\"Tiempo de lectura\" \/>\n\t<meta name=\"twitter:data2\" content=\"1 minuto\" \/>\n<script type=\"application\/ld+json\" class=\"yoast-schema-graph\">{\"@context\":\"https:\\\/\\\/schema.org\",\"@graph\":[{\"@type\":\"Article\",\"@id\":\"https:\\\/\\\/www.copealcoy.es\\\/es\\\/col%c2%b7lectiu-compromis-propone-medidas-para-la-mejora-de-los-poligonos\\\/#article\",\"isPartOf\":{\"@id\":\"https:\\\/\\\/www.copealcoy.es\\\/es\\\/col%c2%b7lectiu-compromis-propone-medidas-para-la-mejora-de-los-poligonos\\\/\"},\"author\":{\"name\":\"Cope Alcoy\",\"@id\":\"https:\\\/\\\/www.copealcoy.es\\\/es\\\/#\\\/schema\\\/person\\\/e777c87fa024e57d40170af9df39882c\"},\"headline\":\"Col\u00b7lectiu-Comprom\u00eds propone medidas para la mejora de los Pol\u00edgonos\",\"datePublished\":\"2017-02-11T11:05:48+00:00\",\"dateModified\":\"2017-02-11T11:06:52+00:00\",\"mainEntityOfPage\":{\"@id\":\"https:\\\/\\\/www.copealcoy.es\\\/es\\\/col%c2%b7lectiu-compromis-propone-medidas-para-la-mejora-de-los-poligonos\\\/\"},\"wordCount\":202,\"commentCount\":0,\"image\":{\"@id\":\"https:\\\/\\\/www.copealcoy.es\\\/es\\\/col%c2%b7lectiu-compromis-propone-medidas-para-la-mejora-de-los-poligonos\\\/#primaryimage\"},\"thumbnailUrl\":\"https:\\\/\\\/www.copealcoy.es\\\/wp-content\\\/uploads\\\/2016\\\/02\\\/Pol\u00edgono-Jovades.jpg\",\"keywords\":[\"Cocentaina\",\"Col.lectiu 03820\",\"Jordi Pla\",\"Mejoras\",\"Pol\u00edgonos Industriales\"],\"articleSection\":[\"Comarcas\",\"Noticias\"],\"inLanguage\":\"es\"},{\"@type\":\"WebPage\",\"@id\":\"https:\\\/\\\/www.copealcoy.es\\\/es\\\/col%c2%b7lectiu-compromis-propone-medidas-para-la-mejora-de-los-poligonos\\\/\",\"url\":\"https:\\\/\\\/www.copealcoy.es\\\/es\\\/col%c2%b7lectiu-compromis-propone-medidas-para-la-mejora-de-los-poligonos\\\/\",\"name\":\"Col\u00b7lectiu-Comprom\u00eds propone medidas para la mejora de los Pol\u00edgonos - COPE Alcoy\",\"isPartOf\":{\"@id\":\"https:\\\/\\\/www.copealcoy.es\\\/es\\\/#website\"},\"primaryImageOfPage\":{\"@id\":\"https:\\\/\\\/www.copealcoy.es\\\/es\\\/col%c2%b7lectiu-compromis-propone-medidas-para-la-mejora-de-los-poligonos\\\/#primaryimage\"},\"image\":{\"@id\":\"https:\\\/\\\/www.copealcoy.es\\\/es\\\/col%c2%b7lectiu-compromis-propone-medidas-para-la-mejora-de-los-poligonos\\\/#primaryimage\"},\"thumbnailUrl\":\"https:\\\/\\\/www.copealcoy.es\\\/wp-content\\\/uploads\\\/2016\\\/02\\\/Pol\u00edgono-Jovades.jpg\",\"datePublished\":\"2017-02-11T11:05:48+00:00\",\"dateModified\":\"2017-02-11T11:06:52+00:00\",\"author\":{\"@id\":\"https:\\\/\\\/www.copealcoy.es\\\/es\\\/#\\\/schema\\\/person\\\/e777c87fa024e57d40170af9df39882c\"},\"breadcrumb\":{\"@id\":\"https:\\\/\\\/www.copealcoy.es\\\/es\\\/col%c2%b7lectiu-compromis-propone-medidas-para-la-mejora-de-los-poligonos\\\/#breadcrumb\"},\"inLanguage\":\"es\",\"potentialAction\":[{\"@type\":\"ReadAction\",\"target\":[\"https:\\\/\\\/www.copealcoy.es\\\/es\\\/col%c2%b7lectiu-compromis-propone-medidas-para-la-mejora-de-los-poligonos\\\/\"]}]},{\"@type\":\"ImageObject\",\"inLanguage\":\"es\",\"@id\":\"https:\\\/\\\/www.copealcoy.es\\\/es\\\/col%c2%b7lectiu-compromis-propone-medidas-para-la-mejora-de-los-poligonos\\\/#primaryimage\",\"url\":\"https:\\\/\\\/www.copealcoy.es\\\/wp-content\\\/uploads\\\/2016\\\/02\\\/Pol\u00edgono-Jovades.jpg\",\"contentUrl\":\"https:\\\/\\\/www.copealcoy.es\\\/wp-content\\\/uploads\\\/2016\\\/02\\\/Pol\u00edgono-Jovades.jpg\",\"width\":960,\"height\":719,\"caption\":\"Pol\u00edgono Les Jovades de Cocentaina\"},{\"@type\":\"BreadcrumbList\",\"@id\":\"https:\\\/\\\/www.copealcoy.es\\\/es\\\/col%c2%b7lectiu-compromis-propone-medidas-para-la-mejora-de-los-poligonos\\\/#breadcrumb\",\"itemListElement\":[{\"@type\":\"ListItem\",\"position\":1,\"name\":\"Portada\",\"item\":\"https:\\\/\\\/www.copealcoy.es\\\/es\\\/\"},{\"@type\":\"ListItem\",\"position\":2,\"name\":\"Col\u00b7lectiu-Comprom\u00eds propone medidas para la mejora de los Pol\u00edgonos\"}]},{\"@type\":\"WebSite\",\"@id\":\"https:\\\/\\\/www.copealcoy.es\\\/es\\\/#website\",\"url\":\"https:\\\/\\\/www.copealcoy.es\\\/es\\\/\",\"name\":\"COPE Alcoy\",\"description\":\"Emisora COPE de radio local con emisi\u00f3n online. Pont de Sant Jordi 8-10 03803 Alcoy\",\"potentialAction\":[{\"@type\":\"SearchAction\",\"target\":{\"@type\":\"EntryPoint\",\"urlTemplate\":\"https:\\\/\\\/www.copealcoy.es\\\/es\\\/?s={search_term_string}\"},\"query-input\":{\"@type\":\"PropertyValueSpecification\",\"valueRequired\":true,\"valueName\":\"search_term_string\"}}],\"inLanguage\":\"es\"},{\"@type\":\"Person\",\"@id\":\"https:\\\/\\\/www.copealcoy.es\\\/es\\\/#\\\/schema\\\/person\\\/e777c87fa024e57d40170af9df39882c\",\"name\":\"Cope Alcoy\",\"image\":{\"@type\":\"ImageObject\",\"inLanguage\":\"es\",\"@id\":\"https:\\\/\\\/secure.gravatar.com\\\/avatar\\\/bb65d0283347e303893ba14f0692005417c1e0e690a325a4c5d8bb2b3943ee14?s=96&d=mm&r=g\",\"url\":\"https:\\\/\\\/secure.gravatar.com\\\/avatar\\\/bb65d0283347e303893ba14f0692005417c1e0e690a325a4c5d8bb2b3943ee14?s=96&d=mm&r=g\",\"contentUrl\":\"https:\\\/\\\/secure.gravatar.com\\\/avatar\\\/bb65d0283347e303893ba14f0692005417c1e0e690a325a4c5d8bb2b3943ee14?s=96&d=mm&r=g\",\"caption\":\"Cope Alcoy\"}}]}<\/script>\n<!-- \/ Yoast SEO plugin. -->","yoast_head_json":{"title":"Col\u00b7lectiu-Comprom\u00eds propone medidas para la mejora de los Pol\u00edgonos - COPE Alcoy","robots":{"index":"index","follow":"follow","max-snippet":"max-snippet:-1","max-image-preview":"max-image-preview:large","max-video-preview":"max-video-preview:-1"},"canonical":"https:\/\/www.copealcoy.es\/es\/col%c2%b7lectiu-compromis-propone-medidas-para-la-mejora-de-los-poligonos\/","og_locale":"es_ES","og_type":"article","og_title":"Col\u00b7lectiu-Comprom\u00eds propone medidas para la mejora de los Pol\u00edgonos - COPE Alcoy","og_description":"El grupo municipal\u00a0Col\u00b7lectiu 03820-Comprom\u00eds de Cocentaina insta a que se adopten varias medidas para mejorar los pol\u00edgonos industriales del municipio....","og_url":"https:\/\/www.copealcoy.es\/es\/col%c2%b7lectiu-compromis-propone-medidas-para-la-mejora-de-los-poligonos\/","og_site_name":"COPE Alcoy","article_published_time":"2017-02-11T11:05:48+00:00","article_modified_time":"2017-02-11T11:06:52+00:00","og_image":[{"width":960,"height":719,"url":"https:\/\/www.copealcoy.es\/wp-content\/uploads\/2016\/02\/Pol\u00edgono-Jovades.jpg","type":"image\/jpeg"}],"author":"Cope Alcoy","twitter_misc":{"Escrito por":"Cope Alcoy","Tiempo de lectura":"1 minuto"},"schema":{"@context":"https:\/\/schema.org","@graph":[{"@type":"Article","@id":"https:\/\/www.copealcoy.es\/es\/col%c2%b7lectiu-compromis-propone-medidas-para-la-mejora-de-los-poligonos\/#article","isPartOf":{"@id":"https:\/\/www.copealcoy.es\/es\/col%c2%b7lectiu-compromis-propone-medidas-para-la-mejora-de-los-poligonos\/"},"author":{"name":"Cope Alcoy","@id":"https:\/\/www.copealcoy.es\/es\/#\/schema\/person\/e777c87fa024e57d40170af9df39882c"},"headline":"Col\u00b7lectiu-Comprom\u00eds propone medidas para la mejora de los Pol\u00edgonos","datePublished":"2017-02-11T11:05:48+00:00","dateModified":"2017-02-11T11:06:52+00:00","mainEntityOfPage":{"@id":"https:\/\/www.copealcoy.es\/es\/col%c2%b7lectiu-compromis-propone-medidas-para-la-mejora-de-los-poligonos\/"},"wordCount":202,"commentCount":0,"image":{"@id":"https:\/\/www.copealcoy.es\/es\/col%c2%b7lectiu-compromis-propone-medidas-para-la-mejora-de-los-poligonos\/#primaryimage"},"thumbnailUrl":"https:\/\/www.copealcoy.es\/wp-content\/uploads\/2016\/02\/Pol\u00edgono-Jovades.jpg","keywords":["Cocentaina","Col.lectiu 03820","Jordi Pla","Mejoras","Pol\u00edgonos Industriales"],"articleSection":["Comarcas","Noticias"],"inLanguage":"es"},{"@type":"WebPage","@id":"https:\/\/www.copealcoy.es\/es\/col%c2%b7lectiu-compromis-propone-medidas-para-la-mejora-de-los-poligonos\/","url":"https:\/\/www.copealcoy.es\/es\/col%c2%b7lectiu-compromis-propone-medidas-para-la-mejora-de-los-poligonos\/","name":"Col\u00b7lectiu-Comprom\u00eds propone medidas para la mejora de los Pol\u00edgonos - COPE Alcoy","isPartOf":{"@id":"https:\/\/www.copealcoy.es\/es\/#website"},"primaryImageOfPage":{"@id":"https:\/\/www.copealcoy.es\/es\/col%c2%b7lectiu-compromis-propone-medidas-para-la-mejora-de-los-poligonos\/#primaryimage"},"image":{"@id":"https:\/\/www.copealcoy.es\/es\/col%c2%b7lectiu-compromis-propone-medidas-para-la-mejora-de-los-poligonos\/#primaryimage"},"thumbnailUrl":"https:\/\/www.copealcoy.es\/wp-content\/uploads\/2016\/02\/Pol\u00edgono-Jovades.jpg","datePublished":"2017-02-11T11:05:48+00:00","dateModified":"2017-02-11T11:06:52+00:00","author":{"@id":"https:\/\/www.copealcoy.es\/es\/#\/schema\/person\/e777c87fa024e57d40170af9df39882c"},"breadcrumb":{"@id":"https:\/\/www.copealcoy.es\/es\/col%c2%b7lectiu-compromis-propone-medidas-para-la-mejora-de-los-poligonos\/#breadcrumb"},"inLanguage":"es","potentialAction":[{"@type":"ReadAction","target":["https:\/\/www.copealcoy.es\/es\/col%c2%b7lectiu-compromis-propone-medidas-para-la-mejora-de-los-poligonos\/"]}]},{"@type":"ImageObject","inLanguage":"es","@id":"https:\/\/www.copealcoy.es\/es\/col%c2%b7lectiu-compromis-propone-medidas-para-la-mejora-de-los-poligonos\/#primaryimage","url":"https:\/\/www.copealcoy.es\/wp-content\/uploads\/2016\/02\/Pol\u00edgono-Jovades.jpg","contentUrl":"https:\/\/www.copealcoy.es\/wp-content\/uploads\/2016\/02\/Pol\u00edgono-Jovades.jpg","width":960,"height":719,"caption":"Pol\u00edgono Les Jovades de Cocentaina"},{"@type":"BreadcrumbList","@id":"https:\/\/www.copealcoy.es\/es\/col%c2%b7lectiu-compromis-propone-medidas-para-la-mejora-de-los-poligonos\/#breadcrumb","itemListElement":[{"@type":"ListItem","position":1,"name":"Portada","item":"https:\/\/www.copealcoy.es\/es\/"},{"@type":"ListItem","position":2,"name":"Col\u00b7lectiu-Comprom\u00eds propone medidas para la mejora de los Pol\u00edgonos"}]},{"@type":"WebSite","@id":"https:\/\/www.copealcoy.es\/es\/#website","url":"https:\/\/www.copealcoy.es\/es\/","name":"COPE Alcoy","description":"Emisora COPE de radio local con emisi\u00f3n online. Pont de Sant Jordi 8-10 03803 Alcoy","potentialAction":[{"@type":"SearchAction","target":{"@type":"EntryPoint","urlTemplate":"https:\/\/www.copealcoy.es\/es\/?s={search_term_string}"},"query-input":{"@type":"PropertyValueSpecification","valueRequired":true,"valueName":"search_term_string"}}],"inLanguage":"es"},{"@type":"Person","@id":"https:\/\/www.copealcoy.es\/es\/#\/schema\/person\/e777c87fa024e57d40170af9df39882c","name":"Cope Alcoy","image":{"@type":"ImageObject","inLanguage":"es","@id":"https:\/\/secure.gravatar.com\/avatar\/bb65d0283347e303893ba14f0692005417c1e0e690a325a4c5d8bb2b3943ee14?s=96&d=mm&r=g","url":"https:\/\/secure.gravatar.com\/avatar\/bb65d0283347e303893ba14f0692005417c1e0e690a325a4c5d8bb2b3943ee14?s=96&d=mm&r=g","contentUrl":"https:\/\/secure.gravatar.com\/avatar\/bb65d0283347e303893ba14f0692005417c1e0e690a325a4c5d8bb2b3943ee14?s=96&d=mm&r=g","caption":"Cope Alcoy"}}]}},"_links":{"self":[{"href":"https:\/\/www.copealcoy.es\/es\/wp-json\/wp\/v2\/posts\/28775","targetHints":{"allow":["GET"]}}],"collection":[{"href":"https:\/\/www.copealcoy.es\/es\/wp-json\/wp\/v2\/posts"}],"about":[{"href":"https:\/\/www.copealcoy.es\/es\/wp-json\/wp\/v2\/types\/post"}],"author":[{"embeddable":true,"href":"https:\/\/www.copealcoy.es\/es\/wp-json\/wp\/v2\/users\/1"}],"replies":[{"embeddable":true,"href":"https:\/\/www.copealcoy.es\/es\/wp-json\/wp\/v2\/comments?post=28775"}],"version-history":[{"count":0,"href":"https:\/\/www.copealcoy.es\/es\/wp-json\/wp\/v2\/posts\/28775\/revisions"}],"wp:featuredmedia":[{"embeddable":true,"href":"https:\/\/www.copealcoy.es\/es\/wp-json\/wp\/v2\/media\/19184"}],"wp:attachment":[{"href":"https:\/\/www.copealcoy.es\/es\/wp-json\/wp\/v2\/media?parent=28775"}],"wp:term":[{"taxonomy":"category","embeddable":true,"href":"https:\/\/www.copealcoy.es\/es\/wp-json\/wp\/v2\/categories?post=28775"},{"taxonomy":"post_tag","embeddable":true,"href":"https:\/\/www.copealcoy.es\/es\/wp-json\/wp\/v2\/tags?post=28775"}],"curies":[{"name":"wp","href":"https:\/\/api.w.org\/{rel}","templated":true}]}}