{"id":28724,"date":"2017-02-09T16:58:38","date_gmt":"2017-02-09T16:58:38","guid":{"rendered":"http:\/\/copealcoi.es\/new\/?p=28724"},"modified":"2017-02-09T17:02:08","modified_gmt":"2017-02-09T17:02:08","slug":"ciudadanos-propone-varias-medidas-para-aliviar-el-trafico-en-alcoy","status":"publish","type":"post","link":"https:\/\/www.copealcoy.es\/es\/ciudadanos-propone-varias-medidas-para-aliviar-el-trafico-en-alcoy\/","title":{"rendered":"Ciudadanos propone varias medidas para aliviar el tr\u00e1fico en Alcoy"},"content":{"rendered":"<p style=\"text-align: justify;\">Ciudadanos <strong>ha propuesto al Gobierno Municipal<\/strong> una serie de medidas dirigidas a aliviar el tr\u00e1fico en Alcoy<strong> tras el cierre del puente Fernando Reig<\/strong>.<\/p>\n<p style=\"text-align: justify;\">Desde la formaci\u00f3n naranja plantean que se estudie, en colaboraci\u00f3n con los t\u00e9cnicos de tr\u00e1fico de la Polic\u00eda Local,\u00a0\u00a0que <strong>el vial provisional del margen del r\u00edo situado a la altura del Colegio Santa Ana<\/strong> sea desviado por la calle Mar\u00eda Rafols <strong>invirtiendo su direcci\u00f3n actual<\/strong> y que la <strong>calle Isabel II<\/strong> pase a tener una sola direcci\u00f3n. Adem\u00e1s instan a que <strong>se considere la posibilidad de ampliar el n\u00famero de aparcamientos<\/strong> en este \u00faltimo vial de la ciudad para facilitar el estacionamiento a los vecinos de la zona.<\/p>\n<p style=\"text-align: justify;\"><strong>Jorge Sedano<\/strong>, portavoz de Ciudadanos en Alcoy, cree que <strong>esta propuesta podr\u00eda plantearse como opci\u00f3n de futuro<\/strong><em> &#8220;creemos que esta medida provisional puede ser una aportaci\u00f3n importante que ayude a la mayor fluidez del tr\u00e1fico y, por supuesto, si resulta ser tan \u00fatil como creemos en un principio, puede ser una opci\u00f3n definitiva en el futuro&#8221;<\/em>, detalla.<\/p>\n<p>&nbsp;<\/p>\n<p>&nbsp;<\/p>\n","protected":false},"excerpt":{"rendered":"<p>Ciudadanos ha propuesto al Gobierno Municipal una serie de medidas dirigidas a aliviar el tr\u00e1fico en Alcoy tras el cierre&#8230;<\/p>\n","protected":false},"author":1,"featured_media":28726,"comment_status":"open","ping_status":"open","sticky":false,"template":"","format":"standard","meta":{"footnotes":""},"categories":[97,75,79],"tags":[1494,349,825,401],"class_list":["post-28724","post","type-post","status-publish","format-standard","has-post-thumbnail","hentry","category-alcoy","category-noticias","category-politicayeconomia","tag-alcoy","tag-ciudadanos","tag-jorge-sedano","tag-trafico"],"yoast_head":"<!-- This site is optimized with the Yoast SEO plugin v27.3 - https:\/\/yoast.com\/product\/yoast-seo-wordpress\/ -->\n<title>Ciudadanos propone varias medidas para aliviar el tr\u00e1fico en Alcoy - COPE Alcoy<\/title>\n<meta name=\"robots\" content=\"index, follow, max-snippet:-1, max-image-preview:large, max-video-preview:-1\" \/>\n<link rel=\"canonical\" href=\"https:\/\/www.copealcoy.es\/es\/ciudadanos-propone-varias-medidas-para-aliviar-el-trafico-en-alcoy\/\" \/>\n<meta property=\"og:locale\" content=\"es_ES\" \/>\n<meta property=\"og:type\" content=\"article\" \/>\n<meta property=\"og:title\" content=\"Ciudadanos propone varias medidas para aliviar el tr\u00e1fico en Alcoy - COPE Alcoy\" \/>\n<meta property=\"og:description\" content=\"Ciudadanos ha propuesto al Gobierno Municipal una serie de medidas dirigidas a aliviar el tr\u00e1fico en Alcoy tras el cierre...\" \/>\n<meta property=\"og:url\" content=\"https:\/\/www.copealcoy.es\/es\/ciudadanos-propone-varias-medidas-para-aliviar-el-trafico-en-alcoy\/\" \/>\n<meta property=\"og:site_name\" content=\"COPE Alcoy\" \/>\n<meta property=\"article:published_time\" content=\"2017-02-09T16:58:38+00:00\" \/>\n<meta property=\"article:modified_time\" content=\"2017-02-09T17:02:08+00:00\" \/>\n<meta property=\"og:image\" content=\"https:\/\/www.copealcoy.es\/wp-content\/uploads\/2017\/02\/Calle-e1486658670210.jpg\" \/>\n\t<meta property=\"og:image:width\" content=\"842\" \/>\n\t<meta property=\"og:image:height\" content=\"500\" \/>\n\t<meta property=\"og:image:type\" content=\"image\/jpeg\" \/>\n<meta name=\"author\" content=\"Cope Alcoy\" \/>\n<meta name=\"twitter:label1\" content=\"Escrito por\" \/>\n\t<meta name=\"twitter:data1\" content=\"Cope Alcoy\" \/>\n\t<meta name=\"twitter:label2\" content=\"Tiempo de lectura\" \/>\n\t<meta name=\"twitter:data2\" content=\"1 minuto\" \/>\n<script type=\"application\/ld+json\" class=\"yoast-schema-graph\">{\"@context\":\"https:\\\/\\\/schema.org\",\"@graph\":[{\"@type\":\"Article\",\"@id\":\"https:\\\/\\\/www.copealcoy.es\\\/es\\\/ciudadanos-propone-varias-medidas-para-aliviar-el-trafico-en-alcoy\\\/#article\",\"isPartOf\":{\"@id\":\"https:\\\/\\\/www.copealcoy.es\\\/es\\\/ciudadanos-propone-varias-medidas-para-aliviar-el-trafico-en-alcoy\\\/\"},\"author\":{\"name\":\"Cope Alcoy\",\"@id\":\"https:\\\/\\\/www.copealcoy.es\\\/es\\\/#\\\/schema\\\/person\\\/e777c87fa024e57d40170af9df39882c\"},\"headline\":\"Ciudadanos propone varias medidas para aliviar el tr\u00e1fico en Alcoy\",\"datePublished\":\"2017-02-09T16:58:38+00:00\",\"dateModified\":\"2017-02-09T17:02:08+00:00\",\"mainEntityOfPage\":{\"@id\":\"https:\\\/\\\/www.copealcoy.es\\\/es\\\/ciudadanos-propone-varias-medidas-para-aliviar-el-trafico-en-alcoy\\\/\"},\"wordCount\":200,\"commentCount\":0,\"image\":{\"@id\":\"https:\\\/\\\/www.copealcoy.es\\\/es\\\/ciudadanos-propone-varias-medidas-para-aliviar-el-trafico-en-alcoy\\\/#primaryimage\"},\"thumbnailUrl\":\"https:\\\/\\\/www.copealcoy.es\\\/wp-content\\\/uploads\\\/2017\\\/02\\\/Calle-e1486658670210.jpg\",\"keywords\":[\"Alcoy\",\"Ciudadanos\",\"Jorge Sedano\",\"Tr\u00e1fico\"],\"articleSection\":[\"Alcoy\",\"Noticias\",\"Pol\u00edtica y Econom\u00eda\"],\"inLanguage\":\"es\"},{\"@type\":\"WebPage\",\"@id\":\"https:\\\/\\\/www.copealcoy.es\\\/es\\\/ciudadanos-propone-varias-medidas-para-aliviar-el-trafico-en-alcoy\\\/\",\"url\":\"https:\\\/\\\/www.copealcoy.es\\\/es\\\/ciudadanos-propone-varias-medidas-para-aliviar-el-trafico-en-alcoy\\\/\",\"name\":\"Ciudadanos propone varias medidas para aliviar el tr\u00e1fico en Alcoy - COPE Alcoy\",\"isPartOf\":{\"@id\":\"https:\\\/\\\/www.copealcoy.es\\\/es\\\/#website\"},\"primaryImageOfPage\":{\"@id\":\"https:\\\/\\\/www.copealcoy.es\\\/es\\\/ciudadanos-propone-varias-medidas-para-aliviar-el-trafico-en-alcoy\\\/#primaryimage\"},\"image\":{\"@id\":\"https:\\\/\\\/www.copealcoy.es\\\/es\\\/ciudadanos-propone-varias-medidas-para-aliviar-el-trafico-en-alcoy\\\/#primaryimage\"},\"thumbnailUrl\":\"https:\\\/\\\/www.copealcoy.es\\\/wp-content\\\/uploads\\\/2017\\\/02\\\/Calle-e1486658670210.jpg\",\"datePublished\":\"2017-02-09T16:58:38+00:00\",\"dateModified\":\"2017-02-09T17:02:08+00:00\",\"author\":{\"@id\":\"https:\\\/\\\/www.copealcoy.es\\\/es\\\/#\\\/schema\\\/person\\\/e777c87fa024e57d40170af9df39882c\"},\"breadcrumb\":{\"@id\":\"https:\\\/\\\/www.copealcoy.es\\\/es\\\/ciudadanos-propone-varias-medidas-para-aliviar-el-trafico-en-alcoy\\\/#breadcrumb\"},\"inLanguage\":\"es\",\"potentialAction\":[{\"@type\":\"ReadAction\",\"target\":[\"https:\\\/\\\/www.copealcoy.es\\\/es\\\/ciudadanos-propone-varias-medidas-para-aliviar-el-trafico-en-alcoy\\\/\"]}]},{\"@type\":\"ImageObject\",\"inLanguage\":\"es\",\"@id\":\"https:\\\/\\\/www.copealcoy.es\\\/es\\\/ciudadanos-propone-varias-medidas-para-aliviar-el-trafico-en-alcoy\\\/#primaryimage\",\"url\":\"https:\\\/\\\/www.copealcoy.es\\\/wp-content\\\/uploads\\\/2017\\\/02\\\/Calle-e1486658670210.jpg\",\"contentUrl\":\"https:\\\/\\\/www.copealcoy.es\\\/wp-content\\\/uploads\\\/2017\\\/02\\\/Calle-e1486658670210.jpg\",\"width\":842,\"height\":500},{\"@type\":\"BreadcrumbList\",\"@id\":\"https:\\\/\\\/www.copealcoy.es\\\/es\\\/ciudadanos-propone-varias-medidas-para-aliviar-el-trafico-en-alcoy\\\/#breadcrumb\",\"itemListElement\":[{\"@type\":\"ListItem\",\"position\":1,\"name\":\"Portada\",\"item\":\"https:\\\/\\\/www.copealcoy.es\\\/es\\\/\"},{\"@type\":\"ListItem\",\"position\":2,\"name\":\"Ciudadanos propone varias medidas para aliviar el tr\u00e1fico en Alcoy\"}]},{\"@type\":\"WebSite\",\"@id\":\"https:\\\/\\\/www.copealcoy.es\\\/es\\\/#website\",\"url\":\"https:\\\/\\\/www.copealcoy.es\\\/es\\\/\",\"name\":\"COPE Alcoy\",\"description\":\"Emisora COPE de radio local con emisi\u00f3n online. Pont de Sant Jordi 8-10 03803 Alcoy\",\"potentialAction\":[{\"@type\":\"SearchAction\",\"target\":{\"@type\":\"EntryPoint\",\"urlTemplate\":\"https:\\\/\\\/www.copealcoy.es\\\/es\\\/?s={search_term_string}\"},\"query-input\":{\"@type\":\"PropertyValueSpecification\",\"valueRequired\":true,\"valueName\":\"search_term_string\"}}],\"inLanguage\":\"es\"},{\"@type\":\"Person\",\"@id\":\"https:\\\/\\\/www.copealcoy.es\\\/es\\\/#\\\/schema\\\/person\\\/e777c87fa024e57d40170af9df39882c\",\"name\":\"Cope Alcoy\",\"image\":{\"@type\":\"ImageObject\",\"inLanguage\":\"es\",\"@id\":\"https:\\\/\\\/secure.gravatar.com\\\/avatar\\\/bb65d0283347e303893ba14f0692005417c1e0e690a325a4c5d8bb2b3943ee14?s=96&d=mm&r=g\",\"url\":\"https:\\\/\\\/secure.gravatar.com\\\/avatar\\\/bb65d0283347e303893ba14f0692005417c1e0e690a325a4c5d8bb2b3943ee14?s=96&d=mm&r=g\",\"contentUrl\":\"https:\\\/\\\/secure.gravatar.com\\\/avatar\\\/bb65d0283347e303893ba14f0692005417c1e0e690a325a4c5d8bb2b3943ee14?s=96&d=mm&r=g\",\"caption\":\"Cope Alcoy\"}}]}<\/script>\n<!-- \/ Yoast SEO plugin. -->","yoast_head_json":{"title":"Ciudadanos propone varias medidas para aliviar el tr\u00e1fico en Alcoy - COPE Alcoy","robots":{"index":"index","follow":"follow","max-snippet":"max-snippet:-1","max-image-preview":"max-image-preview:large","max-video-preview":"max-video-preview:-1"},"canonical":"https:\/\/www.copealcoy.es\/es\/ciudadanos-propone-varias-medidas-para-aliviar-el-trafico-en-alcoy\/","og_locale":"es_ES","og_type":"article","og_title":"Ciudadanos propone varias medidas para aliviar el tr\u00e1fico en Alcoy - COPE Alcoy","og_description":"Ciudadanos ha propuesto al Gobierno Municipal una serie de medidas dirigidas a aliviar el tr\u00e1fico en Alcoy tras el cierre...","og_url":"https:\/\/www.copealcoy.es\/es\/ciudadanos-propone-varias-medidas-para-aliviar-el-trafico-en-alcoy\/","og_site_name":"COPE Alcoy","article_published_time":"2017-02-09T16:58:38+00:00","article_modified_time":"2017-02-09T17:02:08+00:00","og_image":[{"width":842,"height":500,"url":"https:\/\/www.copealcoy.es\/wp-content\/uploads\/2017\/02\/Calle-e1486658670210.jpg","type":"image\/jpeg"}],"author":"Cope Alcoy","twitter_misc":{"Escrito por":"Cope Alcoy","Tiempo de lectura":"1 minuto"},"schema":{"@context":"https:\/\/schema.org","@graph":[{"@type":"Article","@id":"https:\/\/www.copealcoy.es\/es\/ciudadanos-propone-varias-medidas-para-aliviar-el-trafico-en-alcoy\/#article","isPartOf":{"@id":"https:\/\/www.copealcoy.es\/es\/ciudadanos-propone-varias-medidas-para-aliviar-el-trafico-en-alcoy\/"},"author":{"name":"Cope Alcoy","@id":"https:\/\/www.copealcoy.es\/es\/#\/schema\/person\/e777c87fa024e57d40170af9df39882c"},"headline":"Ciudadanos propone varias medidas para aliviar el tr\u00e1fico en Alcoy","datePublished":"2017-02-09T16:58:38+00:00","dateModified":"2017-02-09T17:02:08+00:00","mainEntityOfPage":{"@id":"https:\/\/www.copealcoy.es\/es\/ciudadanos-propone-varias-medidas-para-aliviar-el-trafico-en-alcoy\/"},"wordCount":200,"commentCount":0,"image":{"@id":"https:\/\/www.copealcoy.es\/es\/ciudadanos-propone-varias-medidas-para-aliviar-el-trafico-en-alcoy\/#primaryimage"},"thumbnailUrl":"https:\/\/www.copealcoy.es\/wp-content\/uploads\/2017\/02\/Calle-e1486658670210.jpg","keywords":["Alcoy","Ciudadanos","Jorge Sedano","Tr\u00e1fico"],"articleSection":["Alcoy","Noticias","Pol\u00edtica y Econom\u00eda"],"inLanguage":"es"},{"@type":"WebPage","@id":"https:\/\/www.copealcoy.es\/es\/ciudadanos-propone-varias-medidas-para-aliviar-el-trafico-en-alcoy\/","url":"https:\/\/www.copealcoy.es\/es\/ciudadanos-propone-varias-medidas-para-aliviar-el-trafico-en-alcoy\/","name":"Ciudadanos propone varias medidas para aliviar el tr\u00e1fico en Alcoy - COPE Alcoy","isPartOf":{"@id":"https:\/\/www.copealcoy.es\/es\/#website"},"primaryImageOfPage":{"@id":"https:\/\/www.copealcoy.es\/es\/ciudadanos-propone-varias-medidas-para-aliviar-el-trafico-en-alcoy\/#primaryimage"},"image":{"@id":"https:\/\/www.copealcoy.es\/es\/ciudadanos-propone-varias-medidas-para-aliviar-el-trafico-en-alcoy\/#primaryimage"},"thumbnailUrl":"https:\/\/www.copealcoy.es\/wp-content\/uploads\/2017\/02\/Calle-e1486658670210.jpg","datePublished":"2017-02-09T16:58:38+00:00","dateModified":"2017-02-09T17:02:08+00:00","author":{"@id":"https:\/\/www.copealcoy.es\/es\/#\/schema\/person\/e777c87fa024e57d40170af9df39882c"},"breadcrumb":{"@id":"https:\/\/www.copealcoy.es\/es\/ciudadanos-propone-varias-medidas-para-aliviar-el-trafico-en-alcoy\/#breadcrumb"},"inLanguage":"es","potentialAction":[{"@type":"ReadAction","target":["https:\/\/www.copealcoy.es\/es\/ciudadanos-propone-varias-medidas-para-aliviar-el-trafico-en-alcoy\/"]}]},{"@type":"ImageObject","inLanguage":"es","@id":"https:\/\/www.copealcoy.es\/es\/ciudadanos-propone-varias-medidas-para-aliviar-el-trafico-en-alcoy\/#primaryimage","url":"https:\/\/www.copealcoy.es\/wp-content\/uploads\/2017\/02\/Calle-e1486658670210.jpg","contentUrl":"https:\/\/www.copealcoy.es\/wp-content\/uploads\/2017\/02\/Calle-e1486658670210.jpg","width":842,"height":500},{"@type":"BreadcrumbList","@id":"https:\/\/www.copealcoy.es\/es\/ciudadanos-propone-varias-medidas-para-aliviar-el-trafico-en-alcoy\/#breadcrumb","itemListElement":[{"@type":"ListItem","position":1,"name":"Portada","item":"https:\/\/www.copealcoy.es\/es\/"},{"@type":"ListItem","position":2,"name":"Ciudadanos propone varias medidas para aliviar el tr\u00e1fico en Alcoy"}]},{"@type":"WebSite","@id":"https:\/\/www.copealcoy.es\/es\/#website","url":"https:\/\/www.copealcoy.es\/es\/","name":"COPE Alcoy","description":"Emisora COPE de radio local con emisi\u00f3n online. Pont de Sant Jordi 8-10 03803 Alcoy","potentialAction":[{"@type":"SearchAction","target":{"@type":"EntryPoint","urlTemplate":"https:\/\/www.copealcoy.es\/es\/?s={search_term_string}"},"query-input":{"@type":"PropertyValueSpecification","valueRequired":true,"valueName":"search_term_string"}}],"inLanguage":"es"},{"@type":"Person","@id":"https:\/\/www.copealcoy.es\/es\/#\/schema\/person\/e777c87fa024e57d40170af9df39882c","name":"Cope Alcoy","image":{"@type":"ImageObject","inLanguage":"es","@id":"https:\/\/secure.gravatar.com\/avatar\/bb65d0283347e303893ba14f0692005417c1e0e690a325a4c5d8bb2b3943ee14?s=96&d=mm&r=g","url":"https:\/\/secure.gravatar.com\/avatar\/bb65d0283347e303893ba14f0692005417c1e0e690a325a4c5d8bb2b3943ee14?s=96&d=mm&r=g","contentUrl":"https:\/\/secure.gravatar.com\/avatar\/bb65d0283347e303893ba14f0692005417c1e0e690a325a4c5d8bb2b3943ee14?s=96&d=mm&r=g","caption":"Cope Alcoy"}}]}},"_links":{"self":[{"href":"https:\/\/www.copealcoy.es\/es\/wp-json\/wp\/v2\/posts\/28724","targetHints":{"allow":["GET"]}}],"collection":[{"href":"https:\/\/www.copealcoy.es\/es\/wp-json\/wp\/v2\/posts"}],"about":[{"href":"https:\/\/www.copealcoy.es\/es\/wp-json\/wp\/v2\/types\/post"}],"author":[{"embeddable":true,"href":"https:\/\/www.copealcoy.es\/es\/wp-json\/wp\/v2\/users\/1"}],"replies":[{"embeddable":true,"href":"https:\/\/www.copealcoy.es\/es\/wp-json\/wp\/v2\/comments?post=28724"}],"version-history":[{"count":0,"href":"https:\/\/www.copealcoy.es\/es\/wp-json\/wp\/v2\/posts\/28724\/revisions"}],"wp:featuredmedia":[{"embeddable":true,"href":"https:\/\/www.copealcoy.es\/es\/wp-json\/wp\/v2\/media\/28726"}],"wp:attachment":[{"href":"https:\/\/www.copealcoy.es\/es\/wp-json\/wp\/v2\/media?parent=28724"}],"wp:term":[{"taxonomy":"category","embeddable":true,"href":"https:\/\/www.copealcoy.es\/es\/wp-json\/wp\/v2\/categories?post=28724"},{"taxonomy":"post_tag","embeddable":true,"href":"https:\/\/www.copealcoy.es\/es\/wp-json\/wp\/v2\/tags?post=28724"}],"curies":[{"name":"wp","href":"https:\/\/api.w.org\/{rel}","templated":true}]}}