{"id":28640,"date":"2017-02-07T15:09:01","date_gmt":"2017-02-07T15:09:01","guid":{"rendered":"http:\/\/copealcoi.es\/new\/?p=28640"},"modified":"2017-02-07T15:11:09","modified_gmt":"2017-02-07T15:11:09","slug":"benillup-busca-soluciones-para-el-barranco-de-caraita","status":"publish","type":"post","link":"https:\/\/www.copealcoy.es\/es\/benillup-busca-soluciones-para-el-barranco-de-caraita\/","title":{"rendered":"Benillup busca soluciones para el Barranco de Caraita"},"content":{"rendered":"<p style=\"text-align: justify;\">La <strong>Coordinadora d&#8217;Estudis E\u00f2lics del Comtat y el Grup de Defensa de la Natura y el Patrimoni Rentonar<\/strong> van a instar a diferentes organismos a que <strong>act\u00faen para frenar la erosi\u00f3n<\/strong> en el Barranco de Caraita de Benillup.<\/p>\n<p style=\"text-align: justify;\">Desde estos organismos\u00a0se pide a la <strong>Generalitat Valenciana<\/strong> <strong>que elabore\u00a0un proyecto que evite la erosi\u00f3n del citado barranco<\/strong> al mismo tiempo que se reclama a la\u00a0Confederaci\u00f3n Hidrogr\u00e1fica del J\u00facar <strong>una\u00a0relaci\u00f3n de actuaciones para consolidar la ladera<\/strong> y proteger al municipio ante los continuos corrimientos de tierras que ponen en peligro la estabilidad del municipio.\u00a0Por \u00faltimo solicitan a la Diputaci\u00f3n Provincial de Alicante<strong> asistencia jur\u00eddica, econ\u00f3mica y t\u00e9cnica<\/strong>.<\/p>\n<p style=\"text-align: justify;\">Ambos colectivos afirman que <strong>existe un peligro real y no resuelto de desprendimiento<\/strong> que se agrava cada vez que hay episodios de lluvias fuertes y que <strong>podr\u00eda incluso hacer desaparecer a la poblaci\u00f3n<\/strong> <em>&#8220;la \u00fanica actuaci\u00f3n realizada durante estos 12 a\u00f1os ha sido, por parte de la Diputaci\u00f3n Provincial, la construcci\u00f3n de un colector en el n\u00facleo urbano, para canalizar las aguas pluviales. Los episodios de lluvias del 2011, 2012, 2016 y 2017 han demostrado que esta actuaci\u00f3n fue totalmente insuficiente para solucionar el problema, ya que los desprendimientos de tierras han continuado&#8221;<\/em>, afirman en un comunicado.<\/p>\n<p style=\"text-align: justify;\">La Coordinadora d&#8217;Estudis E\u00f2lics y El Rentonar tambi\u00e9n est\u00e1n trabajando y colaborando con los vecinos del municipio para<strong> la creaci\u00f3n de la asociaci\u00f3n \u2018Salvem Benillup\u2019<\/strong> con el fin de conseguir soluciones conjuntas a esta problem\u00e1tica que sufre esta localidad del Comtat.<\/p>\n","protected":false},"excerpt":{"rendered":"<p>La Coordinadora d&#8217;Estudis E\u00f2lics del Comtat y el Grup de Defensa de la Natura y el Patrimoni Rentonar van a&#8230;<\/p>\n","protected":false},"author":1,"featured_media":28301,"comment_status":"open","ping_status":"open","sticky":false,"template":"","format":"standard","meta":{"footnotes":""},"categories":[98,75],"tags":[3615,409,237,3616],"class_list":["post-28640","post","type-post","status-publish","format-standard","has-post-thumbnail","hentry","category-comarcas","category-noticias","tag-barranc-de-caraita","tag-benillup","tag-comtat","tag-erosion"],"yoast_head":"<!-- This site is optimized with the Yoast SEO plugin v27.3 - https:\/\/yoast.com\/product\/yoast-seo-wordpress\/ -->\n<title>Benillup busca soluciones para el Barranco de Caraita - COPE Alcoy<\/title>\n<meta name=\"robots\" content=\"index, follow, max-snippet:-1, max-image-preview:large, max-video-preview:-1\" \/>\n<link rel=\"canonical\" href=\"https:\/\/www.copealcoy.es\/es\/benillup-busca-soluciones-para-el-barranco-de-caraita\/\" \/>\n<meta property=\"og:locale\" content=\"es_ES\" \/>\n<meta property=\"og:type\" content=\"article\" \/>\n<meta property=\"og:title\" content=\"Benillup busca soluciones para el Barranco de Caraita - COPE Alcoy\" \/>\n<meta property=\"og:description\" content=\"La Coordinadora d&#8217;Estudis E\u00f2lics del Comtat y el Grup de Defensa de la Natura y el Patrimoni Rentonar van a...\" \/>\n<meta property=\"og:url\" content=\"https:\/\/www.copealcoy.es\/es\/benillup-busca-soluciones-para-el-barranco-de-caraita\/\" \/>\n<meta property=\"og:site_name\" content=\"COPE Alcoy\" \/>\n<meta property=\"article:published_time\" content=\"2017-02-07T15:09:01+00:00\" \/>\n<meta property=\"article:modified_time\" content=\"2017-02-07T15:11:09+00:00\" \/>\n<meta property=\"og:image\" content=\"https:\/\/www.copealcoy.es\/wp-content\/uploads\/2017\/01\/2016-12-21-asomados-precipicio-1-e1485360369578.jpg\" \/>\n\t<meta property=\"og:image:width\" content=\"526\" \/>\n\t<meta property=\"og:image:height\" content=\"278\" \/>\n\t<meta property=\"og:image:type\" content=\"image\/jpeg\" \/>\n<meta name=\"author\" content=\"Cope Alcoy\" \/>\n<meta name=\"twitter:label1\" content=\"Escrito por\" \/>\n\t<meta name=\"twitter:data1\" content=\"Cope Alcoy\" \/>\n\t<meta name=\"twitter:label2\" content=\"Tiempo de lectura\" \/>\n\t<meta name=\"twitter:data2\" content=\"1 minuto\" \/>\n<script type=\"application\/ld+json\" class=\"yoast-schema-graph\">{\"@context\":\"https:\\\/\\\/schema.org\",\"@graph\":[{\"@type\":\"Article\",\"@id\":\"https:\\\/\\\/www.copealcoy.es\\\/es\\\/benillup-busca-soluciones-para-el-barranco-de-caraita\\\/#article\",\"isPartOf\":{\"@id\":\"https:\\\/\\\/www.copealcoy.es\\\/es\\\/benillup-busca-soluciones-para-el-barranco-de-caraita\\\/\"},\"author\":{\"name\":\"Cope Alcoy\",\"@id\":\"https:\\\/\\\/www.copealcoy.es\\\/es\\\/#\\\/schema\\\/person\\\/e777c87fa024e57d40170af9df39882c\"},\"headline\":\"Benillup busca soluciones para el Barranco de Caraita\",\"datePublished\":\"2017-02-07T15:09:01+00:00\",\"dateModified\":\"2017-02-07T15:11:09+00:00\",\"mainEntityOfPage\":{\"@id\":\"https:\\\/\\\/www.copealcoy.es\\\/es\\\/benillup-busca-soluciones-para-el-barranco-de-caraita\\\/\"},\"wordCount\":279,\"commentCount\":0,\"image\":{\"@id\":\"https:\\\/\\\/www.copealcoy.es\\\/es\\\/benillup-busca-soluciones-para-el-barranco-de-caraita\\\/#primaryimage\"},\"thumbnailUrl\":\"https:\\\/\\\/www.copealcoy.es\\\/wp-content\\\/uploads\\\/2017\\\/01\\\/2016-12-21-asomados-precipicio-1-e1485360369578.jpg\",\"keywords\":[\"Barranc de Caraita\",\"Benillup\",\"Comtat\",\"erosi\u00f3n\"],\"articleSection\":[\"Comarcas\",\"Noticias\"],\"inLanguage\":\"es\"},{\"@type\":\"WebPage\",\"@id\":\"https:\\\/\\\/www.copealcoy.es\\\/es\\\/benillup-busca-soluciones-para-el-barranco-de-caraita\\\/\",\"url\":\"https:\\\/\\\/www.copealcoy.es\\\/es\\\/benillup-busca-soluciones-para-el-barranco-de-caraita\\\/\",\"name\":\"Benillup busca soluciones para el Barranco de Caraita - COPE Alcoy\",\"isPartOf\":{\"@id\":\"https:\\\/\\\/www.copealcoy.es\\\/es\\\/#website\"},\"primaryImageOfPage\":{\"@id\":\"https:\\\/\\\/www.copealcoy.es\\\/es\\\/benillup-busca-soluciones-para-el-barranco-de-caraita\\\/#primaryimage\"},\"image\":{\"@id\":\"https:\\\/\\\/www.copealcoy.es\\\/es\\\/benillup-busca-soluciones-para-el-barranco-de-caraita\\\/#primaryimage\"},\"thumbnailUrl\":\"https:\\\/\\\/www.copealcoy.es\\\/wp-content\\\/uploads\\\/2017\\\/01\\\/2016-12-21-asomados-precipicio-1-e1485360369578.jpg\",\"datePublished\":\"2017-02-07T15:09:01+00:00\",\"dateModified\":\"2017-02-07T15:11:09+00:00\",\"author\":{\"@id\":\"https:\\\/\\\/www.copealcoy.es\\\/es\\\/#\\\/schema\\\/person\\\/e777c87fa024e57d40170af9df39882c\"},\"breadcrumb\":{\"@id\":\"https:\\\/\\\/www.copealcoy.es\\\/es\\\/benillup-busca-soluciones-para-el-barranco-de-caraita\\\/#breadcrumb\"},\"inLanguage\":\"es\",\"potentialAction\":[{\"@type\":\"ReadAction\",\"target\":[\"https:\\\/\\\/www.copealcoy.es\\\/es\\\/benillup-busca-soluciones-para-el-barranco-de-caraita\\\/\"]}]},{\"@type\":\"ImageObject\",\"inLanguage\":\"es\",\"@id\":\"https:\\\/\\\/www.copealcoy.es\\\/es\\\/benillup-busca-soluciones-para-el-barranco-de-caraita\\\/#primaryimage\",\"url\":\"https:\\\/\\\/www.copealcoy.es\\\/wp-content\\\/uploads\\\/2017\\\/01\\\/2016-12-21-asomados-precipicio-1-e1485360369578.jpg\",\"contentUrl\":\"https:\\\/\\\/www.copealcoy.es\\\/wp-content\\\/uploads\\\/2017\\\/01\\\/2016-12-21-asomados-precipicio-1-e1485360369578.jpg\",\"width\":526,\"height\":278,\"caption\":\"El Barranc de Caraita est\u00e1 a escasos metros de las casas de Benillup\"},{\"@type\":\"BreadcrumbList\",\"@id\":\"https:\\\/\\\/www.copealcoy.es\\\/es\\\/benillup-busca-soluciones-para-el-barranco-de-caraita\\\/#breadcrumb\",\"itemListElement\":[{\"@type\":\"ListItem\",\"position\":1,\"name\":\"Portada\",\"item\":\"https:\\\/\\\/www.copealcoy.es\\\/es\\\/\"},{\"@type\":\"ListItem\",\"position\":2,\"name\":\"Benillup busca soluciones para el Barranco de Caraita\"}]},{\"@type\":\"WebSite\",\"@id\":\"https:\\\/\\\/www.copealcoy.es\\\/es\\\/#website\",\"url\":\"https:\\\/\\\/www.copealcoy.es\\\/es\\\/\",\"name\":\"COPE Alcoy\",\"description\":\"Emisora COPE de radio local con emisi\u00f3n online. Pont de Sant Jordi 8-10 03803 Alcoy\",\"potentialAction\":[{\"@type\":\"SearchAction\",\"target\":{\"@type\":\"EntryPoint\",\"urlTemplate\":\"https:\\\/\\\/www.copealcoy.es\\\/es\\\/?s={search_term_string}\"},\"query-input\":{\"@type\":\"PropertyValueSpecification\",\"valueRequired\":true,\"valueName\":\"search_term_string\"}}],\"inLanguage\":\"es\"},{\"@type\":\"Person\",\"@id\":\"https:\\\/\\\/www.copealcoy.es\\\/es\\\/#\\\/schema\\\/person\\\/e777c87fa024e57d40170af9df39882c\",\"name\":\"Cope Alcoy\",\"image\":{\"@type\":\"ImageObject\",\"inLanguage\":\"es\",\"@id\":\"https:\\\/\\\/secure.gravatar.com\\\/avatar\\\/bb65d0283347e303893ba14f0692005417c1e0e690a325a4c5d8bb2b3943ee14?s=96&d=mm&r=g\",\"url\":\"https:\\\/\\\/secure.gravatar.com\\\/avatar\\\/bb65d0283347e303893ba14f0692005417c1e0e690a325a4c5d8bb2b3943ee14?s=96&d=mm&r=g\",\"contentUrl\":\"https:\\\/\\\/secure.gravatar.com\\\/avatar\\\/bb65d0283347e303893ba14f0692005417c1e0e690a325a4c5d8bb2b3943ee14?s=96&d=mm&r=g\",\"caption\":\"Cope Alcoy\"}}]}<\/script>\n<!-- \/ Yoast SEO plugin. -->","yoast_head_json":{"title":"Benillup busca soluciones para el Barranco de Caraita - COPE Alcoy","robots":{"index":"index","follow":"follow","max-snippet":"max-snippet:-1","max-image-preview":"max-image-preview:large","max-video-preview":"max-video-preview:-1"},"canonical":"https:\/\/www.copealcoy.es\/es\/benillup-busca-soluciones-para-el-barranco-de-caraita\/","og_locale":"es_ES","og_type":"article","og_title":"Benillup busca soluciones para el Barranco de Caraita - COPE Alcoy","og_description":"La Coordinadora d&#8217;Estudis E\u00f2lics del Comtat y el Grup de Defensa de la Natura y el Patrimoni Rentonar van a...","og_url":"https:\/\/www.copealcoy.es\/es\/benillup-busca-soluciones-para-el-barranco-de-caraita\/","og_site_name":"COPE Alcoy","article_published_time":"2017-02-07T15:09:01+00:00","article_modified_time":"2017-02-07T15:11:09+00:00","og_image":[{"width":526,"height":278,"url":"https:\/\/www.copealcoy.es\/wp-content\/uploads\/2017\/01\/2016-12-21-asomados-precipicio-1-e1485360369578.jpg","type":"image\/jpeg"}],"author":"Cope Alcoy","twitter_misc":{"Escrito por":"Cope Alcoy","Tiempo de lectura":"1 minuto"},"schema":{"@context":"https:\/\/schema.org","@graph":[{"@type":"Article","@id":"https:\/\/www.copealcoy.es\/es\/benillup-busca-soluciones-para-el-barranco-de-caraita\/#article","isPartOf":{"@id":"https:\/\/www.copealcoy.es\/es\/benillup-busca-soluciones-para-el-barranco-de-caraita\/"},"author":{"name":"Cope Alcoy","@id":"https:\/\/www.copealcoy.es\/es\/#\/schema\/person\/e777c87fa024e57d40170af9df39882c"},"headline":"Benillup busca soluciones para el Barranco de Caraita","datePublished":"2017-02-07T15:09:01+00:00","dateModified":"2017-02-07T15:11:09+00:00","mainEntityOfPage":{"@id":"https:\/\/www.copealcoy.es\/es\/benillup-busca-soluciones-para-el-barranco-de-caraita\/"},"wordCount":279,"commentCount":0,"image":{"@id":"https:\/\/www.copealcoy.es\/es\/benillup-busca-soluciones-para-el-barranco-de-caraita\/#primaryimage"},"thumbnailUrl":"https:\/\/www.copealcoy.es\/wp-content\/uploads\/2017\/01\/2016-12-21-asomados-precipicio-1-e1485360369578.jpg","keywords":["Barranc de Caraita","Benillup","Comtat","erosi\u00f3n"],"articleSection":["Comarcas","Noticias"],"inLanguage":"es"},{"@type":"WebPage","@id":"https:\/\/www.copealcoy.es\/es\/benillup-busca-soluciones-para-el-barranco-de-caraita\/","url":"https:\/\/www.copealcoy.es\/es\/benillup-busca-soluciones-para-el-barranco-de-caraita\/","name":"Benillup busca soluciones para el Barranco de Caraita - COPE Alcoy","isPartOf":{"@id":"https:\/\/www.copealcoy.es\/es\/#website"},"primaryImageOfPage":{"@id":"https:\/\/www.copealcoy.es\/es\/benillup-busca-soluciones-para-el-barranco-de-caraita\/#primaryimage"},"image":{"@id":"https:\/\/www.copealcoy.es\/es\/benillup-busca-soluciones-para-el-barranco-de-caraita\/#primaryimage"},"thumbnailUrl":"https:\/\/www.copealcoy.es\/wp-content\/uploads\/2017\/01\/2016-12-21-asomados-precipicio-1-e1485360369578.jpg","datePublished":"2017-02-07T15:09:01+00:00","dateModified":"2017-02-07T15:11:09+00:00","author":{"@id":"https:\/\/www.copealcoy.es\/es\/#\/schema\/person\/e777c87fa024e57d40170af9df39882c"},"breadcrumb":{"@id":"https:\/\/www.copealcoy.es\/es\/benillup-busca-soluciones-para-el-barranco-de-caraita\/#breadcrumb"},"inLanguage":"es","potentialAction":[{"@type":"ReadAction","target":["https:\/\/www.copealcoy.es\/es\/benillup-busca-soluciones-para-el-barranco-de-caraita\/"]}]},{"@type":"ImageObject","inLanguage":"es","@id":"https:\/\/www.copealcoy.es\/es\/benillup-busca-soluciones-para-el-barranco-de-caraita\/#primaryimage","url":"https:\/\/www.copealcoy.es\/wp-content\/uploads\/2017\/01\/2016-12-21-asomados-precipicio-1-e1485360369578.jpg","contentUrl":"https:\/\/www.copealcoy.es\/wp-content\/uploads\/2017\/01\/2016-12-21-asomados-precipicio-1-e1485360369578.jpg","width":526,"height":278,"caption":"El Barranc de Caraita est\u00e1 a escasos metros de las casas de Benillup"},{"@type":"BreadcrumbList","@id":"https:\/\/www.copealcoy.es\/es\/benillup-busca-soluciones-para-el-barranco-de-caraita\/#breadcrumb","itemListElement":[{"@type":"ListItem","position":1,"name":"Portada","item":"https:\/\/www.copealcoy.es\/es\/"},{"@type":"ListItem","position":2,"name":"Benillup busca soluciones para el Barranco de Caraita"}]},{"@type":"WebSite","@id":"https:\/\/www.copealcoy.es\/es\/#website","url":"https:\/\/www.copealcoy.es\/es\/","name":"COPE Alcoy","description":"Emisora COPE de radio local con emisi\u00f3n online. Pont de Sant Jordi 8-10 03803 Alcoy","potentialAction":[{"@type":"SearchAction","target":{"@type":"EntryPoint","urlTemplate":"https:\/\/www.copealcoy.es\/es\/?s={search_term_string}"},"query-input":{"@type":"PropertyValueSpecification","valueRequired":true,"valueName":"search_term_string"}}],"inLanguage":"es"},{"@type":"Person","@id":"https:\/\/www.copealcoy.es\/es\/#\/schema\/person\/e777c87fa024e57d40170af9df39882c","name":"Cope Alcoy","image":{"@type":"ImageObject","inLanguage":"es","@id":"https:\/\/secure.gravatar.com\/avatar\/bb65d0283347e303893ba14f0692005417c1e0e690a325a4c5d8bb2b3943ee14?s=96&d=mm&r=g","url":"https:\/\/secure.gravatar.com\/avatar\/bb65d0283347e303893ba14f0692005417c1e0e690a325a4c5d8bb2b3943ee14?s=96&d=mm&r=g","contentUrl":"https:\/\/secure.gravatar.com\/avatar\/bb65d0283347e303893ba14f0692005417c1e0e690a325a4c5d8bb2b3943ee14?s=96&d=mm&r=g","caption":"Cope Alcoy"}}]}},"_links":{"self":[{"href":"https:\/\/www.copealcoy.es\/es\/wp-json\/wp\/v2\/posts\/28640","targetHints":{"allow":["GET"]}}],"collection":[{"href":"https:\/\/www.copealcoy.es\/es\/wp-json\/wp\/v2\/posts"}],"about":[{"href":"https:\/\/www.copealcoy.es\/es\/wp-json\/wp\/v2\/types\/post"}],"author":[{"embeddable":true,"href":"https:\/\/www.copealcoy.es\/es\/wp-json\/wp\/v2\/users\/1"}],"replies":[{"embeddable":true,"href":"https:\/\/www.copealcoy.es\/es\/wp-json\/wp\/v2\/comments?post=28640"}],"version-history":[{"count":0,"href":"https:\/\/www.copealcoy.es\/es\/wp-json\/wp\/v2\/posts\/28640\/revisions"}],"wp:featuredmedia":[{"embeddable":true,"href":"https:\/\/www.copealcoy.es\/es\/wp-json\/wp\/v2\/media\/28301"}],"wp:attachment":[{"href":"https:\/\/www.copealcoy.es\/es\/wp-json\/wp\/v2\/media?parent=28640"}],"wp:term":[{"taxonomy":"category","embeddable":true,"href":"https:\/\/www.copealcoy.es\/es\/wp-json\/wp\/v2\/categories?post=28640"},{"taxonomy":"post_tag","embeddable":true,"href":"https:\/\/www.copealcoy.es\/es\/wp-json\/wp\/v2\/tags?post=28640"}],"curies":[{"name":"wp","href":"https:\/\/api.w.org\/{rel}","templated":true}]}}