{"id":28566,"date":"2017-02-04T09:27:51","date_gmt":"2017-02-04T09:27:51","guid":{"rendered":"http:\/\/copealcoi.es\/new\/?p=28566"},"modified":"2017-02-04T09:28:49","modified_gmt":"2017-02-04T09:28:49","slug":"la-cofradia-la-columna-coordinara-la-semana-santa-contestana","status":"publish","type":"post","link":"https:\/\/www.copealcoy.es\/es\/la-cofradia-la-columna-coordinara-la-semana-santa-contestana\/","title":{"rendered":"La Cofrad\u00eda de La Columna coordinar\u00e1 la Semana Santa Contestana"},"content":{"rendered":"<p style=\"text-align: justify;\">La Junta Central de Cofrad\u00edas de la Semana Santa Contestana <strong>est\u00e1 ultimando los preparativos para las diferentes celebraciones<\/strong> que tendr\u00e1n lugar en Cocentaina a partir del Mi\u00e9rcoles de Ceniza. Este a\u00f1o la <strong>Cofrad\u00eda del Cristo de La Columna<\/strong>, con sede en la parroquia de Santa Mar\u00eda, ser\u00e1 la encargada de presidir la citada Junta Central de Cofrad\u00edas\u00a0lo cual, implicar\u00e1 tambi\u00e9n que<strong> asuma la coordinaci\u00f3n de todos los actos<\/strong> que se realizar\u00e1n para rememorar la Pasi\u00f3n.<\/p>\n<p style=\"text-align: justify;\">El p\u00e1rroco de Santa Mar\u00eda, <strong>Eduardo Rengel<\/strong>, explicaba este viernes en el Informativo Comarcal de COPE ALCOY que en estas primeras semanas del a\u00f1o\u00a0<strong>se est\u00e1 trabajando en confeccionar el folleto informativo<\/strong> de todas las celebraciones al mimo tiempo que\u00a0daba los nombres de <strong>dos de los protagonistas<\/strong> de la Semana Santa de 2017 <em>&#8220;Samuel Botella ser\u00e1 el encargado de realizar el preg\u00f3n, un gran conocedor de las tradiciones contestanas y de todo lo que envuelve a la Semana Santa, y Pepa Va\u00f1\u00f3 asumir\u00e1 la tarea de elaborar el cartel&#8221;<\/em>, indic\u00f3.<\/p>\n<p style=\"text-align: justify;\">Tanto el preg\u00f3n de la Semana Santa como la presentaci\u00f3n del cartel anunciador tendr\u00e1n lugar <strong>el s\u00e1bado 25 de marzo<\/strong> a las 20:15h de la tarde en la iglesia de Santa Mar\u00eda.<\/p>\n","protected":false},"excerpt":{"rendered":"<p>La Junta Central de Cofrad\u00edas de la Semana Santa Contestana est\u00e1 ultimando los preparativos para las diferentes celebraciones que tendr\u00e1n&#8230;<\/p>\n","protected":false},"author":1,"featured_media":28567,"comment_status":"open","ping_status":"open","sticky":false,"template":"","format":"standard","meta":{"footnotes":""},"categories":[98,75],"tags":[908,132,3658,1426,3656,745],"class_list":["post-28566","post","type-post","status-publish","format-standard","has-post-thumbnail","hentry","category-comarcas","category-noticias","tag-cartel","tag-cocentaina","tag-eduardo-rengel","tag-pregon","tag-santa-maria","tag-semana-santa"],"yoast_head":"<!-- This site is optimized with the Yoast SEO plugin v27.3 - https:\/\/yoast.com\/product\/yoast-seo-wordpress\/ -->\n<title>La Cofrad\u00eda de La Columna coordinar\u00e1 la Semana Santa Contestana - COPE Alcoy<\/title>\n<meta name=\"robots\" content=\"index, follow, max-snippet:-1, max-image-preview:large, max-video-preview:-1\" \/>\n<link rel=\"canonical\" href=\"https:\/\/www.copealcoy.es\/es\/la-cofradia-la-columna-coordinara-la-semana-santa-contestana\/\" \/>\n<meta property=\"og:locale\" content=\"es_ES\" \/>\n<meta property=\"og:type\" content=\"article\" \/>\n<meta property=\"og:title\" content=\"La Cofrad\u00eda de La Columna coordinar\u00e1 la Semana Santa Contestana - COPE Alcoy\" \/>\n<meta property=\"og:description\" content=\"La Junta Central de Cofrad\u00edas de la Semana Santa Contestana est\u00e1 ultimando los preparativos para las diferentes celebraciones que tendr\u00e1n...\" \/>\n<meta property=\"og:url\" content=\"https:\/\/www.copealcoy.es\/es\/la-cofradia-la-columna-coordinara-la-semana-santa-contestana\/\" \/>\n<meta property=\"og:site_name\" content=\"COPE Alcoy\" \/>\n<meta property=\"article:published_time\" content=\"2017-02-04T09:27:51+00:00\" \/>\n<meta property=\"article:modified_time\" content=\"2017-02-04T09:28:49+00:00\" \/>\n<meta property=\"og:image\" content=\"https:\/\/www.copealcoy.es\/wp-content\/uploads\/2017\/02\/19624_685058464950423_2792512995453162952_n-e1486200219341.jpg\" \/>\n\t<meta property=\"og:image:width\" content=\"591\" \/>\n\t<meta property=\"og:image:height\" content=\"348\" \/>\n\t<meta property=\"og:image:type\" content=\"image\/jpeg\" \/>\n<meta name=\"author\" content=\"Cope Alcoy\" \/>\n<meta name=\"twitter:label1\" content=\"Escrito por\" \/>\n\t<meta name=\"twitter:data1\" content=\"Cope Alcoy\" \/>\n\t<meta name=\"twitter:label2\" content=\"Tiempo de lectura\" \/>\n\t<meta name=\"twitter:data2\" content=\"1 minuto\" \/>\n<script type=\"application\/ld+json\" class=\"yoast-schema-graph\">{\"@context\":\"https:\\\/\\\/schema.org\",\"@graph\":[{\"@type\":\"Article\",\"@id\":\"https:\\\/\\\/www.copealcoy.es\\\/es\\\/la-cofradia-la-columna-coordinara-la-semana-santa-contestana\\\/#article\",\"isPartOf\":{\"@id\":\"https:\\\/\\\/www.copealcoy.es\\\/es\\\/la-cofradia-la-columna-coordinara-la-semana-santa-contestana\\\/\"},\"author\":{\"name\":\"Cope Alcoy\",\"@id\":\"https:\\\/\\\/www.copealcoy.es\\\/es\\\/#\\\/schema\\\/person\\\/e777c87fa024e57d40170af9df39882c\"},\"headline\":\"La Cofrad\u00eda de La Columna coordinar\u00e1 la Semana Santa Contestana\",\"datePublished\":\"2017-02-04T09:27:51+00:00\",\"dateModified\":\"2017-02-04T09:28:49+00:00\",\"mainEntityOfPage\":{\"@id\":\"https:\\\/\\\/www.copealcoy.es\\\/es\\\/la-cofradia-la-columna-coordinara-la-semana-santa-contestana\\\/\"},\"wordCount\":228,\"commentCount\":0,\"image\":{\"@id\":\"https:\\\/\\\/www.copealcoy.es\\\/es\\\/la-cofradia-la-columna-coordinara-la-semana-santa-contestana\\\/#primaryimage\"},\"thumbnailUrl\":\"https:\\\/\\\/www.copealcoy.es\\\/wp-content\\\/uploads\\\/2017\\\/02\\\/19624_685058464950423_2792512995453162952_n-e1486200219341.jpg\",\"keywords\":[\"Cartel\",\"Cocentaina\",\"Eduardo Rengel\",\"preg\u00f3n\",\"Santa Mar\u00eda\",\"Semana Santa\"],\"articleSection\":[\"Comarcas\",\"Noticias\"],\"inLanguage\":\"es\"},{\"@type\":\"WebPage\",\"@id\":\"https:\\\/\\\/www.copealcoy.es\\\/es\\\/la-cofradia-la-columna-coordinara-la-semana-santa-contestana\\\/\",\"url\":\"https:\\\/\\\/www.copealcoy.es\\\/es\\\/la-cofradia-la-columna-coordinara-la-semana-santa-contestana\\\/\",\"name\":\"La Cofrad\u00eda de La Columna coordinar\u00e1 la Semana Santa Contestana - COPE Alcoy\",\"isPartOf\":{\"@id\":\"https:\\\/\\\/www.copealcoy.es\\\/es\\\/#website\"},\"primaryImageOfPage\":{\"@id\":\"https:\\\/\\\/www.copealcoy.es\\\/es\\\/la-cofradia-la-columna-coordinara-la-semana-santa-contestana\\\/#primaryimage\"},\"image\":{\"@id\":\"https:\\\/\\\/www.copealcoy.es\\\/es\\\/la-cofradia-la-columna-coordinara-la-semana-santa-contestana\\\/#primaryimage\"},\"thumbnailUrl\":\"https:\\\/\\\/www.copealcoy.es\\\/wp-content\\\/uploads\\\/2017\\\/02\\\/19624_685058464950423_2792512995453162952_n-e1486200219341.jpg\",\"datePublished\":\"2017-02-04T09:27:51+00:00\",\"dateModified\":\"2017-02-04T09:28:49+00:00\",\"author\":{\"@id\":\"https:\\\/\\\/www.copealcoy.es\\\/es\\\/#\\\/schema\\\/person\\\/e777c87fa024e57d40170af9df39882c\"},\"breadcrumb\":{\"@id\":\"https:\\\/\\\/www.copealcoy.es\\\/es\\\/la-cofradia-la-columna-coordinara-la-semana-santa-contestana\\\/#breadcrumb\"},\"inLanguage\":\"es\",\"potentialAction\":[{\"@type\":\"ReadAction\",\"target\":[\"https:\\\/\\\/www.copealcoy.es\\\/es\\\/la-cofradia-la-columna-coordinara-la-semana-santa-contestana\\\/\"]}]},{\"@type\":\"ImageObject\",\"inLanguage\":\"es\",\"@id\":\"https:\\\/\\\/www.copealcoy.es\\\/es\\\/la-cofradia-la-columna-coordinara-la-semana-santa-contestana\\\/#primaryimage\",\"url\":\"https:\\\/\\\/www.copealcoy.es\\\/wp-content\\\/uploads\\\/2017\\\/02\\\/19624_685058464950423_2792512995453162952_n-e1486200219341.jpg\",\"contentUrl\":\"https:\\\/\\\/www.copealcoy.es\\\/wp-content\\\/uploads\\\/2017\\\/02\\\/19624_685058464950423_2792512995453162952_n-e1486200219341.jpg\",\"width\":591,\"height\":348,\"caption\":\"Imagen del paso del Cristo de La Columna \\\/ Foto: Pau Vela\"},{\"@type\":\"BreadcrumbList\",\"@id\":\"https:\\\/\\\/www.copealcoy.es\\\/es\\\/la-cofradia-la-columna-coordinara-la-semana-santa-contestana\\\/#breadcrumb\",\"itemListElement\":[{\"@type\":\"ListItem\",\"position\":1,\"name\":\"Portada\",\"item\":\"https:\\\/\\\/www.copealcoy.es\\\/es\\\/\"},{\"@type\":\"ListItem\",\"position\":2,\"name\":\"La Cofrad\u00eda de La Columna coordinar\u00e1 la Semana Santa Contestana\"}]},{\"@type\":\"WebSite\",\"@id\":\"https:\\\/\\\/www.copealcoy.es\\\/es\\\/#website\",\"url\":\"https:\\\/\\\/www.copealcoy.es\\\/es\\\/\",\"name\":\"COPE Alcoy\",\"description\":\"Emisora COPE de radio local con emisi\u00f3n online. Pont de Sant Jordi 8-10 03803 Alcoy\",\"potentialAction\":[{\"@type\":\"SearchAction\",\"target\":{\"@type\":\"EntryPoint\",\"urlTemplate\":\"https:\\\/\\\/www.copealcoy.es\\\/es\\\/?s={search_term_string}\"},\"query-input\":{\"@type\":\"PropertyValueSpecification\",\"valueRequired\":true,\"valueName\":\"search_term_string\"}}],\"inLanguage\":\"es\"},{\"@type\":\"Person\",\"@id\":\"https:\\\/\\\/www.copealcoy.es\\\/es\\\/#\\\/schema\\\/person\\\/e777c87fa024e57d40170af9df39882c\",\"name\":\"Cope Alcoy\",\"image\":{\"@type\":\"ImageObject\",\"inLanguage\":\"es\",\"@id\":\"https:\\\/\\\/secure.gravatar.com\\\/avatar\\\/bb65d0283347e303893ba14f0692005417c1e0e690a325a4c5d8bb2b3943ee14?s=96&d=mm&r=g\",\"url\":\"https:\\\/\\\/secure.gravatar.com\\\/avatar\\\/bb65d0283347e303893ba14f0692005417c1e0e690a325a4c5d8bb2b3943ee14?s=96&d=mm&r=g\",\"contentUrl\":\"https:\\\/\\\/secure.gravatar.com\\\/avatar\\\/bb65d0283347e303893ba14f0692005417c1e0e690a325a4c5d8bb2b3943ee14?s=96&d=mm&r=g\",\"caption\":\"Cope Alcoy\"}}]}<\/script>\n<!-- \/ Yoast SEO plugin. -->","yoast_head_json":{"title":"La Cofrad\u00eda de La Columna coordinar\u00e1 la Semana Santa Contestana - COPE Alcoy","robots":{"index":"index","follow":"follow","max-snippet":"max-snippet:-1","max-image-preview":"max-image-preview:large","max-video-preview":"max-video-preview:-1"},"canonical":"https:\/\/www.copealcoy.es\/es\/la-cofradia-la-columna-coordinara-la-semana-santa-contestana\/","og_locale":"es_ES","og_type":"article","og_title":"La Cofrad\u00eda de La Columna coordinar\u00e1 la Semana Santa Contestana - COPE Alcoy","og_description":"La Junta Central de Cofrad\u00edas de la Semana Santa Contestana est\u00e1 ultimando los preparativos para las diferentes celebraciones que tendr\u00e1n...","og_url":"https:\/\/www.copealcoy.es\/es\/la-cofradia-la-columna-coordinara-la-semana-santa-contestana\/","og_site_name":"COPE Alcoy","article_published_time":"2017-02-04T09:27:51+00:00","article_modified_time":"2017-02-04T09:28:49+00:00","og_image":[{"width":591,"height":348,"url":"https:\/\/www.copealcoy.es\/wp-content\/uploads\/2017\/02\/19624_685058464950423_2792512995453162952_n-e1486200219341.jpg","type":"image\/jpeg"}],"author":"Cope Alcoy","twitter_misc":{"Escrito por":"Cope Alcoy","Tiempo de lectura":"1 minuto"},"schema":{"@context":"https:\/\/schema.org","@graph":[{"@type":"Article","@id":"https:\/\/www.copealcoy.es\/es\/la-cofradia-la-columna-coordinara-la-semana-santa-contestana\/#article","isPartOf":{"@id":"https:\/\/www.copealcoy.es\/es\/la-cofradia-la-columna-coordinara-la-semana-santa-contestana\/"},"author":{"name":"Cope Alcoy","@id":"https:\/\/www.copealcoy.es\/es\/#\/schema\/person\/e777c87fa024e57d40170af9df39882c"},"headline":"La Cofrad\u00eda de La Columna coordinar\u00e1 la Semana Santa Contestana","datePublished":"2017-02-04T09:27:51+00:00","dateModified":"2017-02-04T09:28:49+00:00","mainEntityOfPage":{"@id":"https:\/\/www.copealcoy.es\/es\/la-cofradia-la-columna-coordinara-la-semana-santa-contestana\/"},"wordCount":228,"commentCount":0,"image":{"@id":"https:\/\/www.copealcoy.es\/es\/la-cofradia-la-columna-coordinara-la-semana-santa-contestana\/#primaryimage"},"thumbnailUrl":"https:\/\/www.copealcoy.es\/wp-content\/uploads\/2017\/02\/19624_685058464950423_2792512995453162952_n-e1486200219341.jpg","keywords":["Cartel","Cocentaina","Eduardo Rengel","preg\u00f3n","Santa Mar\u00eda","Semana Santa"],"articleSection":["Comarcas","Noticias"],"inLanguage":"es"},{"@type":"WebPage","@id":"https:\/\/www.copealcoy.es\/es\/la-cofradia-la-columna-coordinara-la-semana-santa-contestana\/","url":"https:\/\/www.copealcoy.es\/es\/la-cofradia-la-columna-coordinara-la-semana-santa-contestana\/","name":"La Cofrad\u00eda de La Columna coordinar\u00e1 la Semana Santa Contestana - COPE Alcoy","isPartOf":{"@id":"https:\/\/www.copealcoy.es\/es\/#website"},"primaryImageOfPage":{"@id":"https:\/\/www.copealcoy.es\/es\/la-cofradia-la-columna-coordinara-la-semana-santa-contestana\/#primaryimage"},"image":{"@id":"https:\/\/www.copealcoy.es\/es\/la-cofradia-la-columna-coordinara-la-semana-santa-contestana\/#primaryimage"},"thumbnailUrl":"https:\/\/www.copealcoy.es\/wp-content\/uploads\/2017\/02\/19624_685058464950423_2792512995453162952_n-e1486200219341.jpg","datePublished":"2017-02-04T09:27:51+00:00","dateModified":"2017-02-04T09:28:49+00:00","author":{"@id":"https:\/\/www.copealcoy.es\/es\/#\/schema\/person\/e777c87fa024e57d40170af9df39882c"},"breadcrumb":{"@id":"https:\/\/www.copealcoy.es\/es\/la-cofradia-la-columna-coordinara-la-semana-santa-contestana\/#breadcrumb"},"inLanguage":"es","potentialAction":[{"@type":"ReadAction","target":["https:\/\/www.copealcoy.es\/es\/la-cofradia-la-columna-coordinara-la-semana-santa-contestana\/"]}]},{"@type":"ImageObject","inLanguage":"es","@id":"https:\/\/www.copealcoy.es\/es\/la-cofradia-la-columna-coordinara-la-semana-santa-contestana\/#primaryimage","url":"https:\/\/www.copealcoy.es\/wp-content\/uploads\/2017\/02\/19624_685058464950423_2792512995453162952_n-e1486200219341.jpg","contentUrl":"https:\/\/www.copealcoy.es\/wp-content\/uploads\/2017\/02\/19624_685058464950423_2792512995453162952_n-e1486200219341.jpg","width":591,"height":348,"caption":"Imagen del paso del Cristo de La Columna \/ Foto: Pau Vela"},{"@type":"BreadcrumbList","@id":"https:\/\/www.copealcoy.es\/es\/la-cofradia-la-columna-coordinara-la-semana-santa-contestana\/#breadcrumb","itemListElement":[{"@type":"ListItem","position":1,"name":"Portada","item":"https:\/\/www.copealcoy.es\/es\/"},{"@type":"ListItem","position":2,"name":"La Cofrad\u00eda de La Columna coordinar\u00e1 la Semana Santa Contestana"}]},{"@type":"WebSite","@id":"https:\/\/www.copealcoy.es\/es\/#website","url":"https:\/\/www.copealcoy.es\/es\/","name":"COPE Alcoy","description":"Emisora COPE de radio local con emisi\u00f3n online. Pont de Sant Jordi 8-10 03803 Alcoy","potentialAction":[{"@type":"SearchAction","target":{"@type":"EntryPoint","urlTemplate":"https:\/\/www.copealcoy.es\/es\/?s={search_term_string}"},"query-input":{"@type":"PropertyValueSpecification","valueRequired":true,"valueName":"search_term_string"}}],"inLanguage":"es"},{"@type":"Person","@id":"https:\/\/www.copealcoy.es\/es\/#\/schema\/person\/e777c87fa024e57d40170af9df39882c","name":"Cope Alcoy","image":{"@type":"ImageObject","inLanguage":"es","@id":"https:\/\/secure.gravatar.com\/avatar\/bb65d0283347e303893ba14f0692005417c1e0e690a325a4c5d8bb2b3943ee14?s=96&d=mm&r=g","url":"https:\/\/secure.gravatar.com\/avatar\/bb65d0283347e303893ba14f0692005417c1e0e690a325a4c5d8bb2b3943ee14?s=96&d=mm&r=g","contentUrl":"https:\/\/secure.gravatar.com\/avatar\/bb65d0283347e303893ba14f0692005417c1e0e690a325a4c5d8bb2b3943ee14?s=96&d=mm&r=g","caption":"Cope Alcoy"}}]}},"_links":{"self":[{"href":"https:\/\/www.copealcoy.es\/es\/wp-json\/wp\/v2\/posts\/28566","targetHints":{"allow":["GET"]}}],"collection":[{"href":"https:\/\/www.copealcoy.es\/es\/wp-json\/wp\/v2\/posts"}],"about":[{"href":"https:\/\/www.copealcoy.es\/es\/wp-json\/wp\/v2\/types\/post"}],"author":[{"embeddable":true,"href":"https:\/\/www.copealcoy.es\/es\/wp-json\/wp\/v2\/users\/1"}],"replies":[{"embeddable":true,"href":"https:\/\/www.copealcoy.es\/es\/wp-json\/wp\/v2\/comments?post=28566"}],"version-history":[{"count":0,"href":"https:\/\/www.copealcoy.es\/es\/wp-json\/wp\/v2\/posts\/28566\/revisions"}],"wp:featuredmedia":[{"embeddable":true,"href":"https:\/\/www.copealcoy.es\/es\/wp-json\/wp\/v2\/media\/28567"}],"wp:attachment":[{"href":"https:\/\/www.copealcoy.es\/es\/wp-json\/wp\/v2\/media?parent=28566"}],"wp:term":[{"taxonomy":"category","embeddable":true,"href":"https:\/\/www.copealcoy.es\/es\/wp-json\/wp\/v2\/categories?post=28566"},{"taxonomy":"post_tag","embeddable":true,"href":"https:\/\/www.copealcoy.es\/es\/wp-json\/wp\/v2\/tags?post=28566"}],"curies":[{"name":"wp","href":"https:\/\/api.w.org\/{rel}","templated":true}]}}