{"id":28540,"date":"2017-02-02T20:26:52","date_gmt":"2017-02-02T20:26:52","guid":{"rendered":"http:\/\/copealcoi.es\/new\/?p=28540"},"modified":"2017-02-02T20:30:07","modified_gmt":"2017-02-02T20:30:07","slug":"presentada-una-nueva-edicion-del-trail-de-confrides","status":"publish","type":"post","link":"https:\/\/www.copealcoy.es\/es\/presentada-una-nueva-edicion-del-trail-de-confrides\/","title":{"rendered":"Presentada una nueva edici\u00f3n del Trail de Confrides"},"content":{"rendered":"<p style=\"text-align: justify;\">La Serrella\u00a0ser\u00e1 testigo en la pr\u00f3xima primavera <strong>del Trail de Confrides<\/strong>, una cita deportiva que en este a\u00f1o 2017 alcanza <strong>su segunda edici\u00f3n<\/strong>, y que <strong>fue presentada en la jornada de ayer<\/strong> en el Ayuntamiento de esta localidad de la mano de sus coordinadores:\u00a0Josemi P\u00e9rez y Jorge Pastor.<\/p>\n<p style=\"text-align: justify;\">El II Trail de Confrides <strong>tendr\u00e1 lugar el d\u00eda 20 de mayo<\/strong> y se espera una masiva asistencia al mismo debido a la <strong>dureza de las pruebas<\/strong> y a <strong>la acogida del municipio<\/strong> a todos los participantes. Adem\u00e1s se obsequiar\u00e1 con\u00a0<strong>una barbacoa<\/strong> a todos los que quieran visitar Confrides ese d\u00eda. Tambi\u00e9n la competici\u00f3n <strong>tendr\u00e1 paso por nuestras comarcas<\/strong> ya que la prueba se adentrar\u00e1 en poblaciones como Quatretondeta, Fageca y Famorca.<\/p>\n<p style=\"text-align: justify;\">Recordar que la pasada edici\u00f3n del Trail de Confrides\u00a0<strong>fue un \u00e9xito total para los corredores y para las familias<\/strong> ya que el municipio se volc\u00f3 con el evento,<strong> participando incluso las amas de casa<\/strong> con la elaboraci\u00f3n de comidas y dulces caseros para todos los\u00a0participantes.<\/p>\n","protected":false},"excerpt":{"rendered":"<p>La Serrella\u00a0ser\u00e1 testigo en la pr\u00f3xima primavera del Trail de Confrides, una cita deportiva que en este a\u00f1o 2017 alcanza&#8230;<\/p>\n","protected":false},"author":1,"featured_media":28541,"comment_status":"open","ping_status":"open","sticky":false,"template":"","format":"standard","meta":{"footnotes":""},"categories":[92,75],"tags":[237,2852,3672,753],"class_list":["post-28540","post","type-post","status-publish","format-standard","has-post-thumbnail","hentry","category-deportes","category-noticias","tag-comtat","tag-confrides","tag-corredores","tag-trail"],"yoast_head":"<!-- This site is optimized with the Yoast SEO plugin v27.3 - https:\/\/yoast.com\/product\/yoast-seo-wordpress\/ -->\n<title>Presentada una nueva edici\u00f3n del Trail de Confrides - COPE Alcoy<\/title>\n<meta name=\"robots\" content=\"index, follow, max-snippet:-1, max-image-preview:large, max-video-preview:-1\" \/>\n<link rel=\"canonical\" href=\"https:\/\/www.copealcoy.es\/es\/presentada-una-nueva-edicion-del-trail-de-confrides\/\" \/>\n<meta property=\"og:locale\" content=\"es_ES\" \/>\n<meta property=\"og:type\" content=\"article\" \/>\n<meta property=\"og:title\" content=\"Presentada una nueva edici\u00f3n del Trail de Confrides - COPE Alcoy\" \/>\n<meta property=\"og:description\" content=\"La Serrella\u00a0ser\u00e1 testigo en la pr\u00f3xima primavera del Trail de Confrides, una cita deportiva que en este a\u00f1o 2017 alcanza...\" \/>\n<meta property=\"og:url\" content=\"https:\/\/www.copealcoy.es\/es\/presentada-una-nueva-edicion-del-trail-de-confrides\/\" \/>\n<meta property=\"og:site_name\" content=\"COPE Alcoy\" \/>\n<meta property=\"article:published_time\" content=\"2017-02-02T20:26:52+00:00\" \/>\n<meta property=\"article:modified_time\" content=\"2017-02-02T20:30:07+00:00\" \/>\n<meta property=\"og:image\" content=\"https:\/\/www.copealcoy.es\/wp-content\/uploads\/2017\/02\/1-e1486067170689.jpg\" \/>\n\t<meta property=\"og:image:width\" content=\"426\" \/>\n\t<meta property=\"og:image:height\" content=\"275\" \/>\n\t<meta property=\"og:image:type\" content=\"image\/jpeg\" \/>\n<meta name=\"author\" content=\"Cope Alcoy\" \/>\n<meta name=\"twitter:label1\" content=\"Escrito por\" \/>\n\t<meta name=\"twitter:data1\" content=\"Cope Alcoy\" \/>\n\t<meta name=\"twitter:label2\" content=\"Tiempo de lectura\" \/>\n\t<meta name=\"twitter:data2\" content=\"1 minuto\" \/>\n<script type=\"application\/ld+json\" class=\"yoast-schema-graph\">{\"@context\":\"https:\\\/\\\/schema.org\",\"@graph\":[{\"@type\":\"Article\",\"@id\":\"https:\\\/\\\/www.copealcoy.es\\\/es\\\/presentada-una-nueva-edicion-del-trail-de-confrides\\\/#article\",\"isPartOf\":{\"@id\":\"https:\\\/\\\/www.copealcoy.es\\\/es\\\/presentada-una-nueva-edicion-del-trail-de-confrides\\\/\"},\"author\":{\"name\":\"Cope Alcoy\",\"@id\":\"https:\\\/\\\/www.copealcoy.es\\\/es\\\/#\\\/schema\\\/person\\\/e777c87fa024e57d40170af9df39882c\"},\"headline\":\"Presentada una nueva edici\u00f3n del Trail de Confrides\",\"datePublished\":\"2017-02-02T20:26:52+00:00\",\"dateModified\":\"2017-02-02T20:30:07+00:00\",\"mainEntityOfPage\":{\"@id\":\"https:\\\/\\\/www.copealcoy.es\\\/es\\\/presentada-una-nueva-edicion-del-trail-de-confrides\\\/\"},\"wordCount\":188,\"commentCount\":0,\"image\":{\"@id\":\"https:\\\/\\\/www.copealcoy.es\\\/es\\\/presentada-una-nueva-edicion-del-trail-de-confrides\\\/#primaryimage\"},\"thumbnailUrl\":\"https:\\\/\\\/www.copealcoy.es\\\/wp-content\\\/uploads\\\/2017\\\/02\\\/1-e1486067170689.jpg\",\"keywords\":[\"Comtat\",\"Confrides\",\"corredores\",\"Trail\"],\"articleSection\":[\"Deportes\",\"Noticias\"],\"inLanguage\":\"es\"},{\"@type\":\"WebPage\",\"@id\":\"https:\\\/\\\/www.copealcoy.es\\\/es\\\/presentada-una-nueva-edicion-del-trail-de-confrides\\\/\",\"url\":\"https:\\\/\\\/www.copealcoy.es\\\/es\\\/presentada-una-nueva-edicion-del-trail-de-confrides\\\/\",\"name\":\"Presentada una nueva edici\u00f3n del Trail de Confrides - COPE Alcoy\",\"isPartOf\":{\"@id\":\"https:\\\/\\\/www.copealcoy.es\\\/es\\\/#website\"},\"primaryImageOfPage\":{\"@id\":\"https:\\\/\\\/www.copealcoy.es\\\/es\\\/presentada-una-nueva-edicion-del-trail-de-confrides\\\/#primaryimage\"},\"image\":{\"@id\":\"https:\\\/\\\/www.copealcoy.es\\\/es\\\/presentada-una-nueva-edicion-del-trail-de-confrides\\\/#primaryimage\"},\"thumbnailUrl\":\"https:\\\/\\\/www.copealcoy.es\\\/wp-content\\\/uploads\\\/2017\\\/02\\\/1-e1486067170689.jpg\",\"datePublished\":\"2017-02-02T20:26:52+00:00\",\"dateModified\":\"2017-02-02T20:30:07+00:00\",\"author\":{\"@id\":\"https:\\\/\\\/www.copealcoy.es\\\/es\\\/#\\\/schema\\\/person\\\/e777c87fa024e57d40170af9df39882c\"},\"breadcrumb\":{\"@id\":\"https:\\\/\\\/www.copealcoy.es\\\/es\\\/presentada-una-nueva-edicion-del-trail-de-confrides\\\/#breadcrumb\"},\"inLanguage\":\"es\",\"potentialAction\":[{\"@type\":\"ReadAction\",\"target\":[\"https:\\\/\\\/www.copealcoy.es\\\/es\\\/presentada-una-nueva-edicion-del-trail-de-confrides\\\/\"]}]},{\"@type\":\"ImageObject\",\"inLanguage\":\"es\",\"@id\":\"https:\\\/\\\/www.copealcoy.es\\\/es\\\/presentada-una-nueva-edicion-del-trail-de-confrides\\\/#primaryimage\",\"url\":\"https:\\\/\\\/www.copealcoy.es\\\/wp-content\\\/uploads\\\/2017\\\/02\\\/1-e1486067170689.jpg\",\"contentUrl\":\"https:\\\/\\\/www.copealcoy.es\\\/wp-content\\\/uploads\\\/2017\\\/02\\\/1-e1486067170689.jpg\",\"width\":426,\"height\":275,\"caption\":\"Josemi P\u00e9rez y Jorge Pastor presentaron ayer el II Trail de Confrides\"},{\"@type\":\"BreadcrumbList\",\"@id\":\"https:\\\/\\\/www.copealcoy.es\\\/es\\\/presentada-una-nueva-edicion-del-trail-de-confrides\\\/#breadcrumb\",\"itemListElement\":[{\"@type\":\"ListItem\",\"position\":1,\"name\":\"Portada\",\"item\":\"https:\\\/\\\/www.copealcoy.es\\\/es\\\/\"},{\"@type\":\"ListItem\",\"position\":2,\"name\":\"Presentada una nueva edici\u00f3n del Trail de Confrides\"}]},{\"@type\":\"WebSite\",\"@id\":\"https:\\\/\\\/www.copealcoy.es\\\/es\\\/#website\",\"url\":\"https:\\\/\\\/www.copealcoy.es\\\/es\\\/\",\"name\":\"COPE Alcoy\",\"description\":\"Emisora COPE de radio local con emisi\u00f3n online. Pont de Sant Jordi 8-10 03803 Alcoy\",\"potentialAction\":[{\"@type\":\"SearchAction\",\"target\":{\"@type\":\"EntryPoint\",\"urlTemplate\":\"https:\\\/\\\/www.copealcoy.es\\\/es\\\/?s={search_term_string}\"},\"query-input\":{\"@type\":\"PropertyValueSpecification\",\"valueRequired\":true,\"valueName\":\"search_term_string\"}}],\"inLanguage\":\"es\"},{\"@type\":\"Person\",\"@id\":\"https:\\\/\\\/www.copealcoy.es\\\/es\\\/#\\\/schema\\\/person\\\/e777c87fa024e57d40170af9df39882c\",\"name\":\"Cope Alcoy\",\"image\":{\"@type\":\"ImageObject\",\"inLanguage\":\"es\",\"@id\":\"https:\\\/\\\/secure.gravatar.com\\\/avatar\\\/bb65d0283347e303893ba14f0692005417c1e0e690a325a4c5d8bb2b3943ee14?s=96&d=mm&r=g\",\"url\":\"https:\\\/\\\/secure.gravatar.com\\\/avatar\\\/bb65d0283347e303893ba14f0692005417c1e0e690a325a4c5d8bb2b3943ee14?s=96&d=mm&r=g\",\"contentUrl\":\"https:\\\/\\\/secure.gravatar.com\\\/avatar\\\/bb65d0283347e303893ba14f0692005417c1e0e690a325a4c5d8bb2b3943ee14?s=96&d=mm&r=g\",\"caption\":\"Cope Alcoy\"}}]}<\/script>\n<!-- \/ Yoast SEO plugin. -->","yoast_head_json":{"title":"Presentada una nueva edici\u00f3n del Trail de Confrides - COPE Alcoy","robots":{"index":"index","follow":"follow","max-snippet":"max-snippet:-1","max-image-preview":"max-image-preview:large","max-video-preview":"max-video-preview:-1"},"canonical":"https:\/\/www.copealcoy.es\/es\/presentada-una-nueva-edicion-del-trail-de-confrides\/","og_locale":"es_ES","og_type":"article","og_title":"Presentada una nueva edici\u00f3n del Trail de Confrides - COPE Alcoy","og_description":"La Serrella\u00a0ser\u00e1 testigo en la pr\u00f3xima primavera del Trail de Confrides, una cita deportiva que en este a\u00f1o 2017 alcanza...","og_url":"https:\/\/www.copealcoy.es\/es\/presentada-una-nueva-edicion-del-trail-de-confrides\/","og_site_name":"COPE Alcoy","article_published_time":"2017-02-02T20:26:52+00:00","article_modified_time":"2017-02-02T20:30:07+00:00","og_image":[{"width":426,"height":275,"url":"https:\/\/www.copealcoy.es\/wp-content\/uploads\/2017\/02\/1-e1486067170689.jpg","type":"image\/jpeg"}],"author":"Cope Alcoy","twitter_misc":{"Escrito por":"Cope Alcoy","Tiempo de lectura":"1 minuto"},"schema":{"@context":"https:\/\/schema.org","@graph":[{"@type":"Article","@id":"https:\/\/www.copealcoy.es\/es\/presentada-una-nueva-edicion-del-trail-de-confrides\/#article","isPartOf":{"@id":"https:\/\/www.copealcoy.es\/es\/presentada-una-nueva-edicion-del-trail-de-confrides\/"},"author":{"name":"Cope Alcoy","@id":"https:\/\/www.copealcoy.es\/es\/#\/schema\/person\/e777c87fa024e57d40170af9df39882c"},"headline":"Presentada una nueva edici\u00f3n del Trail de Confrides","datePublished":"2017-02-02T20:26:52+00:00","dateModified":"2017-02-02T20:30:07+00:00","mainEntityOfPage":{"@id":"https:\/\/www.copealcoy.es\/es\/presentada-una-nueva-edicion-del-trail-de-confrides\/"},"wordCount":188,"commentCount":0,"image":{"@id":"https:\/\/www.copealcoy.es\/es\/presentada-una-nueva-edicion-del-trail-de-confrides\/#primaryimage"},"thumbnailUrl":"https:\/\/www.copealcoy.es\/wp-content\/uploads\/2017\/02\/1-e1486067170689.jpg","keywords":["Comtat","Confrides","corredores","Trail"],"articleSection":["Deportes","Noticias"],"inLanguage":"es"},{"@type":"WebPage","@id":"https:\/\/www.copealcoy.es\/es\/presentada-una-nueva-edicion-del-trail-de-confrides\/","url":"https:\/\/www.copealcoy.es\/es\/presentada-una-nueva-edicion-del-trail-de-confrides\/","name":"Presentada una nueva edici\u00f3n del Trail de Confrides - COPE Alcoy","isPartOf":{"@id":"https:\/\/www.copealcoy.es\/es\/#website"},"primaryImageOfPage":{"@id":"https:\/\/www.copealcoy.es\/es\/presentada-una-nueva-edicion-del-trail-de-confrides\/#primaryimage"},"image":{"@id":"https:\/\/www.copealcoy.es\/es\/presentada-una-nueva-edicion-del-trail-de-confrides\/#primaryimage"},"thumbnailUrl":"https:\/\/www.copealcoy.es\/wp-content\/uploads\/2017\/02\/1-e1486067170689.jpg","datePublished":"2017-02-02T20:26:52+00:00","dateModified":"2017-02-02T20:30:07+00:00","author":{"@id":"https:\/\/www.copealcoy.es\/es\/#\/schema\/person\/e777c87fa024e57d40170af9df39882c"},"breadcrumb":{"@id":"https:\/\/www.copealcoy.es\/es\/presentada-una-nueva-edicion-del-trail-de-confrides\/#breadcrumb"},"inLanguage":"es","potentialAction":[{"@type":"ReadAction","target":["https:\/\/www.copealcoy.es\/es\/presentada-una-nueva-edicion-del-trail-de-confrides\/"]}]},{"@type":"ImageObject","inLanguage":"es","@id":"https:\/\/www.copealcoy.es\/es\/presentada-una-nueva-edicion-del-trail-de-confrides\/#primaryimage","url":"https:\/\/www.copealcoy.es\/wp-content\/uploads\/2017\/02\/1-e1486067170689.jpg","contentUrl":"https:\/\/www.copealcoy.es\/wp-content\/uploads\/2017\/02\/1-e1486067170689.jpg","width":426,"height":275,"caption":"Josemi P\u00e9rez y Jorge Pastor presentaron ayer el II Trail de Confrides"},{"@type":"BreadcrumbList","@id":"https:\/\/www.copealcoy.es\/es\/presentada-una-nueva-edicion-del-trail-de-confrides\/#breadcrumb","itemListElement":[{"@type":"ListItem","position":1,"name":"Portada","item":"https:\/\/www.copealcoy.es\/es\/"},{"@type":"ListItem","position":2,"name":"Presentada una nueva edici\u00f3n del Trail de Confrides"}]},{"@type":"WebSite","@id":"https:\/\/www.copealcoy.es\/es\/#website","url":"https:\/\/www.copealcoy.es\/es\/","name":"COPE Alcoy","description":"Emisora COPE de radio local con emisi\u00f3n online. Pont de Sant Jordi 8-10 03803 Alcoy","potentialAction":[{"@type":"SearchAction","target":{"@type":"EntryPoint","urlTemplate":"https:\/\/www.copealcoy.es\/es\/?s={search_term_string}"},"query-input":{"@type":"PropertyValueSpecification","valueRequired":true,"valueName":"search_term_string"}}],"inLanguage":"es"},{"@type":"Person","@id":"https:\/\/www.copealcoy.es\/es\/#\/schema\/person\/e777c87fa024e57d40170af9df39882c","name":"Cope Alcoy","image":{"@type":"ImageObject","inLanguage":"es","@id":"https:\/\/secure.gravatar.com\/avatar\/bb65d0283347e303893ba14f0692005417c1e0e690a325a4c5d8bb2b3943ee14?s=96&d=mm&r=g","url":"https:\/\/secure.gravatar.com\/avatar\/bb65d0283347e303893ba14f0692005417c1e0e690a325a4c5d8bb2b3943ee14?s=96&d=mm&r=g","contentUrl":"https:\/\/secure.gravatar.com\/avatar\/bb65d0283347e303893ba14f0692005417c1e0e690a325a4c5d8bb2b3943ee14?s=96&d=mm&r=g","caption":"Cope Alcoy"}}]}},"_links":{"self":[{"href":"https:\/\/www.copealcoy.es\/es\/wp-json\/wp\/v2\/posts\/28540","targetHints":{"allow":["GET"]}}],"collection":[{"href":"https:\/\/www.copealcoy.es\/es\/wp-json\/wp\/v2\/posts"}],"about":[{"href":"https:\/\/www.copealcoy.es\/es\/wp-json\/wp\/v2\/types\/post"}],"author":[{"embeddable":true,"href":"https:\/\/www.copealcoy.es\/es\/wp-json\/wp\/v2\/users\/1"}],"replies":[{"embeddable":true,"href":"https:\/\/www.copealcoy.es\/es\/wp-json\/wp\/v2\/comments?post=28540"}],"version-history":[{"count":0,"href":"https:\/\/www.copealcoy.es\/es\/wp-json\/wp\/v2\/posts\/28540\/revisions"}],"wp:featuredmedia":[{"embeddable":true,"href":"https:\/\/www.copealcoy.es\/es\/wp-json\/wp\/v2\/media\/28541"}],"wp:attachment":[{"href":"https:\/\/www.copealcoy.es\/es\/wp-json\/wp\/v2\/media?parent=28540"}],"wp:term":[{"taxonomy":"category","embeddable":true,"href":"https:\/\/www.copealcoy.es\/es\/wp-json\/wp\/v2\/categories?post=28540"},{"taxonomy":"post_tag","embeddable":true,"href":"https:\/\/www.copealcoy.es\/es\/wp-json\/wp\/v2\/tags?post=28540"}],"curies":[{"name":"wp","href":"https:\/\/api.w.org\/{rel}","templated":true}]}}