{"id":28440,"date":"2017-01-30T17:43:00","date_gmt":"2017-01-30T17:43:00","guid":{"rendered":"http:\/\/copealcoi.es\/new\/?p=28440"},"modified":"2017-01-30T17:45:21","modified_gmt":"2017-01-30T17:45:21","slug":"la-beniata-ya-habilitado-carril","status":"publish","type":"post","link":"https:\/\/www.copealcoy.es\/es\/la-beniata-ya-habilitado-carril\/","title":{"rendered":"La Beniata ya tiene habilitado un carril"},"content":{"rendered":"<p style=\"text-align: justify;\">El Ministerio de <strong>Fomento ha puesto en marcha<\/strong> a primera hora de la ma\u00f1ana de este lunes <strong>un carril para la circulaci\u00f3n en La Beniata<\/strong>, seg\u00fan han informado desde el Ayuntamiento de Alcoy. De esta forma el paso de veh\u00edculos\u00a0<strong>ha pasado a estar regulado por sem\u00e1foros<\/strong> con el fin de facilitar la entrada y salida a la ciudad as\u00ed como aliviar el tr\u00e1fico. La apertura de este \u00fanico carril se ha adoptado como<strong> medida provisional<\/strong> a la espera de que se lleven a cabo pronto las obras para <strong>consolidar la ladera<\/strong>, una parte de la cual se desprendi\u00f3 el pasado domingo 22 de enero, debido a la lluvia y al viento <em>&#8220;queremos licitar los trabajos a finales de esta semana para as\u00ed iniciar los mismos\u00a0y abrir cuanto antes los dos carriles de la calle Alicante&#8221;<\/em>, explicaba el concejal de Urbanismo, Manolo Gomicia, en COPE ALCOY.<\/p>\n<p style=\"text-align: justify;\">Recordar que La Beniata se ha convertido en los \u00faltimos meses en<strong> una de las alternativas para la salida y entrada a Alcoy<\/strong>\u00a0al estar tambi\u00e9n el <strong>puente Fernando Reig<\/strong> cortado por obras desde agosto de 2016.<\/p>\n","protected":false},"excerpt":{"rendered":"<p>El Ministerio de Fomento ha puesto en marcha a primera hora de la ma\u00f1ana de este lunes un carril para&#8230;<\/p>\n","protected":false},"author":1,"featured_media":28441,"comment_status":"open","ping_status":"open","sticky":false,"template":"","format":"standard","meta":{"footnotes":""},"categories":[97,75,125],"tags":[1494,1044,3650,3630,3097,1871],"class_list":["post-28440","post","type-post","status-publish","format-standard","has-post-thumbnail","hentry","category-alcoy","category-noticias","category-portada","tag-alcoy","tag-beniata","tag-calle-alicante","tag-carril","tag-circulacion","tag-manolo-gomicia"],"yoast_head":"<!-- This site is optimized with the Yoast SEO plugin v27.3 - https:\/\/yoast.com\/product\/yoast-seo-wordpress\/ -->\n<title>La Beniata ya tiene habilitado un carril - COPE Alcoy<\/title>\n<meta name=\"robots\" content=\"index, follow, max-snippet:-1, max-image-preview:large, max-video-preview:-1\" \/>\n<link rel=\"canonical\" href=\"https:\/\/www.copealcoy.es\/es\/la-beniata-ya-habilitado-carril\/\" \/>\n<meta property=\"og:locale\" content=\"es_ES\" \/>\n<meta property=\"og:type\" content=\"article\" \/>\n<meta property=\"og:title\" content=\"La Beniata ya tiene habilitado un carril - COPE Alcoy\" \/>\n<meta property=\"og:description\" content=\"El Ministerio de Fomento ha puesto en marcha a primera hora de la ma\u00f1ana de este lunes un carril para...\" \/>\n<meta property=\"og:url\" content=\"https:\/\/www.copealcoy.es\/es\/la-beniata-ya-habilitado-carril\/\" \/>\n<meta property=\"og:site_name\" content=\"COPE Alcoy\" \/>\n<meta property=\"article:published_time\" content=\"2017-01-30T17:43:00+00:00\" \/>\n<meta property=\"article:modified_time\" content=\"2017-01-30T17:45:21+00:00\" \/>\n<meta property=\"og:image\" content=\"https:\/\/www.copealcoy.es\/wp-content\/uploads\/2017\/01\/16406544_1741834915842685_6659442284324200689_n-e1485797797288.jpg\" \/>\n\t<meta property=\"og:image:width\" content=\"717\" \/>\n\t<meta property=\"og:image:height\" content=\"410\" \/>\n\t<meta property=\"og:image:type\" content=\"image\/jpeg\" \/>\n<meta name=\"author\" content=\"Cope Alcoy\" \/>\n<meta name=\"twitter:label1\" content=\"Escrito por\" \/>\n\t<meta name=\"twitter:data1\" content=\"Cope Alcoy\" \/>\n\t<meta name=\"twitter:label2\" content=\"Tiempo de lectura\" \/>\n\t<meta name=\"twitter:data2\" content=\"1 minuto\" \/>\n<script type=\"application\/ld+json\" class=\"yoast-schema-graph\">{\"@context\":\"https:\\\/\\\/schema.org\",\"@graph\":[{\"@type\":\"Article\",\"@id\":\"https:\\\/\\\/www.copealcoy.es\\\/es\\\/la-beniata-ya-habilitado-carril\\\/#article\",\"isPartOf\":{\"@id\":\"https:\\\/\\\/www.copealcoy.es\\\/es\\\/la-beniata-ya-habilitado-carril\\\/\"},\"author\":{\"name\":\"Cope Alcoy\",\"@id\":\"https:\\\/\\\/www.copealcoy.es\\\/es\\\/#\\\/schema\\\/person\\\/e777c87fa024e57d40170af9df39882c\"},\"headline\":\"La Beniata ya tiene habilitado un carril\",\"datePublished\":\"2017-01-30T17:43:00+00:00\",\"dateModified\":\"2017-01-30T17:45:21+00:00\",\"mainEntityOfPage\":{\"@id\":\"https:\\\/\\\/www.copealcoy.es\\\/es\\\/la-beniata-ya-habilitado-carril\\\/\"},\"wordCount\":196,\"commentCount\":0,\"image\":{\"@id\":\"https:\\\/\\\/www.copealcoy.es\\\/es\\\/la-beniata-ya-habilitado-carril\\\/#primaryimage\"},\"thumbnailUrl\":\"https:\\\/\\\/www.copealcoy.es\\\/wp-content\\\/uploads\\\/2017\\\/01\\\/16406544_1741834915842685_6659442284324200689_n-e1485797797288.jpg\",\"keywords\":[\"Alcoy\",\"Beniata\",\"calle Alicante\",\"carril\",\"Circulaci\u00f3n\",\"Manolo Gomicia\"],\"articleSection\":[\"Alcoy\",\"Noticias\",\"Portada\"],\"inLanguage\":\"es\"},{\"@type\":\"WebPage\",\"@id\":\"https:\\\/\\\/www.copealcoy.es\\\/es\\\/la-beniata-ya-habilitado-carril\\\/\",\"url\":\"https:\\\/\\\/www.copealcoy.es\\\/es\\\/la-beniata-ya-habilitado-carril\\\/\",\"name\":\"La Beniata ya tiene habilitado un carril - COPE Alcoy\",\"isPartOf\":{\"@id\":\"https:\\\/\\\/www.copealcoy.es\\\/es\\\/#website\"},\"primaryImageOfPage\":{\"@id\":\"https:\\\/\\\/www.copealcoy.es\\\/es\\\/la-beniata-ya-habilitado-carril\\\/#primaryimage\"},\"image\":{\"@id\":\"https:\\\/\\\/www.copealcoy.es\\\/es\\\/la-beniata-ya-habilitado-carril\\\/#primaryimage\"},\"thumbnailUrl\":\"https:\\\/\\\/www.copealcoy.es\\\/wp-content\\\/uploads\\\/2017\\\/01\\\/16406544_1741834915842685_6659442284324200689_n-e1485797797288.jpg\",\"datePublished\":\"2017-01-30T17:43:00+00:00\",\"dateModified\":\"2017-01-30T17:45:21+00:00\",\"author\":{\"@id\":\"https:\\\/\\\/www.copealcoy.es\\\/es\\\/#\\\/schema\\\/person\\\/e777c87fa024e57d40170af9df39882c\"},\"breadcrumb\":{\"@id\":\"https:\\\/\\\/www.copealcoy.es\\\/es\\\/la-beniata-ya-habilitado-carril\\\/#breadcrumb\"},\"inLanguage\":\"es\",\"potentialAction\":[{\"@type\":\"ReadAction\",\"target\":[\"https:\\\/\\\/www.copealcoy.es\\\/es\\\/la-beniata-ya-habilitado-carril\\\/\"]}]},{\"@type\":\"ImageObject\",\"inLanguage\":\"es\",\"@id\":\"https:\\\/\\\/www.copealcoy.es\\\/es\\\/la-beniata-ya-habilitado-carril\\\/#primaryimage\",\"url\":\"https:\\\/\\\/www.copealcoy.es\\\/wp-content\\\/uploads\\\/2017\\\/01\\\/16406544_1741834915842685_6659442284324200689_n-e1485797797288.jpg\",\"contentUrl\":\"https:\\\/\\\/www.copealcoy.es\\\/wp-content\\\/uploads\\\/2017\\\/01\\\/16406544_1741834915842685_6659442284324200689_n-e1485797797288.jpg\",\"width\":717,\"height\":410},{\"@type\":\"BreadcrumbList\",\"@id\":\"https:\\\/\\\/www.copealcoy.es\\\/es\\\/la-beniata-ya-habilitado-carril\\\/#breadcrumb\",\"itemListElement\":[{\"@type\":\"ListItem\",\"position\":1,\"name\":\"Portada\",\"item\":\"https:\\\/\\\/www.copealcoy.es\\\/es\\\/\"},{\"@type\":\"ListItem\",\"position\":2,\"name\":\"La Beniata ya tiene habilitado un carril\"}]},{\"@type\":\"WebSite\",\"@id\":\"https:\\\/\\\/www.copealcoy.es\\\/es\\\/#website\",\"url\":\"https:\\\/\\\/www.copealcoy.es\\\/es\\\/\",\"name\":\"COPE Alcoy\",\"description\":\"Emisora COPE de radio local con emisi\u00f3n online. Pont de Sant Jordi 8-10 03803 Alcoy\",\"potentialAction\":[{\"@type\":\"SearchAction\",\"target\":{\"@type\":\"EntryPoint\",\"urlTemplate\":\"https:\\\/\\\/www.copealcoy.es\\\/es\\\/?s={search_term_string}\"},\"query-input\":{\"@type\":\"PropertyValueSpecification\",\"valueRequired\":true,\"valueName\":\"search_term_string\"}}],\"inLanguage\":\"es\"},{\"@type\":\"Person\",\"@id\":\"https:\\\/\\\/www.copealcoy.es\\\/es\\\/#\\\/schema\\\/person\\\/e777c87fa024e57d40170af9df39882c\",\"name\":\"Cope Alcoy\",\"image\":{\"@type\":\"ImageObject\",\"inLanguage\":\"es\",\"@id\":\"https:\\\/\\\/secure.gravatar.com\\\/avatar\\\/bb65d0283347e303893ba14f0692005417c1e0e690a325a4c5d8bb2b3943ee14?s=96&d=mm&r=g\",\"url\":\"https:\\\/\\\/secure.gravatar.com\\\/avatar\\\/bb65d0283347e303893ba14f0692005417c1e0e690a325a4c5d8bb2b3943ee14?s=96&d=mm&r=g\",\"contentUrl\":\"https:\\\/\\\/secure.gravatar.com\\\/avatar\\\/bb65d0283347e303893ba14f0692005417c1e0e690a325a4c5d8bb2b3943ee14?s=96&d=mm&r=g\",\"caption\":\"Cope Alcoy\"}}]}<\/script>\n<!-- \/ Yoast SEO plugin. -->","yoast_head_json":{"title":"La Beniata ya tiene habilitado un carril - COPE Alcoy","robots":{"index":"index","follow":"follow","max-snippet":"max-snippet:-1","max-image-preview":"max-image-preview:large","max-video-preview":"max-video-preview:-1"},"canonical":"https:\/\/www.copealcoy.es\/es\/la-beniata-ya-habilitado-carril\/","og_locale":"es_ES","og_type":"article","og_title":"La Beniata ya tiene habilitado un carril - COPE Alcoy","og_description":"El Ministerio de Fomento ha puesto en marcha a primera hora de la ma\u00f1ana de este lunes un carril para...","og_url":"https:\/\/www.copealcoy.es\/es\/la-beniata-ya-habilitado-carril\/","og_site_name":"COPE Alcoy","article_published_time":"2017-01-30T17:43:00+00:00","article_modified_time":"2017-01-30T17:45:21+00:00","og_image":[{"width":717,"height":410,"url":"https:\/\/www.copealcoy.es\/wp-content\/uploads\/2017\/01\/16406544_1741834915842685_6659442284324200689_n-e1485797797288.jpg","type":"image\/jpeg"}],"author":"Cope Alcoy","twitter_misc":{"Escrito por":"Cope Alcoy","Tiempo de lectura":"1 minuto"},"schema":{"@context":"https:\/\/schema.org","@graph":[{"@type":"Article","@id":"https:\/\/www.copealcoy.es\/es\/la-beniata-ya-habilitado-carril\/#article","isPartOf":{"@id":"https:\/\/www.copealcoy.es\/es\/la-beniata-ya-habilitado-carril\/"},"author":{"name":"Cope Alcoy","@id":"https:\/\/www.copealcoy.es\/es\/#\/schema\/person\/e777c87fa024e57d40170af9df39882c"},"headline":"La Beniata ya tiene habilitado un carril","datePublished":"2017-01-30T17:43:00+00:00","dateModified":"2017-01-30T17:45:21+00:00","mainEntityOfPage":{"@id":"https:\/\/www.copealcoy.es\/es\/la-beniata-ya-habilitado-carril\/"},"wordCount":196,"commentCount":0,"image":{"@id":"https:\/\/www.copealcoy.es\/es\/la-beniata-ya-habilitado-carril\/#primaryimage"},"thumbnailUrl":"https:\/\/www.copealcoy.es\/wp-content\/uploads\/2017\/01\/16406544_1741834915842685_6659442284324200689_n-e1485797797288.jpg","keywords":["Alcoy","Beniata","calle Alicante","carril","Circulaci\u00f3n","Manolo Gomicia"],"articleSection":["Alcoy","Noticias","Portada"],"inLanguage":"es"},{"@type":"WebPage","@id":"https:\/\/www.copealcoy.es\/es\/la-beniata-ya-habilitado-carril\/","url":"https:\/\/www.copealcoy.es\/es\/la-beniata-ya-habilitado-carril\/","name":"La Beniata ya tiene habilitado un carril - COPE Alcoy","isPartOf":{"@id":"https:\/\/www.copealcoy.es\/es\/#website"},"primaryImageOfPage":{"@id":"https:\/\/www.copealcoy.es\/es\/la-beniata-ya-habilitado-carril\/#primaryimage"},"image":{"@id":"https:\/\/www.copealcoy.es\/es\/la-beniata-ya-habilitado-carril\/#primaryimage"},"thumbnailUrl":"https:\/\/www.copealcoy.es\/wp-content\/uploads\/2017\/01\/16406544_1741834915842685_6659442284324200689_n-e1485797797288.jpg","datePublished":"2017-01-30T17:43:00+00:00","dateModified":"2017-01-30T17:45:21+00:00","author":{"@id":"https:\/\/www.copealcoy.es\/es\/#\/schema\/person\/e777c87fa024e57d40170af9df39882c"},"breadcrumb":{"@id":"https:\/\/www.copealcoy.es\/es\/la-beniata-ya-habilitado-carril\/#breadcrumb"},"inLanguage":"es","potentialAction":[{"@type":"ReadAction","target":["https:\/\/www.copealcoy.es\/es\/la-beniata-ya-habilitado-carril\/"]}]},{"@type":"ImageObject","inLanguage":"es","@id":"https:\/\/www.copealcoy.es\/es\/la-beniata-ya-habilitado-carril\/#primaryimage","url":"https:\/\/www.copealcoy.es\/wp-content\/uploads\/2017\/01\/16406544_1741834915842685_6659442284324200689_n-e1485797797288.jpg","contentUrl":"https:\/\/www.copealcoy.es\/wp-content\/uploads\/2017\/01\/16406544_1741834915842685_6659442284324200689_n-e1485797797288.jpg","width":717,"height":410},{"@type":"BreadcrumbList","@id":"https:\/\/www.copealcoy.es\/es\/la-beniata-ya-habilitado-carril\/#breadcrumb","itemListElement":[{"@type":"ListItem","position":1,"name":"Portada","item":"https:\/\/www.copealcoy.es\/es\/"},{"@type":"ListItem","position":2,"name":"La Beniata ya tiene habilitado un carril"}]},{"@type":"WebSite","@id":"https:\/\/www.copealcoy.es\/es\/#website","url":"https:\/\/www.copealcoy.es\/es\/","name":"COPE Alcoy","description":"Emisora COPE de radio local con emisi\u00f3n online. Pont de Sant Jordi 8-10 03803 Alcoy","potentialAction":[{"@type":"SearchAction","target":{"@type":"EntryPoint","urlTemplate":"https:\/\/www.copealcoy.es\/es\/?s={search_term_string}"},"query-input":{"@type":"PropertyValueSpecification","valueRequired":true,"valueName":"search_term_string"}}],"inLanguage":"es"},{"@type":"Person","@id":"https:\/\/www.copealcoy.es\/es\/#\/schema\/person\/e777c87fa024e57d40170af9df39882c","name":"Cope Alcoy","image":{"@type":"ImageObject","inLanguage":"es","@id":"https:\/\/secure.gravatar.com\/avatar\/bb65d0283347e303893ba14f0692005417c1e0e690a325a4c5d8bb2b3943ee14?s=96&d=mm&r=g","url":"https:\/\/secure.gravatar.com\/avatar\/bb65d0283347e303893ba14f0692005417c1e0e690a325a4c5d8bb2b3943ee14?s=96&d=mm&r=g","contentUrl":"https:\/\/secure.gravatar.com\/avatar\/bb65d0283347e303893ba14f0692005417c1e0e690a325a4c5d8bb2b3943ee14?s=96&d=mm&r=g","caption":"Cope Alcoy"}}]}},"_links":{"self":[{"href":"https:\/\/www.copealcoy.es\/es\/wp-json\/wp\/v2\/posts\/28440","targetHints":{"allow":["GET"]}}],"collection":[{"href":"https:\/\/www.copealcoy.es\/es\/wp-json\/wp\/v2\/posts"}],"about":[{"href":"https:\/\/www.copealcoy.es\/es\/wp-json\/wp\/v2\/types\/post"}],"author":[{"embeddable":true,"href":"https:\/\/www.copealcoy.es\/es\/wp-json\/wp\/v2\/users\/1"}],"replies":[{"embeddable":true,"href":"https:\/\/www.copealcoy.es\/es\/wp-json\/wp\/v2\/comments?post=28440"}],"version-history":[{"count":0,"href":"https:\/\/www.copealcoy.es\/es\/wp-json\/wp\/v2\/posts\/28440\/revisions"}],"wp:featuredmedia":[{"embeddable":true,"href":"https:\/\/www.copealcoy.es\/es\/wp-json\/wp\/v2\/media\/28441"}],"wp:attachment":[{"href":"https:\/\/www.copealcoy.es\/es\/wp-json\/wp\/v2\/media?parent=28440"}],"wp:term":[{"taxonomy":"category","embeddable":true,"href":"https:\/\/www.copealcoy.es\/es\/wp-json\/wp\/v2\/categories?post=28440"},{"taxonomy":"post_tag","embeddable":true,"href":"https:\/\/www.copealcoy.es\/es\/wp-json\/wp\/v2\/tags?post=28440"}],"curies":[{"name":"wp","href":"https:\/\/api.w.org\/{rel}","templated":true}]}}