{"id":28346,"date":"2017-01-26T17:04:37","date_gmt":"2017-01-26T17:04:37","guid":{"rendered":"http:\/\/copealcoi.es\/new\/?p=28346"},"modified":"2017-01-26T17:05:14","modified_gmt":"2017-01-26T17:05:14","slug":"guanyar-inicia-expediente-la-retirada-trillo-del-titulo-hijo-adoptivo","status":"publish","type":"post","link":"https:\/\/www.copealcoy.es\/es\/guanyar-inicia-expediente-la-retirada-trillo-del-titulo-hijo-adoptivo\/","title":{"rendered":"Guanyar inicia el expediente para la retirada a Trillo del t\u00edtulo de Hijo Adoptivo"},"content":{"rendered":"<p style=\"text-align: justify;\">El Grupo Municipal de Guayar Alcoi <strong>ha iniciado el expediente para la retirada a Federico Trillo del t\u00edtulo de Hijo Adoptivo de la ciudad<\/strong>. A este primer paso <strong>le sigue la adhesi\u00f3n necesaria de seis concejales y un plazo de quince d\u00edas<\/strong> para que el demandante pueda presentar alegaciones. A continuaci\u00f3n, seg\u00fan informan desde la plataforma, <strong>se presentar\u00e1 el expediente en el Pleno Municipal<\/strong> donde deber\u00e1 de ser aprobado por mayor\u00eda cualificada (dos tercios de la Corporaci\u00f3n, es decir, 17 concejales).<\/p>\n<p style=\"text-align: justify;\"><strong>Estefan\u00eda Blanes<\/strong>, portavoz de Guanyar Alcoi, defiende <strong>la necesidad de adoptar este acuerdo<\/strong> por parte del Ayuntamiento de Alcoy <em>&#8220;entendemos que la gesti\u00f3n realizada por Federico Trillo despu\u00e9s de haber recibido la distinci\u00f3n de Hijo Adoptivo, sobre todo durante el tiempo que fue Ministro de Defensa, no lo hace merecedor de esta distinci\u00f3n, lo que supone una mancha en el nombre de Alcoy<\/em>&#8220;, destaca.<\/p>\n<p style=\"text-align: justify;\">Por \u00faltimo Blanes conf\u00eda en que <strong>PSOE y Comprom\u00eds se sumen a este propuesta<\/strong> <em>&#8220;ya que ambas formaciones ya han anunciado tambi\u00e9n su voluntad de retirar el t\u00edtulo\u00a0de hijo adoptivo a Trillo. Adem\u00e1s, con los concejales del PSOE y Comprom\u00eds sumamos 17 concejales, los necesarios para poder aprobar esta retirada&#8221;<\/em>, concluye.<\/p>\n<p><iframe loading=\"lazy\" title=\"Guanyar Alcoi inicia l&#039;expedient per retirar la menci\u00f3 de fill adoptiu a Trillo by Guanyar Alcoi\" width=\"1200\" height=\"400\" scrolling=\"no\" frameborder=\"no\" src=\"https:\/\/w.soundcloud.com\/player\/?visual=true&#038;url=https%3A%2F%2Fapi.soundcloud.com%2Ftracks%2F304271783&#038;show_artwork=true&#038;maxwidth=1200&#038;maxheight=1000&#038;dnt=1\"><\/iframe><\/p>\n","protected":false},"excerpt":{"rendered":"<p>El Grupo Municipal de Guayar Alcoi ha iniciado el expediente para la retirada a Federico Trillo del t\u00edtulo de Hijo&#8230;<\/p>\n","protected":false},"author":1,"featured_media":27971,"comment_status":"open","ping_status":"open","sticky":false,"template":"","format":"standard","meta":{"footnotes":""},"categories":[97,75,79],"tags":[1494,1881,3550,1325,3365],"class_list":["post-28346","post","type-post","status-publish","format-standard","has-post-thumbnail","hentry","category-alcoy","category-noticias","category-politicayeconomia","tag-alcoy","tag-estefania-blanes","tag-federico-trillo","tag-guanyar-alcoi","tag-retirada"],"yoast_head":"<!-- This site is optimized with the Yoast SEO plugin v27.3 - https:\/\/yoast.com\/product\/yoast-seo-wordpress\/ -->\n<title>Guanyar inicia el expediente para la retirada a Trillo del t\u00edtulo de Hijo Adoptivo - COPE Alcoy<\/title>\n<meta name=\"robots\" content=\"index, follow, max-snippet:-1, max-image-preview:large, max-video-preview:-1\" \/>\n<link rel=\"canonical\" href=\"https:\/\/www.copealcoy.es\/es\/guanyar-inicia-expediente-la-retirada-trillo-del-titulo-hijo-adoptivo\/\" \/>\n<meta property=\"og:locale\" content=\"es_ES\" \/>\n<meta property=\"og:type\" content=\"article\" \/>\n<meta property=\"og:title\" content=\"Guanyar inicia el expediente para la retirada a Trillo del t\u00edtulo de Hijo Adoptivo - COPE Alcoy\" \/>\n<meta property=\"og:description\" content=\"El Grupo Municipal de Guayar Alcoi ha iniciado el expediente para la retirada a Federico Trillo del t\u00edtulo de Hijo...\" \/>\n<meta property=\"og:url\" content=\"https:\/\/www.copealcoy.es\/es\/guanyar-inicia-expediente-la-retirada-trillo-del-titulo-hijo-adoptivo\/\" \/>\n<meta property=\"og:site_name\" content=\"COPE Alcoy\" \/>\n<meta property=\"article:published_time\" content=\"2017-01-26T17:04:37+00:00\" \/>\n<meta property=\"article:modified_time\" content=\"2017-01-26T17:05:14+00:00\" \/>\n<meta property=\"og:image\" content=\"https:\/\/www.copealcoy.es\/wp-content\/uploads\/2017\/01\/trilloalcoy-644x362.jpg\" \/>\n\t<meta property=\"og:image:width\" content=\"644\" \/>\n\t<meta property=\"og:image:height\" content=\"362\" \/>\n\t<meta property=\"og:image:type\" content=\"image\/jpeg\" \/>\n<meta name=\"author\" content=\"Cope Alcoy\" \/>\n<meta name=\"twitter:label1\" content=\"Escrito por\" \/>\n\t<meta name=\"twitter:data1\" content=\"Cope Alcoy\" \/>\n\t<meta name=\"twitter:label2\" content=\"Tiempo de lectura\" \/>\n\t<meta name=\"twitter:data2\" content=\"1 minuto\" \/>\n<script type=\"application\/ld+json\" class=\"yoast-schema-graph\">{\"@context\":\"https:\\\/\\\/schema.org\",\"@graph\":[{\"@type\":\"Article\",\"@id\":\"https:\\\/\\\/www.copealcoy.es\\\/es\\\/guanyar-inicia-expediente-la-retirada-trillo-del-titulo-hijo-adoptivo\\\/#article\",\"isPartOf\":{\"@id\":\"https:\\\/\\\/www.copealcoy.es\\\/es\\\/guanyar-inicia-expediente-la-retirada-trillo-del-titulo-hijo-adoptivo\\\/\"},\"author\":{\"name\":\"Cope Alcoy\",\"@id\":\"https:\\\/\\\/www.copealcoy.es\\\/es\\\/#\\\/schema\\\/person\\\/e777c87fa024e57d40170af9df39882c\"},\"headline\":\"Guanyar inicia el expediente para la retirada a Trillo del t\u00edtulo de Hijo Adoptivo\",\"datePublished\":\"2017-01-26T17:04:37+00:00\",\"dateModified\":\"2017-01-26T17:05:14+00:00\",\"mainEntityOfPage\":{\"@id\":\"https:\\\/\\\/www.copealcoy.es\\\/es\\\/guanyar-inicia-expediente-la-retirada-trillo-del-titulo-hijo-adoptivo\\\/\"},\"wordCount\":233,\"commentCount\":0,\"image\":{\"@id\":\"https:\\\/\\\/www.copealcoy.es\\\/es\\\/guanyar-inicia-expediente-la-retirada-trillo-del-titulo-hijo-adoptivo\\\/#primaryimage\"},\"thumbnailUrl\":\"https:\\\/\\\/www.copealcoy.es\\\/wp-content\\\/uploads\\\/2017\\\/01\\\/trilloalcoy-644x362.jpg\",\"keywords\":[\"Alcoy\",\"Estefan\u00eda Blanes\",\"Federico Trillo\",\"Guanyar Alcoi\",\"retirada\"],\"articleSection\":[\"Alcoy\",\"Noticias\",\"Pol\u00edtica y Econom\u00eda\"],\"inLanguage\":\"es\"},{\"@type\":\"WebPage\",\"@id\":\"https:\\\/\\\/www.copealcoy.es\\\/es\\\/guanyar-inicia-expediente-la-retirada-trillo-del-titulo-hijo-adoptivo\\\/\",\"url\":\"https:\\\/\\\/www.copealcoy.es\\\/es\\\/guanyar-inicia-expediente-la-retirada-trillo-del-titulo-hijo-adoptivo\\\/\",\"name\":\"Guanyar inicia el expediente para la retirada a Trillo del t\u00edtulo de Hijo Adoptivo - COPE Alcoy\",\"isPartOf\":{\"@id\":\"https:\\\/\\\/www.copealcoy.es\\\/es\\\/#website\"},\"primaryImageOfPage\":{\"@id\":\"https:\\\/\\\/www.copealcoy.es\\\/es\\\/guanyar-inicia-expediente-la-retirada-trillo-del-titulo-hijo-adoptivo\\\/#primaryimage\"},\"image\":{\"@id\":\"https:\\\/\\\/www.copealcoy.es\\\/es\\\/guanyar-inicia-expediente-la-retirada-trillo-del-titulo-hijo-adoptivo\\\/#primaryimage\"},\"thumbnailUrl\":\"https:\\\/\\\/www.copealcoy.es\\\/wp-content\\\/uploads\\\/2017\\\/01\\\/trilloalcoy-644x362.jpg\",\"datePublished\":\"2017-01-26T17:04:37+00:00\",\"dateModified\":\"2017-01-26T17:05:14+00:00\",\"author\":{\"@id\":\"https:\\\/\\\/www.copealcoy.es\\\/es\\\/#\\\/schema\\\/person\\\/e777c87fa024e57d40170af9df39882c\"},\"breadcrumb\":{\"@id\":\"https:\\\/\\\/www.copealcoy.es\\\/es\\\/guanyar-inicia-expediente-la-retirada-trillo-del-titulo-hijo-adoptivo\\\/#breadcrumb\"},\"inLanguage\":\"es\",\"potentialAction\":[{\"@type\":\"ReadAction\",\"target\":[\"https:\\\/\\\/www.copealcoy.es\\\/es\\\/guanyar-inicia-expediente-la-retirada-trillo-del-titulo-hijo-adoptivo\\\/\"]}]},{\"@type\":\"ImageObject\",\"inLanguage\":\"es\",\"@id\":\"https:\\\/\\\/www.copealcoy.es\\\/es\\\/guanyar-inicia-expediente-la-retirada-trillo-del-titulo-hijo-adoptivo\\\/#primaryimage\",\"url\":\"https:\\\/\\\/www.copealcoy.es\\\/wp-content\\\/uploads\\\/2017\\\/01\\\/trilloalcoy-644x362.jpg\",\"contentUrl\":\"https:\\\/\\\/www.copealcoy.es\\\/wp-content\\\/uploads\\\/2017\\\/01\\\/trilloalcoy-644x362.jpg\",\"width\":644,\"height\":362,\"caption\":\"Federico Trillo participando en las fiestas de moros y cristianos de Alcoy \\\/ Foto: ABC\"},{\"@type\":\"BreadcrumbList\",\"@id\":\"https:\\\/\\\/www.copealcoy.es\\\/es\\\/guanyar-inicia-expediente-la-retirada-trillo-del-titulo-hijo-adoptivo\\\/#breadcrumb\",\"itemListElement\":[{\"@type\":\"ListItem\",\"position\":1,\"name\":\"Portada\",\"item\":\"https:\\\/\\\/www.copealcoy.es\\\/es\\\/\"},{\"@type\":\"ListItem\",\"position\":2,\"name\":\"Guanyar inicia el expediente para la retirada a Trillo del t\u00edtulo de Hijo Adoptivo\"}]},{\"@type\":\"WebSite\",\"@id\":\"https:\\\/\\\/www.copealcoy.es\\\/es\\\/#website\",\"url\":\"https:\\\/\\\/www.copealcoy.es\\\/es\\\/\",\"name\":\"COPE Alcoy\",\"description\":\"Emisora COPE de radio local con emisi\u00f3n online. Pont de Sant Jordi 8-10 03803 Alcoy\",\"potentialAction\":[{\"@type\":\"SearchAction\",\"target\":{\"@type\":\"EntryPoint\",\"urlTemplate\":\"https:\\\/\\\/www.copealcoy.es\\\/es\\\/?s={search_term_string}\"},\"query-input\":{\"@type\":\"PropertyValueSpecification\",\"valueRequired\":true,\"valueName\":\"search_term_string\"}}],\"inLanguage\":\"es\"},{\"@type\":\"Person\",\"@id\":\"https:\\\/\\\/www.copealcoy.es\\\/es\\\/#\\\/schema\\\/person\\\/e777c87fa024e57d40170af9df39882c\",\"name\":\"Cope Alcoy\",\"image\":{\"@type\":\"ImageObject\",\"inLanguage\":\"es\",\"@id\":\"https:\\\/\\\/secure.gravatar.com\\\/avatar\\\/bb65d0283347e303893ba14f0692005417c1e0e690a325a4c5d8bb2b3943ee14?s=96&d=mm&r=g\",\"url\":\"https:\\\/\\\/secure.gravatar.com\\\/avatar\\\/bb65d0283347e303893ba14f0692005417c1e0e690a325a4c5d8bb2b3943ee14?s=96&d=mm&r=g\",\"contentUrl\":\"https:\\\/\\\/secure.gravatar.com\\\/avatar\\\/bb65d0283347e303893ba14f0692005417c1e0e690a325a4c5d8bb2b3943ee14?s=96&d=mm&r=g\",\"caption\":\"Cope Alcoy\"}}]}<\/script>\n<!-- \/ Yoast SEO plugin. -->","yoast_head_json":{"title":"Guanyar inicia el expediente para la retirada a Trillo del t\u00edtulo de Hijo Adoptivo - COPE Alcoy","robots":{"index":"index","follow":"follow","max-snippet":"max-snippet:-1","max-image-preview":"max-image-preview:large","max-video-preview":"max-video-preview:-1"},"canonical":"https:\/\/www.copealcoy.es\/es\/guanyar-inicia-expediente-la-retirada-trillo-del-titulo-hijo-adoptivo\/","og_locale":"es_ES","og_type":"article","og_title":"Guanyar inicia el expediente para la retirada a Trillo del t\u00edtulo de Hijo Adoptivo - COPE Alcoy","og_description":"El Grupo Municipal de Guayar Alcoi ha iniciado el expediente para la retirada a Federico Trillo del t\u00edtulo de Hijo...","og_url":"https:\/\/www.copealcoy.es\/es\/guanyar-inicia-expediente-la-retirada-trillo-del-titulo-hijo-adoptivo\/","og_site_name":"COPE Alcoy","article_published_time":"2017-01-26T17:04:37+00:00","article_modified_time":"2017-01-26T17:05:14+00:00","og_image":[{"width":644,"height":362,"url":"https:\/\/www.copealcoy.es\/wp-content\/uploads\/2017\/01\/trilloalcoy-644x362.jpg","type":"image\/jpeg"}],"author":"Cope Alcoy","twitter_misc":{"Escrito por":"Cope Alcoy","Tiempo de lectura":"1 minuto"},"schema":{"@context":"https:\/\/schema.org","@graph":[{"@type":"Article","@id":"https:\/\/www.copealcoy.es\/es\/guanyar-inicia-expediente-la-retirada-trillo-del-titulo-hijo-adoptivo\/#article","isPartOf":{"@id":"https:\/\/www.copealcoy.es\/es\/guanyar-inicia-expediente-la-retirada-trillo-del-titulo-hijo-adoptivo\/"},"author":{"name":"Cope Alcoy","@id":"https:\/\/www.copealcoy.es\/es\/#\/schema\/person\/e777c87fa024e57d40170af9df39882c"},"headline":"Guanyar inicia el expediente para la retirada a Trillo del t\u00edtulo de Hijo Adoptivo","datePublished":"2017-01-26T17:04:37+00:00","dateModified":"2017-01-26T17:05:14+00:00","mainEntityOfPage":{"@id":"https:\/\/www.copealcoy.es\/es\/guanyar-inicia-expediente-la-retirada-trillo-del-titulo-hijo-adoptivo\/"},"wordCount":233,"commentCount":0,"image":{"@id":"https:\/\/www.copealcoy.es\/es\/guanyar-inicia-expediente-la-retirada-trillo-del-titulo-hijo-adoptivo\/#primaryimage"},"thumbnailUrl":"https:\/\/www.copealcoy.es\/wp-content\/uploads\/2017\/01\/trilloalcoy-644x362.jpg","keywords":["Alcoy","Estefan\u00eda Blanes","Federico Trillo","Guanyar Alcoi","retirada"],"articleSection":["Alcoy","Noticias","Pol\u00edtica y Econom\u00eda"],"inLanguage":"es"},{"@type":"WebPage","@id":"https:\/\/www.copealcoy.es\/es\/guanyar-inicia-expediente-la-retirada-trillo-del-titulo-hijo-adoptivo\/","url":"https:\/\/www.copealcoy.es\/es\/guanyar-inicia-expediente-la-retirada-trillo-del-titulo-hijo-adoptivo\/","name":"Guanyar inicia el expediente para la retirada a Trillo del t\u00edtulo de Hijo Adoptivo - COPE Alcoy","isPartOf":{"@id":"https:\/\/www.copealcoy.es\/es\/#website"},"primaryImageOfPage":{"@id":"https:\/\/www.copealcoy.es\/es\/guanyar-inicia-expediente-la-retirada-trillo-del-titulo-hijo-adoptivo\/#primaryimage"},"image":{"@id":"https:\/\/www.copealcoy.es\/es\/guanyar-inicia-expediente-la-retirada-trillo-del-titulo-hijo-adoptivo\/#primaryimage"},"thumbnailUrl":"https:\/\/www.copealcoy.es\/wp-content\/uploads\/2017\/01\/trilloalcoy-644x362.jpg","datePublished":"2017-01-26T17:04:37+00:00","dateModified":"2017-01-26T17:05:14+00:00","author":{"@id":"https:\/\/www.copealcoy.es\/es\/#\/schema\/person\/e777c87fa024e57d40170af9df39882c"},"breadcrumb":{"@id":"https:\/\/www.copealcoy.es\/es\/guanyar-inicia-expediente-la-retirada-trillo-del-titulo-hijo-adoptivo\/#breadcrumb"},"inLanguage":"es","potentialAction":[{"@type":"ReadAction","target":["https:\/\/www.copealcoy.es\/es\/guanyar-inicia-expediente-la-retirada-trillo-del-titulo-hijo-adoptivo\/"]}]},{"@type":"ImageObject","inLanguage":"es","@id":"https:\/\/www.copealcoy.es\/es\/guanyar-inicia-expediente-la-retirada-trillo-del-titulo-hijo-adoptivo\/#primaryimage","url":"https:\/\/www.copealcoy.es\/wp-content\/uploads\/2017\/01\/trilloalcoy-644x362.jpg","contentUrl":"https:\/\/www.copealcoy.es\/wp-content\/uploads\/2017\/01\/trilloalcoy-644x362.jpg","width":644,"height":362,"caption":"Federico Trillo participando en las fiestas de moros y cristianos de Alcoy \/ Foto: ABC"},{"@type":"BreadcrumbList","@id":"https:\/\/www.copealcoy.es\/es\/guanyar-inicia-expediente-la-retirada-trillo-del-titulo-hijo-adoptivo\/#breadcrumb","itemListElement":[{"@type":"ListItem","position":1,"name":"Portada","item":"https:\/\/www.copealcoy.es\/es\/"},{"@type":"ListItem","position":2,"name":"Guanyar inicia el expediente para la retirada a Trillo del t\u00edtulo de Hijo Adoptivo"}]},{"@type":"WebSite","@id":"https:\/\/www.copealcoy.es\/es\/#website","url":"https:\/\/www.copealcoy.es\/es\/","name":"COPE Alcoy","description":"Emisora COPE de radio local con emisi\u00f3n online. Pont de Sant Jordi 8-10 03803 Alcoy","potentialAction":[{"@type":"SearchAction","target":{"@type":"EntryPoint","urlTemplate":"https:\/\/www.copealcoy.es\/es\/?s={search_term_string}"},"query-input":{"@type":"PropertyValueSpecification","valueRequired":true,"valueName":"search_term_string"}}],"inLanguage":"es"},{"@type":"Person","@id":"https:\/\/www.copealcoy.es\/es\/#\/schema\/person\/e777c87fa024e57d40170af9df39882c","name":"Cope Alcoy","image":{"@type":"ImageObject","inLanguage":"es","@id":"https:\/\/secure.gravatar.com\/avatar\/bb65d0283347e303893ba14f0692005417c1e0e690a325a4c5d8bb2b3943ee14?s=96&d=mm&r=g","url":"https:\/\/secure.gravatar.com\/avatar\/bb65d0283347e303893ba14f0692005417c1e0e690a325a4c5d8bb2b3943ee14?s=96&d=mm&r=g","contentUrl":"https:\/\/secure.gravatar.com\/avatar\/bb65d0283347e303893ba14f0692005417c1e0e690a325a4c5d8bb2b3943ee14?s=96&d=mm&r=g","caption":"Cope Alcoy"}}]}},"_links":{"self":[{"href":"https:\/\/www.copealcoy.es\/es\/wp-json\/wp\/v2\/posts\/28346","targetHints":{"allow":["GET"]}}],"collection":[{"href":"https:\/\/www.copealcoy.es\/es\/wp-json\/wp\/v2\/posts"}],"about":[{"href":"https:\/\/www.copealcoy.es\/es\/wp-json\/wp\/v2\/types\/post"}],"author":[{"embeddable":true,"href":"https:\/\/www.copealcoy.es\/es\/wp-json\/wp\/v2\/users\/1"}],"replies":[{"embeddable":true,"href":"https:\/\/www.copealcoy.es\/es\/wp-json\/wp\/v2\/comments?post=28346"}],"version-history":[{"count":0,"href":"https:\/\/www.copealcoy.es\/es\/wp-json\/wp\/v2\/posts\/28346\/revisions"}],"wp:featuredmedia":[{"embeddable":true,"href":"https:\/\/www.copealcoy.es\/es\/wp-json\/wp\/v2\/media\/27971"}],"wp:attachment":[{"href":"https:\/\/www.copealcoy.es\/es\/wp-json\/wp\/v2\/media?parent=28346"}],"wp:term":[{"taxonomy":"category","embeddable":true,"href":"https:\/\/www.copealcoy.es\/es\/wp-json\/wp\/v2\/categories?post=28346"},{"taxonomy":"post_tag","embeddable":true,"href":"https:\/\/www.copealcoy.es\/es\/wp-json\/wp\/v2\/tags?post=28346"}],"curies":[{"name":"wp","href":"https:\/\/api.w.org\/{rel}","templated":true}]}}